{"id":296979,"date":"2022-12-30T00:22:28","date_gmt":"2022-12-30T03:22:28","guid":{"rendered":"https:\/\/www.notibras.com\/site\/?p=296979"},"modified":"2022-12-30T00:22:55","modified_gmt":"2022-12-30T03:22:55","slug":"festa-da-virada-volta-apos-dois-anos-da-pandemia","status":"publish","type":"post","link":"https:\/\/www.notibras.com\/site\/festa-da-virada-volta-apos-dois-anos-da-pandemia\/","title":{"rendered":"Festa da Virada volta ap\u00f3s dois anos da pandemia"},"content":{"rendered":"<p>O governo do Distrito Federal voltou a promover a tradicional festa de r\u00e9veillon na capital federal. O evento ficou suspenso por dois anos em fun\u00e7\u00e3o da pandemia de covid-19.<\/p>\n<p>A popula\u00e7\u00e3o local e os turistas que estiverem na cidade v\u00e3o acompanhar a virada de ano com 50 artistas locais, que v\u00e3o animar os palcos da festa nos dias 30 e 31 de dezembro.<\/p>\n<p>A cantora Vanessa da Mata ser\u00e1 a principal atra\u00e7\u00e3o da noite da virada e se apresentar\u00e1 no Eixo Cultural Ibero-Americano, espa\u00e7o da antiga Funarte.<\/p>\n<p>Na Prainha do Lago Parano\u00e1, a festa ficar\u00e1 por conta do Fundo de Quintal e o cortejo afro do Il\u00ea Ay\u00ea. As cidades de Ceil\u00e2ndia, Gama e Sobradinho v\u00e3o receber o cantor Frank Aguiar e as bandas Na\u00e7\u00e3o Zumbi e Biqu\u00edni Cavad\u00e3o, respectivamente. Todos os locais ter\u00e3o queima de fogos.<\/p>\n<p>Nesta sexta (30), os cantores Geraldo Azevedo e Chico C\u00e9sar se apresentam, \u00e0s 22h, no palco do Eixo Cultural.<\/p>\n<p><strong>Transporte<\/strong><br \/>\nO transporte p\u00fablico ter\u00e1 hor\u00e1rios especiais para atender quem pretende acompanhar os shows. De acordo com a Secretaria de Transporte e Mobilidade do DF, haver\u00e1 refor\u00e7o nas linhas de \u00f4nibus no hor\u00e1rio de encerramento dos eventos.<\/p>\n<p>No s\u00e1bado (31), o Metr\u00f4 vai funcionar das 5h30 \u00e0s 2h da madrugada.<\/p>\n","protected":false},"excerpt":{"rendered":"<p>O governo do Distrito Federal voltou a promover a tradicional festa de r\u00e9veillon na capital federal. O evento ficou suspenso por dois anos em fun\u00e7\u00e3o da pandemia de covid-19. A popula\u00e7\u00e3o local e os turistas que estiverem na cidade v\u00e3o acompanhar a virada de ano com 50 artistas locais, que v\u00e3o animar os palcos da [&hellip;]<\/p>\n","protected":false},"author":2,"featured_media":296980,"comment_status":"closed","ping_status":"closed","sticky":false,"template":"","format":"standard","meta":{"_acf_changed":false,"footnotes":""},"categories":[161],"tags":[],"class_list":["post-296979","post","type-post","status-publish","format-standard","has-post-thumbnail","hentry","category-quadradinho-em-foco"],"acf":[],"yoast_head":"<!-- This site is optimized with the Yoast SEO plugin v27.2 - https:\/\/yoast.com\/product\/yoast-seo-wordpress\/ -->\n<title>Festa da Virada volta ap\u00f3s dois anos da pandemia - Notibras<\/title>\n<meta name=\"robots\" content=\"index, follow, max-snippet:-1, max-image-preview:large, max-video-preview:-1\" \/>\n<link rel=\"canonical\" href=\"https:\/\/www.notibras.com\/site\/festa-da-virada-volta-apos-dois-anos-da-pandemia\/\" \/>\n<meta property=\"og:locale\" content=\"pt_BR\" \/>\n<meta property=\"og:type\" content=\"article\" \/>\n<meta property=\"og:title\" content=\"Festa da Virada volta ap\u00f3s dois anos da pandemia - Notibras\" \/>\n<meta property=\"og:description\" content=\"O governo do Distrito Federal voltou a promover a tradicional festa de r\u00e9veillon na capital federal. O evento ficou suspenso por dois anos em fun\u00e7\u00e3o da pandemia de covid-19. A popula\u00e7\u00e3o local e os turistas que estiverem na cidade v\u00e3o acompanhar a virada de ano com 50 artistas locais, que v\u00e3o animar os palcos da [&hellip;]\" \/>\n<meta property=\"og:url\" content=\"https:\/\/www.notibras.com\/site\/festa-da-virada-volta-apos-dois-anos-da-pandemia\/\" \/>\n<meta property=\"og:site_name\" content=\"Notibras\" \/>\n<meta property=\"article:publisher\" content=\"https:\/\/www.facebook.com\/notibras\/\" \/>\n<meta property=\"article:published_time\" content=\"2022-12-30T03:22:28+00:00\" \/>\n<meta property=\"article:modified_time\" content=\"2022-12-30T03:22:55+00:00\" \/>\n<meta property=\"og:image\" content=\"https:\/\/www.notibras.com\/site\/wp-content\/uploads\/2022\/12\/projeto_brasilia_iluminada_mcajr_abr_0026231221.jpg\" \/>\n\t<meta property=\"og:image:width\" content=\"1170\" \/>\n\t<meta property=\"og:image:height\" content=\"700\" \/>\n\t<meta property=\"og:image:type\" content=\"image\/jpeg\" \/>\n<meta name=\"author\" content=\"Reda\u00e7\u00e3o\" \/>\n<meta name=\"twitter:card\" content=\"summary_large_image\" \/>\n<meta name=\"twitter:creator\" content=\"@Notibras\" \/>\n<meta name=\"twitter:site\" content=\"@Notibras\" \/>\n<meta name=\"twitter:label1\" content=\"Escrito por\" \/>\n\t<meta name=\"twitter:data1\" content=\"Reda\u00e7\u00e3o\" \/>\n\t<meta name=\"twitter:label2\" content=\"Est. tempo de leitura\" \/>\n\t<meta name=\"twitter:data2\" content=\"2 minutos\" \/>\n<script type=\"application\/ld+json\" class=\"yoast-schema-graph\">{\"@context\":\"https:\/\/schema.org\",\"@graph\":[{\"@type\":\"Article\",\"@id\":\"https:\/\/www.notibras.com\/site\/festa-da-virada-volta-apos-dois-anos-da-pandemia\/#article\",\"isPartOf\":{\"@id\":\"https:\/\/www.notibras.com\/site\/festa-da-virada-volta-apos-dois-anos-da-pandemia\/\"},\"author\":{\"name\":\"Reda\u00e7\u00e3o\",\"@id\":\"https:\/\/www.notibras.com\/site\/#\/schema\/person\/36ab0979449956132d3e5b517ea76ac8\"},\"headline\":\"Festa da Virada volta ap\u00f3s dois anos da pandemia\",\"datePublished\":\"2022-12-30T03:22:28+00:00\",\"dateModified\":\"2022-12-30T03:22:55+00:00\",\"mainEntityOfPage\":{\"@id\":\"https:\/\/www.notibras.com\/site\/festa-da-virada-volta-apos-dois-anos-da-pandemia\/\"},\"wordCount\":230,\"publisher\":{\"@id\":\"https:\/\/www.notibras.com\/site\/#organization\"},\"image\":{\"@id\":\"https:\/\/www.notibras.com\/site\/festa-da-virada-volta-apos-dois-anos-da-pandemia\/#primaryimage\"},\"thumbnailUrl\":\"https:\/\/www.notibras.com\/site\/wp-content\/uploads\/2022\/12\/projeto_brasilia_iluminada_mcajr_abr_0026231221.jpg\",\"articleSection\":[\"Quadradinho em Foco\"],\"inLanguage\":\"pt-BR\"},{\"@type\":\"WebPage\",\"@id\":\"https:\/\/www.notibras.com\/site\/festa-da-virada-volta-apos-dois-anos-da-pandemia\/\",\"url\":\"https:\/\/www.notibras.com\/site\/festa-da-virada-volta-apos-dois-anos-da-pandemia\/\",\"name\":\"Festa da Virada volta ap\u00f3s dois anos da pandemia - Notibras\",\"isPartOf\":{\"@id\":\"https:\/\/www.notibras.com\/site\/#website\"},\"primaryImageOfPage\":{\"@id\":\"https:\/\/www.notibras.com\/site\/festa-da-virada-volta-apos-dois-anos-da-pandemia\/#primaryimage\"},\"image\":{\"@id\":\"https:\/\/www.notibras.com\/site\/festa-da-virada-volta-apos-dois-anos-da-pandemia\/#primaryimage\"},\"thumbnailUrl\":\"https:\/\/www.notibras.com\/site\/wp-content\/uploads\/2022\/12\/projeto_brasilia_iluminada_mcajr_abr_0026231221.jpg\",\"datePublished\":\"2022-12-30T03:22:28+00:00\",\"dateModified\":\"2022-12-30T03:22:55+00:00\",\"breadcrumb\":{\"@id\":\"https:\/\/www.notibras.com\/site\/festa-da-virada-volta-apos-dois-anos-da-pandemia\/#breadcrumb\"},\"inLanguage\":\"pt-BR\",\"potentialAction\":[{\"@type\":\"ReadAction\",\"target\":[\"https:\/\/www.notibras.com\/site\/festa-da-virada-volta-apos-dois-anos-da-pandemia\/\"]}]},{\"@type\":\"ImageObject\",\"inLanguage\":\"pt-BR\",\"@id\":\"https:\/\/www.notibras.com\/site\/festa-da-virada-volta-apos-dois-anos-da-pandemia\/#primaryimage\",\"url\":\"https:\/\/www.notibras.com\/site\/wp-content\/uploads\/2022\/12\/projeto_brasilia_iluminada_mcajr_abr_0026231221.jpg\",\"contentUrl\":\"https:\/\/www.notibras.com\/site\/wp-content\/uploads\/2022\/12\/projeto_brasilia_iluminada_mcajr_abr_0026231221.jpg\",\"width\":1170,\"height\":700,\"caption\":\"Esplanada dos Minist\u00e9rios recebe ilumina\u00e7\u00e3o especial para o Natal, Projeto Bras\u00edlia Iluminada\"},{\"@type\":\"BreadcrumbList\",\"@id\":\"https:\/\/www.notibras.com\/site\/festa-da-virada-volta-apos-dois-anos-da-pandemia\/#breadcrumb\",\"itemListElement\":[{\"@type\":\"ListItem\",\"position\":1,\"name\":\"In\u00edcio\",\"item\":\"https:\/\/www.notibras.com\/site\/\"},{\"@type\":\"ListItem\",\"position\":2,\"name\":\"Festa da Virada volta ap\u00f3s dois anos da pandemia\"}]},{\"@type\":\"WebSite\",\"@id\":\"https:\/\/www.notibras.com\/site\/#website\",\"url\":\"https:\/\/www.notibras.com\/site\/\",\"name\":\"Notibras\",\"description\":\"Not\u00edcias de Bras\u00edlia, do Brasil e do Mundo\",\"publisher\":{\"@id\":\"https:\/\/www.notibras.com\/site\/#organization\"},\"potentialAction\":[{\"@type\":\"SearchAction\",\"target\":{\"@type\":\"EntryPoint\",\"urlTemplate\":\"https:\/\/www.notibras.com\/site\/?s={search_term_string}\"},\"query-input\":{\"@type\":\"PropertyValueSpecification\",\"valueRequired\":true,\"valueName\":\"search_term_string\"}}],\"inLanguage\":\"pt-BR\"},{\"@type\":\"Organization\",\"@id\":\"https:\/\/www.notibras.com\/site\/#organization\",\"name\":\"Grupo Notibras de Comunica\u00e7\u00e3o\",\"url\":\"https:\/\/www.notibras.com\/site\/\",\"logo\":{\"@type\":\"ImageObject\",\"inLanguage\":\"pt-BR\",\"@id\":\"https:\/\/www.notibras.com\/site\/#\/schema\/logo\/image\/\",\"url\":\"https:\/\/www.notibras.com\/site\/wp-content\/uploads\/2023\/01\/notibras23.png\",\"contentUrl\":\"https:\/\/www.notibras.com\/site\/wp-content\/uploads\/2023\/01\/notibras23.png\",\"width\":350,\"height\":87,\"caption\":\"Grupo Notibras de Comunica\u00e7\u00e3o\"},\"image\":{\"@id\":\"https:\/\/www.notibras.com\/site\/#\/schema\/logo\/image\/\"},\"sameAs\":[\"https:\/\/www.facebook.com\/notibras\/\",\"https:\/\/x.com\/Notibras\",\"https:\/\/www.instagram.com\/notibras\/\"]},{\"@type\":\"Person\",\"@id\":\"https:\/\/www.notibras.com\/site\/#\/schema\/person\/36ab0979449956132d3e5b517ea76ac8\",\"name\":\"Reda\u00e7\u00e3o\",\"image\":{\"@type\":\"ImageObject\",\"inLanguage\":\"pt-BR\",\"@id\":\"https:\/\/secure.gravatar.com\/avatar\/e0a867bdedb85fd243eadf09663511f96fc81e0720a4a42581f334ad4303aa6b?s=96&d=mm&r=g\",\"url\":\"https:\/\/secure.gravatar.com\/avatar\/e0a867bdedb85fd243eadf09663511f96fc81e0720a4a42581f334ad4303aa6b?s=96&d=mm&r=g\",\"contentUrl\":\"https:\/\/secure.gravatar.com\/avatar\/e0a867bdedb85fd243eadf09663511f96fc81e0720a4a42581f334ad4303aa6b?s=96&d=mm&r=g\",\"caption\":\"Reda\u00e7\u00e3o\"}}]}<\/script>\n<!-- \/ Yoast SEO plugin. -->","yoast_head_json":{"title":"Festa da Virada volta ap\u00f3s dois anos da pandemia - Notibras","robots":{"index":"index","follow":"follow","max-snippet":"max-snippet:-1","max-image-preview":"max-image-preview:large","max-video-preview":"max-video-preview:-1"},"canonical":"https:\/\/www.notibras.com\/site\/festa-da-virada-volta-apos-dois-anos-da-pandemia\/","og_locale":"pt_BR","og_type":"article","og_title":"Festa da Virada volta ap\u00f3s dois anos da pandemia - Notibras","og_description":"O governo do Distrito Federal voltou a promover a tradicional festa de r\u00e9veillon na capital federal. O evento ficou suspenso por dois anos em fun\u00e7\u00e3o da pandemia de covid-19. A popula\u00e7\u00e3o local e os turistas que estiverem na cidade v\u00e3o acompanhar a virada de ano com 50 artistas locais, que v\u00e3o animar os palcos da [&hellip;]","og_url":"https:\/\/www.notibras.com\/site\/festa-da-virada-volta-apos-dois-anos-da-pandemia\/","og_site_name":"Notibras","article_publisher":"https:\/\/www.facebook.com\/notibras\/","article_published_time":"2022-12-30T03:22:28+00:00","article_modified_time":"2022-12-30T03:22:55+00:00","og_image":[{"width":1170,"height":700,"url":"https:\/\/www.notibras.com\/site\/wp-content\/uploads\/2022\/12\/projeto_brasilia_iluminada_mcajr_abr_0026231221.jpg","type":"image\/jpeg"}],"author":"Reda\u00e7\u00e3o","twitter_card":"summary_large_image","twitter_creator":"@Notibras","twitter_site":"@Notibras","twitter_misc":{"Escrito por":"Reda\u00e7\u00e3o","Est. tempo de leitura":"2 minutos"},"schema":{"@context":"https:\/\/schema.org","@graph":[{"@type":"Article","@id":"https:\/\/www.notibras.com\/site\/festa-da-virada-volta-apos-dois-anos-da-pandemia\/#article","isPartOf":{"@id":"https:\/\/www.notibras.com\/site\/festa-da-virada-volta-apos-dois-anos-da-pandemia\/"},"author":{"name":"Reda\u00e7\u00e3o","@id":"https:\/\/www.notibras.com\/site\/#\/schema\/person\/36ab0979449956132d3e5b517ea76ac8"},"headline":"Festa da Virada volta ap\u00f3s dois anos da pandemia","datePublished":"2022-12-30T03:22:28+00:00","dateModified":"2022-12-30T03:22:55+00:00","mainEntityOfPage":{"@id":"https:\/\/www.notibras.com\/site\/festa-da-virada-volta-apos-dois-anos-da-pandemia\/"},"wordCount":230,"publisher":{"@id":"https:\/\/www.notibras.com\/site\/#organization"},"image":{"@id":"https:\/\/www.notibras.com\/site\/festa-da-virada-volta-apos-dois-anos-da-pandemia\/#primaryimage"},"thumbnailUrl":"https:\/\/www.notibras.com\/site\/wp-content\/uploads\/2022\/12\/projeto_brasilia_iluminada_mcajr_abr_0026231221.jpg","articleSection":["Quadradinho em Foco"],"inLanguage":"pt-BR"},{"@type":"WebPage","@id":"https:\/\/www.notibras.com\/site\/festa-da-virada-volta-apos-dois-anos-da-pandemia\/","url":"https:\/\/www.notibras.com\/site\/festa-da-virada-volta-apos-dois-anos-da-pandemia\/","name":"Festa da Virada volta ap\u00f3s dois anos da pandemia - Notibras","isPartOf":{"@id":"https:\/\/www.notibras.com\/site\/#website"},"primaryImageOfPage":{"@id":"https:\/\/www.notibras.com\/site\/festa-da-virada-volta-apos-dois-anos-da-pandemia\/#primaryimage"},"image":{"@id":"https:\/\/www.notibras.com\/site\/festa-da-virada-volta-apos-dois-anos-da-pandemia\/#primaryimage"},"thumbnailUrl":"https:\/\/www.notibras.com\/site\/wp-content\/uploads\/2022\/12\/projeto_brasilia_iluminada_mcajr_abr_0026231221.jpg","datePublished":"2022-12-30T03:22:28+00:00","dateModified":"2022-12-30T03:22:55+00:00","breadcrumb":{"@id":"https:\/\/www.notibras.com\/site\/festa-da-virada-volta-apos-dois-anos-da-pandemia\/#breadcrumb"},"inLanguage":"pt-BR","potentialAction":[{"@type":"ReadAction","target":["https:\/\/www.notibras.com\/site\/festa-da-virada-volta-apos-dois-anos-da-pandemia\/"]}]},{"@type":"ImageObject","inLanguage":"pt-BR","@id":"https:\/\/www.notibras.com\/site\/festa-da-virada-volta-apos-dois-anos-da-pandemia\/#primaryimage","url":"https:\/\/www.notibras.com\/site\/wp-content\/uploads\/2022\/12\/projeto_brasilia_iluminada_mcajr_abr_0026231221.jpg","contentUrl":"https:\/\/www.notibras.com\/site\/wp-content\/uploads\/2022\/12\/projeto_brasilia_iluminada_mcajr_abr_0026231221.jpg","width":1170,"height":700,"caption":"Esplanada dos Minist\u00e9rios recebe ilumina\u00e7\u00e3o especial para o Natal, Projeto Bras\u00edlia Iluminada"},{"@type":"BreadcrumbList","@id":"https:\/\/www.notibras.com\/site\/festa-da-virada-volta-apos-dois-anos-da-pandemia\/#breadcrumb","itemListElement":[{"@type":"ListItem","position":1,"name":"In\u00edcio","item":"https:\/\/www.notibras.com\/site\/"},{"@type":"ListItem","position":2,"name":"Festa da Virada volta ap\u00f3s dois anos da pandemia"}]},{"@type":"WebSite","@id":"https:\/\/www.notibras.com\/site\/#website","url":"https:\/\/www.notibras.com\/site\/","name":"Notibras","description":"Not\u00edcias de Bras\u00edlia, do Brasil e do Mundo","publisher":{"@id":"https:\/\/www.notibras.com\/site\/#organization"},"potentialAction":[{"@type":"SearchAction","target":{"@type":"EntryPoint","urlTemplate":"https:\/\/www.notibras.com\/site\/?s={search_term_string}"},"query-input":{"@type":"PropertyValueSpecification","valueRequired":true,"valueName":"search_term_string"}}],"inLanguage":"pt-BR"},{"@type":"Organization","@id":"https:\/\/www.notibras.com\/site\/#organization","name":"Grupo Notibras de Comunica\u00e7\u00e3o","url":"https:\/\/www.notibras.com\/site\/","logo":{"@type":"ImageObject","inLanguage":"pt-BR","@id":"https:\/\/www.notibras.com\/site\/#\/schema\/logo\/image\/","url":"https:\/\/www.notibras.com\/site\/wp-content\/uploads\/2023\/01\/notibras23.png","contentUrl":"https:\/\/www.notibras.com\/site\/wp-content\/uploads\/2023\/01\/notibras23.png","width":350,"height":87,"caption":"Grupo Notibras de Comunica\u00e7\u00e3o"},"image":{"@id":"https:\/\/www.notibras.com\/site\/#\/schema\/logo\/image\/"},"sameAs":["https:\/\/www.facebook.com\/notibras\/","https:\/\/x.com\/Notibras","https:\/\/www.instagram.com\/notibras\/"]},{"@type":"Person","@id":"https:\/\/www.notibras.com\/site\/#\/schema\/person\/36ab0979449956132d3e5b517ea76ac8","name":"Reda\u00e7\u00e3o","image":{"@type":"ImageObject","inLanguage":"pt-BR","@id":"https:\/\/secure.gravatar.com\/avatar\/e0a867bdedb85fd243eadf09663511f96fc81e0720a4a42581f334ad4303aa6b?s=96&d=mm&r=g","url":"https:\/\/secure.gravatar.com\/avatar\/e0a867bdedb85fd243eadf09663511f96fc81e0720a4a42581f334ad4303aa6b?s=96&d=mm&r=g","contentUrl":"https:\/\/secure.gravatar.com\/avatar\/e0a867bdedb85fd243eadf09663511f96fc81e0720a4a42581f334ad4303aa6b?s=96&d=mm&r=g","caption":"Reda\u00e7\u00e3o"}}]}},"amp_enabled":true,"_links":{"self":[{"href":"https:\/\/www.notibras.com\/site\/wp-json\/wp\/v2\/posts\/296979","targetHints":{"allow":["GET"]}}],"collection":[{"href":"https:\/\/www.notibras.com\/site\/wp-json\/wp\/v2\/posts"}],"about":[{"href":"https:\/\/www.notibras.com\/site\/wp-json\/wp\/v2\/types\/post"}],"author":[{"embeddable":true,"href":"https:\/\/www.notibras.com\/site\/wp-json\/wp\/v2\/users\/2"}],"replies":[{"embeddable":true,"href":"https:\/\/www.notibras.com\/site\/wp-json\/wp\/v2\/comments?post=296979"}],"version-history":[{"count":1,"href":"https:\/\/www.notibras.com\/site\/wp-json\/wp\/v2\/posts\/296979\/revisions"}],"predecessor-version":[{"id":296981,"href":"https:\/\/www.notibras.com\/site\/wp-json\/wp\/v2\/posts\/296979\/revisions\/296981"}],"wp:featuredmedia":[{"embeddable":true,"href":"https:\/\/www.notibras.com\/site\/wp-json\/wp\/v2\/media\/296980"}],"wp:attachment":[{"href":"https:\/\/www.notibras.com\/site\/wp-json\/wp\/v2\/media?parent=296979"}],"wp:term":[{"taxonomy":"category","embeddable":true,"href":"https:\/\/www.notibras.com\/site\/wp-json\/wp\/v2\/categories?post=296979"},{"taxonomy":"post_tag","embeddable":true,"href":"https:\/\/www.notibras.com\/site\/wp-json\/wp\/v2\/tags?post=296979"}],"curies":[{"name":"wp","href":"https:\/\/api.w.org\/{rel}","templated":true}]}}