{"id":297162,"date":"2023-01-02T08:35:21","date_gmt":"2023-01-02T11:35:21","guid":{"rendered":"https:\/\/www.notibras.com\/site\/?p=297162"},"modified":"2023-01-02T08:35:21","modified_gmt":"2023-01-02T11:35:21","slug":"fgts-podera-ser-usado-para-quitar-casa-propria","status":"publish","type":"post","link":"https:\/\/www.notibras.com\/site\/fgts-podera-ser-usado-para-quitar-casa-propria\/","title":{"rendered":"FGTS poder\u00e1 ser usado para quitar casa pr\u00f3pria"},"content":{"rendered":"<p>A partir desta segunda (2), o mutu\u00e1rio inadimplente com a casa pr\u00f3pria poder\u00e1 usar o Fundo de Garantia do Tempo de Servi\u00e7o (FGTS) para negociar o pagamento de at\u00e9 seis presta\u00e7\u00f5es em atraso, em vez das 12 em vigor at\u00e9 agora. A medida foi autorizada pelo Conselho Curador do FGTS no \u00faltimo dia 13.<\/p>\n<p>Apesar da diminui\u00e7\u00e3o do prazo de car\u00eancia, o mutu\u00e1rio ainda est\u00e1 em vantagem. Caso n\u00e3o tivesse aprovado a medida, o intervalo cairia para at\u00e9 tr\u00eas meses, como ocorre tradicionalmente.<\/p>\n<p>Em abril do ano passado, o Conselho Curador aumentou, de tr\u00eas meses para 12 meses, o limite de uso do saldo do fundo para quitar parcelas em atraso. A medida vigorou at\u00e9 o fim do ano passado.<\/p>\n<p>O uso do FGTS para reduzir o valor de presta\u00e7\u00f5es futuras ou abater atrasos inferiores a 90 dias existe h\u00e1 bastante tempo, mas a destina\u00e7\u00e3o dos recursos para pagar mais de tr\u00eas parcelas atrasadas, at\u00e9 abril do ano passado, exigia autoriza\u00e7\u00e3o da Justi\u00e7a.<\/p>\n<p>De acordo com o Conselho Curador, cerca de 80 mil mutu\u00e1rios de financiamentos habitacionais t\u00eam mais de tr\u00eas parcelas em atraso e s\u00e3o considerados casos de inadimpl\u00eancia grave. Desse total, 50% t\u00eam conta vinculada ao FGTS.<\/p>\n<p><strong>Procedimentos<\/strong><br \/>\nO trabalhador interessado em quitar parcelas n\u00e3o pagas deve procurar o banco onde fez o financiamento habitacional. O mutu\u00e1rio assinar\u00e1 um documento de Autoriza\u00e7\u00e3o de Movimenta\u00e7\u00e3o da Conta Vinculada do FGTS para poder abater at\u00e9 80% de cada presta\u00e7\u00e3o, limitado a seis parcelas atrasadas.<\/p>\n<p>O mecanismo s\u00f3 vale para im\u00f3veis avaliados em at\u00e9 R$ 1,5 milh\u00e3o e haver\u00e1 restri\u00e7\u00f5es. Quem usou o saldo de alguma conta do FGTS para diminuir o saldo devedor e o n\u00famero de presta\u00e7\u00f5es n\u00e3o poder\u00e1 usar o fundo para quitar presta\u00e7\u00f5es n\u00e3o pagas antes do fim desse intervalo. O prazo \u00e9 estabelecido com base na data da \u00faltima amortiza\u00e7\u00e3o ou liquida\u00e7\u00e3o.<\/p>\n<p>Segundo o Manual do FGTS, os crit\u00e9rios para fazer o saque s\u00e3o os mesmos dos trabalhadores que usam o dinheiro do fundo para comprar ou construir a casa pr\u00f3pria. O trabalhador dever\u00e1 ter contribu\u00eddo para o FGTS por, pelo menos, tr\u00eas anos, em per\u00edodos consecutivos ou n\u00e3o, n\u00e3o poder\u00e1 ter outro im\u00f3vel no munic\u00edpio ou regi\u00e3o metropolitana onde trabalha ou mora e n\u00e3o poder\u00e1 ter outro financiamento ativo no Sistema Financeiro de Habita\u00e7\u00e3o.<\/p>\n<p>Na reuni\u00e3o de dezembro, o Conselho Curador n\u00e3o alterou as demais regras de uso do FGTS para a compra da casa pr\u00f3pria. As condi\u00e7\u00f5es para liquida\u00e7\u00e3o, amortiza\u00e7\u00e3o ou adiantamento de parte das parcelas adimplentes continuam em vigor.<\/p>\n","protected":false},"excerpt":{"rendered":"<p>A partir desta segunda (2), o mutu\u00e1rio inadimplente com a casa pr\u00f3pria poder\u00e1 usar o Fundo de Garantia do Tempo de Servi\u00e7o (FGTS) para negociar o pagamento de at\u00e9 seis presta\u00e7\u00f5es em atraso, em vez das 12 em vigor at\u00e9 agora. A medida foi autorizada pelo Conselho Curador do FGTS no \u00faltimo dia 13. Apesar [&hellip;]<\/p>\n","protected":false},"author":2,"featured_media":297163,"comment_status":"closed","ping_status":"closed","sticky":false,"template":"","format":"standard","meta":{"_acf_changed":false,"footnotes":""},"categories":[161],"tags":[],"class_list":["post-297162","post","type-post","status-publish","format-standard","has-post-thumbnail","hentry","category-quadradinho-em-foco"],"acf":[],"yoast_head":"<!-- This site is optimized with the Yoast SEO plugin v27.2 - https:\/\/yoast.com\/product\/yoast-seo-wordpress\/ -->\n<title>FGTS poder\u00e1 ser usado para quitar casa pr\u00f3pria - Notibras<\/title>\n<meta name=\"robots\" content=\"index, follow, max-snippet:-1, max-image-preview:large, max-video-preview:-1\" \/>\n<link rel=\"canonical\" href=\"https:\/\/www.notibras.com\/site\/fgts-podera-ser-usado-para-quitar-casa-propria\/\" \/>\n<meta property=\"og:locale\" content=\"pt_BR\" \/>\n<meta property=\"og:type\" content=\"article\" \/>\n<meta property=\"og:title\" content=\"FGTS poder\u00e1 ser usado para quitar casa pr\u00f3pria - Notibras\" \/>\n<meta property=\"og:description\" content=\"A partir desta segunda (2), o mutu\u00e1rio inadimplente com a casa pr\u00f3pria poder\u00e1 usar o Fundo de Garantia do Tempo de Servi\u00e7o (FGTS) para negociar o pagamento de at\u00e9 seis presta\u00e7\u00f5es em atraso, em vez das 12 em vigor at\u00e9 agora. A medida foi autorizada pelo Conselho Curador do FGTS no \u00faltimo dia 13. Apesar [&hellip;]\" \/>\n<meta property=\"og:url\" content=\"https:\/\/www.notibras.com\/site\/fgts-podera-ser-usado-para-quitar-casa-propria\/\" \/>\n<meta property=\"og:site_name\" content=\"Notibras\" \/>\n<meta property=\"article:publisher\" content=\"https:\/\/www.facebook.com\/notibras\/\" \/>\n<meta property=\"article:published_time\" content=\"2023-01-02T11:35:21+00:00\" \/>\n<meta property=\"og:image\" content=\"https:\/\/www.notibras.com\/site\/wp-content\/uploads\/2023\/01\/canuto_casas_abr181219img_94484904.jpg\" \/>\n\t<meta property=\"og:image:width\" content=\"1170\" \/>\n\t<meta property=\"og:image:height\" content=\"700\" \/>\n\t<meta property=\"og:image:type\" content=\"image\/jpeg\" \/>\n<meta name=\"author\" content=\"Reda\u00e7\u00e3o\" \/>\n<meta name=\"twitter:card\" content=\"summary_large_image\" \/>\n<meta name=\"twitter:creator\" content=\"@Notibras\" \/>\n<meta name=\"twitter:site\" content=\"@Notibras\" \/>\n<meta name=\"twitter:label1\" content=\"Escrito por\" \/>\n\t<meta name=\"twitter:data1\" content=\"Reda\u00e7\u00e3o\" \/>\n\t<meta name=\"twitter:label2\" content=\"Est. tempo de leitura\" \/>\n\t<meta name=\"twitter:data2\" content=\"3 minutos\" \/>\n<script type=\"application\/ld+json\" class=\"yoast-schema-graph\">{\"@context\":\"https:\/\/schema.org\",\"@graph\":[{\"@type\":\"Article\",\"@id\":\"https:\/\/www.notibras.com\/site\/fgts-podera-ser-usado-para-quitar-casa-propria\/#article\",\"isPartOf\":{\"@id\":\"https:\/\/www.notibras.com\/site\/fgts-podera-ser-usado-para-quitar-casa-propria\/\"},\"author\":{\"name\":\"Reda\u00e7\u00e3o\",\"@id\":\"https:\/\/www.notibras.com\/site\/#\/schema\/person\/36ab0979449956132d3e5b517ea76ac8\"},\"headline\":\"FGTS poder\u00e1 ser usado para quitar casa pr\u00f3pria\",\"datePublished\":\"2023-01-02T11:35:21+00:00\",\"mainEntityOfPage\":{\"@id\":\"https:\/\/www.notibras.com\/site\/fgts-podera-ser-usado-para-quitar-casa-propria\/\"},\"wordCount\":470,\"publisher\":{\"@id\":\"https:\/\/www.notibras.com\/site\/#organization\"},\"image\":{\"@id\":\"https:\/\/www.notibras.com\/site\/fgts-podera-ser-usado-para-quitar-casa-propria\/#primaryimage\"},\"thumbnailUrl\":\"https:\/\/www.notibras.com\/site\/wp-content\/uploads\/2023\/01\/canuto_casas_abr181219img_94484904.jpg\",\"articleSection\":[\"Quadradinho em Foco\"],\"inLanguage\":\"pt-BR\"},{\"@type\":\"WebPage\",\"@id\":\"https:\/\/www.notibras.com\/site\/fgts-podera-ser-usado-para-quitar-casa-propria\/\",\"url\":\"https:\/\/www.notibras.com\/site\/fgts-podera-ser-usado-para-quitar-casa-propria\/\",\"name\":\"FGTS poder\u00e1 ser usado para quitar casa pr\u00f3pria - Notibras\",\"isPartOf\":{\"@id\":\"https:\/\/www.notibras.com\/site\/#website\"},\"primaryImageOfPage\":{\"@id\":\"https:\/\/www.notibras.com\/site\/fgts-podera-ser-usado-para-quitar-casa-propria\/#primaryimage\"},\"image\":{\"@id\":\"https:\/\/www.notibras.com\/site\/fgts-podera-ser-usado-para-quitar-casa-propria\/#primaryimage\"},\"thumbnailUrl\":\"https:\/\/www.notibras.com\/site\/wp-content\/uploads\/2023\/01\/canuto_casas_abr181219img_94484904.jpg\",\"datePublished\":\"2023-01-02T11:35:21+00:00\",\"breadcrumb\":{\"@id\":\"https:\/\/www.notibras.com\/site\/fgts-podera-ser-usado-para-quitar-casa-propria\/#breadcrumb\"},\"inLanguage\":\"pt-BR\",\"potentialAction\":[{\"@type\":\"ReadAction\",\"target\":[\"https:\/\/www.notibras.com\/site\/fgts-podera-ser-usado-para-quitar-casa-propria\/\"]}]},{\"@type\":\"ImageObject\",\"inLanguage\":\"pt-BR\",\"@id\":\"https:\/\/www.notibras.com\/site\/fgts-podera-ser-usado-para-quitar-casa-propria\/#primaryimage\",\"url\":\"https:\/\/www.notibras.com\/site\/wp-content\/uploads\/2023\/01\/canuto_casas_abr181219img_94484904.jpg\",\"contentUrl\":\"https:\/\/www.notibras.com\/site\/wp-content\/uploads\/2023\/01\/canuto_casas_abr181219img_94484904.jpg\",\"width\":1170,\"height\":700,\"caption\":\"Entrega de 528 novas moradias do programa de habita\u00e7\u00e3o de interesse social do Governo Federal, em S\u00e3o Sebasti\u00e3o, Distrito Federal\"},{\"@type\":\"BreadcrumbList\",\"@id\":\"https:\/\/www.notibras.com\/site\/fgts-podera-ser-usado-para-quitar-casa-propria\/#breadcrumb\",\"itemListElement\":[{\"@type\":\"ListItem\",\"position\":1,\"name\":\"In\u00edcio\",\"item\":\"https:\/\/www.notibras.com\/site\/\"},{\"@type\":\"ListItem\",\"position\":2,\"name\":\"FGTS poder\u00e1 ser usado para quitar casa pr\u00f3pria\"}]},{\"@type\":\"WebSite\",\"@id\":\"https:\/\/www.notibras.com\/site\/#website\",\"url\":\"https:\/\/www.notibras.com\/site\/\",\"name\":\"Notibras\",\"description\":\"Not\u00edcias de Bras\u00edlia, do Brasil e do Mundo\",\"publisher\":{\"@id\":\"https:\/\/www.notibras.com\/site\/#organization\"},\"potentialAction\":[{\"@type\":\"SearchAction\",\"target\":{\"@type\":\"EntryPoint\",\"urlTemplate\":\"https:\/\/www.notibras.com\/site\/?s={search_term_string}\"},\"query-input\":{\"@type\":\"PropertyValueSpecification\",\"valueRequired\":true,\"valueName\":\"search_term_string\"}}],\"inLanguage\":\"pt-BR\"},{\"@type\":\"Organization\",\"@id\":\"https:\/\/www.notibras.com\/site\/#organization\",\"name\":\"Grupo Notibras de Comunica\u00e7\u00e3o\",\"url\":\"https:\/\/www.notibras.com\/site\/\",\"logo\":{\"@type\":\"ImageObject\",\"inLanguage\":\"pt-BR\",\"@id\":\"https:\/\/www.notibras.com\/site\/#\/schema\/logo\/image\/\",\"url\":\"https:\/\/www.notibras.com\/site\/wp-content\/uploads\/2023\/01\/notibras23.png\",\"contentUrl\":\"https:\/\/www.notibras.com\/site\/wp-content\/uploads\/2023\/01\/notibras23.png\",\"width\":350,\"height\":87,\"caption\":\"Grupo Notibras de Comunica\u00e7\u00e3o\"},\"image\":{\"@id\":\"https:\/\/www.notibras.com\/site\/#\/schema\/logo\/image\/\"},\"sameAs\":[\"https:\/\/www.facebook.com\/notibras\/\",\"https:\/\/x.com\/Notibras\",\"https:\/\/www.instagram.com\/notibras\/\"]},{\"@type\":\"Person\",\"@id\":\"https:\/\/www.notibras.com\/site\/#\/schema\/person\/36ab0979449956132d3e5b517ea76ac8\",\"name\":\"Reda\u00e7\u00e3o\",\"image\":{\"@type\":\"ImageObject\",\"inLanguage\":\"pt-BR\",\"@id\":\"https:\/\/secure.gravatar.com\/avatar\/e0a867bdedb85fd243eadf09663511f96fc81e0720a4a42581f334ad4303aa6b?s=96&d=mm&r=g\",\"url\":\"https:\/\/secure.gravatar.com\/avatar\/e0a867bdedb85fd243eadf09663511f96fc81e0720a4a42581f334ad4303aa6b?s=96&d=mm&r=g\",\"contentUrl\":\"https:\/\/secure.gravatar.com\/avatar\/e0a867bdedb85fd243eadf09663511f96fc81e0720a4a42581f334ad4303aa6b?s=96&d=mm&r=g\",\"caption\":\"Reda\u00e7\u00e3o\"}}]}<\/script>\n<!-- \/ Yoast SEO plugin. -->","yoast_head_json":{"title":"FGTS poder\u00e1 ser usado para quitar casa pr\u00f3pria - Notibras","robots":{"index":"index","follow":"follow","max-snippet":"max-snippet:-1","max-image-preview":"max-image-preview:large","max-video-preview":"max-video-preview:-1"},"canonical":"https:\/\/www.notibras.com\/site\/fgts-podera-ser-usado-para-quitar-casa-propria\/","og_locale":"pt_BR","og_type":"article","og_title":"FGTS poder\u00e1 ser usado para quitar casa pr\u00f3pria - Notibras","og_description":"A partir desta segunda (2), o mutu\u00e1rio inadimplente com a casa pr\u00f3pria poder\u00e1 usar o Fundo de Garantia do Tempo de Servi\u00e7o (FGTS) para negociar o pagamento de at\u00e9 seis presta\u00e7\u00f5es em atraso, em vez das 12 em vigor at\u00e9 agora. A medida foi autorizada pelo Conselho Curador do FGTS no \u00faltimo dia 13. Apesar [&hellip;]","og_url":"https:\/\/www.notibras.com\/site\/fgts-podera-ser-usado-para-quitar-casa-propria\/","og_site_name":"Notibras","article_publisher":"https:\/\/www.facebook.com\/notibras\/","article_published_time":"2023-01-02T11:35:21+00:00","og_image":[{"width":1170,"height":700,"url":"https:\/\/www.notibras.com\/site\/wp-content\/uploads\/2023\/01\/canuto_casas_abr181219img_94484904.jpg","type":"image\/jpeg"}],"author":"Reda\u00e7\u00e3o","twitter_card":"summary_large_image","twitter_creator":"@Notibras","twitter_site":"@Notibras","twitter_misc":{"Escrito por":"Reda\u00e7\u00e3o","Est. tempo de leitura":"3 minutos"},"schema":{"@context":"https:\/\/schema.org","@graph":[{"@type":"Article","@id":"https:\/\/www.notibras.com\/site\/fgts-podera-ser-usado-para-quitar-casa-propria\/#article","isPartOf":{"@id":"https:\/\/www.notibras.com\/site\/fgts-podera-ser-usado-para-quitar-casa-propria\/"},"author":{"name":"Reda\u00e7\u00e3o","@id":"https:\/\/www.notibras.com\/site\/#\/schema\/person\/36ab0979449956132d3e5b517ea76ac8"},"headline":"FGTS poder\u00e1 ser usado para quitar casa pr\u00f3pria","datePublished":"2023-01-02T11:35:21+00:00","mainEntityOfPage":{"@id":"https:\/\/www.notibras.com\/site\/fgts-podera-ser-usado-para-quitar-casa-propria\/"},"wordCount":470,"publisher":{"@id":"https:\/\/www.notibras.com\/site\/#organization"},"image":{"@id":"https:\/\/www.notibras.com\/site\/fgts-podera-ser-usado-para-quitar-casa-propria\/#primaryimage"},"thumbnailUrl":"https:\/\/www.notibras.com\/site\/wp-content\/uploads\/2023\/01\/canuto_casas_abr181219img_94484904.jpg","articleSection":["Quadradinho em Foco"],"inLanguage":"pt-BR"},{"@type":"WebPage","@id":"https:\/\/www.notibras.com\/site\/fgts-podera-ser-usado-para-quitar-casa-propria\/","url":"https:\/\/www.notibras.com\/site\/fgts-podera-ser-usado-para-quitar-casa-propria\/","name":"FGTS poder\u00e1 ser usado para quitar casa pr\u00f3pria - Notibras","isPartOf":{"@id":"https:\/\/www.notibras.com\/site\/#website"},"primaryImageOfPage":{"@id":"https:\/\/www.notibras.com\/site\/fgts-podera-ser-usado-para-quitar-casa-propria\/#primaryimage"},"image":{"@id":"https:\/\/www.notibras.com\/site\/fgts-podera-ser-usado-para-quitar-casa-propria\/#primaryimage"},"thumbnailUrl":"https:\/\/www.notibras.com\/site\/wp-content\/uploads\/2023\/01\/canuto_casas_abr181219img_94484904.jpg","datePublished":"2023-01-02T11:35:21+00:00","breadcrumb":{"@id":"https:\/\/www.notibras.com\/site\/fgts-podera-ser-usado-para-quitar-casa-propria\/#breadcrumb"},"inLanguage":"pt-BR","potentialAction":[{"@type":"ReadAction","target":["https:\/\/www.notibras.com\/site\/fgts-podera-ser-usado-para-quitar-casa-propria\/"]}]},{"@type":"ImageObject","inLanguage":"pt-BR","@id":"https:\/\/www.notibras.com\/site\/fgts-podera-ser-usado-para-quitar-casa-propria\/#primaryimage","url":"https:\/\/www.notibras.com\/site\/wp-content\/uploads\/2023\/01\/canuto_casas_abr181219img_94484904.jpg","contentUrl":"https:\/\/www.notibras.com\/site\/wp-content\/uploads\/2023\/01\/canuto_casas_abr181219img_94484904.jpg","width":1170,"height":700,"caption":"Entrega de 528 novas moradias do programa de habita\u00e7\u00e3o de interesse social do Governo Federal, em S\u00e3o Sebasti\u00e3o, Distrito Federal"},{"@type":"BreadcrumbList","@id":"https:\/\/www.notibras.com\/site\/fgts-podera-ser-usado-para-quitar-casa-propria\/#breadcrumb","itemListElement":[{"@type":"ListItem","position":1,"name":"In\u00edcio","item":"https:\/\/www.notibras.com\/site\/"},{"@type":"ListItem","position":2,"name":"FGTS poder\u00e1 ser usado para quitar casa pr\u00f3pria"}]},{"@type":"WebSite","@id":"https:\/\/www.notibras.com\/site\/#website","url":"https:\/\/www.notibras.com\/site\/","name":"Notibras","description":"Not\u00edcias de Bras\u00edlia, do Brasil e do Mundo","publisher":{"@id":"https:\/\/www.notibras.com\/site\/#organization"},"potentialAction":[{"@type":"SearchAction","target":{"@type":"EntryPoint","urlTemplate":"https:\/\/www.notibras.com\/site\/?s={search_term_string}"},"query-input":{"@type":"PropertyValueSpecification","valueRequired":true,"valueName":"search_term_string"}}],"inLanguage":"pt-BR"},{"@type":"Organization","@id":"https:\/\/www.notibras.com\/site\/#organization","name":"Grupo Notibras de Comunica\u00e7\u00e3o","url":"https:\/\/www.notibras.com\/site\/","logo":{"@type":"ImageObject","inLanguage":"pt-BR","@id":"https:\/\/www.notibras.com\/site\/#\/schema\/logo\/image\/","url":"https:\/\/www.notibras.com\/site\/wp-content\/uploads\/2023\/01\/notibras23.png","contentUrl":"https:\/\/www.notibras.com\/site\/wp-content\/uploads\/2023\/01\/notibras23.png","width":350,"height":87,"caption":"Grupo Notibras de Comunica\u00e7\u00e3o"},"image":{"@id":"https:\/\/www.notibras.com\/site\/#\/schema\/logo\/image\/"},"sameAs":["https:\/\/www.facebook.com\/notibras\/","https:\/\/x.com\/Notibras","https:\/\/www.instagram.com\/notibras\/"]},{"@type":"Person","@id":"https:\/\/www.notibras.com\/site\/#\/schema\/person\/36ab0979449956132d3e5b517ea76ac8","name":"Reda\u00e7\u00e3o","image":{"@type":"ImageObject","inLanguage":"pt-BR","@id":"https:\/\/secure.gravatar.com\/avatar\/e0a867bdedb85fd243eadf09663511f96fc81e0720a4a42581f334ad4303aa6b?s=96&d=mm&r=g","url":"https:\/\/secure.gravatar.com\/avatar\/e0a867bdedb85fd243eadf09663511f96fc81e0720a4a42581f334ad4303aa6b?s=96&d=mm&r=g","contentUrl":"https:\/\/secure.gravatar.com\/avatar\/e0a867bdedb85fd243eadf09663511f96fc81e0720a4a42581f334ad4303aa6b?s=96&d=mm&r=g","caption":"Reda\u00e7\u00e3o"}}]}},"amp_enabled":true,"_links":{"self":[{"href":"https:\/\/www.notibras.com\/site\/wp-json\/wp\/v2\/posts\/297162","targetHints":{"allow":["GET"]}}],"collection":[{"href":"https:\/\/www.notibras.com\/site\/wp-json\/wp\/v2\/posts"}],"about":[{"href":"https:\/\/www.notibras.com\/site\/wp-json\/wp\/v2\/types\/post"}],"author":[{"embeddable":true,"href":"https:\/\/www.notibras.com\/site\/wp-json\/wp\/v2\/users\/2"}],"replies":[{"embeddable":true,"href":"https:\/\/www.notibras.com\/site\/wp-json\/wp\/v2\/comments?post=297162"}],"version-history":[{"count":1,"href":"https:\/\/www.notibras.com\/site\/wp-json\/wp\/v2\/posts\/297162\/revisions"}],"predecessor-version":[{"id":297164,"href":"https:\/\/www.notibras.com\/site\/wp-json\/wp\/v2\/posts\/297162\/revisions\/297164"}],"wp:featuredmedia":[{"embeddable":true,"href":"https:\/\/www.notibras.com\/site\/wp-json\/wp\/v2\/media\/297163"}],"wp:attachment":[{"href":"https:\/\/www.notibras.com\/site\/wp-json\/wp\/v2\/media?parent=297162"}],"wp:term":[{"taxonomy":"category","embeddable":true,"href":"https:\/\/www.notibras.com\/site\/wp-json\/wp\/v2\/categories?post=297162"},{"taxonomy":"post_tag","embeddable":true,"href":"https:\/\/www.notibras.com\/site\/wp-json\/wp\/v2\/tags?post=297162"}],"curies":[{"name":"wp","href":"https:\/\/api.w.org\/{rel}","templated":true}]}}