{"id":29717,"date":"2014-11-28T04:18:08","date_gmt":"2014-11-28T07:18:08","guid":{"rendered":"http:\/\/www.notibras.com\/site\/?p=29717"},"modified":"2014-11-28T11:30:57","modified_gmt":"2014-11-28T14:30:57","slug":"psb-reune-governadores-senadores-deputados-e-anuncia-independencia","status":"publish","type":"post","link":"https:\/\/www.notibras.com\/site\/psb-reune-governadores-senadores-deputados-e-anuncia-independencia\/","title":{"rendered":"PSB re\u00fane Executiva e anuncia independ\u00eancia do Planalto"},"content":{"rendered":"<p>O PSB n\u00e3o vai manifestar apoio p\u00fablico ao segundo governo de Dilma Rousseff. Nem compor\u00e1 a equipe. Mas n\u00e3o far\u00e1 oposi\u00e7\u00e3o sistem\u00e1tica. Ser\u00e1, nas palavras dos seus dirigentes, um partido independente a n\u00edvel nacional, mas de composi\u00e7\u00f5es nos estados.<\/p>\n<p>Essa linha de a\u00e7\u00e3o foi definida nesta quinta-feira 27, em reuni\u00e3o da Executiva Nacional. Os filiados est\u00e3o proibidos de participar do governo de Dilma, anunciou o presidente nacional da legenda, Carlos Siqueira.<\/p>\n<blockquote><p>Mas Siqueira sublinhou que a independ\u00eancia do partido n\u00e3o pode ser confundida com oposi\u00e7\u00e3o. &#8220;Nossa posi\u00e7\u00e3o consiste em examinar a conduta do governo, as propostas do governo, as mais estrat\u00e9gicas, e se definir sobre elas de forma contr\u00e1ria, ou a favor. N\u00e3o tem necessidade de ser obrigatoriamente contra, ou obrigatoriamente a favor&#8221;.<\/p><\/blockquote>\n<p>Outro ponto que ficou claro: a proibi\u00e7\u00e3o de membros do partido de integrarem o governo do PT est\u00e1 restrita ao \u00e2mbito federal. Siqueira disse que integrantes do PSB est\u00e3o autorizados a assumirem cargos em governos do PT nos Estados da mesma forma que petistas poder\u00e3o integrar os governos do PSB. Em pelo menos quatro Estados (Acre, Amap\u00e1, Para\u00edba e Bahia) o PSB apoiou a candidatura de Dilma \u00a0no segundo turno.<\/p>\n<p>A reuni\u00e3o da Executiva foi em Bras\u00edlia. Durou quatro horas e meia e contou com as presen\u00e7as de atuais governadores como o do Esp\u00edrito Santo, Renato o Casagrande, do reeleito Ricardo Coutinho, da Para\u00edba, e de governadores eleitos como Rodrigo Rollemberg, do Distrito Federal, e Paulo C\u00e2mara, de Pernambuco.<\/p>\n<blockquote><p>Siqueira evitou falar em penalidades para poss\u00edveis filiados do PSB que integrem o governo federal, mas disse que os casos ser\u00e3o analisados pela executiva do partido. Mais cedo, o l\u00edder do PSB na C\u00e2mara, Beto Albuquerque (PSB-RS), foi mais enf\u00e1tico. &#8220;Se quiser ir para o governo, pede para sair do PSB e fica bem mais f\u00e1cil&#8221;, afirmou Albuquerque.<\/p><\/blockquote>\n<p>O presidente do partido disse ainda que a dire\u00e7\u00e3o do PSB vai orientar a sua bancada no Congresso em temas considerados &#8216;estrat\u00e9gicos&#8217; pela c\u00fapula da legenda. &#8220;Para algumas quest\u00f5es estrat\u00e9gicas, o partido vai orientar a bancada. N\u00e3o \u00e9 centralismo. \u00c9 uma posi\u00e7\u00e3o partid\u00e1ria. No caso da CPI da Petrobras no Senado, j\u00e1 fizemos isso. Alguns parlamentares n\u00e3o quiseram assinar a cria\u00e7\u00e3o (da CPI), mas fizeram&#8221;, disse Siqueira.<\/p>\n","protected":false},"excerpt":{"rendered":"<p>O PSB n\u00e3o vai manifestar apoio p\u00fablico ao segundo governo de Dilma Rousseff. Nem compor\u00e1 a equipe. Mas n\u00e3o far\u00e1 oposi\u00e7\u00e3o sistem\u00e1tica. Ser\u00e1, nas palavras dos seus dirigentes, um partido independente a n\u00edvel nacional, mas de composi\u00e7\u00f5es nos estados. Essa linha de a\u00e7\u00e3o foi definida nesta quinta-feira 27, em reuni\u00e3o da Executiva Nacional. Os filiados [&hellip;]<\/p>\n","protected":false},"author":2,"featured_media":29718,"comment_status":"open","ping_status":"closed","sticky":false,"template":"","format":"standard","meta":{"_acf_changed":false,"footnotes":""},"categories":[16],"tags":[],"class_list":["post-29717","post","type-post","status-publish","format-standard","has-post-thumbnail","hentry","category-brasil"],"acf":[],"yoast_head":"<!-- This site is optimized with the Yoast SEO plugin v27.2 - https:\/\/yoast.com\/product\/yoast-seo-wordpress\/ -->\n<title>PSB re\u00fane Executiva e anuncia independ\u00eancia do Planalto - Notibras<\/title>\n<meta name=\"robots\" content=\"index, follow, max-snippet:-1, max-image-preview:large, max-video-preview:-1\" \/>\n<link rel=\"canonical\" href=\"https:\/\/www.notibras.com\/site\/psb-reune-governadores-senadores-deputados-e-anuncia-independencia\/\" \/>\n<meta property=\"og:locale\" content=\"pt_BR\" \/>\n<meta property=\"og:type\" content=\"article\" \/>\n<meta property=\"og:title\" content=\"PSB re\u00fane Executiva e anuncia independ\u00eancia do Planalto - Notibras\" \/>\n<meta property=\"og:description\" content=\"O PSB n\u00e3o vai manifestar apoio p\u00fablico ao segundo governo de Dilma Rousseff. Nem compor\u00e1 a equipe. Mas n\u00e3o far\u00e1 oposi\u00e7\u00e3o sistem\u00e1tica. Ser\u00e1, nas palavras dos seus dirigentes, um partido independente a n\u00edvel nacional, mas de composi\u00e7\u00f5es nos estados. Essa linha de a\u00e7\u00e3o foi definida nesta quinta-feira 27, em reuni\u00e3o da Executiva Nacional. Os filiados [&hellip;]\" \/>\n<meta property=\"og:url\" content=\"https:\/\/www.notibras.com\/site\/psb-reune-governadores-senadores-deputados-e-anuncia-independencia\/\" \/>\n<meta property=\"og:site_name\" content=\"Notibras\" \/>\n<meta property=\"article:publisher\" content=\"https:\/\/www.facebook.com\/notibras\/\" \/>\n<meta property=\"article:published_time\" content=\"2014-11-28T07:18:08+00:00\" \/>\n<meta property=\"article:modified_time\" content=\"2014-11-28T14:30:57+00:00\" \/>\n<meta property=\"og:image\" content=\"https:\/\/www.notibras.com\/site\/wp-content\/uploads\/2014\/11\/305e6c58b0f56f43902309ed97aa545d.jpg\" \/>\n\t<meta property=\"og:image:width\" content=\"710\" \/>\n\t<meta property=\"og:image:height\" content=\"474\" \/>\n\t<meta property=\"og:image:type\" content=\"image\/jpeg\" \/>\n<meta name=\"author\" content=\"Reda\u00e7\u00e3o\" \/>\n<meta name=\"twitter:card\" content=\"summary_large_image\" \/>\n<meta name=\"twitter:creator\" content=\"@Notibras\" \/>\n<meta name=\"twitter:site\" content=\"@Notibras\" \/>\n<meta name=\"twitter:label1\" content=\"Escrito por\" \/>\n\t<meta name=\"twitter:data1\" content=\"Reda\u00e7\u00e3o\" \/>\n\t<meta name=\"twitter:label2\" content=\"Est. tempo de leitura\" \/>\n\t<meta name=\"twitter:data2\" content=\"2 minutos\" \/>\n<script type=\"application\/ld+json\" class=\"yoast-schema-graph\">{\"@context\":\"https:\/\/schema.org\",\"@graph\":[{\"@type\":\"Article\",\"@id\":\"https:\/\/www.notibras.com\/site\/psb-reune-governadores-senadores-deputados-e-anuncia-independencia\/#article\",\"isPartOf\":{\"@id\":\"https:\/\/www.notibras.com\/site\/psb-reune-governadores-senadores-deputados-e-anuncia-independencia\/\"},\"author\":{\"name\":\"Reda\u00e7\u00e3o\",\"@id\":\"https:\/\/www.notibras.com\/site\/#\/schema\/person\/36ab0979449956132d3e5b517ea76ac8\"},\"headline\":\"PSB re\u00fane Executiva e anuncia independ\u00eancia do Planalto\",\"datePublished\":\"2014-11-28T07:18:08+00:00\",\"dateModified\":\"2014-11-28T14:30:57+00:00\",\"mainEntityOfPage\":{\"@id\":\"https:\/\/www.notibras.com\/site\/psb-reune-governadores-senadores-deputados-e-anuncia-independencia\/\"},\"wordCount\":417,\"commentCount\":0,\"publisher\":{\"@id\":\"https:\/\/www.notibras.com\/site\/#organization\"},\"image\":{\"@id\":\"https:\/\/www.notibras.com\/site\/psb-reune-governadores-senadores-deputados-e-anuncia-independencia\/#primaryimage\"},\"thumbnailUrl\":\"https:\/\/www.notibras.com\/site\/wp-content\/uploads\/2014\/11\/305e6c58b0f56f43902309ed97aa545d.jpg\",\"articleSection\":[\"Brasil\"],\"inLanguage\":\"pt-BR\",\"potentialAction\":[{\"@type\":\"CommentAction\",\"name\":\"Comment\",\"target\":[\"https:\/\/www.notibras.com\/site\/psb-reune-governadores-senadores-deputados-e-anuncia-independencia\/#respond\"]}]},{\"@type\":\"WebPage\",\"@id\":\"https:\/\/www.notibras.com\/site\/psb-reune-governadores-senadores-deputados-e-anuncia-independencia\/\",\"url\":\"https:\/\/www.notibras.com\/site\/psb-reune-governadores-senadores-deputados-e-anuncia-independencia\/\",\"name\":\"PSB re\u00fane Executiva e anuncia independ\u00eancia do Planalto - Notibras\",\"isPartOf\":{\"@id\":\"https:\/\/www.notibras.com\/site\/#website\"},\"primaryImageOfPage\":{\"@id\":\"https:\/\/www.notibras.com\/site\/psb-reune-governadores-senadores-deputados-e-anuncia-independencia\/#primaryimage\"},\"image\":{\"@id\":\"https:\/\/www.notibras.com\/site\/psb-reune-governadores-senadores-deputados-e-anuncia-independencia\/#primaryimage\"},\"thumbnailUrl\":\"https:\/\/www.notibras.com\/site\/wp-content\/uploads\/2014\/11\/305e6c58b0f56f43902309ed97aa545d.jpg\",\"datePublished\":\"2014-11-28T07:18:08+00:00\",\"dateModified\":\"2014-11-28T14:30:57+00:00\",\"breadcrumb\":{\"@id\":\"https:\/\/www.notibras.com\/site\/psb-reune-governadores-senadores-deputados-e-anuncia-independencia\/#breadcrumb\"},\"inLanguage\":\"pt-BR\",\"potentialAction\":[{\"@type\":\"ReadAction\",\"target\":[\"https:\/\/www.notibras.com\/site\/psb-reune-governadores-senadores-deputados-e-anuncia-independencia\/\"]}]},{\"@type\":\"ImageObject\",\"inLanguage\":\"pt-BR\",\"@id\":\"https:\/\/www.notibras.com\/site\/psb-reune-governadores-senadores-deputados-e-anuncia-independencia\/#primaryimage\",\"url\":\"https:\/\/www.notibras.com\/site\/wp-content\/uploads\/2014\/11\/305e6c58b0f56f43902309ed97aa545d.jpg\",\"contentUrl\":\"https:\/\/www.notibras.com\/site\/wp-content\/uploads\/2014\/11\/305e6c58b0f56f43902309ed97aa545d.jpg\",\"width\":710,\"height\":474},{\"@type\":\"BreadcrumbList\",\"@id\":\"https:\/\/www.notibras.com\/site\/psb-reune-governadores-senadores-deputados-e-anuncia-independencia\/#breadcrumb\",\"itemListElement\":[{\"@type\":\"ListItem\",\"position\":1,\"name\":\"In\u00edcio\",\"item\":\"https:\/\/www.notibras.com\/site\/\"},{\"@type\":\"ListItem\",\"position\":2,\"name\":\"PSB re\u00fane Executiva e anuncia independ\u00eancia do Planalto\"}]},{\"@type\":\"WebSite\",\"@id\":\"https:\/\/www.notibras.com\/site\/#website\",\"url\":\"https:\/\/www.notibras.com\/site\/\",\"name\":\"Notibras\",\"description\":\"Not\u00edcias de Bras\u00edlia, do Brasil e do Mundo\",\"publisher\":{\"@id\":\"https:\/\/www.notibras.com\/site\/#organization\"},\"potentialAction\":[{\"@type\":\"SearchAction\",\"target\":{\"@type\":\"EntryPoint\",\"urlTemplate\":\"https:\/\/www.notibras.com\/site\/?s={search_term_string}\"},\"query-input\":{\"@type\":\"PropertyValueSpecification\",\"valueRequired\":true,\"valueName\":\"search_term_string\"}}],\"inLanguage\":\"pt-BR\"},{\"@type\":\"Organization\",\"@id\":\"https:\/\/www.notibras.com\/site\/#organization\",\"name\":\"Grupo Notibras de Comunica\u00e7\u00e3o\",\"url\":\"https:\/\/www.notibras.com\/site\/\",\"logo\":{\"@type\":\"ImageObject\",\"inLanguage\":\"pt-BR\",\"@id\":\"https:\/\/www.notibras.com\/site\/#\/schema\/logo\/image\/\",\"url\":\"https:\/\/www.notibras.com\/site\/wp-content\/uploads\/2023\/01\/notibras23.png\",\"contentUrl\":\"https:\/\/www.notibras.com\/site\/wp-content\/uploads\/2023\/01\/notibras23.png\",\"width\":350,\"height\":87,\"caption\":\"Grupo Notibras de Comunica\u00e7\u00e3o\"},\"image\":{\"@id\":\"https:\/\/www.notibras.com\/site\/#\/schema\/logo\/image\/\"},\"sameAs\":[\"https:\/\/www.facebook.com\/notibras\/\",\"https:\/\/x.com\/Notibras\",\"https:\/\/www.instagram.com\/notibras\/\"]},{\"@type\":\"Person\",\"@id\":\"https:\/\/www.notibras.com\/site\/#\/schema\/person\/36ab0979449956132d3e5b517ea76ac8\",\"name\":\"Reda\u00e7\u00e3o\",\"image\":{\"@type\":\"ImageObject\",\"inLanguage\":\"pt-BR\",\"@id\":\"https:\/\/secure.gravatar.com\/avatar\/e0a867bdedb85fd243eadf09663511f96fc81e0720a4a42581f334ad4303aa6b?s=96&d=mm&r=g\",\"url\":\"https:\/\/secure.gravatar.com\/avatar\/e0a867bdedb85fd243eadf09663511f96fc81e0720a4a42581f334ad4303aa6b?s=96&d=mm&r=g\",\"contentUrl\":\"https:\/\/secure.gravatar.com\/avatar\/e0a867bdedb85fd243eadf09663511f96fc81e0720a4a42581f334ad4303aa6b?s=96&d=mm&r=g\",\"caption\":\"Reda\u00e7\u00e3o\"}}]}<\/script>\n<!-- \/ Yoast SEO plugin. -->","yoast_head_json":{"title":"PSB re\u00fane Executiva e anuncia independ\u00eancia do Planalto - Notibras","robots":{"index":"index","follow":"follow","max-snippet":"max-snippet:-1","max-image-preview":"max-image-preview:large","max-video-preview":"max-video-preview:-1"},"canonical":"https:\/\/www.notibras.com\/site\/psb-reune-governadores-senadores-deputados-e-anuncia-independencia\/","og_locale":"pt_BR","og_type":"article","og_title":"PSB re\u00fane Executiva e anuncia independ\u00eancia do Planalto - Notibras","og_description":"O PSB n\u00e3o vai manifestar apoio p\u00fablico ao segundo governo de Dilma Rousseff. Nem compor\u00e1 a equipe. Mas n\u00e3o far\u00e1 oposi\u00e7\u00e3o sistem\u00e1tica. Ser\u00e1, nas palavras dos seus dirigentes, um partido independente a n\u00edvel nacional, mas de composi\u00e7\u00f5es nos estados. Essa linha de a\u00e7\u00e3o foi definida nesta quinta-feira 27, em reuni\u00e3o da Executiva Nacional. Os filiados [&hellip;]","og_url":"https:\/\/www.notibras.com\/site\/psb-reune-governadores-senadores-deputados-e-anuncia-independencia\/","og_site_name":"Notibras","article_publisher":"https:\/\/www.facebook.com\/notibras\/","article_published_time":"2014-11-28T07:18:08+00:00","article_modified_time":"2014-11-28T14:30:57+00:00","og_image":[{"width":710,"height":474,"url":"https:\/\/www.notibras.com\/site\/wp-content\/uploads\/2014\/11\/305e6c58b0f56f43902309ed97aa545d.jpg","type":"image\/jpeg"}],"author":"Reda\u00e7\u00e3o","twitter_card":"summary_large_image","twitter_creator":"@Notibras","twitter_site":"@Notibras","twitter_misc":{"Escrito por":"Reda\u00e7\u00e3o","Est. tempo de leitura":"2 minutos"},"schema":{"@context":"https:\/\/schema.org","@graph":[{"@type":"Article","@id":"https:\/\/www.notibras.com\/site\/psb-reune-governadores-senadores-deputados-e-anuncia-independencia\/#article","isPartOf":{"@id":"https:\/\/www.notibras.com\/site\/psb-reune-governadores-senadores-deputados-e-anuncia-independencia\/"},"author":{"name":"Reda\u00e7\u00e3o","@id":"https:\/\/www.notibras.com\/site\/#\/schema\/person\/36ab0979449956132d3e5b517ea76ac8"},"headline":"PSB re\u00fane Executiva e anuncia independ\u00eancia do Planalto","datePublished":"2014-11-28T07:18:08+00:00","dateModified":"2014-11-28T14:30:57+00:00","mainEntityOfPage":{"@id":"https:\/\/www.notibras.com\/site\/psb-reune-governadores-senadores-deputados-e-anuncia-independencia\/"},"wordCount":417,"commentCount":0,"publisher":{"@id":"https:\/\/www.notibras.com\/site\/#organization"},"image":{"@id":"https:\/\/www.notibras.com\/site\/psb-reune-governadores-senadores-deputados-e-anuncia-independencia\/#primaryimage"},"thumbnailUrl":"https:\/\/www.notibras.com\/site\/wp-content\/uploads\/2014\/11\/305e6c58b0f56f43902309ed97aa545d.jpg","articleSection":["Brasil"],"inLanguage":"pt-BR","potentialAction":[{"@type":"CommentAction","name":"Comment","target":["https:\/\/www.notibras.com\/site\/psb-reune-governadores-senadores-deputados-e-anuncia-independencia\/#respond"]}]},{"@type":"WebPage","@id":"https:\/\/www.notibras.com\/site\/psb-reune-governadores-senadores-deputados-e-anuncia-independencia\/","url":"https:\/\/www.notibras.com\/site\/psb-reune-governadores-senadores-deputados-e-anuncia-independencia\/","name":"PSB re\u00fane Executiva e anuncia independ\u00eancia do Planalto - Notibras","isPartOf":{"@id":"https:\/\/www.notibras.com\/site\/#website"},"primaryImageOfPage":{"@id":"https:\/\/www.notibras.com\/site\/psb-reune-governadores-senadores-deputados-e-anuncia-independencia\/#primaryimage"},"image":{"@id":"https:\/\/www.notibras.com\/site\/psb-reune-governadores-senadores-deputados-e-anuncia-independencia\/#primaryimage"},"thumbnailUrl":"https:\/\/www.notibras.com\/site\/wp-content\/uploads\/2014\/11\/305e6c58b0f56f43902309ed97aa545d.jpg","datePublished":"2014-11-28T07:18:08+00:00","dateModified":"2014-11-28T14:30:57+00:00","breadcrumb":{"@id":"https:\/\/www.notibras.com\/site\/psb-reune-governadores-senadores-deputados-e-anuncia-independencia\/#breadcrumb"},"inLanguage":"pt-BR","potentialAction":[{"@type":"ReadAction","target":["https:\/\/www.notibras.com\/site\/psb-reune-governadores-senadores-deputados-e-anuncia-independencia\/"]}]},{"@type":"ImageObject","inLanguage":"pt-BR","@id":"https:\/\/www.notibras.com\/site\/psb-reune-governadores-senadores-deputados-e-anuncia-independencia\/#primaryimage","url":"https:\/\/www.notibras.com\/site\/wp-content\/uploads\/2014\/11\/305e6c58b0f56f43902309ed97aa545d.jpg","contentUrl":"https:\/\/www.notibras.com\/site\/wp-content\/uploads\/2014\/11\/305e6c58b0f56f43902309ed97aa545d.jpg","width":710,"height":474},{"@type":"BreadcrumbList","@id":"https:\/\/www.notibras.com\/site\/psb-reune-governadores-senadores-deputados-e-anuncia-independencia\/#breadcrumb","itemListElement":[{"@type":"ListItem","position":1,"name":"In\u00edcio","item":"https:\/\/www.notibras.com\/site\/"},{"@type":"ListItem","position":2,"name":"PSB re\u00fane Executiva e anuncia independ\u00eancia do Planalto"}]},{"@type":"WebSite","@id":"https:\/\/www.notibras.com\/site\/#website","url":"https:\/\/www.notibras.com\/site\/","name":"Notibras","description":"Not\u00edcias de Bras\u00edlia, do Brasil e do Mundo","publisher":{"@id":"https:\/\/www.notibras.com\/site\/#organization"},"potentialAction":[{"@type":"SearchAction","target":{"@type":"EntryPoint","urlTemplate":"https:\/\/www.notibras.com\/site\/?s={search_term_string}"},"query-input":{"@type":"PropertyValueSpecification","valueRequired":true,"valueName":"search_term_string"}}],"inLanguage":"pt-BR"},{"@type":"Organization","@id":"https:\/\/www.notibras.com\/site\/#organization","name":"Grupo Notibras de Comunica\u00e7\u00e3o","url":"https:\/\/www.notibras.com\/site\/","logo":{"@type":"ImageObject","inLanguage":"pt-BR","@id":"https:\/\/www.notibras.com\/site\/#\/schema\/logo\/image\/","url":"https:\/\/www.notibras.com\/site\/wp-content\/uploads\/2023\/01\/notibras23.png","contentUrl":"https:\/\/www.notibras.com\/site\/wp-content\/uploads\/2023\/01\/notibras23.png","width":350,"height":87,"caption":"Grupo Notibras de Comunica\u00e7\u00e3o"},"image":{"@id":"https:\/\/www.notibras.com\/site\/#\/schema\/logo\/image\/"},"sameAs":["https:\/\/www.facebook.com\/notibras\/","https:\/\/x.com\/Notibras","https:\/\/www.instagram.com\/notibras\/"]},{"@type":"Person","@id":"https:\/\/www.notibras.com\/site\/#\/schema\/person\/36ab0979449956132d3e5b517ea76ac8","name":"Reda\u00e7\u00e3o","image":{"@type":"ImageObject","inLanguage":"pt-BR","@id":"https:\/\/secure.gravatar.com\/avatar\/e0a867bdedb85fd243eadf09663511f96fc81e0720a4a42581f334ad4303aa6b?s=96&d=mm&r=g","url":"https:\/\/secure.gravatar.com\/avatar\/e0a867bdedb85fd243eadf09663511f96fc81e0720a4a42581f334ad4303aa6b?s=96&d=mm&r=g","contentUrl":"https:\/\/secure.gravatar.com\/avatar\/e0a867bdedb85fd243eadf09663511f96fc81e0720a4a42581f334ad4303aa6b?s=96&d=mm&r=g","caption":"Reda\u00e7\u00e3o"}}]}},"amp_enabled":true,"_links":{"self":[{"href":"https:\/\/www.notibras.com\/site\/wp-json\/wp\/v2\/posts\/29717","targetHints":{"allow":["GET"]}}],"collection":[{"href":"https:\/\/www.notibras.com\/site\/wp-json\/wp\/v2\/posts"}],"about":[{"href":"https:\/\/www.notibras.com\/site\/wp-json\/wp\/v2\/types\/post"}],"author":[{"embeddable":true,"href":"https:\/\/www.notibras.com\/site\/wp-json\/wp\/v2\/users\/2"}],"replies":[{"embeddable":true,"href":"https:\/\/www.notibras.com\/site\/wp-json\/wp\/v2\/comments?post=29717"}],"version-history":[{"count":0,"href":"https:\/\/www.notibras.com\/site\/wp-json\/wp\/v2\/posts\/29717\/revisions"}],"wp:featuredmedia":[{"embeddable":true,"href":"https:\/\/www.notibras.com\/site\/wp-json\/wp\/v2\/media\/29718"}],"wp:attachment":[{"href":"https:\/\/www.notibras.com\/site\/wp-json\/wp\/v2\/media?parent=29717"}],"wp:term":[{"taxonomy":"category","embeddable":true,"href":"https:\/\/www.notibras.com\/site\/wp-json\/wp\/v2\/categories?post=29717"},{"taxonomy":"post_tag","embeddable":true,"href":"https:\/\/www.notibras.com\/site\/wp-json\/wp\/v2\/tags?post=29717"}],"curies":[{"name":"wp","href":"https:\/\/api.w.org\/{rel}","templated":true}]}}