{"id":297218,"date":"2023-01-03T11:43:09","date_gmt":"2023-01-03T14:43:09","guid":{"rendered":"https:\/\/www.notibras.com\/site\/?p=297218"},"modified":"2023-01-03T11:43:24","modified_gmt":"2023-01-03T14:43:24","slug":"buriti-vai-secar-os-cofres-por-descaso-da-novacap","status":"publish","type":"post","link":"https:\/\/www.notibras.com\/site\/buriti-vai-secar-os-cofres-por-descaso-da-novacap\/","title":{"rendered":"Buriti vai secar os cofres por descaso da Novacap"},"content":{"rendered":"<p>Not\u00edcia velha que se torna nova a cada per\u00edodo de quatro anos: entra governo, sai governo (de vez em quando, quem sofre perde ainda mais quando o governante continua no cargo) e as cal\u00e7ada das quadras residenciais e comerciais do Plano Piloto continuam apelidadas de &#8216;Lua&#8217;, pelo excesso de crateras que fazem lembrar o sat\u00e9lite da Terra.&#8221;Infelizmente o quadro \u00e9 esse. Sofremos com a falta de mobilidade e acessibilidade em plena capital do Pa\u00eds, uma cidade que foi pensada, idealizada, planejada, e hoje est\u00e1 \u00e0 merc\u00ea do abandono do Estado&#8221;.<\/p>\n<p>O desabafo \u00e9 de Patr\u00edcia Carvalho, prefeita da 102 Sul e presidente do Conselho Comunit\u00e1rio da Asa Sul. S\u00e3o muitos os contribuintes que, com o desenho desse tra\u00e7ado esburacado, sofrem perdas e danos morais e f\u00edsicos. E n\u00e3o s\u00e3o poucos os moradores que avaliam acionar a Justi\u00e7a para que a Novacap pague os preju\u00edzos. H\u00e1 quem suspeite que, se a moda pegar, os cofres do Pal\u00e1cio do Buriti logo ficar\u00e3o vazios de tanta obriga\u00e7\u00e3o de indeniza\u00e7\u00e3o que vir\u00e1 pela frente.<br \/>\n.<br \/>\nUm exemplo desse descaso, diz Patr\u00edcia, \u00e9 a pr\u00f3pria SQS 102, que sofre h\u00e1 anos com o p\u00e9ssimo estado de conserva\u00e7\u00e3o das cal\u00e7adas. &#8220;O quadro \u00e9 ca\u00f3tico. Cal\u00e7adas com desn\u00edveis, concreto quebrado, com raiz de \u00e1rvore exposta, dificuldade de escoamento da \u00e1gua quando chove&#8230; Em s\u00edntese, um verdadeiro show de horrores para a popula\u00e7\u00e3o que precisa transitar pelo local.&#8221;<\/p>\n<p><img loading=\"lazy\" decoding=\"async\" class=\"wp-image-297220 aligncenter\" src=\"https:\/\/www.notibras.com\/site\/wp-content\/uploads\/2023\/01\/calcadas-asa-sul-300x225.jpg\" alt=\"\" width=\"569\" height=\"427\" srcset=\"https:\/\/www.notibras.com\/site\/wp-content\/uploads\/2023\/01\/calcadas-asa-sul-300x225.jpg 300w, https:\/\/www.notibras.com\/site\/wp-content\/uploads\/2023\/01\/calcadas-asa-sul-1024x768.jpg 1024w, https:\/\/www.notibras.com\/site\/wp-content\/uploads\/2023\/01\/calcadas-asa-sul-768x576.jpg 768w, https:\/\/www.notibras.com\/site\/wp-content\/uploads\/2023\/01\/calcadas-asa-sul.jpg 1280w\" sizes=\"auto, (max-width: 569px) 100vw, 569px\" \/><\/p>\n<p>A cal\u00e7ada que passa atr\u00e1s da rua das farm\u00e1cias, observa a prefeita, est\u00e1 com o concreto quebrado pela metade; j\u00e1 a que d\u00e1 acesso \u00e0s paradas de \u00f4nibus, \u00e0 esta\u00e7\u00e3o do metr\u00f4 e \u00e0s farm\u00e1cias de alto custo, est\u00e3o piores, com desn\u00edveis, placas de concreto soltas e levantadas, dificultando a vida e a seguran\u00e7a de quem transita pelo local.<\/p>\n<p>A t\u00edtulo de ilustra\u00e7\u00e3o, lembra Patr\u00edcia, &#8220;recentemente recebi um relato de um casal de idosos. Eles ca\u00edram por causa de um buraco na cal\u00e7ada; o marido fraturou um dos ombros e a esposa machucou o rosto.&#8221;<\/p>\n<p>Pedidos de reforma das cal\u00e7adas n\u00e3o faltam, continua a presidente do CCAS. &#8220;Quando assumi a prefeitura comunit\u00e1ria da SQS 102 em 2019, solicitei reformas, mas sem sucesso&#8221;. Patr\u00edcia lamenta o fato de precisar, junto com a comunidade, &#8220;ficar correndo atr\u00e1s de deputados distritais com o pires na m\u00e3o, pedindo que algu\u00e9m fa\u00e7a a destina\u00e7\u00e3o de emendas parlamentares para esse fim. A Novacap nada faz, e quando batemos na porta da Administra\u00e7\u00e3o Regional do Plano Piloto, a informa\u00e7\u00e3o \u00e9 a d que n\u00e3o h\u00e1 or\u00e7amento para isso&#8221;, diz ela.<\/p>\n<p>Ainda em tom de desabafo, Patr\u00edcia Carvalho critica a &#8220;falta de clareza nas informa\u00e7\u00f5es, falta de respeito com o morador que paga imposto, falta de seguran\u00e7a para as pessoas que precisam ir e vir, falta de planejamento e a falta, tamb\u00e9m, de uma gest\u00e3o eficiente.&#8221; Esses problemas ganham ainda mais amplitude uma vez que, como elos de liga\u00e7\u00e3o entre comunidade e \u00f3rg\u00e3os governamentais, os prefeitos comunit\u00e1rios fazem chegar aos moradores todos os problemas e o descaso das autoridades em resolv\u00ea-los.<\/p>\n<p>&#8220;Nosso objetivo&#8221;, conclui Patr\u00edcia, &#8220;\u00e9 ajudar a melhorar a qualidade de vida e bem estar da popula\u00e7\u00e3o, informando ao GDF onde est\u00e1 o problema, mas somos ignorados. \u00c9 uma vergonha a Novacap e a Administra\u00e7\u00e3o Regional do Plano Piloto n\u00e3o fazerem nada para mitigar, para resolver um problema t\u00e3o s\u00e9rio que impacta diariamente na nossa seguran\u00e7a. \u00c9 preciso respeito. E o pedestre deve estar em primeiro lugar&#8221;.<\/p>\n","protected":false},"excerpt":{"rendered":"<p>Not\u00edcia velha que se torna nova a cada per\u00edodo de quatro anos: entra governo, sai governo (de vez em quando, quem sofre perde ainda mais quando o governante continua no cargo) e as cal\u00e7ada das quadras residenciais e comerciais do Plano Piloto continuam apelidadas de &#8216;Lua&#8217;, pelo excesso de crateras que fazem lembrar o sat\u00e9lite [&hellip;]<\/p>\n","protected":false},"author":2,"featured_media":297219,"comment_status":"closed","ping_status":"closed","sticky":false,"template":"","format":"standard","meta":{"_acf_changed":false,"footnotes":""},"categories":[161],"tags":[],"class_list":["post-297218","post","type-post","status-publish","format-standard","has-post-thumbnail","hentry","category-quadradinho-em-foco"],"acf":[],"yoast_head":"<!-- This site is optimized with the Yoast SEO plugin v27.2 - https:\/\/yoast.com\/product\/yoast-seo-wordpress\/ -->\n<title>Buriti vai secar os cofres por descaso da Novacap - Notibras<\/title>\n<meta name=\"robots\" content=\"index, follow, max-snippet:-1, max-image-preview:large, max-video-preview:-1\" \/>\n<link rel=\"canonical\" href=\"https:\/\/www.notibras.com\/site\/buriti-vai-secar-os-cofres-por-descaso-da-novacap\/\" \/>\n<meta property=\"og:locale\" content=\"pt_BR\" \/>\n<meta property=\"og:type\" content=\"article\" \/>\n<meta property=\"og:title\" content=\"Buriti vai secar os cofres por descaso da Novacap - Notibras\" \/>\n<meta property=\"og:description\" content=\"Not\u00edcia velha que se torna nova a cada per\u00edodo de quatro anos: entra governo, sai governo (de vez em quando, quem sofre perde ainda mais quando o governante continua no cargo) e as cal\u00e7ada das quadras residenciais e comerciais do Plano Piloto continuam apelidadas de &#8216;Lua&#8217;, pelo excesso de crateras que fazem lembrar o sat\u00e9lite [&hellip;]\" \/>\n<meta property=\"og:url\" content=\"https:\/\/www.notibras.com\/site\/buriti-vai-secar-os-cofres-por-descaso-da-novacap\/\" \/>\n<meta property=\"og:site_name\" content=\"Notibras\" \/>\n<meta property=\"article:publisher\" content=\"https:\/\/www.facebook.com\/notibras\/\" \/>\n<meta property=\"article:published_time\" content=\"2023-01-03T14:43:09+00:00\" \/>\n<meta property=\"article:modified_time\" content=\"2023-01-03T14:43:24+00:00\" \/>\n<meta property=\"og:image\" content=\"https:\/\/www.notibras.com\/site\/wp-content\/uploads\/2023\/01\/calcada.2.jpg\" \/>\n\t<meta property=\"og:image:width\" content=\"1080\" \/>\n\t<meta property=\"og:image:height\" content=\"1080\" \/>\n\t<meta property=\"og:image:type\" content=\"image\/jpeg\" \/>\n<meta name=\"author\" content=\"Reda\u00e7\u00e3o\" \/>\n<meta name=\"twitter:card\" content=\"summary_large_image\" \/>\n<meta name=\"twitter:creator\" content=\"@Notibras\" \/>\n<meta name=\"twitter:site\" content=\"@Notibras\" \/>\n<meta name=\"twitter:label1\" content=\"Escrito por\" \/>\n\t<meta name=\"twitter:data1\" content=\"Reda\u00e7\u00e3o\" \/>\n\t<meta name=\"twitter:label2\" content=\"Est. tempo de leitura\" \/>\n\t<meta name=\"twitter:data2\" content=\"4 minutos\" \/>\n<script type=\"application\/ld+json\" class=\"yoast-schema-graph\">{\"@context\":\"https:\/\/schema.org\",\"@graph\":[{\"@type\":\"Article\",\"@id\":\"https:\/\/www.notibras.com\/site\/buriti-vai-secar-os-cofres-por-descaso-da-novacap\/#article\",\"isPartOf\":{\"@id\":\"https:\/\/www.notibras.com\/site\/buriti-vai-secar-os-cofres-por-descaso-da-novacap\/\"},\"author\":{\"name\":\"Reda\u00e7\u00e3o\",\"@id\":\"https:\/\/www.notibras.com\/site\/#\/schema\/person\/36ab0979449956132d3e5b517ea76ac8\"},\"headline\":\"Buriti vai secar os cofres por descaso da Novacap\",\"datePublished\":\"2023-01-03T14:43:09+00:00\",\"dateModified\":\"2023-01-03T14:43:24+00:00\",\"mainEntityOfPage\":{\"@id\":\"https:\/\/www.notibras.com\/site\/buriti-vai-secar-os-cofres-por-descaso-da-novacap\/\"},\"wordCount\":625,\"publisher\":{\"@id\":\"https:\/\/www.notibras.com\/site\/#organization\"},\"image\":{\"@id\":\"https:\/\/www.notibras.com\/site\/buriti-vai-secar-os-cofres-por-descaso-da-novacap\/#primaryimage\"},\"thumbnailUrl\":\"https:\/\/www.notibras.com\/site\/wp-content\/uploads\/2023\/01\/calcada.2.jpg\",\"articleSection\":[\"Quadradinho em Foco\"],\"inLanguage\":\"pt-BR\"},{\"@type\":\"WebPage\",\"@id\":\"https:\/\/www.notibras.com\/site\/buriti-vai-secar-os-cofres-por-descaso-da-novacap\/\",\"url\":\"https:\/\/www.notibras.com\/site\/buriti-vai-secar-os-cofres-por-descaso-da-novacap\/\",\"name\":\"Buriti vai secar os cofres por descaso da Novacap - Notibras\",\"isPartOf\":{\"@id\":\"https:\/\/www.notibras.com\/site\/#website\"},\"primaryImageOfPage\":{\"@id\":\"https:\/\/www.notibras.com\/site\/buriti-vai-secar-os-cofres-por-descaso-da-novacap\/#primaryimage\"},\"image\":{\"@id\":\"https:\/\/www.notibras.com\/site\/buriti-vai-secar-os-cofres-por-descaso-da-novacap\/#primaryimage\"},\"thumbnailUrl\":\"https:\/\/www.notibras.com\/site\/wp-content\/uploads\/2023\/01\/calcada.2.jpg\",\"datePublished\":\"2023-01-03T14:43:09+00:00\",\"dateModified\":\"2023-01-03T14:43:24+00:00\",\"breadcrumb\":{\"@id\":\"https:\/\/www.notibras.com\/site\/buriti-vai-secar-os-cofres-por-descaso-da-novacap\/#breadcrumb\"},\"inLanguage\":\"pt-BR\",\"potentialAction\":[{\"@type\":\"ReadAction\",\"target\":[\"https:\/\/www.notibras.com\/site\/buriti-vai-secar-os-cofres-por-descaso-da-novacap\/\"]}]},{\"@type\":\"ImageObject\",\"inLanguage\":\"pt-BR\",\"@id\":\"https:\/\/www.notibras.com\/site\/buriti-vai-secar-os-cofres-por-descaso-da-novacap\/#primaryimage\",\"url\":\"https:\/\/www.notibras.com\/site\/wp-content\/uploads\/2023\/01\/calcada.2.jpg\",\"contentUrl\":\"https:\/\/www.notibras.com\/site\/wp-content\/uploads\/2023\/01\/calcada.2.jpg\",\"width\":1080,\"height\":1080},{\"@type\":\"BreadcrumbList\",\"@id\":\"https:\/\/www.notibras.com\/site\/buriti-vai-secar-os-cofres-por-descaso-da-novacap\/#breadcrumb\",\"itemListElement\":[{\"@type\":\"ListItem\",\"position\":1,\"name\":\"In\u00edcio\",\"item\":\"https:\/\/www.notibras.com\/site\/\"},{\"@type\":\"ListItem\",\"position\":2,\"name\":\"Buriti vai secar os cofres por descaso da Novacap\"}]},{\"@type\":\"WebSite\",\"@id\":\"https:\/\/www.notibras.com\/site\/#website\",\"url\":\"https:\/\/www.notibras.com\/site\/\",\"name\":\"Notibras\",\"description\":\"Not\u00edcias de Bras\u00edlia, do Brasil e do Mundo\",\"publisher\":{\"@id\":\"https:\/\/www.notibras.com\/site\/#organization\"},\"potentialAction\":[{\"@type\":\"SearchAction\",\"target\":{\"@type\":\"EntryPoint\",\"urlTemplate\":\"https:\/\/www.notibras.com\/site\/?s={search_term_string}\"},\"query-input\":{\"@type\":\"PropertyValueSpecification\",\"valueRequired\":true,\"valueName\":\"search_term_string\"}}],\"inLanguage\":\"pt-BR\"},{\"@type\":\"Organization\",\"@id\":\"https:\/\/www.notibras.com\/site\/#organization\",\"name\":\"Grupo Notibras de Comunica\u00e7\u00e3o\",\"url\":\"https:\/\/www.notibras.com\/site\/\",\"logo\":{\"@type\":\"ImageObject\",\"inLanguage\":\"pt-BR\",\"@id\":\"https:\/\/www.notibras.com\/site\/#\/schema\/logo\/image\/\",\"url\":\"https:\/\/www.notibras.com\/site\/wp-content\/uploads\/2023\/01\/notibras23.png\",\"contentUrl\":\"https:\/\/www.notibras.com\/site\/wp-content\/uploads\/2023\/01\/notibras23.png\",\"width\":350,\"height\":87,\"caption\":\"Grupo Notibras de Comunica\u00e7\u00e3o\"},\"image\":{\"@id\":\"https:\/\/www.notibras.com\/site\/#\/schema\/logo\/image\/\"},\"sameAs\":[\"https:\/\/www.facebook.com\/notibras\/\",\"https:\/\/x.com\/Notibras\",\"https:\/\/www.instagram.com\/notibras\/\"]},{\"@type\":\"Person\",\"@id\":\"https:\/\/www.notibras.com\/site\/#\/schema\/person\/36ab0979449956132d3e5b517ea76ac8\",\"name\":\"Reda\u00e7\u00e3o\",\"image\":{\"@type\":\"ImageObject\",\"inLanguage\":\"pt-BR\",\"@id\":\"https:\/\/secure.gravatar.com\/avatar\/e0a867bdedb85fd243eadf09663511f96fc81e0720a4a42581f334ad4303aa6b?s=96&d=mm&r=g\",\"url\":\"https:\/\/secure.gravatar.com\/avatar\/e0a867bdedb85fd243eadf09663511f96fc81e0720a4a42581f334ad4303aa6b?s=96&d=mm&r=g\",\"contentUrl\":\"https:\/\/secure.gravatar.com\/avatar\/e0a867bdedb85fd243eadf09663511f96fc81e0720a4a42581f334ad4303aa6b?s=96&d=mm&r=g\",\"caption\":\"Reda\u00e7\u00e3o\"}}]}<\/script>\n<!-- \/ Yoast SEO plugin. -->","yoast_head_json":{"title":"Buriti vai secar os cofres por descaso da Novacap - Notibras","robots":{"index":"index","follow":"follow","max-snippet":"max-snippet:-1","max-image-preview":"max-image-preview:large","max-video-preview":"max-video-preview:-1"},"canonical":"https:\/\/www.notibras.com\/site\/buriti-vai-secar-os-cofres-por-descaso-da-novacap\/","og_locale":"pt_BR","og_type":"article","og_title":"Buriti vai secar os cofres por descaso da Novacap - Notibras","og_description":"Not\u00edcia velha que se torna nova a cada per\u00edodo de quatro anos: entra governo, sai governo (de vez em quando, quem sofre perde ainda mais quando o governante continua no cargo) e as cal\u00e7ada das quadras residenciais e comerciais do Plano Piloto continuam apelidadas de &#8216;Lua&#8217;, pelo excesso de crateras que fazem lembrar o sat\u00e9lite [&hellip;]","og_url":"https:\/\/www.notibras.com\/site\/buriti-vai-secar-os-cofres-por-descaso-da-novacap\/","og_site_name":"Notibras","article_publisher":"https:\/\/www.facebook.com\/notibras\/","article_published_time":"2023-01-03T14:43:09+00:00","article_modified_time":"2023-01-03T14:43:24+00:00","og_image":[{"width":1080,"height":1080,"url":"https:\/\/www.notibras.com\/site\/wp-content\/uploads\/2023\/01\/calcada.2.jpg","type":"image\/jpeg"}],"author":"Reda\u00e7\u00e3o","twitter_card":"summary_large_image","twitter_creator":"@Notibras","twitter_site":"@Notibras","twitter_misc":{"Escrito por":"Reda\u00e7\u00e3o","Est. tempo de leitura":"4 minutos"},"schema":{"@context":"https:\/\/schema.org","@graph":[{"@type":"Article","@id":"https:\/\/www.notibras.com\/site\/buriti-vai-secar-os-cofres-por-descaso-da-novacap\/#article","isPartOf":{"@id":"https:\/\/www.notibras.com\/site\/buriti-vai-secar-os-cofres-por-descaso-da-novacap\/"},"author":{"name":"Reda\u00e7\u00e3o","@id":"https:\/\/www.notibras.com\/site\/#\/schema\/person\/36ab0979449956132d3e5b517ea76ac8"},"headline":"Buriti vai secar os cofres por descaso da Novacap","datePublished":"2023-01-03T14:43:09+00:00","dateModified":"2023-01-03T14:43:24+00:00","mainEntityOfPage":{"@id":"https:\/\/www.notibras.com\/site\/buriti-vai-secar-os-cofres-por-descaso-da-novacap\/"},"wordCount":625,"publisher":{"@id":"https:\/\/www.notibras.com\/site\/#organization"},"image":{"@id":"https:\/\/www.notibras.com\/site\/buriti-vai-secar-os-cofres-por-descaso-da-novacap\/#primaryimage"},"thumbnailUrl":"https:\/\/www.notibras.com\/site\/wp-content\/uploads\/2023\/01\/calcada.2.jpg","articleSection":["Quadradinho em Foco"],"inLanguage":"pt-BR"},{"@type":"WebPage","@id":"https:\/\/www.notibras.com\/site\/buriti-vai-secar-os-cofres-por-descaso-da-novacap\/","url":"https:\/\/www.notibras.com\/site\/buriti-vai-secar-os-cofres-por-descaso-da-novacap\/","name":"Buriti vai secar os cofres por descaso da Novacap - Notibras","isPartOf":{"@id":"https:\/\/www.notibras.com\/site\/#website"},"primaryImageOfPage":{"@id":"https:\/\/www.notibras.com\/site\/buriti-vai-secar-os-cofres-por-descaso-da-novacap\/#primaryimage"},"image":{"@id":"https:\/\/www.notibras.com\/site\/buriti-vai-secar-os-cofres-por-descaso-da-novacap\/#primaryimage"},"thumbnailUrl":"https:\/\/www.notibras.com\/site\/wp-content\/uploads\/2023\/01\/calcada.2.jpg","datePublished":"2023-01-03T14:43:09+00:00","dateModified":"2023-01-03T14:43:24+00:00","breadcrumb":{"@id":"https:\/\/www.notibras.com\/site\/buriti-vai-secar-os-cofres-por-descaso-da-novacap\/#breadcrumb"},"inLanguage":"pt-BR","potentialAction":[{"@type":"ReadAction","target":["https:\/\/www.notibras.com\/site\/buriti-vai-secar-os-cofres-por-descaso-da-novacap\/"]}]},{"@type":"ImageObject","inLanguage":"pt-BR","@id":"https:\/\/www.notibras.com\/site\/buriti-vai-secar-os-cofres-por-descaso-da-novacap\/#primaryimage","url":"https:\/\/www.notibras.com\/site\/wp-content\/uploads\/2023\/01\/calcada.2.jpg","contentUrl":"https:\/\/www.notibras.com\/site\/wp-content\/uploads\/2023\/01\/calcada.2.jpg","width":1080,"height":1080},{"@type":"BreadcrumbList","@id":"https:\/\/www.notibras.com\/site\/buriti-vai-secar-os-cofres-por-descaso-da-novacap\/#breadcrumb","itemListElement":[{"@type":"ListItem","position":1,"name":"In\u00edcio","item":"https:\/\/www.notibras.com\/site\/"},{"@type":"ListItem","position":2,"name":"Buriti vai secar os cofres por descaso da Novacap"}]},{"@type":"WebSite","@id":"https:\/\/www.notibras.com\/site\/#website","url":"https:\/\/www.notibras.com\/site\/","name":"Notibras","description":"Not\u00edcias de Bras\u00edlia, do Brasil e do Mundo","publisher":{"@id":"https:\/\/www.notibras.com\/site\/#organization"},"potentialAction":[{"@type":"SearchAction","target":{"@type":"EntryPoint","urlTemplate":"https:\/\/www.notibras.com\/site\/?s={search_term_string}"},"query-input":{"@type":"PropertyValueSpecification","valueRequired":true,"valueName":"search_term_string"}}],"inLanguage":"pt-BR"},{"@type":"Organization","@id":"https:\/\/www.notibras.com\/site\/#organization","name":"Grupo Notibras de Comunica\u00e7\u00e3o","url":"https:\/\/www.notibras.com\/site\/","logo":{"@type":"ImageObject","inLanguage":"pt-BR","@id":"https:\/\/www.notibras.com\/site\/#\/schema\/logo\/image\/","url":"https:\/\/www.notibras.com\/site\/wp-content\/uploads\/2023\/01\/notibras23.png","contentUrl":"https:\/\/www.notibras.com\/site\/wp-content\/uploads\/2023\/01\/notibras23.png","width":350,"height":87,"caption":"Grupo Notibras de Comunica\u00e7\u00e3o"},"image":{"@id":"https:\/\/www.notibras.com\/site\/#\/schema\/logo\/image\/"},"sameAs":["https:\/\/www.facebook.com\/notibras\/","https:\/\/x.com\/Notibras","https:\/\/www.instagram.com\/notibras\/"]},{"@type":"Person","@id":"https:\/\/www.notibras.com\/site\/#\/schema\/person\/36ab0979449956132d3e5b517ea76ac8","name":"Reda\u00e7\u00e3o","image":{"@type":"ImageObject","inLanguage":"pt-BR","@id":"https:\/\/secure.gravatar.com\/avatar\/e0a867bdedb85fd243eadf09663511f96fc81e0720a4a42581f334ad4303aa6b?s=96&d=mm&r=g","url":"https:\/\/secure.gravatar.com\/avatar\/e0a867bdedb85fd243eadf09663511f96fc81e0720a4a42581f334ad4303aa6b?s=96&d=mm&r=g","contentUrl":"https:\/\/secure.gravatar.com\/avatar\/e0a867bdedb85fd243eadf09663511f96fc81e0720a4a42581f334ad4303aa6b?s=96&d=mm&r=g","caption":"Reda\u00e7\u00e3o"}}]}},"amp_enabled":true,"_links":{"self":[{"href":"https:\/\/www.notibras.com\/site\/wp-json\/wp\/v2\/posts\/297218","targetHints":{"allow":["GET"]}}],"collection":[{"href":"https:\/\/www.notibras.com\/site\/wp-json\/wp\/v2\/posts"}],"about":[{"href":"https:\/\/www.notibras.com\/site\/wp-json\/wp\/v2\/types\/post"}],"author":[{"embeddable":true,"href":"https:\/\/www.notibras.com\/site\/wp-json\/wp\/v2\/users\/2"}],"replies":[{"embeddable":true,"href":"https:\/\/www.notibras.com\/site\/wp-json\/wp\/v2\/comments?post=297218"}],"version-history":[{"count":1,"href":"https:\/\/www.notibras.com\/site\/wp-json\/wp\/v2\/posts\/297218\/revisions"}],"predecessor-version":[{"id":297221,"href":"https:\/\/www.notibras.com\/site\/wp-json\/wp\/v2\/posts\/297218\/revisions\/297221"}],"wp:featuredmedia":[{"embeddable":true,"href":"https:\/\/www.notibras.com\/site\/wp-json\/wp\/v2\/media\/297219"}],"wp:attachment":[{"href":"https:\/\/www.notibras.com\/site\/wp-json\/wp\/v2\/media?parent=297218"}],"wp:term":[{"taxonomy":"category","embeddable":true,"href":"https:\/\/www.notibras.com\/site\/wp-json\/wp\/v2\/categories?post=297218"},{"taxonomy":"post_tag","embeddable":true,"href":"https:\/\/www.notibras.com\/site\/wp-json\/wp\/v2\/tags?post=297218"}],"curies":[{"name":"wp","href":"https:\/\/api.w.org\/{rel}","templated":true}]}}