{"id":297256,"date":"2023-01-04T03:12:52","date_gmt":"2023-01-04T06:12:52","guid":{"rendered":"https:\/\/www.notibras.com\/site\/?p=297256"},"modified":"2023-01-04T04:03:47","modified_gmt":"2023-01-04T07:03:47","slug":"arte-avanca-ao-ar-livre-na-avenida-norte-d-samambaia","status":"publish","type":"post","link":"https:\/\/www.notibras.com\/site\/arte-avanca-ao-ar-livre-na-avenida-norte-d-samambaia\/","title":{"rendered":"Arte avan\u00e7a ao ar livre na Avenida Norte de Samambaia"},"content":{"rendered":"<p>O Natal passou, mas a empres\u00e1ria Maria de F\u00e1tima Moraes, 36 anos, s\u00f3 encontrou o presente perfeito para sua casa \u00e0s v\u00e9speras do fim do ano. Foi em uma visita a Samambaia que a moradora de Taguatinga descobriu a Feira Livre do Artesanato (Exporsam). E foi no estande da artes\u00e3 Maria Ilda Santos que ela encontrou as almofadas ideais para o sof\u00e1 da sala.<\/p>\n<p>\u201cEu cresci frequentando feiras, acho a iniciativa muito importante para valorizar o trabalho de artes\u00e3os e comerciantes locais\u201d, comenta F\u00e1tima. \u201cOs produtos encontrados aqui s\u00e3o diferenciados, a gente n\u00e3o encontra em lojas convencionais. Encomendei seis almofadas e pretendo voltar na pr\u00f3xima semana para trazer minha irm\u00e3\u201d.<\/p>\n<p>A Feira Livre do Artesanato est\u00e1 montada no canteiro central da 1\u00aa Avenida Norte de Samambaia, entre as quadras 208 e 408. At\u00e9 15 de mar\u00e7o, os visitantes t\u00eam a oportunidade de conhecer o trabalho de 140 expositores que se revezam nos 67 estandes do local. A Exporsam fica aberta de segunda a s\u00e1bado, das 8h \u00e0s 18h.<\/p>\n<p>O organizador do projeto, Demontiez Marques, conta que o objetivo da feira \u00e9 servir de ponte entre o artes\u00e3o e a comunidade.<\/p>\n<p>\u201cEsse projeto foi idealizado em 2010 justamente pelo fato de Samambaia n\u00e3o ter uma feira voltada para o artesanato\u201d, explica Demontiez. \u201cO evento era feito mensalmente. Nesta edi\u00e7\u00e3o, conseguimos prolongar o funcionamento da Exporsam por tr\u00eas meses\u201d.<\/p>\n<p>Artes\u00e3 desde os 9 anos de idade, Maria Ilda Santos comemora a oportunidade de mostrar seu trabalho para o p\u00fablico. \u201cEu trabalho em casa mesmo; ent\u00e3o, \u00e9 valioso para mim poder expor meus produtos em uma feira, sem custos\u201d, comemora. \u201cJ\u00e1 recebi v\u00e1rias encomendas de almofadas, al\u00e9m de ter vendido toalhinhas e bonecas. O movimento tem surpreendido\u201d.<\/p>\n<p><strong>Exporsam<\/strong><br \/>\n\u2192 Local: canteiro central da 1\u00aa Avenida Norte de Samambaia, entre as quadras 208 e 408.<br \/>\n\u2192 Funcionamento: at\u00e9 15 de mar\u00e7o, das 8h \u00e0s 18h.<\/p>\n","protected":false},"excerpt":{"rendered":"<p>O Natal passou, mas a empres\u00e1ria Maria de F\u00e1tima Moraes, 36 anos, s\u00f3 encontrou o presente perfeito para sua casa \u00e0s v\u00e9speras do fim do ano. Foi em uma visita a Samambaia que a moradora de Taguatinga descobriu a Feira Livre do Artesanato (Exporsam). E foi no estande da artes\u00e3 Maria Ilda Santos que ela [&hellip;]<\/p>\n","protected":false},"author":2,"featured_media":297257,"comment_status":"closed","ping_status":"closed","sticky":false,"template":"","format":"standard","meta":{"_acf_changed":false,"footnotes":""},"categories":[161],"tags":[],"class_list":["post-297256","post","type-post","status-publish","format-standard","has-post-thumbnail","hentry","category-quadradinho-em-foco"],"acf":[],"yoast_head":"<!-- This site is optimized with the Yoast SEO plugin v27.2 - https:\/\/yoast.com\/product\/yoast-seo-wordpress\/ -->\n<title>Arte avan\u00e7a ao ar livre na Avenida Norte de Samambaia - Notibras<\/title>\n<meta name=\"robots\" content=\"index, follow, max-snippet:-1, max-image-preview:large, max-video-preview:-1\" \/>\n<link rel=\"canonical\" href=\"https:\/\/www.notibras.com\/site\/arte-avanca-ao-ar-livre-na-avenida-norte-d-samambaia\/\" \/>\n<meta property=\"og:locale\" content=\"pt_BR\" \/>\n<meta property=\"og:type\" content=\"article\" \/>\n<meta property=\"og:title\" content=\"Arte avan\u00e7a ao ar livre na Avenida Norte de Samambaia - Notibras\" \/>\n<meta property=\"og:description\" content=\"O Natal passou, mas a empres\u00e1ria Maria de F\u00e1tima Moraes, 36 anos, s\u00f3 encontrou o presente perfeito para sua casa \u00e0s v\u00e9speras do fim do ano. Foi em uma visita a Samambaia que a moradora de Taguatinga descobriu a Feira Livre do Artesanato (Exporsam). E foi no estande da artes\u00e3 Maria Ilda Santos que ela [&hellip;]\" \/>\n<meta property=\"og:url\" content=\"https:\/\/www.notibras.com\/site\/arte-avanca-ao-ar-livre-na-avenida-norte-d-samambaia\/\" \/>\n<meta property=\"og:site_name\" content=\"Notibras\" \/>\n<meta property=\"article:publisher\" content=\"https:\/\/www.facebook.com\/notibras\/\" \/>\n<meta property=\"article:published_time\" content=\"2023-01-04T06:12:52+00:00\" \/>\n<meta property=\"article:modified_time\" content=\"2023-01-04T07:03:47+00:00\" \/>\n<meta property=\"og:image\" content=\"https:\/\/www.notibras.com\/site\/wp-content\/uploads\/2023\/01\/dentro-17-1536x1024-1.jpg\" \/>\n\t<meta property=\"og:image:width\" content=\"1536\" \/>\n\t<meta property=\"og:image:height\" content=\"1024\" \/>\n\t<meta property=\"og:image:type\" content=\"image\/jpeg\" \/>\n<meta name=\"author\" content=\"Reda\u00e7\u00e3o\" \/>\n<meta name=\"twitter:card\" content=\"summary_large_image\" \/>\n<meta name=\"twitter:creator\" content=\"@Notibras\" \/>\n<meta name=\"twitter:site\" content=\"@Notibras\" \/>\n<meta name=\"twitter:label1\" content=\"Escrito por\" \/>\n\t<meta name=\"twitter:data1\" content=\"Reda\u00e7\u00e3o\" \/>\n\t<meta name=\"twitter:label2\" content=\"Est. tempo de leitura\" \/>\n\t<meta name=\"twitter:data2\" content=\"2 minutos\" \/>\n<script type=\"application\/ld+json\" class=\"yoast-schema-graph\">{\"@context\":\"https:\/\/schema.org\",\"@graph\":[{\"@type\":\"Article\",\"@id\":\"https:\/\/www.notibras.com\/site\/arte-avanca-ao-ar-livre-na-avenida-norte-d-samambaia\/#article\",\"isPartOf\":{\"@id\":\"https:\/\/www.notibras.com\/site\/arte-avanca-ao-ar-livre-na-avenida-norte-d-samambaia\/\"},\"author\":{\"name\":\"Reda\u00e7\u00e3o\",\"@id\":\"https:\/\/www.notibras.com\/site\/#\/schema\/person\/36ab0979449956132d3e5b517ea76ac8\"},\"headline\":\"Arte avan\u00e7a ao ar livre na Avenida Norte de Samambaia\",\"datePublished\":\"2023-01-04T06:12:52+00:00\",\"dateModified\":\"2023-01-04T07:03:47+00:00\",\"mainEntityOfPage\":{\"@id\":\"https:\/\/www.notibras.com\/site\/arte-avanca-ao-ar-livre-na-avenida-norte-d-samambaia\/\"},\"wordCount\":325,\"publisher\":{\"@id\":\"https:\/\/www.notibras.com\/site\/#organization\"},\"image\":{\"@id\":\"https:\/\/www.notibras.com\/site\/arte-avanca-ao-ar-livre-na-avenida-norte-d-samambaia\/#primaryimage\"},\"thumbnailUrl\":\"https:\/\/www.notibras.com\/site\/wp-content\/uploads\/2023\/01\/dentro-17-1536x1024-1.jpg\",\"articleSection\":[\"Quadradinho em Foco\"],\"inLanguage\":\"pt-BR\"},{\"@type\":\"WebPage\",\"@id\":\"https:\/\/www.notibras.com\/site\/arte-avanca-ao-ar-livre-na-avenida-norte-d-samambaia\/\",\"url\":\"https:\/\/www.notibras.com\/site\/arte-avanca-ao-ar-livre-na-avenida-norte-d-samambaia\/\",\"name\":\"Arte avan\u00e7a ao ar livre na Avenida Norte de Samambaia - Notibras\",\"isPartOf\":{\"@id\":\"https:\/\/www.notibras.com\/site\/#website\"},\"primaryImageOfPage\":{\"@id\":\"https:\/\/www.notibras.com\/site\/arte-avanca-ao-ar-livre-na-avenida-norte-d-samambaia\/#primaryimage\"},\"image\":{\"@id\":\"https:\/\/www.notibras.com\/site\/arte-avanca-ao-ar-livre-na-avenida-norte-d-samambaia\/#primaryimage\"},\"thumbnailUrl\":\"https:\/\/www.notibras.com\/site\/wp-content\/uploads\/2023\/01\/dentro-17-1536x1024-1.jpg\",\"datePublished\":\"2023-01-04T06:12:52+00:00\",\"dateModified\":\"2023-01-04T07:03:47+00:00\",\"breadcrumb\":{\"@id\":\"https:\/\/www.notibras.com\/site\/arte-avanca-ao-ar-livre-na-avenida-norte-d-samambaia\/#breadcrumb\"},\"inLanguage\":\"pt-BR\",\"potentialAction\":[{\"@type\":\"ReadAction\",\"target\":[\"https:\/\/www.notibras.com\/site\/arte-avanca-ao-ar-livre-na-avenida-norte-d-samambaia\/\"]}]},{\"@type\":\"ImageObject\",\"inLanguage\":\"pt-BR\",\"@id\":\"https:\/\/www.notibras.com\/site\/arte-avanca-ao-ar-livre-na-avenida-norte-d-samambaia\/#primaryimage\",\"url\":\"https:\/\/www.notibras.com\/site\/wp-content\/uploads\/2023\/01\/dentro-17-1536x1024-1.jpg\",\"contentUrl\":\"https:\/\/www.notibras.com\/site\/wp-content\/uploads\/2023\/01\/dentro-17-1536x1024-1.jpg\",\"width\":1536,\"height\":1024},{\"@type\":\"BreadcrumbList\",\"@id\":\"https:\/\/www.notibras.com\/site\/arte-avanca-ao-ar-livre-na-avenida-norte-d-samambaia\/#breadcrumb\",\"itemListElement\":[{\"@type\":\"ListItem\",\"position\":1,\"name\":\"In\u00edcio\",\"item\":\"https:\/\/www.notibras.com\/site\/\"},{\"@type\":\"ListItem\",\"position\":2,\"name\":\"Arte avan\u00e7a ao ar livre na Avenida Norte de Samambaia\"}]},{\"@type\":\"WebSite\",\"@id\":\"https:\/\/www.notibras.com\/site\/#website\",\"url\":\"https:\/\/www.notibras.com\/site\/\",\"name\":\"Notibras\",\"description\":\"Not\u00edcias de Bras\u00edlia, do Brasil e do Mundo\",\"publisher\":{\"@id\":\"https:\/\/www.notibras.com\/site\/#organization\"},\"potentialAction\":[{\"@type\":\"SearchAction\",\"target\":{\"@type\":\"EntryPoint\",\"urlTemplate\":\"https:\/\/www.notibras.com\/site\/?s={search_term_string}\"},\"query-input\":{\"@type\":\"PropertyValueSpecification\",\"valueRequired\":true,\"valueName\":\"search_term_string\"}}],\"inLanguage\":\"pt-BR\"},{\"@type\":\"Organization\",\"@id\":\"https:\/\/www.notibras.com\/site\/#organization\",\"name\":\"Grupo Notibras de Comunica\u00e7\u00e3o\",\"url\":\"https:\/\/www.notibras.com\/site\/\",\"logo\":{\"@type\":\"ImageObject\",\"inLanguage\":\"pt-BR\",\"@id\":\"https:\/\/www.notibras.com\/site\/#\/schema\/logo\/image\/\",\"url\":\"https:\/\/www.notibras.com\/site\/wp-content\/uploads\/2023\/01\/notibras23.png\",\"contentUrl\":\"https:\/\/www.notibras.com\/site\/wp-content\/uploads\/2023\/01\/notibras23.png\",\"width\":350,\"height\":87,\"caption\":\"Grupo Notibras de Comunica\u00e7\u00e3o\"},\"image\":{\"@id\":\"https:\/\/www.notibras.com\/site\/#\/schema\/logo\/image\/\"},\"sameAs\":[\"https:\/\/www.facebook.com\/notibras\/\",\"https:\/\/x.com\/Notibras\",\"https:\/\/www.instagram.com\/notibras\/\"]},{\"@type\":\"Person\",\"@id\":\"https:\/\/www.notibras.com\/site\/#\/schema\/person\/36ab0979449956132d3e5b517ea76ac8\",\"name\":\"Reda\u00e7\u00e3o\",\"image\":{\"@type\":\"ImageObject\",\"inLanguage\":\"pt-BR\",\"@id\":\"https:\/\/secure.gravatar.com\/avatar\/e0a867bdedb85fd243eadf09663511f96fc81e0720a4a42581f334ad4303aa6b?s=96&d=mm&r=g\",\"url\":\"https:\/\/secure.gravatar.com\/avatar\/e0a867bdedb85fd243eadf09663511f96fc81e0720a4a42581f334ad4303aa6b?s=96&d=mm&r=g\",\"contentUrl\":\"https:\/\/secure.gravatar.com\/avatar\/e0a867bdedb85fd243eadf09663511f96fc81e0720a4a42581f334ad4303aa6b?s=96&d=mm&r=g\",\"caption\":\"Reda\u00e7\u00e3o\"}}]}<\/script>\n<!-- \/ Yoast SEO plugin. -->","yoast_head_json":{"title":"Arte avan\u00e7a ao ar livre na Avenida Norte de Samambaia - Notibras","robots":{"index":"index","follow":"follow","max-snippet":"max-snippet:-1","max-image-preview":"max-image-preview:large","max-video-preview":"max-video-preview:-1"},"canonical":"https:\/\/www.notibras.com\/site\/arte-avanca-ao-ar-livre-na-avenida-norte-d-samambaia\/","og_locale":"pt_BR","og_type":"article","og_title":"Arte avan\u00e7a ao ar livre na Avenida Norte de Samambaia - Notibras","og_description":"O Natal passou, mas a empres\u00e1ria Maria de F\u00e1tima Moraes, 36 anos, s\u00f3 encontrou o presente perfeito para sua casa \u00e0s v\u00e9speras do fim do ano. Foi em uma visita a Samambaia que a moradora de Taguatinga descobriu a Feira Livre do Artesanato (Exporsam). E foi no estande da artes\u00e3 Maria Ilda Santos que ela [&hellip;]","og_url":"https:\/\/www.notibras.com\/site\/arte-avanca-ao-ar-livre-na-avenida-norte-d-samambaia\/","og_site_name":"Notibras","article_publisher":"https:\/\/www.facebook.com\/notibras\/","article_published_time":"2023-01-04T06:12:52+00:00","article_modified_time":"2023-01-04T07:03:47+00:00","og_image":[{"width":1536,"height":1024,"url":"https:\/\/www.notibras.com\/site\/wp-content\/uploads\/2023\/01\/dentro-17-1536x1024-1.jpg","type":"image\/jpeg"}],"author":"Reda\u00e7\u00e3o","twitter_card":"summary_large_image","twitter_creator":"@Notibras","twitter_site":"@Notibras","twitter_misc":{"Escrito por":"Reda\u00e7\u00e3o","Est. tempo de leitura":"2 minutos"},"schema":{"@context":"https:\/\/schema.org","@graph":[{"@type":"Article","@id":"https:\/\/www.notibras.com\/site\/arte-avanca-ao-ar-livre-na-avenida-norte-d-samambaia\/#article","isPartOf":{"@id":"https:\/\/www.notibras.com\/site\/arte-avanca-ao-ar-livre-na-avenida-norte-d-samambaia\/"},"author":{"name":"Reda\u00e7\u00e3o","@id":"https:\/\/www.notibras.com\/site\/#\/schema\/person\/36ab0979449956132d3e5b517ea76ac8"},"headline":"Arte avan\u00e7a ao ar livre na Avenida Norte de Samambaia","datePublished":"2023-01-04T06:12:52+00:00","dateModified":"2023-01-04T07:03:47+00:00","mainEntityOfPage":{"@id":"https:\/\/www.notibras.com\/site\/arte-avanca-ao-ar-livre-na-avenida-norte-d-samambaia\/"},"wordCount":325,"publisher":{"@id":"https:\/\/www.notibras.com\/site\/#organization"},"image":{"@id":"https:\/\/www.notibras.com\/site\/arte-avanca-ao-ar-livre-na-avenida-norte-d-samambaia\/#primaryimage"},"thumbnailUrl":"https:\/\/www.notibras.com\/site\/wp-content\/uploads\/2023\/01\/dentro-17-1536x1024-1.jpg","articleSection":["Quadradinho em Foco"],"inLanguage":"pt-BR"},{"@type":"WebPage","@id":"https:\/\/www.notibras.com\/site\/arte-avanca-ao-ar-livre-na-avenida-norte-d-samambaia\/","url":"https:\/\/www.notibras.com\/site\/arte-avanca-ao-ar-livre-na-avenida-norte-d-samambaia\/","name":"Arte avan\u00e7a ao ar livre na Avenida Norte de Samambaia - Notibras","isPartOf":{"@id":"https:\/\/www.notibras.com\/site\/#website"},"primaryImageOfPage":{"@id":"https:\/\/www.notibras.com\/site\/arte-avanca-ao-ar-livre-na-avenida-norte-d-samambaia\/#primaryimage"},"image":{"@id":"https:\/\/www.notibras.com\/site\/arte-avanca-ao-ar-livre-na-avenida-norte-d-samambaia\/#primaryimage"},"thumbnailUrl":"https:\/\/www.notibras.com\/site\/wp-content\/uploads\/2023\/01\/dentro-17-1536x1024-1.jpg","datePublished":"2023-01-04T06:12:52+00:00","dateModified":"2023-01-04T07:03:47+00:00","breadcrumb":{"@id":"https:\/\/www.notibras.com\/site\/arte-avanca-ao-ar-livre-na-avenida-norte-d-samambaia\/#breadcrumb"},"inLanguage":"pt-BR","potentialAction":[{"@type":"ReadAction","target":["https:\/\/www.notibras.com\/site\/arte-avanca-ao-ar-livre-na-avenida-norte-d-samambaia\/"]}]},{"@type":"ImageObject","inLanguage":"pt-BR","@id":"https:\/\/www.notibras.com\/site\/arte-avanca-ao-ar-livre-na-avenida-norte-d-samambaia\/#primaryimage","url":"https:\/\/www.notibras.com\/site\/wp-content\/uploads\/2023\/01\/dentro-17-1536x1024-1.jpg","contentUrl":"https:\/\/www.notibras.com\/site\/wp-content\/uploads\/2023\/01\/dentro-17-1536x1024-1.jpg","width":1536,"height":1024},{"@type":"BreadcrumbList","@id":"https:\/\/www.notibras.com\/site\/arte-avanca-ao-ar-livre-na-avenida-norte-d-samambaia\/#breadcrumb","itemListElement":[{"@type":"ListItem","position":1,"name":"In\u00edcio","item":"https:\/\/www.notibras.com\/site\/"},{"@type":"ListItem","position":2,"name":"Arte avan\u00e7a ao ar livre na Avenida Norte de Samambaia"}]},{"@type":"WebSite","@id":"https:\/\/www.notibras.com\/site\/#website","url":"https:\/\/www.notibras.com\/site\/","name":"Notibras","description":"Not\u00edcias de Bras\u00edlia, do Brasil e do Mundo","publisher":{"@id":"https:\/\/www.notibras.com\/site\/#organization"},"potentialAction":[{"@type":"SearchAction","target":{"@type":"EntryPoint","urlTemplate":"https:\/\/www.notibras.com\/site\/?s={search_term_string}"},"query-input":{"@type":"PropertyValueSpecification","valueRequired":true,"valueName":"search_term_string"}}],"inLanguage":"pt-BR"},{"@type":"Organization","@id":"https:\/\/www.notibras.com\/site\/#organization","name":"Grupo Notibras de Comunica\u00e7\u00e3o","url":"https:\/\/www.notibras.com\/site\/","logo":{"@type":"ImageObject","inLanguage":"pt-BR","@id":"https:\/\/www.notibras.com\/site\/#\/schema\/logo\/image\/","url":"https:\/\/www.notibras.com\/site\/wp-content\/uploads\/2023\/01\/notibras23.png","contentUrl":"https:\/\/www.notibras.com\/site\/wp-content\/uploads\/2023\/01\/notibras23.png","width":350,"height":87,"caption":"Grupo Notibras de Comunica\u00e7\u00e3o"},"image":{"@id":"https:\/\/www.notibras.com\/site\/#\/schema\/logo\/image\/"},"sameAs":["https:\/\/www.facebook.com\/notibras\/","https:\/\/x.com\/Notibras","https:\/\/www.instagram.com\/notibras\/"]},{"@type":"Person","@id":"https:\/\/www.notibras.com\/site\/#\/schema\/person\/36ab0979449956132d3e5b517ea76ac8","name":"Reda\u00e7\u00e3o","image":{"@type":"ImageObject","inLanguage":"pt-BR","@id":"https:\/\/secure.gravatar.com\/avatar\/e0a867bdedb85fd243eadf09663511f96fc81e0720a4a42581f334ad4303aa6b?s=96&d=mm&r=g","url":"https:\/\/secure.gravatar.com\/avatar\/e0a867bdedb85fd243eadf09663511f96fc81e0720a4a42581f334ad4303aa6b?s=96&d=mm&r=g","contentUrl":"https:\/\/secure.gravatar.com\/avatar\/e0a867bdedb85fd243eadf09663511f96fc81e0720a4a42581f334ad4303aa6b?s=96&d=mm&r=g","caption":"Reda\u00e7\u00e3o"}}]}},"amp_enabled":true,"_links":{"self":[{"href":"https:\/\/www.notibras.com\/site\/wp-json\/wp\/v2\/posts\/297256","targetHints":{"allow":["GET"]}}],"collection":[{"href":"https:\/\/www.notibras.com\/site\/wp-json\/wp\/v2\/posts"}],"about":[{"href":"https:\/\/www.notibras.com\/site\/wp-json\/wp\/v2\/types\/post"}],"author":[{"embeddable":true,"href":"https:\/\/www.notibras.com\/site\/wp-json\/wp\/v2\/users\/2"}],"replies":[{"embeddable":true,"href":"https:\/\/www.notibras.com\/site\/wp-json\/wp\/v2\/comments?post=297256"}],"version-history":[{"count":4,"href":"https:\/\/www.notibras.com\/site\/wp-json\/wp\/v2\/posts\/297256\/revisions"}],"predecessor-version":[{"id":297280,"href":"https:\/\/www.notibras.com\/site\/wp-json\/wp\/v2\/posts\/297256\/revisions\/297280"}],"wp:featuredmedia":[{"embeddable":true,"href":"https:\/\/www.notibras.com\/site\/wp-json\/wp\/v2\/media\/297257"}],"wp:attachment":[{"href":"https:\/\/www.notibras.com\/site\/wp-json\/wp\/v2\/media?parent=297256"}],"wp:term":[{"taxonomy":"category","embeddable":true,"href":"https:\/\/www.notibras.com\/site\/wp-json\/wp\/v2\/categories?post=297256"},{"taxonomy":"post_tag","embeddable":true,"href":"https:\/\/www.notibras.com\/site\/wp-json\/wp\/v2\/tags?post=297256"}],"curies":[{"name":"wp","href":"https:\/\/api.w.org\/{rel}","templated":true}]}}