{"id":297264,"date":"2023-01-04T00:00:17","date_gmt":"2023-01-04T03:00:17","guid":{"rendered":"https:\/\/www.notibras.com\/site\/?p=297264"},"modified":"2023-01-04T03:28:22","modified_gmt":"2023-01-04T06:28:22","slug":"colonia-agricola-ganha-mais-31-postes-de-iluminacao","status":"publish","type":"post","link":"https:\/\/www.notibras.com\/site\/colonia-agricola-ganha-mais-31-postes-de-iluminacao\/","title":{"rendered":"Col\u00f4nia agr\u00edcola ganha mais 31 postes de ilumina\u00e7\u00e3o"},"content":{"rendered":"<p>Os moradores do Kanegae t\u00eam comemorado a conquista mais recente da comunidade localizada no Riacho Fundo. A rede de ilumina\u00e7\u00e3o p\u00fablica da principal avenida da col\u00f4nia agr\u00edcola, uma via de aproximadamente 5 km, passou por melhorias. Um investimento de R$ 424 mil permitiu a troca de 100 l\u00e2mpadas por LED e a instala\u00e7\u00e3o de 31 novos postes na regi\u00e3o. Os servi\u00e7os foram conclu\u00eddos no fim de dezembro.<\/p>\n<p>\u201cA ilumina\u00e7\u00e3o p\u00fablica \u00e9 essencial \u00e0 qualidade de vida da popula\u00e7\u00e3o e atua como instrumento de cidadania, permitindo que as pessoas desfrutem plenamente do espa\u00e7o p\u00fablico no per\u00edodo noturno\u201d, afirma o presidente da Companhia Energ\u00e9tica de Bras\u00edlia (CEB), Edison Garcia. As melhorias no Kanegae foram executadas com recursos provenientes de emenda parlamentar do deputado Valdelino Barcelos.<\/p>\n<p>O Programa de Efici\u00eancia Energ\u00e9tica da CEB trocou 2.809 l\u00e2mpadas de vapor de s\u00f3dio por LED no Riacho Fundo nos \u00faltimos quatro anos. O investimento chegou a R$ 2.406.000, valor que n\u00e3o inclui as benfeitorias do Kanegae. De acordo com a administradora do Riacho Fundo, Ana L\u00facia Melo, um esfor\u00e7o conjunto entre CEB e a administra\u00e7\u00e3o regional permitiu que a obra na col\u00f4nia agr\u00edcola fosse entregue ainda em 2022.<\/p>\n<p>\u201cA comunidade pedia essa melhoria na rede de ilumina\u00e7\u00e3o h\u00e1 tempos. A situa\u00e7\u00e3o estava realmente prec\u00e1ria, com poucas l\u00e2mpadas funcionando. Ao redor da escola local era muito escuro, perto da UPA [unidade de pronto atendimento] tamb\u00e9m\u201d, observa Ana L\u00facia. \u201cO LED e os novos postes representam mais qualidade de vida para o Kanegae\u201d.<\/p>\n<p>Para quem precisa transitar pelas ruas da col\u00f4nia agr\u00edcola \u00e0 noite, a nova ilumina\u00e7\u00e3o p\u00fablica \u00e9 sin\u00f4nimo de seguran\u00e7a tamb\u00e9m. A operadora de caixa Marcilene Sousa, 37 anos, trabalha em uma das lojas do com\u00e9rcio local at\u00e9 as 20h. E enfrentava inseguran\u00e7a di\u00e1ria no momento de voltar para casa, no Riacho Fundo.<\/p>\n<p>\u201cA avenida era bastante escura, n\u00e3o tinha como n\u00e3o ficar com medo. Tinha motorista de aplicativo que nem aceitava pegar corrida para essas bandas, por conta da falta de ilumina\u00e7\u00e3o\u201d, comenta Marcilene. \u201cDepois da obra, a minha realidade \u00e9 outra. Sinto que posso andar por aqui em seguran\u00e7a, o LED clareia bastante, faz uma diferen\u00e7a enorme.\u201d<\/p>\n","protected":false},"excerpt":{"rendered":"<p>Os moradores do Kanegae t\u00eam comemorado a conquista mais recente da comunidade localizada no Riacho Fundo. A rede de ilumina\u00e7\u00e3o p\u00fablica da principal avenida da col\u00f4nia agr\u00edcola, uma via de aproximadamente 5 km, passou por melhorias. Um investimento de R$ 424 mil permitiu a troca de 100 l\u00e2mpadas por LED e a instala\u00e7\u00e3o de 31 [&hellip;]<\/p>\n","protected":false},"author":2,"featured_media":297265,"comment_status":"closed","ping_status":"closed","sticky":false,"template":"","format":"standard","meta":{"_acf_changed":false,"footnotes":""},"categories":[161],"tags":[],"class_list":["post-297264","post","type-post","status-publish","format-standard","has-post-thumbnail","hentry","category-quadradinho-em-foco"],"acf":[],"yoast_head":"<!-- This site is optimized with the Yoast SEO plugin v27.2 - https:\/\/yoast.com\/product\/yoast-seo-wordpress\/ -->\n<title>Col\u00f4nia agr\u00edcola ganha mais 31 postes de ilumina\u00e7\u00e3o - Notibras<\/title>\n<meta name=\"robots\" content=\"index, follow, max-snippet:-1, max-image-preview:large, max-video-preview:-1\" \/>\n<link rel=\"canonical\" href=\"https:\/\/www.notibras.com\/site\/colonia-agricola-ganha-mais-31-postes-de-iluminacao\/\" \/>\n<meta property=\"og:locale\" content=\"pt_BR\" \/>\n<meta property=\"og:type\" content=\"article\" \/>\n<meta property=\"og:title\" content=\"Col\u00f4nia agr\u00edcola ganha mais 31 postes de ilumina\u00e7\u00e3o - Notibras\" \/>\n<meta property=\"og:description\" content=\"Os moradores do Kanegae t\u00eam comemorado a conquista mais recente da comunidade localizada no Riacho Fundo. A rede de ilumina\u00e7\u00e3o p\u00fablica da principal avenida da col\u00f4nia agr\u00edcola, uma via de aproximadamente 5 km, passou por melhorias. Um investimento de R$ 424 mil permitiu a troca de 100 l\u00e2mpadas por LED e a instala\u00e7\u00e3o de 31 [&hellip;]\" \/>\n<meta property=\"og:url\" content=\"https:\/\/www.notibras.com\/site\/colonia-agricola-ganha-mais-31-postes-de-iluminacao\/\" \/>\n<meta property=\"og:site_name\" content=\"Notibras\" \/>\n<meta property=\"article:publisher\" content=\"https:\/\/www.facebook.com\/notibras\/\" \/>\n<meta property=\"article:published_time\" content=\"2023-01-04T03:00:17+00:00\" \/>\n<meta property=\"article:modified_time\" content=\"2023-01-04T06:28:22+00:00\" \/>\n<meta property=\"og:image\" content=\"https:\/\/www.notibras.com\/site\/wp-content\/uploads\/2023\/01\/Troca-de-lampadas-no-Kanegae.-Foto-Joao-Rodrigues-Ascom-Riacho-Fundo-1536x1024-1.jpg\" \/>\n\t<meta property=\"og:image:width\" content=\"1536\" \/>\n\t<meta property=\"og:image:height\" content=\"1024\" \/>\n\t<meta property=\"og:image:type\" content=\"image\/jpeg\" \/>\n<meta name=\"author\" content=\"Reda\u00e7\u00e3o\" \/>\n<meta name=\"twitter:card\" content=\"summary_large_image\" \/>\n<meta name=\"twitter:creator\" content=\"@Notibras\" \/>\n<meta name=\"twitter:site\" content=\"@Notibras\" \/>\n<meta name=\"twitter:label1\" content=\"Escrito por\" \/>\n\t<meta name=\"twitter:data1\" content=\"Reda\u00e7\u00e3o\" \/>\n\t<meta name=\"twitter:label2\" content=\"Est. tempo de leitura\" \/>\n\t<meta name=\"twitter:data2\" content=\"2 minutos\" \/>\n<script type=\"application\/ld+json\" class=\"yoast-schema-graph\">{\"@context\":\"https:\/\/schema.org\",\"@graph\":[{\"@type\":\"Article\",\"@id\":\"https:\/\/www.notibras.com\/site\/colonia-agricola-ganha-mais-31-postes-de-iluminacao\/#article\",\"isPartOf\":{\"@id\":\"https:\/\/www.notibras.com\/site\/colonia-agricola-ganha-mais-31-postes-de-iluminacao\/\"},\"author\":{\"name\":\"Reda\u00e7\u00e3o\",\"@id\":\"https:\/\/www.notibras.com\/site\/#\/schema\/person\/36ab0979449956132d3e5b517ea76ac8\"},\"headline\":\"Col\u00f4nia agr\u00edcola ganha mais 31 postes de ilumina\u00e7\u00e3o\",\"datePublished\":\"2023-01-04T03:00:17+00:00\",\"dateModified\":\"2023-01-04T06:28:22+00:00\",\"mainEntityOfPage\":{\"@id\":\"https:\/\/www.notibras.com\/site\/colonia-agricola-ganha-mais-31-postes-de-iluminacao\/\"},\"wordCount\":399,\"publisher\":{\"@id\":\"https:\/\/www.notibras.com\/site\/#organization\"},\"image\":{\"@id\":\"https:\/\/www.notibras.com\/site\/colonia-agricola-ganha-mais-31-postes-de-iluminacao\/#primaryimage\"},\"thumbnailUrl\":\"https:\/\/www.notibras.com\/site\/wp-content\/uploads\/2023\/01\/Troca-de-lampadas-no-Kanegae.-Foto-Joao-Rodrigues-Ascom-Riacho-Fundo-1536x1024-1.jpg\",\"articleSection\":[\"Quadradinho em Foco\"],\"inLanguage\":\"pt-BR\"},{\"@type\":\"WebPage\",\"@id\":\"https:\/\/www.notibras.com\/site\/colonia-agricola-ganha-mais-31-postes-de-iluminacao\/\",\"url\":\"https:\/\/www.notibras.com\/site\/colonia-agricola-ganha-mais-31-postes-de-iluminacao\/\",\"name\":\"Col\u00f4nia agr\u00edcola ganha mais 31 postes de ilumina\u00e7\u00e3o - Notibras\",\"isPartOf\":{\"@id\":\"https:\/\/www.notibras.com\/site\/#website\"},\"primaryImageOfPage\":{\"@id\":\"https:\/\/www.notibras.com\/site\/colonia-agricola-ganha-mais-31-postes-de-iluminacao\/#primaryimage\"},\"image\":{\"@id\":\"https:\/\/www.notibras.com\/site\/colonia-agricola-ganha-mais-31-postes-de-iluminacao\/#primaryimage\"},\"thumbnailUrl\":\"https:\/\/www.notibras.com\/site\/wp-content\/uploads\/2023\/01\/Troca-de-lampadas-no-Kanegae.-Foto-Joao-Rodrigues-Ascom-Riacho-Fundo-1536x1024-1.jpg\",\"datePublished\":\"2023-01-04T03:00:17+00:00\",\"dateModified\":\"2023-01-04T06:28:22+00:00\",\"breadcrumb\":{\"@id\":\"https:\/\/www.notibras.com\/site\/colonia-agricola-ganha-mais-31-postes-de-iluminacao\/#breadcrumb\"},\"inLanguage\":\"pt-BR\",\"potentialAction\":[{\"@type\":\"ReadAction\",\"target\":[\"https:\/\/www.notibras.com\/site\/colonia-agricola-ganha-mais-31-postes-de-iluminacao\/\"]}]},{\"@type\":\"ImageObject\",\"inLanguage\":\"pt-BR\",\"@id\":\"https:\/\/www.notibras.com\/site\/colonia-agricola-ganha-mais-31-postes-de-iluminacao\/#primaryimage\",\"url\":\"https:\/\/www.notibras.com\/site\/wp-content\/uploads\/2023\/01\/Troca-de-lampadas-no-Kanegae.-Foto-Joao-Rodrigues-Ascom-Riacho-Fundo-1536x1024-1.jpg\",\"contentUrl\":\"https:\/\/www.notibras.com\/site\/wp-content\/uploads\/2023\/01\/Troca-de-lampadas-no-Kanegae.-Foto-Joao-Rodrigues-Ascom-Riacho-Fundo-1536x1024-1.jpg\",\"width\":1536,\"height\":1024},{\"@type\":\"BreadcrumbList\",\"@id\":\"https:\/\/www.notibras.com\/site\/colonia-agricola-ganha-mais-31-postes-de-iluminacao\/#breadcrumb\",\"itemListElement\":[{\"@type\":\"ListItem\",\"position\":1,\"name\":\"In\u00edcio\",\"item\":\"https:\/\/www.notibras.com\/site\/\"},{\"@type\":\"ListItem\",\"position\":2,\"name\":\"Col\u00f4nia agr\u00edcola ganha mais 31 postes de ilumina\u00e7\u00e3o\"}]},{\"@type\":\"WebSite\",\"@id\":\"https:\/\/www.notibras.com\/site\/#website\",\"url\":\"https:\/\/www.notibras.com\/site\/\",\"name\":\"Notibras\",\"description\":\"Not\u00edcias de Bras\u00edlia, do Brasil e do Mundo\",\"publisher\":{\"@id\":\"https:\/\/www.notibras.com\/site\/#organization\"},\"potentialAction\":[{\"@type\":\"SearchAction\",\"target\":{\"@type\":\"EntryPoint\",\"urlTemplate\":\"https:\/\/www.notibras.com\/site\/?s={search_term_string}\"},\"query-input\":{\"@type\":\"PropertyValueSpecification\",\"valueRequired\":true,\"valueName\":\"search_term_string\"}}],\"inLanguage\":\"pt-BR\"},{\"@type\":\"Organization\",\"@id\":\"https:\/\/www.notibras.com\/site\/#organization\",\"name\":\"Grupo Notibras de Comunica\u00e7\u00e3o\",\"url\":\"https:\/\/www.notibras.com\/site\/\",\"logo\":{\"@type\":\"ImageObject\",\"inLanguage\":\"pt-BR\",\"@id\":\"https:\/\/www.notibras.com\/site\/#\/schema\/logo\/image\/\",\"url\":\"https:\/\/www.notibras.com\/site\/wp-content\/uploads\/2023\/01\/notibras23.png\",\"contentUrl\":\"https:\/\/www.notibras.com\/site\/wp-content\/uploads\/2023\/01\/notibras23.png\",\"width\":350,\"height\":87,\"caption\":\"Grupo Notibras de Comunica\u00e7\u00e3o\"},\"image\":{\"@id\":\"https:\/\/www.notibras.com\/site\/#\/schema\/logo\/image\/\"},\"sameAs\":[\"https:\/\/www.facebook.com\/notibras\/\",\"https:\/\/x.com\/Notibras\",\"https:\/\/www.instagram.com\/notibras\/\"]},{\"@type\":\"Person\",\"@id\":\"https:\/\/www.notibras.com\/site\/#\/schema\/person\/36ab0979449956132d3e5b517ea76ac8\",\"name\":\"Reda\u00e7\u00e3o\",\"image\":{\"@type\":\"ImageObject\",\"inLanguage\":\"pt-BR\",\"@id\":\"https:\/\/secure.gravatar.com\/avatar\/e0a867bdedb85fd243eadf09663511f96fc81e0720a4a42581f334ad4303aa6b?s=96&d=mm&r=g\",\"url\":\"https:\/\/secure.gravatar.com\/avatar\/e0a867bdedb85fd243eadf09663511f96fc81e0720a4a42581f334ad4303aa6b?s=96&d=mm&r=g\",\"contentUrl\":\"https:\/\/secure.gravatar.com\/avatar\/e0a867bdedb85fd243eadf09663511f96fc81e0720a4a42581f334ad4303aa6b?s=96&d=mm&r=g\",\"caption\":\"Reda\u00e7\u00e3o\"}}]}<\/script>\n<!-- \/ Yoast SEO plugin. -->","yoast_head_json":{"title":"Col\u00f4nia agr\u00edcola ganha mais 31 postes de ilumina\u00e7\u00e3o - Notibras","robots":{"index":"index","follow":"follow","max-snippet":"max-snippet:-1","max-image-preview":"max-image-preview:large","max-video-preview":"max-video-preview:-1"},"canonical":"https:\/\/www.notibras.com\/site\/colonia-agricola-ganha-mais-31-postes-de-iluminacao\/","og_locale":"pt_BR","og_type":"article","og_title":"Col\u00f4nia agr\u00edcola ganha mais 31 postes de ilumina\u00e7\u00e3o - Notibras","og_description":"Os moradores do Kanegae t\u00eam comemorado a conquista mais recente da comunidade localizada no Riacho Fundo. A rede de ilumina\u00e7\u00e3o p\u00fablica da principal avenida da col\u00f4nia agr\u00edcola, uma via de aproximadamente 5 km, passou por melhorias. Um investimento de R$ 424 mil permitiu a troca de 100 l\u00e2mpadas por LED e a instala\u00e7\u00e3o de 31 [&hellip;]","og_url":"https:\/\/www.notibras.com\/site\/colonia-agricola-ganha-mais-31-postes-de-iluminacao\/","og_site_name":"Notibras","article_publisher":"https:\/\/www.facebook.com\/notibras\/","article_published_time":"2023-01-04T03:00:17+00:00","article_modified_time":"2023-01-04T06:28:22+00:00","og_image":[{"width":1536,"height":1024,"url":"https:\/\/www.notibras.com\/site\/wp-content\/uploads\/2023\/01\/Troca-de-lampadas-no-Kanegae.-Foto-Joao-Rodrigues-Ascom-Riacho-Fundo-1536x1024-1.jpg","type":"image\/jpeg"}],"author":"Reda\u00e7\u00e3o","twitter_card":"summary_large_image","twitter_creator":"@Notibras","twitter_site":"@Notibras","twitter_misc":{"Escrito por":"Reda\u00e7\u00e3o","Est. tempo de leitura":"2 minutos"},"schema":{"@context":"https:\/\/schema.org","@graph":[{"@type":"Article","@id":"https:\/\/www.notibras.com\/site\/colonia-agricola-ganha-mais-31-postes-de-iluminacao\/#article","isPartOf":{"@id":"https:\/\/www.notibras.com\/site\/colonia-agricola-ganha-mais-31-postes-de-iluminacao\/"},"author":{"name":"Reda\u00e7\u00e3o","@id":"https:\/\/www.notibras.com\/site\/#\/schema\/person\/36ab0979449956132d3e5b517ea76ac8"},"headline":"Col\u00f4nia agr\u00edcola ganha mais 31 postes de ilumina\u00e7\u00e3o","datePublished":"2023-01-04T03:00:17+00:00","dateModified":"2023-01-04T06:28:22+00:00","mainEntityOfPage":{"@id":"https:\/\/www.notibras.com\/site\/colonia-agricola-ganha-mais-31-postes-de-iluminacao\/"},"wordCount":399,"publisher":{"@id":"https:\/\/www.notibras.com\/site\/#organization"},"image":{"@id":"https:\/\/www.notibras.com\/site\/colonia-agricola-ganha-mais-31-postes-de-iluminacao\/#primaryimage"},"thumbnailUrl":"https:\/\/www.notibras.com\/site\/wp-content\/uploads\/2023\/01\/Troca-de-lampadas-no-Kanegae.-Foto-Joao-Rodrigues-Ascom-Riacho-Fundo-1536x1024-1.jpg","articleSection":["Quadradinho em Foco"],"inLanguage":"pt-BR"},{"@type":"WebPage","@id":"https:\/\/www.notibras.com\/site\/colonia-agricola-ganha-mais-31-postes-de-iluminacao\/","url":"https:\/\/www.notibras.com\/site\/colonia-agricola-ganha-mais-31-postes-de-iluminacao\/","name":"Col\u00f4nia agr\u00edcola ganha mais 31 postes de ilumina\u00e7\u00e3o - Notibras","isPartOf":{"@id":"https:\/\/www.notibras.com\/site\/#website"},"primaryImageOfPage":{"@id":"https:\/\/www.notibras.com\/site\/colonia-agricola-ganha-mais-31-postes-de-iluminacao\/#primaryimage"},"image":{"@id":"https:\/\/www.notibras.com\/site\/colonia-agricola-ganha-mais-31-postes-de-iluminacao\/#primaryimage"},"thumbnailUrl":"https:\/\/www.notibras.com\/site\/wp-content\/uploads\/2023\/01\/Troca-de-lampadas-no-Kanegae.-Foto-Joao-Rodrigues-Ascom-Riacho-Fundo-1536x1024-1.jpg","datePublished":"2023-01-04T03:00:17+00:00","dateModified":"2023-01-04T06:28:22+00:00","breadcrumb":{"@id":"https:\/\/www.notibras.com\/site\/colonia-agricola-ganha-mais-31-postes-de-iluminacao\/#breadcrumb"},"inLanguage":"pt-BR","potentialAction":[{"@type":"ReadAction","target":["https:\/\/www.notibras.com\/site\/colonia-agricola-ganha-mais-31-postes-de-iluminacao\/"]}]},{"@type":"ImageObject","inLanguage":"pt-BR","@id":"https:\/\/www.notibras.com\/site\/colonia-agricola-ganha-mais-31-postes-de-iluminacao\/#primaryimage","url":"https:\/\/www.notibras.com\/site\/wp-content\/uploads\/2023\/01\/Troca-de-lampadas-no-Kanegae.-Foto-Joao-Rodrigues-Ascom-Riacho-Fundo-1536x1024-1.jpg","contentUrl":"https:\/\/www.notibras.com\/site\/wp-content\/uploads\/2023\/01\/Troca-de-lampadas-no-Kanegae.-Foto-Joao-Rodrigues-Ascom-Riacho-Fundo-1536x1024-1.jpg","width":1536,"height":1024},{"@type":"BreadcrumbList","@id":"https:\/\/www.notibras.com\/site\/colonia-agricola-ganha-mais-31-postes-de-iluminacao\/#breadcrumb","itemListElement":[{"@type":"ListItem","position":1,"name":"In\u00edcio","item":"https:\/\/www.notibras.com\/site\/"},{"@type":"ListItem","position":2,"name":"Col\u00f4nia agr\u00edcola ganha mais 31 postes de ilumina\u00e7\u00e3o"}]},{"@type":"WebSite","@id":"https:\/\/www.notibras.com\/site\/#website","url":"https:\/\/www.notibras.com\/site\/","name":"Notibras","description":"Not\u00edcias de Bras\u00edlia, do Brasil e do Mundo","publisher":{"@id":"https:\/\/www.notibras.com\/site\/#organization"},"potentialAction":[{"@type":"SearchAction","target":{"@type":"EntryPoint","urlTemplate":"https:\/\/www.notibras.com\/site\/?s={search_term_string}"},"query-input":{"@type":"PropertyValueSpecification","valueRequired":true,"valueName":"search_term_string"}}],"inLanguage":"pt-BR"},{"@type":"Organization","@id":"https:\/\/www.notibras.com\/site\/#organization","name":"Grupo Notibras de Comunica\u00e7\u00e3o","url":"https:\/\/www.notibras.com\/site\/","logo":{"@type":"ImageObject","inLanguage":"pt-BR","@id":"https:\/\/www.notibras.com\/site\/#\/schema\/logo\/image\/","url":"https:\/\/www.notibras.com\/site\/wp-content\/uploads\/2023\/01\/notibras23.png","contentUrl":"https:\/\/www.notibras.com\/site\/wp-content\/uploads\/2023\/01\/notibras23.png","width":350,"height":87,"caption":"Grupo Notibras de Comunica\u00e7\u00e3o"},"image":{"@id":"https:\/\/www.notibras.com\/site\/#\/schema\/logo\/image\/"},"sameAs":["https:\/\/www.facebook.com\/notibras\/","https:\/\/x.com\/Notibras","https:\/\/www.instagram.com\/notibras\/"]},{"@type":"Person","@id":"https:\/\/www.notibras.com\/site\/#\/schema\/person\/36ab0979449956132d3e5b517ea76ac8","name":"Reda\u00e7\u00e3o","image":{"@type":"ImageObject","inLanguage":"pt-BR","@id":"https:\/\/secure.gravatar.com\/avatar\/e0a867bdedb85fd243eadf09663511f96fc81e0720a4a42581f334ad4303aa6b?s=96&d=mm&r=g","url":"https:\/\/secure.gravatar.com\/avatar\/e0a867bdedb85fd243eadf09663511f96fc81e0720a4a42581f334ad4303aa6b?s=96&d=mm&r=g","contentUrl":"https:\/\/secure.gravatar.com\/avatar\/e0a867bdedb85fd243eadf09663511f96fc81e0720a4a42581f334ad4303aa6b?s=96&d=mm&r=g","caption":"Reda\u00e7\u00e3o"}}]}},"amp_enabled":true,"_links":{"self":[{"href":"https:\/\/www.notibras.com\/site\/wp-json\/wp\/v2\/posts\/297264","targetHints":{"allow":["GET"]}}],"collection":[{"href":"https:\/\/www.notibras.com\/site\/wp-json\/wp\/v2\/posts"}],"about":[{"href":"https:\/\/www.notibras.com\/site\/wp-json\/wp\/v2\/types\/post"}],"author":[{"embeddable":true,"href":"https:\/\/www.notibras.com\/site\/wp-json\/wp\/v2\/users\/2"}],"replies":[{"embeddable":true,"href":"https:\/\/www.notibras.com\/site\/wp-json\/wp\/v2\/comments?post=297264"}],"version-history":[{"count":1,"href":"https:\/\/www.notibras.com\/site\/wp-json\/wp\/v2\/posts\/297264\/revisions"}],"predecessor-version":[{"id":297266,"href":"https:\/\/www.notibras.com\/site\/wp-json\/wp\/v2\/posts\/297264\/revisions\/297266"}],"wp:featuredmedia":[{"embeddable":true,"href":"https:\/\/www.notibras.com\/site\/wp-json\/wp\/v2\/media\/297265"}],"wp:attachment":[{"href":"https:\/\/www.notibras.com\/site\/wp-json\/wp\/v2\/media?parent=297264"}],"wp:term":[{"taxonomy":"category","embeddable":true,"href":"https:\/\/www.notibras.com\/site\/wp-json\/wp\/v2\/categories?post=297264"},{"taxonomy":"post_tag","embeddable":true,"href":"https:\/\/www.notibras.com\/site\/wp-json\/wp\/v2\/tags?post=297264"}],"curies":[{"name":"wp","href":"https:\/\/api.w.org\/{rel}","templated":true}]}}