{"id":297267,"date":"2023-01-04T00:31:23","date_gmt":"2023-01-04T03:31:23","guid":{"rendered":"https:\/\/www.notibras.com\/site\/?p=297267"},"modified":"2023-01-04T03:34:47","modified_gmt":"2023-01-04T06:34:47","slug":"verde-que-te-quero-verde-da-mais-vida-ao-park-way","status":"publish","type":"post","link":"https:\/\/www.notibras.com\/site\/verde-que-te-quero-verde-da-mais-vida-ao-park-way\/","title":{"rendered":"Verde que te quero verde d\u00e1 mais vida ao Park Way"},"content":{"rendered":"<p>Com a virada do ano, a Regi\u00e3o Administrativa do Park Way ganhou novas \u00e1rvores e est\u00e1 mais limpa. Em um trabalho conjunto do GDF Presente e da Novacap, o bairro recebe o plantio de cerca de 3 mil mudas de \u00e1rvores do cerrado. Elas est\u00e3o sendo plantadas ao longo das quadras 5, 7, 13, 18, 26 e 27 e no canteiro que margeia a Estrada Parque Ind\u00fastria e Abastecimento (Epia). Al\u00e9m disso, aproximadamente 200 toneladas de lixo foram retiradas das quadras do chamado Park Way Aeroporto.<\/p>\n<p>\u201cEu vi o trabalho de planta\u00e7\u00e3o das mudas. Ter \u00e1rvore \u00e9 sempre muito bom, ajuda a melhorar o meio ambiente e embeleza o bairro. Das que t\u00eam aqui perto de casa, ajudo a cuidar\u201d, afirma o aposentado Max Caldeira, 70 anos, morador da Quadra 16. As plantas foram cedidas pela Novacap, que as cultiva no Viveiro 2, localizado na Quadra 26 do bairro. Entre as esp\u00e9cies, h\u00e1 ip\u00eas, jacarand\u00e1s e jenipapos.<\/p>\n<p>O coordenador executivo da Administra\u00e7\u00e3o Regional do Park Way, Wesley Pereira, conta que o \u00f3rg\u00e3o solicitou as mudas e o plantio come\u00e7ou h\u00e1 cerca de 40 dias.<\/p>\n<p>O recolhimento de entulhos e inserv\u00edveis tamb\u00e9m foi intenso nos \u00faltimos dias na localidade. O Polo Central 2 do GDF Presente solicitou o refor\u00e7o de mais dois caminh\u00f5es para o servi\u00e7o, que se concentrou entre as quadras 14 e 20, pr\u00f3ximas ao Aeroporto Juscelino Kubitschek.<\/p>\n<p>\u201c\u00c9 uma limpeza geral neste fim de ano. Muito lixo verde, entulhos que totalizaram mais de 150 toneladas. Al\u00e9m disso, usamos o caminh\u00e3o-pipa para a lavagem de paradas de \u00f4nibus\u201d, informa Anchieta.<\/p>\n<p>Outra a\u00e7\u00e3o executada foi a retirada de oito \u00e1rvores ca\u00eddas na Quadra 22. \u201cAs \u00e1rvores ca\u00edram por for\u00e7a das tempestades aqui no Park Way. Serramos os troncos e colocamos em cima dos caminh\u00f5es. Sempre que temos a ajuda do polo, \u00e9 poss\u00edvel intensificar os servi\u00e7os\u201d, finaliza Wesley.<\/p>\n","protected":false},"excerpt":{"rendered":"<p>Com a virada do ano, a Regi\u00e3o Administrativa do Park Way ganhou novas \u00e1rvores e est\u00e1 mais limpa. Em um trabalho conjunto do GDF Presente e da Novacap, o bairro recebe o plantio de cerca de 3 mil mudas de \u00e1rvores do cerrado. Elas est\u00e3o sendo plantadas ao longo das quadras 5, 7, 13, 18, [&hellip;]<\/p>\n","protected":false},"author":2,"featured_media":297268,"comment_status":"closed","ping_status":"closed","sticky":false,"template":"","format":"standard","meta":{"_acf_changed":false,"footnotes":""},"categories":[161],"tags":[],"class_list":["post-297267","post","type-post","status-publish","format-standard","has-post-thumbnail","hentry","category-quadradinho-em-foco"],"acf":[],"yoast_head":"<!-- This site is optimized with the Yoast SEO plugin v27.2 - https:\/\/yoast.com\/product\/yoast-seo-wordpress\/ -->\n<title>Verde que te quero verde d\u00e1 mais vida ao Park Way - Notibras<\/title>\n<meta name=\"robots\" content=\"index, follow, max-snippet:-1, max-image-preview:large, max-video-preview:-1\" \/>\n<link rel=\"canonical\" href=\"https:\/\/www.notibras.com\/site\/verde-que-te-quero-verde-da-mais-vida-ao-park-way\/\" \/>\n<meta property=\"og:locale\" content=\"pt_BR\" \/>\n<meta property=\"og:type\" content=\"article\" \/>\n<meta property=\"og:title\" content=\"Verde que te quero verde d\u00e1 mais vida ao Park Way - Notibras\" \/>\n<meta property=\"og:description\" content=\"Com a virada do ano, a Regi\u00e3o Administrativa do Park Way ganhou novas \u00e1rvores e est\u00e1 mais limpa. Em um trabalho conjunto do GDF Presente e da Novacap, o bairro recebe o plantio de cerca de 3 mil mudas de \u00e1rvores do cerrado. Elas est\u00e3o sendo plantadas ao longo das quadras 5, 7, 13, 18, [&hellip;]\" \/>\n<meta property=\"og:url\" content=\"https:\/\/www.notibras.com\/site\/verde-que-te-quero-verde-da-mais-vida-ao-park-way\/\" \/>\n<meta property=\"og:site_name\" content=\"Notibras\" \/>\n<meta property=\"article:publisher\" content=\"https:\/\/www.facebook.com\/notibras\/\" \/>\n<meta property=\"article:published_time\" content=\"2023-01-04T03:31:23+00:00\" \/>\n<meta property=\"article:modified_time\" content=\"2023-01-04T06:34:47+00:00\" \/>\n<meta property=\"og:image\" content=\"https:\/\/www.notibras.com\/site\/wp-content\/uploads\/2023\/01\/Plantio-de-arvores-4-scaled-1.jpg\" \/>\n\t<meta property=\"og:image:width\" content=\"2560\" \/>\n\t<meta property=\"og:image:height\" content=\"1152\" \/>\n\t<meta property=\"og:image:type\" content=\"image\/jpeg\" \/>\n<meta name=\"author\" content=\"Reda\u00e7\u00e3o\" \/>\n<meta name=\"twitter:card\" content=\"summary_large_image\" \/>\n<meta name=\"twitter:creator\" content=\"@Notibras\" \/>\n<meta name=\"twitter:site\" content=\"@Notibras\" \/>\n<meta name=\"twitter:label1\" content=\"Escrito por\" \/>\n\t<meta name=\"twitter:data1\" content=\"Reda\u00e7\u00e3o\" \/>\n\t<meta name=\"twitter:label2\" content=\"Est. tempo de leitura\" \/>\n\t<meta name=\"twitter:data2\" content=\"2 minutos\" \/>\n<script type=\"application\/ld+json\" class=\"yoast-schema-graph\">{\"@context\":\"https:\/\/schema.org\",\"@graph\":[{\"@type\":\"Article\",\"@id\":\"https:\/\/www.notibras.com\/site\/verde-que-te-quero-verde-da-mais-vida-ao-park-way\/#article\",\"isPartOf\":{\"@id\":\"https:\/\/www.notibras.com\/site\/verde-que-te-quero-verde-da-mais-vida-ao-park-way\/\"},\"author\":{\"name\":\"Reda\u00e7\u00e3o\",\"@id\":\"https:\/\/www.notibras.com\/site\/#\/schema\/person\/36ab0979449956132d3e5b517ea76ac8\"},\"headline\":\"Verde que te quero verde d\u00e1 mais vida ao Park Way\",\"datePublished\":\"2023-01-04T03:31:23+00:00\",\"dateModified\":\"2023-01-04T06:34:47+00:00\",\"mainEntityOfPage\":{\"@id\":\"https:\/\/www.notibras.com\/site\/verde-que-te-quero-verde-da-mais-vida-ao-park-way\/\"},\"wordCount\":325,\"publisher\":{\"@id\":\"https:\/\/www.notibras.com\/site\/#organization\"},\"image\":{\"@id\":\"https:\/\/www.notibras.com\/site\/verde-que-te-quero-verde-da-mais-vida-ao-park-way\/#primaryimage\"},\"thumbnailUrl\":\"https:\/\/www.notibras.com\/site\/wp-content\/uploads\/2023\/01\/Plantio-de-arvores-4-scaled-1.jpg\",\"articleSection\":[\"Quadradinho em Foco\"],\"inLanguage\":\"pt-BR\"},{\"@type\":\"WebPage\",\"@id\":\"https:\/\/www.notibras.com\/site\/verde-que-te-quero-verde-da-mais-vida-ao-park-way\/\",\"url\":\"https:\/\/www.notibras.com\/site\/verde-que-te-quero-verde-da-mais-vida-ao-park-way\/\",\"name\":\"Verde que te quero verde d\u00e1 mais vida ao Park Way - Notibras\",\"isPartOf\":{\"@id\":\"https:\/\/www.notibras.com\/site\/#website\"},\"primaryImageOfPage\":{\"@id\":\"https:\/\/www.notibras.com\/site\/verde-que-te-quero-verde-da-mais-vida-ao-park-way\/#primaryimage\"},\"image\":{\"@id\":\"https:\/\/www.notibras.com\/site\/verde-que-te-quero-verde-da-mais-vida-ao-park-way\/#primaryimage\"},\"thumbnailUrl\":\"https:\/\/www.notibras.com\/site\/wp-content\/uploads\/2023\/01\/Plantio-de-arvores-4-scaled-1.jpg\",\"datePublished\":\"2023-01-04T03:31:23+00:00\",\"dateModified\":\"2023-01-04T06:34:47+00:00\",\"breadcrumb\":{\"@id\":\"https:\/\/www.notibras.com\/site\/verde-que-te-quero-verde-da-mais-vida-ao-park-way\/#breadcrumb\"},\"inLanguage\":\"pt-BR\",\"potentialAction\":[{\"@type\":\"ReadAction\",\"target\":[\"https:\/\/www.notibras.com\/site\/verde-que-te-quero-verde-da-mais-vida-ao-park-way\/\"]}]},{\"@type\":\"ImageObject\",\"inLanguage\":\"pt-BR\",\"@id\":\"https:\/\/www.notibras.com\/site\/verde-que-te-quero-verde-da-mais-vida-ao-park-way\/#primaryimage\",\"url\":\"https:\/\/www.notibras.com\/site\/wp-content\/uploads\/2023\/01\/Plantio-de-arvores-4-scaled-1.jpg\",\"contentUrl\":\"https:\/\/www.notibras.com\/site\/wp-content\/uploads\/2023\/01\/Plantio-de-arvores-4-scaled-1.jpg\",\"width\":2560,\"height\":1152},{\"@type\":\"BreadcrumbList\",\"@id\":\"https:\/\/www.notibras.com\/site\/verde-que-te-quero-verde-da-mais-vida-ao-park-way\/#breadcrumb\",\"itemListElement\":[{\"@type\":\"ListItem\",\"position\":1,\"name\":\"In\u00edcio\",\"item\":\"https:\/\/www.notibras.com\/site\/\"},{\"@type\":\"ListItem\",\"position\":2,\"name\":\"Verde que te quero verde d\u00e1 mais vida ao Park Way\"}]},{\"@type\":\"WebSite\",\"@id\":\"https:\/\/www.notibras.com\/site\/#website\",\"url\":\"https:\/\/www.notibras.com\/site\/\",\"name\":\"Notibras\",\"description\":\"Not\u00edcias de Bras\u00edlia, do Brasil e do Mundo\",\"publisher\":{\"@id\":\"https:\/\/www.notibras.com\/site\/#organization\"},\"potentialAction\":[{\"@type\":\"SearchAction\",\"target\":{\"@type\":\"EntryPoint\",\"urlTemplate\":\"https:\/\/www.notibras.com\/site\/?s={search_term_string}\"},\"query-input\":{\"@type\":\"PropertyValueSpecification\",\"valueRequired\":true,\"valueName\":\"search_term_string\"}}],\"inLanguage\":\"pt-BR\"},{\"@type\":\"Organization\",\"@id\":\"https:\/\/www.notibras.com\/site\/#organization\",\"name\":\"Grupo Notibras de Comunica\u00e7\u00e3o\",\"url\":\"https:\/\/www.notibras.com\/site\/\",\"logo\":{\"@type\":\"ImageObject\",\"inLanguage\":\"pt-BR\",\"@id\":\"https:\/\/www.notibras.com\/site\/#\/schema\/logo\/image\/\",\"url\":\"https:\/\/www.notibras.com\/site\/wp-content\/uploads\/2023\/01\/notibras23.png\",\"contentUrl\":\"https:\/\/www.notibras.com\/site\/wp-content\/uploads\/2023\/01\/notibras23.png\",\"width\":350,\"height\":87,\"caption\":\"Grupo Notibras de Comunica\u00e7\u00e3o\"},\"image\":{\"@id\":\"https:\/\/www.notibras.com\/site\/#\/schema\/logo\/image\/\"},\"sameAs\":[\"https:\/\/www.facebook.com\/notibras\/\",\"https:\/\/x.com\/Notibras\",\"https:\/\/www.instagram.com\/notibras\/\"]},{\"@type\":\"Person\",\"@id\":\"https:\/\/www.notibras.com\/site\/#\/schema\/person\/36ab0979449956132d3e5b517ea76ac8\",\"name\":\"Reda\u00e7\u00e3o\",\"image\":{\"@type\":\"ImageObject\",\"inLanguage\":\"pt-BR\",\"@id\":\"https:\/\/secure.gravatar.com\/avatar\/e0a867bdedb85fd243eadf09663511f96fc81e0720a4a42581f334ad4303aa6b?s=96&d=mm&r=g\",\"url\":\"https:\/\/secure.gravatar.com\/avatar\/e0a867bdedb85fd243eadf09663511f96fc81e0720a4a42581f334ad4303aa6b?s=96&d=mm&r=g\",\"contentUrl\":\"https:\/\/secure.gravatar.com\/avatar\/e0a867bdedb85fd243eadf09663511f96fc81e0720a4a42581f334ad4303aa6b?s=96&d=mm&r=g\",\"caption\":\"Reda\u00e7\u00e3o\"}}]}<\/script>\n<!-- \/ Yoast SEO plugin. -->","yoast_head_json":{"title":"Verde que te quero verde d\u00e1 mais vida ao Park Way - Notibras","robots":{"index":"index","follow":"follow","max-snippet":"max-snippet:-1","max-image-preview":"max-image-preview:large","max-video-preview":"max-video-preview:-1"},"canonical":"https:\/\/www.notibras.com\/site\/verde-que-te-quero-verde-da-mais-vida-ao-park-way\/","og_locale":"pt_BR","og_type":"article","og_title":"Verde que te quero verde d\u00e1 mais vida ao Park Way - Notibras","og_description":"Com a virada do ano, a Regi\u00e3o Administrativa do Park Way ganhou novas \u00e1rvores e est\u00e1 mais limpa. Em um trabalho conjunto do GDF Presente e da Novacap, o bairro recebe o plantio de cerca de 3 mil mudas de \u00e1rvores do cerrado. Elas est\u00e3o sendo plantadas ao longo das quadras 5, 7, 13, 18, [&hellip;]","og_url":"https:\/\/www.notibras.com\/site\/verde-que-te-quero-verde-da-mais-vida-ao-park-way\/","og_site_name":"Notibras","article_publisher":"https:\/\/www.facebook.com\/notibras\/","article_published_time":"2023-01-04T03:31:23+00:00","article_modified_time":"2023-01-04T06:34:47+00:00","og_image":[{"width":2560,"height":1152,"url":"https:\/\/www.notibras.com\/site\/wp-content\/uploads\/2023\/01\/Plantio-de-arvores-4-scaled-1.jpg","type":"image\/jpeg"}],"author":"Reda\u00e7\u00e3o","twitter_card":"summary_large_image","twitter_creator":"@Notibras","twitter_site":"@Notibras","twitter_misc":{"Escrito por":"Reda\u00e7\u00e3o","Est. tempo de leitura":"2 minutos"},"schema":{"@context":"https:\/\/schema.org","@graph":[{"@type":"Article","@id":"https:\/\/www.notibras.com\/site\/verde-que-te-quero-verde-da-mais-vida-ao-park-way\/#article","isPartOf":{"@id":"https:\/\/www.notibras.com\/site\/verde-que-te-quero-verde-da-mais-vida-ao-park-way\/"},"author":{"name":"Reda\u00e7\u00e3o","@id":"https:\/\/www.notibras.com\/site\/#\/schema\/person\/36ab0979449956132d3e5b517ea76ac8"},"headline":"Verde que te quero verde d\u00e1 mais vida ao Park Way","datePublished":"2023-01-04T03:31:23+00:00","dateModified":"2023-01-04T06:34:47+00:00","mainEntityOfPage":{"@id":"https:\/\/www.notibras.com\/site\/verde-que-te-quero-verde-da-mais-vida-ao-park-way\/"},"wordCount":325,"publisher":{"@id":"https:\/\/www.notibras.com\/site\/#organization"},"image":{"@id":"https:\/\/www.notibras.com\/site\/verde-que-te-quero-verde-da-mais-vida-ao-park-way\/#primaryimage"},"thumbnailUrl":"https:\/\/www.notibras.com\/site\/wp-content\/uploads\/2023\/01\/Plantio-de-arvores-4-scaled-1.jpg","articleSection":["Quadradinho em Foco"],"inLanguage":"pt-BR"},{"@type":"WebPage","@id":"https:\/\/www.notibras.com\/site\/verde-que-te-quero-verde-da-mais-vida-ao-park-way\/","url":"https:\/\/www.notibras.com\/site\/verde-que-te-quero-verde-da-mais-vida-ao-park-way\/","name":"Verde que te quero verde d\u00e1 mais vida ao Park Way - Notibras","isPartOf":{"@id":"https:\/\/www.notibras.com\/site\/#website"},"primaryImageOfPage":{"@id":"https:\/\/www.notibras.com\/site\/verde-que-te-quero-verde-da-mais-vida-ao-park-way\/#primaryimage"},"image":{"@id":"https:\/\/www.notibras.com\/site\/verde-que-te-quero-verde-da-mais-vida-ao-park-way\/#primaryimage"},"thumbnailUrl":"https:\/\/www.notibras.com\/site\/wp-content\/uploads\/2023\/01\/Plantio-de-arvores-4-scaled-1.jpg","datePublished":"2023-01-04T03:31:23+00:00","dateModified":"2023-01-04T06:34:47+00:00","breadcrumb":{"@id":"https:\/\/www.notibras.com\/site\/verde-que-te-quero-verde-da-mais-vida-ao-park-way\/#breadcrumb"},"inLanguage":"pt-BR","potentialAction":[{"@type":"ReadAction","target":["https:\/\/www.notibras.com\/site\/verde-que-te-quero-verde-da-mais-vida-ao-park-way\/"]}]},{"@type":"ImageObject","inLanguage":"pt-BR","@id":"https:\/\/www.notibras.com\/site\/verde-que-te-quero-verde-da-mais-vida-ao-park-way\/#primaryimage","url":"https:\/\/www.notibras.com\/site\/wp-content\/uploads\/2023\/01\/Plantio-de-arvores-4-scaled-1.jpg","contentUrl":"https:\/\/www.notibras.com\/site\/wp-content\/uploads\/2023\/01\/Plantio-de-arvores-4-scaled-1.jpg","width":2560,"height":1152},{"@type":"BreadcrumbList","@id":"https:\/\/www.notibras.com\/site\/verde-que-te-quero-verde-da-mais-vida-ao-park-way\/#breadcrumb","itemListElement":[{"@type":"ListItem","position":1,"name":"In\u00edcio","item":"https:\/\/www.notibras.com\/site\/"},{"@type":"ListItem","position":2,"name":"Verde que te quero verde d\u00e1 mais vida ao Park Way"}]},{"@type":"WebSite","@id":"https:\/\/www.notibras.com\/site\/#website","url":"https:\/\/www.notibras.com\/site\/","name":"Notibras","description":"Not\u00edcias de Bras\u00edlia, do Brasil e do Mundo","publisher":{"@id":"https:\/\/www.notibras.com\/site\/#organization"},"potentialAction":[{"@type":"SearchAction","target":{"@type":"EntryPoint","urlTemplate":"https:\/\/www.notibras.com\/site\/?s={search_term_string}"},"query-input":{"@type":"PropertyValueSpecification","valueRequired":true,"valueName":"search_term_string"}}],"inLanguage":"pt-BR"},{"@type":"Organization","@id":"https:\/\/www.notibras.com\/site\/#organization","name":"Grupo Notibras de Comunica\u00e7\u00e3o","url":"https:\/\/www.notibras.com\/site\/","logo":{"@type":"ImageObject","inLanguage":"pt-BR","@id":"https:\/\/www.notibras.com\/site\/#\/schema\/logo\/image\/","url":"https:\/\/www.notibras.com\/site\/wp-content\/uploads\/2023\/01\/notibras23.png","contentUrl":"https:\/\/www.notibras.com\/site\/wp-content\/uploads\/2023\/01\/notibras23.png","width":350,"height":87,"caption":"Grupo Notibras de Comunica\u00e7\u00e3o"},"image":{"@id":"https:\/\/www.notibras.com\/site\/#\/schema\/logo\/image\/"},"sameAs":["https:\/\/www.facebook.com\/notibras\/","https:\/\/x.com\/Notibras","https:\/\/www.instagram.com\/notibras\/"]},{"@type":"Person","@id":"https:\/\/www.notibras.com\/site\/#\/schema\/person\/36ab0979449956132d3e5b517ea76ac8","name":"Reda\u00e7\u00e3o","image":{"@type":"ImageObject","inLanguage":"pt-BR","@id":"https:\/\/secure.gravatar.com\/avatar\/e0a867bdedb85fd243eadf09663511f96fc81e0720a4a42581f334ad4303aa6b?s=96&d=mm&r=g","url":"https:\/\/secure.gravatar.com\/avatar\/e0a867bdedb85fd243eadf09663511f96fc81e0720a4a42581f334ad4303aa6b?s=96&d=mm&r=g","contentUrl":"https:\/\/secure.gravatar.com\/avatar\/e0a867bdedb85fd243eadf09663511f96fc81e0720a4a42581f334ad4303aa6b?s=96&d=mm&r=g","caption":"Reda\u00e7\u00e3o"}}]}},"amp_enabled":true,"_links":{"self":[{"href":"https:\/\/www.notibras.com\/site\/wp-json\/wp\/v2\/posts\/297267","targetHints":{"allow":["GET"]}}],"collection":[{"href":"https:\/\/www.notibras.com\/site\/wp-json\/wp\/v2\/posts"}],"about":[{"href":"https:\/\/www.notibras.com\/site\/wp-json\/wp\/v2\/types\/post"}],"author":[{"embeddable":true,"href":"https:\/\/www.notibras.com\/site\/wp-json\/wp\/v2\/users\/2"}],"replies":[{"embeddable":true,"href":"https:\/\/www.notibras.com\/site\/wp-json\/wp\/v2\/comments?post=297267"}],"version-history":[{"count":1,"href":"https:\/\/www.notibras.com\/site\/wp-json\/wp\/v2\/posts\/297267\/revisions"}],"predecessor-version":[{"id":297269,"href":"https:\/\/www.notibras.com\/site\/wp-json\/wp\/v2\/posts\/297267\/revisions\/297269"}],"wp:featuredmedia":[{"embeddable":true,"href":"https:\/\/www.notibras.com\/site\/wp-json\/wp\/v2\/media\/297268"}],"wp:attachment":[{"href":"https:\/\/www.notibras.com\/site\/wp-json\/wp\/v2\/media?parent=297267"}],"wp:term":[{"taxonomy":"category","embeddable":true,"href":"https:\/\/www.notibras.com\/site\/wp-json\/wp\/v2\/categories?post=297267"},{"taxonomy":"post_tag","embeddable":true,"href":"https:\/\/www.notibras.com\/site\/wp-json\/wp\/v2\/tags?post=297267"}],"curies":[{"name":"wp","href":"https:\/\/api.w.org\/{rel}","templated":true}]}}