{"id":297300,"date":"2023-01-04T21:55:08","date_gmt":"2023-01-05T00:55:08","guid":{"rendered":"https:\/\/www.notibras.com\/site\/?p=297300"},"modified":"2023-01-05T18:42:14","modified_gmt":"2023-01-05T21:42:14","slug":"ibaneis-sera-juiz-legal-ou-um-advogado-do-diabo","status":"publish","type":"post","link":"https:\/\/www.notibras.com\/site\/ibaneis-sera-juiz-legal-ou-um-advogado-do-diabo\/","title":{"rendered":"Ibaneis ser\u00e1 juiz legal ou um advogado do Diabo?"},"content":{"rendered":"<p>Foi-se o tempo em que assinatura de politico em documento firmado durante campanha eleitoral tinha algum valor. Os moradores das quadras 700, da Asa Sul, que o digam. Ali\u00e1s, n\u00e3o s\u00f3 dizem, como provam. O alvo \u00e9 o governador Ibaneis Rocha, rec\u00e9m-empossado para mais um mandato. O foco \u00e9 a reconstru\u00e7\u00e3o da quadra de v\u00f4lei de areia na Pra\u00e7a da Melhor Idade, na EQS 705\/706.<\/p>\n<p>O local foi reformado h\u00e1 exatos 10 anos. Mas, como desgra\u00e7a pouca \u00e9 bobagem, as autoridades da \u00e9poca deram &#8216;ch\u00e1 de sumi\u00e7o&#8217; no espa\u00e7o destinado \u00e0 pr\u00e1tica de voleibol e outras modalidades esportivas. O que sobrou foi um ret\u00e2ngulo totalmente desfigurado no gramado, ao lado da quadra poliesportiva, que a maioria dos moradores diz ser monopolizada pelos homens apenas para o futebol e o basquete.<\/p>\n<p>Os ventos pareceram mudar de dire\u00e7\u00e3o h\u00e1 cinco anos, quando, na condi\u00e7\u00e3o de candidato ao Pal\u00e1cio do Buriti, o governador agora reeleito assumiu o compromisso de atender \u00e0 demanda da comunidade. Novos tempos estavam chegando e o clima de euforia contagiou todo mundo. Mas, qual o qu\u00ea. O velho ditado de que a palavra dada n\u00e3o se volta atr\u00e1s, se estende agora a assinatura em documento formal.<\/p>\n<p><img loading=\"lazy\" decoding=\"async\" class=\"wp-image-297302 aligncenter\" src=\"https:\/\/www.notibras.com\/site\/wp-content\/uploads\/2023\/01\/quadra.706-300x135.jpg\" alt=\"\" width=\"531\" height=\"239\" srcset=\"https:\/\/www.notibras.com\/site\/wp-content\/uploads\/2023\/01\/quadra.706-300x135.jpg 300w, https:\/\/www.notibras.com\/site\/wp-content\/uploads\/2023\/01\/quadra.706-1024x461.jpg 1024w, https:\/\/www.notibras.com\/site\/wp-content\/uploads\/2023\/01\/quadra.706-768x346.jpg 768w, https:\/\/www.notibras.com\/site\/wp-content\/uploads\/2023\/01\/quadra.706.jpg 1280w\" sizes=\"auto, (max-width: 531px) 100vw, 531px\" \/><\/p>\n<p>A promessa n\u00e3o cumprida por Ibaneis em quatro anos, est\u00e1 sendo cobrada de novo. A prova de que ele (o governador) disse que faria e n\u00e3o fez, existe, como mostra a reprodu\u00e7\u00e3o do documento que encabe\u00e7a este texto. Para os moradores, por\u00e9m, vale menos do que um &#8216;fio de bigode&#8217;, afirmam representantes das quadras, cansados de aguardar solu\u00e7\u00e3o para um problema que aflige principalmente os idosos e as mulheres.<\/p>\n<p>Agora a pedida \u00e9 outra, bem mais pr\u00e1tica e menos onerosa: uma quadra com piso de concreto, que servir\u00e1 tamb\u00e9m para frescobol (baixando a rede do v\u00f4lei) e at\u00e9 para jogar peteca.<\/p>\n<p>O entendimento geral \u00e9 o de que o v\u00f4lei teria uma ades\u00e3o muito maior que o futebol ou o basquete, pois serve de integra\u00e7\u00e3o entre jovens e idosos, entre homens e mulheres. A expectativa \u00e9 a de que Ibaneis reconhe\u00e7a sua assinatura no documento; e que fa\u00e7a o papel de juiz da legalidade, e n\u00e3o de advogado do Diabo.<\/p>\n<p>As manifesta\u00e7\u00f5es pr\u00f3-quadra de v\u00f4lei v\u00eam ganhando for\u00e7a. O tom de voz se eleva. E o coro dos insatisfeitos pode soar ainda mais alto, a ponto de decib\u00e9is bem acima do permitido transformarem as vidra\u00e7as do Buriti em estilha\u00e7os. Isso, ao menos, \u00e9 o que dizem moradores.<\/p>\n","protected":false},"excerpt":{"rendered":"<p>Foi-se o tempo em que assinatura de politico em documento firmado durante campanha eleitoral tinha algum valor. Os moradores das quadras 700, da Asa Sul, que o digam. Ali\u00e1s, n\u00e3o s\u00f3 dizem, como provam. O alvo \u00e9 o governador Ibaneis Rocha, rec\u00e9m-empossado para mais um mandato. O foco \u00e9 a reconstru\u00e7\u00e3o da quadra de v\u00f4lei [&hellip;]<\/p>\n","protected":false},"author":2,"featured_media":297354,"comment_status":"closed","ping_status":"closed","sticky":false,"template":"","format":"standard","meta":{"_acf_changed":false,"footnotes":""},"categories":[161],"tags":[],"class_list":["post-297300","post","type-post","status-publish","format-standard","has-post-thumbnail","hentry","category-quadradinho-em-foco"],"acf":[],"yoast_head":"<!-- This site is optimized with the Yoast SEO plugin v27.2 - https:\/\/yoast.com\/product\/yoast-seo-wordpress\/ -->\n<title>Ibaneis ser\u00e1 juiz legal ou um advogado do Diabo? - Notibras<\/title>\n<meta name=\"robots\" content=\"index, follow, max-snippet:-1, max-image-preview:large, max-video-preview:-1\" \/>\n<link rel=\"canonical\" href=\"https:\/\/www.notibras.com\/site\/ibaneis-sera-juiz-legal-ou-um-advogado-do-diabo\/\" \/>\n<meta property=\"og:locale\" content=\"pt_BR\" \/>\n<meta property=\"og:type\" content=\"article\" \/>\n<meta property=\"og:title\" content=\"Ibaneis ser\u00e1 juiz legal ou um advogado do Diabo? - Notibras\" \/>\n<meta property=\"og:description\" content=\"Foi-se o tempo em que assinatura de politico em documento firmado durante campanha eleitoral tinha algum valor. Os moradores das quadras 700, da Asa Sul, que o digam. Ali\u00e1s, n\u00e3o s\u00f3 dizem, como provam. O alvo \u00e9 o governador Ibaneis Rocha, rec\u00e9m-empossado para mais um mandato. O foco \u00e9 a reconstru\u00e7\u00e3o da quadra de v\u00f4lei [&hellip;]\" \/>\n<meta property=\"og:url\" content=\"https:\/\/www.notibras.com\/site\/ibaneis-sera-juiz-legal-ou-um-advogado-do-diabo\/\" \/>\n<meta property=\"og:site_name\" content=\"Notibras\" \/>\n<meta property=\"article:publisher\" content=\"https:\/\/www.facebook.com\/notibras\/\" \/>\n<meta property=\"article:published_time\" content=\"2023-01-05T00:55:08+00:00\" \/>\n<meta property=\"article:modified_time\" content=\"2023-01-05T21:42:14+00:00\" \/>\n<meta property=\"og:image\" content=\"https:\/\/www.notibras.com\/site\/wp-content\/uploads\/2023\/01\/f272a15a-a7ab-4e62-aa7a-ee64788a24ab.jpg\" \/>\n\t<meta property=\"og:image:width\" content=\"828\" \/>\n\t<meta property=\"og:image:height\" content=\"1024\" \/>\n\t<meta property=\"og:image:type\" content=\"image\/jpeg\" \/>\n<meta name=\"author\" content=\"Reda\u00e7\u00e3o\" \/>\n<meta name=\"twitter:card\" content=\"summary_large_image\" \/>\n<meta name=\"twitter:creator\" content=\"@Notibras\" \/>\n<meta name=\"twitter:site\" content=\"@Notibras\" \/>\n<meta name=\"twitter:label1\" content=\"Escrito por\" \/>\n\t<meta name=\"twitter:data1\" content=\"Reda\u00e7\u00e3o\" \/>\n\t<meta name=\"twitter:label2\" content=\"Est. tempo de leitura\" \/>\n\t<meta name=\"twitter:data2\" content=\"3 minutos\" \/>\n<script type=\"application\/ld+json\" class=\"yoast-schema-graph\">{\"@context\":\"https:\/\/schema.org\",\"@graph\":[{\"@type\":\"Article\",\"@id\":\"https:\/\/www.notibras.com\/site\/ibaneis-sera-juiz-legal-ou-um-advogado-do-diabo\/#article\",\"isPartOf\":{\"@id\":\"https:\/\/www.notibras.com\/site\/ibaneis-sera-juiz-legal-ou-um-advogado-do-diabo\/\"},\"author\":{\"name\":\"Reda\u00e7\u00e3o\",\"@id\":\"https:\/\/www.notibras.com\/site\/#\/schema\/person\/36ab0979449956132d3e5b517ea76ac8\"},\"headline\":\"Ibaneis ser\u00e1 juiz legal ou um advogado do Diabo?\",\"datePublished\":\"2023-01-05T00:55:08+00:00\",\"dateModified\":\"2023-01-05T21:42:14+00:00\",\"mainEntityOfPage\":{\"@id\":\"https:\/\/www.notibras.com\/site\/ibaneis-sera-juiz-legal-ou-um-advogado-do-diabo\/\"},\"wordCount\":440,\"publisher\":{\"@id\":\"https:\/\/www.notibras.com\/site\/#organization\"},\"image\":{\"@id\":\"https:\/\/www.notibras.com\/site\/ibaneis-sera-juiz-legal-ou-um-advogado-do-diabo\/#primaryimage\"},\"thumbnailUrl\":\"https:\/\/www.notibras.com\/site\/wp-content\/uploads\/2023\/01\/f272a15a-a7ab-4e62-aa7a-ee64788a24ab.jpg\",\"articleSection\":[\"Quadradinho em Foco\"],\"inLanguage\":\"pt-BR\"},{\"@type\":\"WebPage\",\"@id\":\"https:\/\/www.notibras.com\/site\/ibaneis-sera-juiz-legal-ou-um-advogado-do-diabo\/\",\"url\":\"https:\/\/www.notibras.com\/site\/ibaneis-sera-juiz-legal-ou-um-advogado-do-diabo\/\",\"name\":\"Ibaneis ser\u00e1 juiz legal ou um advogado do Diabo? - Notibras\",\"isPartOf\":{\"@id\":\"https:\/\/www.notibras.com\/site\/#website\"},\"primaryImageOfPage\":{\"@id\":\"https:\/\/www.notibras.com\/site\/ibaneis-sera-juiz-legal-ou-um-advogado-do-diabo\/#primaryimage\"},\"image\":{\"@id\":\"https:\/\/www.notibras.com\/site\/ibaneis-sera-juiz-legal-ou-um-advogado-do-diabo\/#primaryimage\"},\"thumbnailUrl\":\"https:\/\/www.notibras.com\/site\/wp-content\/uploads\/2023\/01\/f272a15a-a7ab-4e62-aa7a-ee64788a24ab.jpg\",\"datePublished\":\"2023-01-05T00:55:08+00:00\",\"dateModified\":\"2023-01-05T21:42:14+00:00\",\"breadcrumb\":{\"@id\":\"https:\/\/www.notibras.com\/site\/ibaneis-sera-juiz-legal-ou-um-advogado-do-diabo\/#breadcrumb\"},\"inLanguage\":\"pt-BR\",\"potentialAction\":[{\"@type\":\"ReadAction\",\"target\":[\"https:\/\/www.notibras.com\/site\/ibaneis-sera-juiz-legal-ou-um-advogado-do-diabo\/\"]}]},{\"@type\":\"ImageObject\",\"inLanguage\":\"pt-BR\",\"@id\":\"https:\/\/www.notibras.com\/site\/ibaneis-sera-juiz-legal-ou-um-advogado-do-diabo\/#primaryimage\",\"url\":\"https:\/\/www.notibras.com\/site\/wp-content\/uploads\/2023\/01\/f272a15a-a7ab-4e62-aa7a-ee64788a24ab.jpg\",\"contentUrl\":\"https:\/\/www.notibras.com\/site\/wp-content\/uploads\/2023\/01\/f272a15a-a7ab-4e62-aa7a-ee64788a24ab.jpg\",\"width\":828,\"height\":1024},{\"@type\":\"BreadcrumbList\",\"@id\":\"https:\/\/www.notibras.com\/site\/ibaneis-sera-juiz-legal-ou-um-advogado-do-diabo\/#breadcrumb\",\"itemListElement\":[{\"@type\":\"ListItem\",\"position\":1,\"name\":\"In\u00edcio\",\"item\":\"https:\/\/www.notibras.com\/site\/\"},{\"@type\":\"ListItem\",\"position\":2,\"name\":\"Ibaneis ser\u00e1 juiz legal ou um advogado do Diabo?\"}]},{\"@type\":\"WebSite\",\"@id\":\"https:\/\/www.notibras.com\/site\/#website\",\"url\":\"https:\/\/www.notibras.com\/site\/\",\"name\":\"Notibras\",\"description\":\"Not\u00edcias de Bras\u00edlia, do Brasil e do Mundo\",\"publisher\":{\"@id\":\"https:\/\/www.notibras.com\/site\/#organization\"},\"potentialAction\":[{\"@type\":\"SearchAction\",\"target\":{\"@type\":\"EntryPoint\",\"urlTemplate\":\"https:\/\/www.notibras.com\/site\/?s={search_term_string}\"},\"query-input\":{\"@type\":\"PropertyValueSpecification\",\"valueRequired\":true,\"valueName\":\"search_term_string\"}}],\"inLanguage\":\"pt-BR\"},{\"@type\":\"Organization\",\"@id\":\"https:\/\/www.notibras.com\/site\/#organization\",\"name\":\"Grupo Notibras de Comunica\u00e7\u00e3o\",\"url\":\"https:\/\/www.notibras.com\/site\/\",\"logo\":{\"@type\":\"ImageObject\",\"inLanguage\":\"pt-BR\",\"@id\":\"https:\/\/www.notibras.com\/site\/#\/schema\/logo\/image\/\",\"url\":\"https:\/\/www.notibras.com\/site\/wp-content\/uploads\/2023\/01\/notibras23.png\",\"contentUrl\":\"https:\/\/www.notibras.com\/site\/wp-content\/uploads\/2023\/01\/notibras23.png\",\"width\":350,\"height\":87,\"caption\":\"Grupo Notibras de Comunica\u00e7\u00e3o\"},\"image\":{\"@id\":\"https:\/\/www.notibras.com\/site\/#\/schema\/logo\/image\/\"},\"sameAs\":[\"https:\/\/www.facebook.com\/notibras\/\",\"https:\/\/x.com\/Notibras\",\"https:\/\/www.instagram.com\/notibras\/\"]},{\"@type\":\"Person\",\"@id\":\"https:\/\/www.notibras.com\/site\/#\/schema\/person\/36ab0979449956132d3e5b517ea76ac8\",\"name\":\"Reda\u00e7\u00e3o\",\"image\":{\"@type\":\"ImageObject\",\"inLanguage\":\"pt-BR\",\"@id\":\"https:\/\/secure.gravatar.com\/avatar\/e0a867bdedb85fd243eadf09663511f96fc81e0720a4a42581f334ad4303aa6b?s=96&d=mm&r=g\",\"url\":\"https:\/\/secure.gravatar.com\/avatar\/e0a867bdedb85fd243eadf09663511f96fc81e0720a4a42581f334ad4303aa6b?s=96&d=mm&r=g\",\"contentUrl\":\"https:\/\/secure.gravatar.com\/avatar\/e0a867bdedb85fd243eadf09663511f96fc81e0720a4a42581f334ad4303aa6b?s=96&d=mm&r=g\",\"caption\":\"Reda\u00e7\u00e3o\"}}]}<\/script>\n<!-- \/ Yoast SEO plugin. -->","yoast_head_json":{"title":"Ibaneis ser\u00e1 juiz legal ou um advogado do Diabo? - Notibras","robots":{"index":"index","follow":"follow","max-snippet":"max-snippet:-1","max-image-preview":"max-image-preview:large","max-video-preview":"max-video-preview:-1"},"canonical":"https:\/\/www.notibras.com\/site\/ibaneis-sera-juiz-legal-ou-um-advogado-do-diabo\/","og_locale":"pt_BR","og_type":"article","og_title":"Ibaneis ser\u00e1 juiz legal ou um advogado do Diabo? - Notibras","og_description":"Foi-se o tempo em que assinatura de politico em documento firmado durante campanha eleitoral tinha algum valor. Os moradores das quadras 700, da Asa Sul, que o digam. Ali\u00e1s, n\u00e3o s\u00f3 dizem, como provam. O alvo \u00e9 o governador Ibaneis Rocha, rec\u00e9m-empossado para mais um mandato. O foco \u00e9 a reconstru\u00e7\u00e3o da quadra de v\u00f4lei [&hellip;]","og_url":"https:\/\/www.notibras.com\/site\/ibaneis-sera-juiz-legal-ou-um-advogado-do-diabo\/","og_site_name":"Notibras","article_publisher":"https:\/\/www.facebook.com\/notibras\/","article_published_time":"2023-01-05T00:55:08+00:00","article_modified_time":"2023-01-05T21:42:14+00:00","og_image":[{"width":828,"height":1024,"url":"https:\/\/www.notibras.com\/site\/wp-content\/uploads\/2023\/01\/f272a15a-a7ab-4e62-aa7a-ee64788a24ab.jpg","type":"image\/jpeg"}],"author":"Reda\u00e7\u00e3o","twitter_card":"summary_large_image","twitter_creator":"@Notibras","twitter_site":"@Notibras","twitter_misc":{"Escrito por":"Reda\u00e7\u00e3o","Est. tempo de leitura":"3 minutos"},"schema":{"@context":"https:\/\/schema.org","@graph":[{"@type":"Article","@id":"https:\/\/www.notibras.com\/site\/ibaneis-sera-juiz-legal-ou-um-advogado-do-diabo\/#article","isPartOf":{"@id":"https:\/\/www.notibras.com\/site\/ibaneis-sera-juiz-legal-ou-um-advogado-do-diabo\/"},"author":{"name":"Reda\u00e7\u00e3o","@id":"https:\/\/www.notibras.com\/site\/#\/schema\/person\/36ab0979449956132d3e5b517ea76ac8"},"headline":"Ibaneis ser\u00e1 juiz legal ou um advogado do Diabo?","datePublished":"2023-01-05T00:55:08+00:00","dateModified":"2023-01-05T21:42:14+00:00","mainEntityOfPage":{"@id":"https:\/\/www.notibras.com\/site\/ibaneis-sera-juiz-legal-ou-um-advogado-do-diabo\/"},"wordCount":440,"publisher":{"@id":"https:\/\/www.notibras.com\/site\/#organization"},"image":{"@id":"https:\/\/www.notibras.com\/site\/ibaneis-sera-juiz-legal-ou-um-advogado-do-diabo\/#primaryimage"},"thumbnailUrl":"https:\/\/www.notibras.com\/site\/wp-content\/uploads\/2023\/01\/f272a15a-a7ab-4e62-aa7a-ee64788a24ab.jpg","articleSection":["Quadradinho em Foco"],"inLanguage":"pt-BR"},{"@type":"WebPage","@id":"https:\/\/www.notibras.com\/site\/ibaneis-sera-juiz-legal-ou-um-advogado-do-diabo\/","url":"https:\/\/www.notibras.com\/site\/ibaneis-sera-juiz-legal-ou-um-advogado-do-diabo\/","name":"Ibaneis ser\u00e1 juiz legal ou um advogado do Diabo? - Notibras","isPartOf":{"@id":"https:\/\/www.notibras.com\/site\/#website"},"primaryImageOfPage":{"@id":"https:\/\/www.notibras.com\/site\/ibaneis-sera-juiz-legal-ou-um-advogado-do-diabo\/#primaryimage"},"image":{"@id":"https:\/\/www.notibras.com\/site\/ibaneis-sera-juiz-legal-ou-um-advogado-do-diabo\/#primaryimage"},"thumbnailUrl":"https:\/\/www.notibras.com\/site\/wp-content\/uploads\/2023\/01\/f272a15a-a7ab-4e62-aa7a-ee64788a24ab.jpg","datePublished":"2023-01-05T00:55:08+00:00","dateModified":"2023-01-05T21:42:14+00:00","breadcrumb":{"@id":"https:\/\/www.notibras.com\/site\/ibaneis-sera-juiz-legal-ou-um-advogado-do-diabo\/#breadcrumb"},"inLanguage":"pt-BR","potentialAction":[{"@type":"ReadAction","target":["https:\/\/www.notibras.com\/site\/ibaneis-sera-juiz-legal-ou-um-advogado-do-diabo\/"]}]},{"@type":"ImageObject","inLanguage":"pt-BR","@id":"https:\/\/www.notibras.com\/site\/ibaneis-sera-juiz-legal-ou-um-advogado-do-diabo\/#primaryimage","url":"https:\/\/www.notibras.com\/site\/wp-content\/uploads\/2023\/01\/f272a15a-a7ab-4e62-aa7a-ee64788a24ab.jpg","contentUrl":"https:\/\/www.notibras.com\/site\/wp-content\/uploads\/2023\/01\/f272a15a-a7ab-4e62-aa7a-ee64788a24ab.jpg","width":828,"height":1024},{"@type":"BreadcrumbList","@id":"https:\/\/www.notibras.com\/site\/ibaneis-sera-juiz-legal-ou-um-advogado-do-diabo\/#breadcrumb","itemListElement":[{"@type":"ListItem","position":1,"name":"In\u00edcio","item":"https:\/\/www.notibras.com\/site\/"},{"@type":"ListItem","position":2,"name":"Ibaneis ser\u00e1 juiz legal ou um advogado do Diabo?"}]},{"@type":"WebSite","@id":"https:\/\/www.notibras.com\/site\/#website","url":"https:\/\/www.notibras.com\/site\/","name":"Notibras","description":"Not\u00edcias de Bras\u00edlia, do Brasil e do Mundo","publisher":{"@id":"https:\/\/www.notibras.com\/site\/#organization"},"potentialAction":[{"@type":"SearchAction","target":{"@type":"EntryPoint","urlTemplate":"https:\/\/www.notibras.com\/site\/?s={search_term_string}"},"query-input":{"@type":"PropertyValueSpecification","valueRequired":true,"valueName":"search_term_string"}}],"inLanguage":"pt-BR"},{"@type":"Organization","@id":"https:\/\/www.notibras.com\/site\/#organization","name":"Grupo Notibras de Comunica\u00e7\u00e3o","url":"https:\/\/www.notibras.com\/site\/","logo":{"@type":"ImageObject","inLanguage":"pt-BR","@id":"https:\/\/www.notibras.com\/site\/#\/schema\/logo\/image\/","url":"https:\/\/www.notibras.com\/site\/wp-content\/uploads\/2023\/01\/notibras23.png","contentUrl":"https:\/\/www.notibras.com\/site\/wp-content\/uploads\/2023\/01\/notibras23.png","width":350,"height":87,"caption":"Grupo Notibras de Comunica\u00e7\u00e3o"},"image":{"@id":"https:\/\/www.notibras.com\/site\/#\/schema\/logo\/image\/"},"sameAs":["https:\/\/www.facebook.com\/notibras\/","https:\/\/x.com\/Notibras","https:\/\/www.instagram.com\/notibras\/"]},{"@type":"Person","@id":"https:\/\/www.notibras.com\/site\/#\/schema\/person\/36ab0979449956132d3e5b517ea76ac8","name":"Reda\u00e7\u00e3o","image":{"@type":"ImageObject","inLanguage":"pt-BR","@id":"https:\/\/secure.gravatar.com\/avatar\/e0a867bdedb85fd243eadf09663511f96fc81e0720a4a42581f334ad4303aa6b?s=96&d=mm&r=g","url":"https:\/\/secure.gravatar.com\/avatar\/e0a867bdedb85fd243eadf09663511f96fc81e0720a4a42581f334ad4303aa6b?s=96&d=mm&r=g","contentUrl":"https:\/\/secure.gravatar.com\/avatar\/e0a867bdedb85fd243eadf09663511f96fc81e0720a4a42581f334ad4303aa6b?s=96&d=mm&r=g","caption":"Reda\u00e7\u00e3o"}}]}},"amp_enabled":true,"_links":{"self":[{"href":"https:\/\/www.notibras.com\/site\/wp-json\/wp\/v2\/posts\/297300","targetHints":{"allow":["GET"]}}],"collection":[{"href":"https:\/\/www.notibras.com\/site\/wp-json\/wp\/v2\/posts"}],"about":[{"href":"https:\/\/www.notibras.com\/site\/wp-json\/wp\/v2\/types\/post"}],"author":[{"embeddable":true,"href":"https:\/\/www.notibras.com\/site\/wp-json\/wp\/v2\/users\/2"}],"replies":[{"embeddable":true,"href":"https:\/\/www.notibras.com\/site\/wp-json\/wp\/v2\/comments?post=297300"}],"version-history":[{"count":5,"href":"https:\/\/www.notibras.com\/site\/wp-json\/wp\/v2\/posts\/297300\/revisions"}],"predecessor-version":[{"id":297355,"href":"https:\/\/www.notibras.com\/site\/wp-json\/wp\/v2\/posts\/297300\/revisions\/297355"}],"wp:featuredmedia":[{"embeddable":true,"href":"https:\/\/www.notibras.com\/site\/wp-json\/wp\/v2\/media\/297354"}],"wp:attachment":[{"href":"https:\/\/www.notibras.com\/site\/wp-json\/wp\/v2\/media?parent=297300"}],"wp:term":[{"taxonomy":"category","embeddable":true,"href":"https:\/\/www.notibras.com\/site\/wp-json\/wp\/v2\/categories?post=297300"},{"taxonomy":"post_tag","embeddable":true,"href":"https:\/\/www.notibras.com\/site\/wp-json\/wp\/v2\/tags?post=297300"}],"curies":[{"name":"wp","href":"https:\/\/api.w.org\/{rel}","templated":true}]}}