{"id":297307,"date":"2023-01-04T20:49:35","date_gmt":"2023-01-04T23:49:35","guid":{"rendered":"https:\/\/www.notibras.com\/site\/?p=297307"},"modified":"2023-01-05T01:55:22","modified_gmt":"2023-01-05T04:55:22","slug":"santana-o-sisudo-o-pregador-preso-e-o-ateu","status":"publish","type":"post","link":"https:\/\/www.notibras.com\/site\/santana-o-sisudo-o-pregador-preso-e-o-ateu\/","title":{"rendered":"Santana (o sisudo), o pregador preso e o ateu"},"content":{"rendered":"<p>L\u00e1 estava o Santana em mais um dia ca\u00f3tico na delegacia. Gente falando a todo vapor pelos cotovelos, como se aquilo fosse uma filial da bolsa de valores. Ele, que j\u00e1 chegava com \u00e2nimo de ir embora, levantou o gordo traseiro e se arrastou at\u00e9 a cozinha. Mal entrou, viu o Guilherme, um policial rec\u00e9m chegado naquela delegacia.<\/p>\n<p>&#8211; Qual \u00e9 mesmo o seu nome, cana?<\/p>\n<p>&#8211; Guilherme.<\/p>\n<p>&#8211; Hum&#8230; Deus deve estar com raiva hoje, voc\u00ea n\u00e3o acha?<\/p>\n<p>&#8211; &#8230;<\/p>\n<p>Como Guilherme apenas abaixou os olhos, Santana, usando todo seu tiroc\u00ednio policial, ficou com a pulga atr\u00e1s da orelha.<\/p>\n<p>&#8211; Voc\u00ea n\u00e3o acredita em Deus, n\u00e9?<\/p>\n<p>&#8211; Tenho que voltar l\u00e1 pra frente. Muita gente pra atender hoje.<\/p>\n<p>O dia se arrastou com a lentid\u00e3o de uma lesma com cola nos p\u00e9s. Obviamente que lesma n\u00e3o possui p\u00e9s e, por isso mesmo, os ponteiros do rel\u00f3gio pregado \u00e0 parede pareceram ainda mais vagarosos. E, j\u00e1 no finalzinho do expediente, eis que alguns policiais entram na delegacia com um homem algemado, que gritava aos quatro cantos que ele era da igreja. Isso, ali\u00e1s, fez com que despertasse no Santana um certo desejo de vingan\u00e7a contra o Guilherme. Ele se aproximou do preso, que havia sido colocado em um banquinho de cimento no canto.<\/p>\n<p>&#8211; Voc\u00ea \u00e9 da igreja mesmo?<\/p>\n<p>&#8211; Sim, senhor!<\/p>\n<p>&#8211; T\u00e1 vendo aquele cara ali no balc\u00e3o? Pois \u00e9, ele \u00e9 ateu.<\/p>\n<p>Nisso, o preso lan\u00e7ou um olhar de consterna\u00e7\u00e3o contra o Guilherme, que a princ\u00edpio nem percebeu, assim que o homem come\u00e7ou a citar algum trecho da b\u00edblia. O policial n\u00e3o deu muita trela, at\u00e9 que a ladainha continuou.<\/p>\n<p>&#8211; Como \u00e9 que voc\u00ea pode n\u00e3o acreditar no Nosso Senhor Jesus Cristo, irm\u00e3o?<\/p>\n<p>Santana, que a tudo assistia, tentava conter as gargalhadas. Ent\u00e3o, Guilherme se levantou, como se fosse em dire\u00e7\u00e3o ao pregador. Mas, antes que desviasse para a mesinha do caf\u00e9, disse para o preso, sem mesmo fit\u00e1-lo.<\/p>\n<p>&#8211; Se estou aqui, \u00e9 simplesmente porque \u00e9 meu trabalho.<\/p>\n","protected":false},"excerpt":{"rendered":"<p>L\u00e1 estava o Santana em mais um dia ca\u00f3tico na delegacia. Gente falando a todo vapor pelos cotovelos, como se aquilo fosse uma filial da bolsa de valores. Ele, que j\u00e1 chegava com \u00e2nimo de ir embora, levantou o gordo traseiro e se arrastou at\u00e9 a cozinha. Mal entrou, viu o Guilherme, um policial rec\u00e9m [&hellip;]<\/p>\n","protected":false},"author":2,"featured_media":297308,"comment_status":"closed","ping_status":"closed","sticky":false,"template":"","format":"standard","meta":{"_acf_changed":false,"footnotes":""},"categories":[161],"tags":[],"class_list":["post-297307","post","type-post","status-publish","format-standard","has-post-thumbnail","hentry","category-quadradinho-em-foco"],"acf":[],"yoast_head":"<!-- This site is optimized with the Yoast SEO plugin v27.2 - https:\/\/yoast.com\/product\/yoast-seo-wordpress\/ -->\n<title>Santana (o sisudo), o pregador preso e o ateu - Notibras<\/title>\n<meta name=\"robots\" content=\"index, follow, max-snippet:-1, max-image-preview:large, max-video-preview:-1\" \/>\n<link rel=\"canonical\" href=\"https:\/\/www.notibras.com\/site\/santana-o-sisudo-o-pregador-preso-e-o-ateu\/\" \/>\n<meta property=\"og:locale\" content=\"pt_BR\" \/>\n<meta property=\"og:type\" content=\"article\" \/>\n<meta property=\"og:title\" content=\"Santana (o sisudo), o pregador preso e o ateu - Notibras\" \/>\n<meta property=\"og:description\" content=\"L\u00e1 estava o Santana em mais um dia ca\u00f3tico na delegacia. Gente falando a todo vapor pelos cotovelos, como se aquilo fosse uma filial da bolsa de valores. Ele, que j\u00e1 chegava com \u00e2nimo de ir embora, levantou o gordo traseiro e se arrastou at\u00e9 a cozinha. Mal entrou, viu o Guilherme, um policial rec\u00e9m [&hellip;]\" \/>\n<meta property=\"og:url\" content=\"https:\/\/www.notibras.com\/site\/santana-o-sisudo-o-pregador-preso-e-o-ateu\/\" \/>\n<meta property=\"og:site_name\" content=\"Notibras\" \/>\n<meta property=\"article:publisher\" content=\"https:\/\/www.facebook.com\/notibras\/\" \/>\n<meta property=\"article:published_time\" content=\"2023-01-04T23:49:35+00:00\" \/>\n<meta property=\"article:modified_time\" content=\"2023-01-05T04:55:22+00:00\" \/>\n<meta property=\"og:image\" content=\"https:\/\/www.notibras.com\/site\/wp-content\/uploads\/2023\/01\/silhueta-homem-630x420-1.jpg\" \/>\n\t<meta property=\"og:image:width\" content=\"630\" \/>\n\t<meta property=\"og:image:height\" content=\"420\" \/>\n\t<meta property=\"og:image:type\" content=\"image\/jpeg\" \/>\n<meta name=\"author\" content=\"Reda\u00e7\u00e3o\" \/>\n<meta name=\"twitter:card\" content=\"summary_large_image\" \/>\n<meta name=\"twitter:creator\" content=\"@Notibras\" \/>\n<meta name=\"twitter:site\" content=\"@Notibras\" \/>\n<meta name=\"twitter:label1\" content=\"Escrito por\" \/>\n\t<meta name=\"twitter:data1\" content=\"Reda\u00e7\u00e3o\" \/>\n\t<meta name=\"twitter:label2\" content=\"Est. tempo de leitura\" \/>\n\t<meta name=\"twitter:data2\" content=\"2 minutos\" \/>\n<script type=\"application\/ld+json\" class=\"yoast-schema-graph\">{\"@context\":\"https:\/\/schema.org\",\"@graph\":[{\"@type\":\"Article\",\"@id\":\"https:\/\/www.notibras.com\/site\/santana-o-sisudo-o-pregador-preso-e-o-ateu\/#article\",\"isPartOf\":{\"@id\":\"https:\/\/www.notibras.com\/site\/santana-o-sisudo-o-pregador-preso-e-o-ateu\/\"},\"author\":{\"name\":\"Reda\u00e7\u00e3o\",\"@id\":\"https:\/\/www.notibras.com\/site\/#\/schema\/person\/36ab0979449956132d3e5b517ea76ac8\"},\"headline\":\"Santana (o sisudo), o pregador preso e o ateu\",\"datePublished\":\"2023-01-04T23:49:35+00:00\",\"dateModified\":\"2023-01-05T04:55:22+00:00\",\"mainEntityOfPage\":{\"@id\":\"https:\/\/www.notibras.com\/site\/santana-o-sisudo-o-pregador-preso-e-o-ateu\/\"},\"wordCount\":358,\"publisher\":{\"@id\":\"https:\/\/www.notibras.com\/site\/#organization\"},\"image\":{\"@id\":\"https:\/\/www.notibras.com\/site\/santana-o-sisudo-o-pregador-preso-e-o-ateu\/#primaryimage\"},\"thumbnailUrl\":\"https:\/\/www.notibras.com\/site\/wp-content\/uploads\/2023\/01\/silhueta-homem-630x420-1.jpg\",\"articleSection\":[\"Quadradinho em Foco\"],\"inLanguage\":\"pt-BR\"},{\"@type\":\"WebPage\",\"@id\":\"https:\/\/www.notibras.com\/site\/santana-o-sisudo-o-pregador-preso-e-o-ateu\/\",\"url\":\"https:\/\/www.notibras.com\/site\/santana-o-sisudo-o-pregador-preso-e-o-ateu\/\",\"name\":\"Santana (o sisudo), o pregador preso e o ateu - Notibras\",\"isPartOf\":{\"@id\":\"https:\/\/www.notibras.com\/site\/#website\"},\"primaryImageOfPage\":{\"@id\":\"https:\/\/www.notibras.com\/site\/santana-o-sisudo-o-pregador-preso-e-o-ateu\/#primaryimage\"},\"image\":{\"@id\":\"https:\/\/www.notibras.com\/site\/santana-o-sisudo-o-pregador-preso-e-o-ateu\/#primaryimage\"},\"thumbnailUrl\":\"https:\/\/www.notibras.com\/site\/wp-content\/uploads\/2023\/01\/silhueta-homem-630x420-1.jpg\",\"datePublished\":\"2023-01-04T23:49:35+00:00\",\"dateModified\":\"2023-01-05T04:55:22+00:00\",\"breadcrumb\":{\"@id\":\"https:\/\/www.notibras.com\/site\/santana-o-sisudo-o-pregador-preso-e-o-ateu\/#breadcrumb\"},\"inLanguage\":\"pt-BR\",\"potentialAction\":[{\"@type\":\"ReadAction\",\"target\":[\"https:\/\/www.notibras.com\/site\/santana-o-sisudo-o-pregador-preso-e-o-ateu\/\"]}]},{\"@type\":\"ImageObject\",\"inLanguage\":\"pt-BR\",\"@id\":\"https:\/\/www.notibras.com\/site\/santana-o-sisudo-o-pregador-preso-e-o-ateu\/#primaryimage\",\"url\":\"https:\/\/www.notibras.com\/site\/wp-content\/uploads\/2023\/01\/silhueta-homem-630x420-1.jpg\",\"contentUrl\":\"https:\/\/www.notibras.com\/site\/wp-content\/uploads\/2023\/01\/silhueta-homem-630x420-1.jpg\",\"width\":630,\"height\":420},{\"@type\":\"BreadcrumbList\",\"@id\":\"https:\/\/www.notibras.com\/site\/santana-o-sisudo-o-pregador-preso-e-o-ateu\/#breadcrumb\",\"itemListElement\":[{\"@type\":\"ListItem\",\"position\":1,\"name\":\"In\u00edcio\",\"item\":\"https:\/\/www.notibras.com\/site\/\"},{\"@type\":\"ListItem\",\"position\":2,\"name\":\"Santana (o sisudo), o pregador preso e o ateu\"}]},{\"@type\":\"WebSite\",\"@id\":\"https:\/\/www.notibras.com\/site\/#website\",\"url\":\"https:\/\/www.notibras.com\/site\/\",\"name\":\"Notibras\",\"description\":\"Not\u00edcias de Bras\u00edlia, do Brasil e do Mundo\",\"publisher\":{\"@id\":\"https:\/\/www.notibras.com\/site\/#organization\"},\"potentialAction\":[{\"@type\":\"SearchAction\",\"target\":{\"@type\":\"EntryPoint\",\"urlTemplate\":\"https:\/\/www.notibras.com\/site\/?s={search_term_string}\"},\"query-input\":{\"@type\":\"PropertyValueSpecification\",\"valueRequired\":true,\"valueName\":\"search_term_string\"}}],\"inLanguage\":\"pt-BR\"},{\"@type\":\"Organization\",\"@id\":\"https:\/\/www.notibras.com\/site\/#organization\",\"name\":\"Grupo Notibras de Comunica\u00e7\u00e3o\",\"url\":\"https:\/\/www.notibras.com\/site\/\",\"logo\":{\"@type\":\"ImageObject\",\"inLanguage\":\"pt-BR\",\"@id\":\"https:\/\/www.notibras.com\/site\/#\/schema\/logo\/image\/\",\"url\":\"https:\/\/www.notibras.com\/site\/wp-content\/uploads\/2023\/01\/notibras23.png\",\"contentUrl\":\"https:\/\/www.notibras.com\/site\/wp-content\/uploads\/2023\/01\/notibras23.png\",\"width\":350,\"height\":87,\"caption\":\"Grupo Notibras de Comunica\u00e7\u00e3o\"},\"image\":{\"@id\":\"https:\/\/www.notibras.com\/site\/#\/schema\/logo\/image\/\"},\"sameAs\":[\"https:\/\/www.facebook.com\/notibras\/\",\"https:\/\/x.com\/Notibras\",\"https:\/\/www.instagram.com\/notibras\/\"]},{\"@type\":\"Person\",\"@id\":\"https:\/\/www.notibras.com\/site\/#\/schema\/person\/36ab0979449956132d3e5b517ea76ac8\",\"name\":\"Reda\u00e7\u00e3o\",\"image\":{\"@type\":\"ImageObject\",\"inLanguage\":\"pt-BR\",\"@id\":\"https:\/\/secure.gravatar.com\/avatar\/e0a867bdedb85fd243eadf09663511f96fc81e0720a4a42581f334ad4303aa6b?s=96&d=mm&r=g\",\"url\":\"https:\/\/secure.gravatar.com\/avatar\/e0a867bdedb85fd243eadf09663511f96fc81e0720a4a42581f334ad4303aa6b?s=96&d=mm&r=g\",\"contentUrl\":\"https:\/\/secure.gravatar.com\/avatar\/e0a867bdedb85fd243eadf09663511f96fc81e0720a4a42581f334ad4303aa6b?s=96&d=mm&r=g\",\"caption\":\"Reda\u00e7\u00e3o\"}}]}<\/script>\n<!-- \/ Yoast SEO plugin. -->","yoast_head_json":{"title":"Santana (o sisudo), o pregador preso e o ateu - Notibras","robots":{"index":"index","follow":"follow","max-snippet":"max-snippet:-1","max-image-preview":"max-image-preview:large","max-video-preview":"max-video-preview:-1"},"canonical":"https:\/\/www.notibras.com\/site\/santana-o-sisudo-o-pregador-preso-e-o-ateu\/","og_locale":"pt_BR","og_type":"article","og_title":"Santana (o sisudo), o pregador preso e o ateu - Notibras","og_description":"L\u00e1 estava o Santana em mais um dia ca\u00f3tico na delegacia. Gente falando a todo vapor pelos cotovelos, como se aquilo fosse uma filial da bolsa de valores. Ele, que j\u00e1 chegava com \u00e2nimo de ir embora, levantou o gordo traseiro e se arrastou at\u00e9 a cozinha. Mal entrou, viu o Guilherme, um policial rec\u00e9m [&hellip;]","og_url":"https:\/\/www.notibras.com\/site\/santana-o-sisudo-o-pregador-preso-e-o-ateu\/","og_site_name":"Notibras","article_publisher":"https:\/\/www.facebook.com\/notibras\/","article_published_time":"2023-01-04T23:49:35+00:00","article_modified_time":"2023-01-05T04:55:22+00:00","og_image":[{"width":630,"height":420,"url":"https:\/\/www.notibras.com\/site\/wp-content\/uploads\/2023\/01\/silhueta-homem-630x420-1.jpg","type":"image\/jpeg"}],"author":"Reda\u00e7\u00e3o","twitter_card":"summary_large_image","twitter_creator":"@Notibras","twitter_site":"@Notibras","twitter_misc":{"Escrito por":"Reda\u00e7\u00e3o","Est. tempo de leitura":"2 minutos"},"schema":{"@context":"https:\/\/schema.org","@graph":[{"@type":"Article","@id":"https:\/\/www.notibras.com\/site\/santana-o-sisudo-o-pregador-preso-e-o-ateu\/#article","isPartOf":{"@id":"https:\/\/www.notibras.com\/site\/santana-o-sisudo-o-pregador-preso-e-o-ateu\/"},"author":{"name":"Reda\u00e7\u00e3o","@id":"https:\/\/www.notibras.com\/site\/#\/schema\/person\/36ab0979449956132d3e5b517ea76ac8"},"headline":"Santana (o sisudo), o pregador preso e o ateu","datePublished":"2023-01-04T23:49:35+00:00","dateModified":"2023-01-05T04:55:22+00:00","mainEntityOfPage":{"@id":"https:\/\/www.notibras.com\/site\/santana-o-sisudo-o-pregador-preso-e-o-ateu\/"},"wordCount":358,"publisher":{"@id":"https:\/\/www.notibras.com\/site\/#organization"},"image":{"@id":"https:\/\/www.notibras.com\/site\/santana-o-sisudo-o-pregador-preso-e-o-ateu\/#primaryimage"},"thumbnailUrl":"https:\/\/www.notibras.com\/site\/wp-content\/uploads\/2023\/01\/silhueta-homem-630x420-1.jpg","articleSection":["Quadradinho em Foco"],"inLanguage":"pt-BR"},{"@type":"WebPage","@id":"https:\/\/www.notibras.com\/site\/santana-o-sisudo-o-pregador-preso-e-o-ateu\/","url":"https:\/\/www.notibras.com\/site\/santana-o-sisudo-o-pregador-preso-e-o-ateu\/","name":"Santana (o sisudo), o pregador preso e o ateu - Notibras","isPartOf":{"@id":"https:\/\/www.notibras.com\/site\/#website"},"primaryImageOfPage":{"@id":"https:\/\/www.notibras.com\/site\/santana-o-sisudo-o-pregador-preso-e-o-ateu\/#primaryimage"},"image":{"@id":"https:\/\/www.notibras.com\/site\/santana-o-sisudo-o-pregador-preso-e-o-ateu\/#primaryimage"},"thumbnailUrl":"https:\/\/www.notibras.com\/site\/wp-content\/uploads\/2023\/01\/silhueta-homem-630x420-1.jpg","datePublished":"2023-01-04T23:49:35+00:00","dateModified":"2023-01-05T04:55:22+00:00","breadcrumb":{"@id":"https:\/\/www.notibras.com\/site\/santana-o-sisudo-o-pregador-preso-e-o-ateu\/#breadcrumb"},"inLanguage":"pt-BR","potentialAction":[{"@type":"ReadAction","target":["https:\/\/www.notibras.com\/site\/santana-o-sisudo-o-pregador-preso-e-o-ateu\/"]}]},{"@type":"ImageObject","inLanguage":"pt-BR","@id":"https:\/\/www.notibras.com\/site\/santana-o-sisudo-o-pregador-preso-e-o-ateu\/#primaryimage","url":"https:\/\/www.notibras.com\/site\/wp-content\/uploads\/2023\/01\/silhueta-homem-630x420-1.jpg","contentUrl":"https:\/\/www.notibras.com\/site\/wp-content\/uploads\/2023\/01\/silhueta-homem-630x420-1.jpg","width":630,"height":420},{"@type":"BreadcrumbList","@id":"https:\/\/www.notibras.com\/site\/santana-o-sisudo-o-pregador-preso-e-o-ateu\/#breadcrumb","itemListElement":[{"@type":"ListItem","position":1,"name":"In\u00edcio","item":"https:\/\/www.notibras.com\/site\/"},{"@type":"ListItem","position":2,"name":"Santana (o sisudo), o pregador preso e o ateu"}]},{"@type":"WebSite","@id":"https:\/\/www.notibras.com\/site\/#website","url":"https:\/\/www.notibras.com\/site\/","name":"Notibras","description":"Not\u00edcias de Bras\u00edlia, do Brasil e do Mundo","publisher":{"@id":"https:\/\/www.notibras.com\/site\/#organization"},"potentialAction":[{"@type":"SearchAction","target":{"@type":"EntryPoint","urlTemplate":"https:\/\/www.notibras.com\/site\/?s={search_term_string}"},"query-input":{"@type":"PropertyValueSpecification","valueRequired":true,"valueName":"search_term_string"}}],"inLanguage":"pt-BR"},{"@type":"Organization","@id":"https:\/\/www.notibras.com\/site\/#organization","name":"Grupo Notibras de Comunica\u00e7\u00e3o","url":"https:\/\/www.notibras.com\/site\/","logo":{"@type":"ImageObject","inLanguage":"pt-BR","@id":"https:\/\/www.notibras.com\/site\/#\/schema\/logo\/image\/","url":"https:\/\/www.notibras.com\/site\/wp-content\/uploads\/2023\/01\/notibras23.png","contentUrl":"https:\/\/www.notibras.com\/site\/wp-content\/uploads\/2023\/01\/notibras23.png","width":350,"height":87,"caption":"Grupo Notibras de Comunica\u00e7\u00e3o"},"image":{"@id":"https:\/\/www.notibras.com\/site\/#\/schema\/logo\/image\/"},"sameAs":["https:\/\/www.facebook.com\/notibras\/","https:\/\/x.com\/Notibras","https:\/\/www.instagram.com\/notibras\/"]},{"@type":"Person","@id":"https:\/\/www.notibras.com\/site\/#\/schema\/person\/36ab0979449956132d3e5b517ea76ac8","name":"Reda\u00e7\u00e3o","image":{"@type":"ImageObject","inLanguage":"pt-BR","@id":"https:\/\/secure.gravatar.com\/avatar\/e0a867bdedb85fd243eadf09663511f96fc81e0720a4a42581f334ad4303aa6b?s=96&d=mm&r=g","url":"https:\/\/secure.gravatar.com\/avatar\/e0a867bdedb85fd243eadf09663511f96fc81e0720a4a42581f334ad4303aa6b?s=96&d=mm&r=g","contentUrl":"https:\/\/secure.gravatar.com\/avatar\/e0a867bdedb85fd243eadf09663511f96fc81e0720a4a42581f334ad4303aa6b?s=96&d=mm&r=g","caption":"Reda\u00e7\u00e3o"}}]}},"amp_enabled":true,"_links":{"self":[{"href":"https:\/\/www.notibras.com\/site\/wp-json\/wp\/v2\/posts\/297307","targetHints":{"allow":["GET"]}}],"collection":[{"href":"https:\/\/www.notibras.com\/site\/wp-json\/wp\/v2\/posts"}],"about":[{"href":"https:\/\/www.notibras.com\/site\/wp-json\/wp\/v2\/types\/post"}],"author":[{"embeddable":true,"href":"https:\/\/www.notibras.com\/site\/wp-json\/wp\/v2\/users\/2"}],"replies":[{"embeddable":true,"href":"https:\/\/www.notibras.com\/site\/wp-json\/wp\/v2\/comments?post=297307"}],"version-history":[{"count":1,"href":"https:\/\/www.notibras.com\/site\/wp-json\/wp\/v2\/posts\/297307\/revisions"}],"predecessor-version":[{"id":297309,"href":"https:\/\/www.notibras.com\/site\/wp-json\/wp\/v2\/posts\/297307\/revisions\/297309"}],"wp:featuredmedia":[{"embeddable":true,"href":"https:\/\/www.notibras.com\/site\/wp-json\/wp\/v2\/media\/297308"}],"wp:attachment":[{"href":"https:\/\/www.notibras.com\/site\/wp-json\/wp\/v2\/media?parent=297307"}],"wp:term":[{"taxonomy":"category","embeddable":true,"href":"https:\/\/www.notibras.com\/site\/wp-json\/wp\/v2\/categories?post=297307"},{"taxonomy":"post_tag","embeddable":true,"href":"https:\/\/www.notibras.com\/site\/wp-json\/wp\/v2\/tags?post=297307"}],"curies":[{"name":"wp","href":"https:\/\/api.w.org\/{rel}","templated":true}]}}