{"id":297313,"date":"2023-01-04T17:12:33","date_gmt":"2023-01-04T20:12:33","guid":{"rendered":"https:\/\/www.notibras.com\/site\/?p=297313"},"modified":"2023-01-05T02:15:54","modified_gmt":"2023-01-05T05:15:54","slug":"slu-enquadra-so-alguns-grandes-produtores-de-lixo","status":"publish","type":"post","link":"https:\/\/www.notibras.com\/site\/slu-enquadra-so-alguns-grandes-produtores-de-lixo\/","title":{"rendered":"SLU enquadra (s\u00f3 alguns) grandes produtores de lixo"},"content":{"rendered":"<p>Embora a Lei dos Grandes Geradores exista desde 2016, muitos estabelecimentos comerciais n\u00e3o est\u00e3o cumprindo a norma que define regras para quem gera acima de 120 litros de rejeitos por dia. Isso foi observado mais uma vez em a\u00e7\u00e3o realizada pelo Servi\u00e7o de Limpeza Urbana (SLU) no Noroeste. Na ocasi\u00e3o, foram aplicados dez termos de constata\u00e7\u00e3o de irregularidade (TCI).<\/p>\n<p>Servidores da autarquia visitaram estabelecimentos no bairro para verificar se as empresas se enquadram como grandes geradoras, orientar sobre a Lei n\u00ba 5.610\/2016 e aplicar os TCIs nos casos de descumprimento. Segundo a servidora do SLU Mayara Menezes, a grande maioria dos estabelecimentos n\u00e3o cumpre a legisla\u00e7\u00e3o e n\u00e3o tinha conhecimento sobre as regras.<\/p>\n<p>\u201cO DF tem uma quantidade enorme de estabelecimentos que geram essa quantidade di\u00e1ria de res\u00edduos superior a 120 litros, mas temos aproximadamente mil cadastros no site do SLU. Nessa a\u00e7\u00e3o que n\u00f3s estamos fazendo, esses estabelecimentos t\u00eam a chance de serem orientados pelo SLU e mostrarem posteriormente que est\u00e3o cumprindo as pr\u00f3prias responsabilidades junto ao DF Legal\u201d, afirmou.<\/p>\n<p>O Noroeste foi escolhido para receber a orienta\u00e7\u00e3o por causa dos 148 papa-lixos que entraram em opera\u00e7\u00e3o no dia 19 de dezembro de 2022. Os equipamentos s\u00e3o somente para atender as demandas domiciliares, portanto os estabelecimentos comerciais classificados como grandes geradores n\u00e3o podem utiliz\u00e1-los.<\/p>\n<p>\u201cO Noroeste \u00e9 a primeira regi\u00e3o do Distrito Federal a contar com os papa-lixos espec\u00edficos para coleta seletiva. Ent\u00e3o nossa equipe est\u00e1 aqui focada em orientar os moradores sobre essa novidade e tamb\u00e9m alertar o com\u00e9rcio local sobre a lei dos grandes geradores\u201d, disse o diretor-presidente do SLU, Silvio Vieira. A a\u00e7\u00e3o vai continuar nos pr\u00f3ximos dias.<\/p>\n<p>Todos os estabelecimentos comerciais que produzem acima de 120 litros de rejeitos por dia (o equivalente a um saco de 100 litros e quatro sacolinhas pequenas de 5 litros) s\u00e3o respons\u00e1veis pela coleta, pelo transporte e pela destina\u00e7\u00e3o final dos pr\u00f3prios res\u00edduos. Os grandes geradores devem ser cadastrados no site do SLU. Para isso, o estabelecimento dever\u00e1 informar, no ato do cadastramento, qual empresa vai coletar, transportar e realizar a disposi\u00e7\u00e3o final dos res\u00edduos.<\/p>\n<p>Em caso de descumprimento, os grandes geradores est\u00e3o sujeitos, segundo a lei, a multa limitada a R$ 2.899,28 por dia.<\/p>\n<p>A fiscaliza\u00e7\u00e3o realizada faz parte do Acordo de Coopera\u00e7\u00e3o T\u00e9cnica n\u00ba 04, de 22 de setembro de 2021, firmado entre a Secretaria de Prote\u00e7\u00e3o da Ordem Urban\u00edstica (DF Legal) e o SLU. O objetivo \u00e9 a coopera\u00e7\u00e3o institucional para a manuten\u00e7\u00e3o da limpeza urbana e o manejo adequado dos res\u00edduos s\u00f3lidos urbanos no \u00e2mbito do Distrito Federal.<\/p>\n<p>Segundo o acordo, os servidores do SLU, ao observarem o descarte irregular de res\u00edduos s\u00f3lidos, seja por pequenos infratores ou grandes geradores, preencher\u00e3o um ato preparat\u00f3rio \u2013 um documento informando que foi constatada uma irregularidade ambiental \u2013 e enviar\u00e3o para a DF Legal, que \u00e9 o \u00f3rg\u00e3o que pode multar os infratores. Atualmente o SLU conta com 166 servidores que realizam a constata\u00e7\u00e3o de irregularidades.<\/p>\n","protected":false},"excerpt":{"rendered":"<p>Embora a Lei dos Grandes Geradores exista desde 2016, muitos estabelecimentos comerciais n\u00e3o est\u00e3o cumprindo a norma que define regras para quem gera acima de 120 litros de rejeitos por dia. Isso foi observado mais uma vez em a\u00e7\u00e3o realizada pelo Servi\u00e7o de Limpeza Urbana (SLU) no Noroeste. Na ocasi\u00e3o, foram aplicados dez termos de [&hellip;]<\/p>\n","protected":false},"author":2,"featured_media":297314,"comment_status":"closed","ping_status":"closed","sticky":false,"template":"","format":"standard","meta":{"_acf_changed":false,"footnotes":""},"categories":[161],"tags":[],"class_list":["post-297313","post","type-post","status-publish","format-standard","has-post-thumbnail","hentry","category-quadradinho-em-foco"],"acf":[],"yoast_head":"<!-- This site is optimized with the Yoast SEO plugin v27.2 - https:\/\/yoast.com\/product\/yoast-seo-wordpress\/ -->\n<title>SLU enquadra (s\u00f3 alguns) grandes produtores de lixo - Notibras<\/title>\n<meta name=\"robots\" content=\"index, follow, max-snippet:-1, max-image-preview:large, max-video-preview:-1\" \/>\n<link rel=\"canonical\" href=\"https:\/\/www.notibras.com\/site\/slu-enquadra-so-alguns-grandes-produtores-de-lixo\/\" \/>\n<meta property=\"og:locale\" content=\"pt_BR\" \/>\n<meta property=\"og:type\" content=\"article\" \/>\n<meta property=\"og:title\" content=\"SLU enquadra (s\u00f3 alguns) grandes produtores de lixo - Notibras\" \/>\n<meta property=\"og:description\" content=\"Embora a Lei dos Grandes Geradores exista desde 2016, muitos estabelecimentos comerciais n\u00e3o est\u00e3o cumprindo a norma que define regras para quem gera acima de 120 litros de rejeitos por dia. Isso foi observado mais uma vez em a\u00e7\u00e3o realizada pelo Servi\u00e7o de Limpeza Urbana (SLU) no Noroeste. Na ocasi\u00e3o, foram aplicados dez termos de [&hellip;]\" \/>\n<meta property=\"og:url\" content=\"https:\/\/www.notibras.com\/site\/slu-enquadra-so-alguns-grandes-produtores-de-lixo\/\" \/>\n<meta property=\"og:site_name\" content=\"Notibras\" \/>\n<meta property=\"article:publisher\" content=\"https:\/\/www.facebook.com\/notibras\/\" \/>\n<meta property=\"article:published_time\" content=\"2023-01-04T20:12:33+00:00\" \/>\n<meta property=\"article:modified_time\" content=\"2023-01-05T05:15:54+00:00\" \/>\n<meta property=\"og:image\" content=\"https:\/\/www.notibras.com\/site\/wp-content\/uploads\/2023\/01\/noroeste.lixo_.jpg\" \/>\n\t<meta property=\"og:image:width\" content=\"1280\" \/>\n\t<meta property=\"og:image:height\" content=\"853\" \/>\n\t<meta property=\"og:image:type\" content=\"image\/jpeg\" \/>\n<meta name=\"author\" content=\"Reda\u00e7\u00e3o\" \/>\n<meta name=\"twitter:card\" content=\"summary_large_image\" \/>\n<meta name=\"twitter:creator\" content=\"@Notibras\" \/>\n<meta name=\"twitter:site\" content=\"@Notibras\" \/>\n<meta name=\"twitter:label1\" content=\"Escrito por\" \/>\n\t<meta name=\"twitter:data1\" content=\"Reda\u00e7\u00e3o\" \/>\n\t<meta name=\"twitter:label2\" content=\"Est. tempo de leitura\" \/>\n\t<meta name=\"twitter:data2\" content=\"3 minutos\" \/>\n<script type=\"application\/ld+json\" class=\"yoast-schema-graph\">{\"@context\":\"https:\/\/schema.org\",\"@graph\":[{\"@type\":\"Article\",\"@id\":\"https:\/\/www.notibras.com\/site\/slu-enquadra-so-alguns-grandes-produtores-de-lixo\/#article\",\"isPartOf\":{\"@id\":\"https:\/\/www.notibras.com\/site\/slu-enquadra-so-alguns-grandes-produtores-de-lixo\/\"},\"author\":{\"name\":\"Reda\u00e7\u00e3o\",\"@id\":\"https:\/\/www.notibras.com\/site\/#\/schema\/person\/36ab0979449956132d3e5b517ea76ac8\"},\"headline\":\"SLU enquadra (s\u00f3 alguns) grandes produtores de lixo\",\"datePublished\":\"2023-01-04T20:12:33+00:00\",\"dateModified\":\"2023-01-05T05:15:54+00:00\",\"mainEntityOfPage\":{\"@id\":\"https:\/\/www.notibras.com\/site\/slu-enquadra-so-alguns-grandes-produtores-de-lixo\/\"},\"wordCount\":528,\"publisher\":{\"@id\":\"https:\/\/www.notibras.com\/site\/#organization\"},\"image\":{\"@id\":\"https:\/\/www.notibras.com\/site\/slu-enquadra-so-alguns-grandes-produtores-de-lixo\/#primaryimage\"},\"thumbnailUrl\":\"https:\/\/www.notibras.com\/site\/wp-content\/uploads\/2023\/01\/noroeste.lixo_.jpg\",\"articleSection\":[\"Quadradinho em Foco\"],\"inLanguage\":\"pt-BR\"},{\"@type\":\"WebPage\",\"@id\":\"https:\/\/www.notibras.com\/site\/slu-enquadra-so-alguns-grandes-produtores-de-lixo\/\",\"url\":\"https:\/\/www.notibras.com\/site\/slu-enquadra-so-alguns-grandes-produtores-de-lixo\/\",\"name\":\"SLU enquadra (s\u00f3 alguns) grandes produtores de lixo - Notibras\",\"isPartOf\":{\"@id\":\"https:\/\/www.notibras.com\/site\/#website\"},\"primaryImageOfPage\":{\"@id\":\"https:\/\/www.notibras.com\/site\/slu-enquadra-so-alguns-grandes-produtores-de-lixo\/#primaryimage\"},\"image\":{\"@id\":\"https:\/\/www.notibras.com\/site\/slu-enquadra-so-alguns-grandes-produtores-de-lixo\/#primaryimage\"},\"thumbnailUrl\":\"https:\/\/www.notibras.com\/site\/wp-content\/uploads\/2023\/01\/noroeste.lixo_.jpg\",\"datePublished\":\"2023-01-04T20:12:33+00:00\",\"dateModified\":\"2023-01-05T05:15:54+00:00\",\"breadcrumb\":{\"@id\":\"https:\/\/www.notibras.com\/site\/slu-enquadra-so-alguns-grandes-produtores-de-lixo\/#breadcrumb\"},\"inLanguage\":\"pt-BR\",\"potentialAction\":[{\"@type\":\"ReadAction\",\"target\":[\"https:\/\/www.notibras.com\/site\/slu-enquadra-so-alguns-grandes-produtores-de-lixo\/\"]}]},{\"@type\":\"ImageObject\",\"inLanguage\":\"pt-BR\",\"@id\":\"https:\/\/www.notibras.com\/site\/slu-enquadra-so-alguns-grandes-produtores-de-lixo\/#primaryimage\",\"url\":\"https:\/\/www.notibras.com\/site\/wp-content\/uploads\/2023\/01\/noroeste.lixo_.jpg\",\"contentUrl\":\"https:\/\/www.notibras.com\/site\/wp-content\/uploads\/2023\/01\/noroeste.lixo_.jpg\",\"width\":1280,\"height\":853},{\"@type\":\"BreadcrumbList\",\"@id\":\"https:\/\/www.notibras.com\/site\/slu-enquadra-so-alguns-grandes-produtores-de-lixo\/#breadcrumb\",\"itemListElement\":[{\"@type\":\"ListItem\",\"position\":1,\"name\":\"In\u00edcio\",\"item\":\"https:\/\/www.notibras.com\/site\/\"},{\"@type\":\"ListItem\",\"position\":2,\"name\":\"SLU enquadra (s\u00f3 alguns) grandes produtores de lixo\"}]},{\"@type\":\"WebSite\",\"@id\":\"https:\/\/www.notibras.com\/site\/#website\",\"url\":\"https:\/\/www.notibras.com\/site\/\",\"name\":\"Notibras\",\"description\":\"Not\u00edcias de Bras\u00edlia, do Brasil e do Mundo\",\"publisher\":{\"@id\":\"https:\/\/www.notibras.com\/site\/#organization\"},\"potentialAction\":[{\"@type\":\"SearchAction\",\"target\":{\"@type\":\"EntryPoint\",\"urlTemplate\":\"https:\/\/www.notibras.com\/site\/?s={search_term_string}\"},\"query-input\":{\"@type\":\"PropertyValueSpecification\",\"valueRequired\":true,\"valueName\":\"search_term_string\"}}],\"inLanguage\":\"pt-BR\"},{\"@type\":\"Organization\",\"@id\":\"https:\/\/www.notibras.com\/site\/#organization\",\"name\":\"Grupo Notibras de Comunica\u00e7\u00e3o\",\"url\":\"https:\/\/www.notibras.com\/site\/\",\"logo\":{\"@type\":\"ImageObject\",\"inLanguage\":\"pt-BR\",\"@id\":\"https:\/\/www.notibras.com\/site\/#\/schema\/logo\/image\/\",\"url\":\"https:\/\/www.notibras.com\/site\/wp-content\/uploads\/2023\/01\/notibras23.png\",\"contentUrl\":\"https:\/\/www.notibras.com\/site\/wp-content\/uploads\/2023\/01\/notibras23.png\",\"width\":350,\"height\":87,\"caption\":\"Grupo Notibras de Comunica\u00e7\u00e3o\"},\"image\":{\"@id\":\"https:\/\/www.notibras.com\/site\/#\/schema\/logo\/image\/\"},\"sameAs\":[\"https:\/\/www.facebook.com\/notibras\/\",\"https:\/\/x.com\/Notibras\",\"https:\/\/www.instagram.com\/notibras\/\"]},{\"@type\":\"Person\",\"@id\":\"https:\/\/www.notibras.com\/site\/#\/schema\/person\/36ab0979449956132d3e5b517ea76ac8\",\"name\":\"Reda\u00e7\u00e3o\",\"image\":{\"@type\":\"ImageObject\",\"inLanguage\":\"pt-BR\",\"@id\":\"https:\/\/secure.gravatar.com\/avatar\/e0a867bdedb85fd243eadf09663511f96fc81e0720a4a42581f334ad4303aa6b?s=96&d=mm&r=g\",\"url\":\"https:\/\/secure.gravatar.com\/avatar\/e0a867bdedb85fd243eadf09663511f96fc81e0720a4a42581f334ad4303aa6b?s=96&d=mm&r=g\",\"contentUrl\":\"https:\/\/secure.gravatar.com\/avatar\/e0a867bdedb85fd243eadf09663511f96fc81e0720a4a42581f334ad4303aa6b?s=96&d=mm&r=g\",\"caption\":\"Reda\u00e7\u00e3o\"}}]}<\/script>\n<!-- \/ Yoast SEO plugin. -->","yoast_head_json":{"title":"SLU enquadra (s\u00f3 alguns) grandes produtores de lixo - Notibras","robots":{"index":"index","follow":"follow","max-snippet":"max-snippet:-1","max-image-preview":"max-image-preview:large","max-video-preview":"max-video-preview:-1"},"canonical":"https:\/\/www.notibras.com\/site\/slu-enquadra-so-alguns-grandes-produtores-de-lixo\/","og_locale":"pt_BR","og_type":"article","og_title":"SLU enquadra (s\u00f3 alguns) grandes produtores de lixo - Notibras","og_description":"Embora a Lei dos Grandes Geradores exista desde 2016, muitos estabelecimentos comerciais n\u00e3o est\u00e3o cumprindo a norma que define regras para quem gera acima de 120 litros de rejeitos por dia. Isso foi observado mais uma vez em a\u00e7\u00e3o realizada pelo Servi\u00e7o de Limpeza Urbana (SLU) no Noroeste. Na ocasi\u00e3o, foram aplicados dez termos de [&hellip;]","og_url":"https:\/\/www.notibras.com\/site\/slu-enquadra-so-alguns-grandes-produtores-de-lixo\/","og_site_name":"Notibras","article_publisher":"https:\/\/www.facebook.com\/notibras\/","article_published_time":"2023-01-04T20:12:33+00:00","article_modified_time":"2023-01-05T05:15:54+00:00","og_image":[{"width":1280,"height":853,"url":"https:\/\/www.notibras.com\/site\/wp-content\/uploads\/2023\/01\/noroeste.lixo_.jpg","type":"image\/jpeg"}],"author":"Reda\u00e7\u00e3o","twitter_card":"summary_large_image","twitter_creator":"@Notibras","twitter_site":"@Notibras","twitter_misc":{"Escrito por":"Reda\u00e7\u00e3o","Est. tempo de leitura":"3 minutos"},"schema":{"@context":"https:\/\/schema.org","@graph":[{"@type":"Article","@id":"https:\/\/www.notibras.com\/site\/slu-enquadra-so-alguns-grandes-produtores-de-lixo\/#article","isPartOf":{"@id":"https:\/\/www.notibras.com\/site\/slu-enquadra-so-alguns-grandes-produtores-de-lixo\/"},"author":{"name":"Reda\u00e7\u00e3o","@id":"https:\/\/www.notibras.com\/site\/#\/schema\/person\/36ab0979449956132d3e5b517ea76ac8"},"headline":"SLU enquadra (s\u00f3 alguns) grandes produtores de lixo","datePublished":"2023-01-04T20:12:33+00:00","dateModified":"2023-01-05T05:15:54+00:00","mainEntityOfPage":{"@id":"https:\/\/www.notibras.com\/site\/slu-enquadra-so-alguns-grandes-produtores-de-lixo\/"},"wordCount":528,"publisher":{"@id":"https:\/\/www.notibras.com\/site\/#organization"},"image":{"@id":"https:\/\/www.notibras.com\/site\/slu-enquadra-so-alguns-grandes-produtores-de-lixo\/#primaryimage"},"thumbnailUrl":"https:\/\/www.notibras.com\/site\/wp-content\/uploads\/2023\/01\/noroeste.lixo_.jpg","articleSection":["Quadradinho em Foco"],"inLanguage":"pt-BR"},{"@type":"WebPage","@id":"https:\/\/www.notibras.com\/site\/slu-enquadra-so-alguns-grandes-produtores-de-lixo\/","url":"https:\/\/www.notibras.com\/site\/slu-enquadra-so-alguns-grandes-produtores-de-lixo\/","name":"SLU enquadra (s\u00f3 alguns) grandes produtores de lixo - Notibras","isPartOf":{"@id":"https:\/\/www.notibras.com\/site\/#website"},"primaryImageOfPage":{"@id":"https:\/\/www.notibras.com\/site\/slu-enquadra-so-alguns-grandes-produtores-de-lixo\/#primaryimage"},"image":{"@id":"https:\/\/www.notibras.com\/site\/slu-enquadra-so-alguns-grandes-produtores-de-lixo\/#primaryimage"},"thumbnailUrl":"https:\/\/www.notibras.com\/site\/wp-content\/uploads\/2023\/01\/noroeste.lixo_.jpg","datePublished":"2023-01-04T20:12:33+00:00","dateModified":"2023-01-05T05:15:54+00:00","breadcrumb":{"@id":"https:\/\/www.notibras.com\/site\/slu-enquadra-so-alguns-grandes-produtores-de-lixo\/#breadcrumb"},"inLanguage":"pt-BR","potentialAction":[{"@type":"ReadAction","target":["https:\/\/www.notibras.com\/site\/slu-enquadra-so-alguns-grandes-produtores-de-lixo\/"]}]},{"@type":"ImageObject","inLanguage":"pt-BR","@id":"https:\/\/www.notibras.com\/site\/slu-enquadra-so-alguns-grandes-produtores-de-lixo\/#primaryimage","url":"https:\/\/www.notibras.com\/site\/wp-content\/uploads\/2023\/01\/noroeste.lixo_.jpg","contentUrl":"https:\/\/www.notibras.com\/site\/wp-content\/uploads\/2023\/01\/noroeste.lixo_.jpg","width":1280,"height":853},{"@type":"BreadcrumbList","@id":"https:\/\/www.notibras.com\/site\/slu-enquadra-so-alguns-grandes-produtores-de-lixo\/#breadcrumb","itemListElement":[{"@type":"ListItem","position":1,"name":"In\u00edcio","item":"https:\/\/www.notibras.com\/site\/"},{"@type":"ListItem","position":2,"name":"SLU enquadra (s\u00f3 alguns) grandes produtores de lixo"}]},{"@type":"WebSite","@id":"https:\/\/www.notibras.com\/site\/#website","url":"https:\/\/www.notibras.com\/site\/","name":"Notibras","description":"Not\u00edcias de Bras\u00edlia, do Brasil e do Mundo","publisher":{"@id":"https:\/\/www.notibras.com\/site\/#organization"},"potentialAction":[{"@type":"SearchAction","target":{"@type":"EntryPoint","urlTemplate":"https:\/\/www.notibras.com\/site\/?s={search_term_string}"},"query-input":{"@type":"PropertyValueSpecification","valueRequired":true,"valueName":"search_term_string"}}],"inLanguage":"pt-BR"},{"@type":"Organization","@id":"https:\/\/www.notibras.com\/site\/#organization","name":"Grupo Notibras de Comunica\u00e7\u00e3o","url":"https:\/\/www.notibras.com\/site\/","logo":{"@type":"ImageObject","inLanguage":"pt-BR","@id":"https:\/\/www.notibras.com\/site\/#\/schema\/logo\/image\/","url":"https:\/\/www.notibras.com\/site\/wp-content\/uploads\/2023\/01\/notibras23.png","contentUrl":"https:\/\/www.notibras.com\/site\/wp-content\/uploads\/2023\/01\/notibras23.png","width":350,"height":87,"caption":"Grupo Notibras de Comunica\u00e7\u00e3o"},"image":{"@id":"https:\/\/www.notibras.com\/site\/#\/schema\/logo\/image\/"},"sameAs":["https:\/\/www.facebook.com\/notibras\/","https:\/\/x.com\/Notibras","https:\/\/www.instagram.com\/notibras\/"]},{"@type":"Person","@id":"https:\/\/www.notibras.com\/site\/#\/schema\/person\/36ab0979449956132d3e5b517ea76ac8","name":"Reda\u00e7\u00e3o","image":{"@type":"ImageObject","inLanguage":"pt-BR","@id":"https:\/\/secure.gravatar.com\/avatar\/e0a867bdedb85fd243eadf09663511f96fc81e0720a4a42581f334ad4303aa6b?s=96&d=mm&r=g","url":"https:\/\/secure.gravatar.com\/avatar\/e0a867bdedb85fd243eadf09663511f96fc81e0720a4a42581f334ad4303aa6b?s=96&d=mm&r=g","contentUrl":"https:\/\/secure.gravatar.com\/avatar\/e0a867bdedb85fd243eadf09663511f96fc81e0720a4a42581f334ad4303aa6b?s=96&d=mm&r=g","caption":"Reda\u00e7\u00e3o"}}]}},"amp_enabled":true,"_links":{"self":[{"href":"https:\/\/www.notibras.com\/site\/wp-json\/wp\/v2\/posts\/297313","targetHints":{"allow":["GET"]}}],"collection":[{"href":"https:\/\/www.notibras.com\/site\/wp-json\/wp\/v2\/posts"}],"about":[{"href":"https:\/\/www.notibras.com\/site\/wp-json\/wp\/v2\/types\/post"}],"author":[{"embeddable":true,"href":"https:\/\/www.notibras.com\/site\/wp-json\/wp\/v2\/users\/2"}],"replies":[{"embeddable":true,"href":"https:\/\/www.notibras.com\/site\/wp-json\/wp\/v2\/comments?post=297313"}],"version-history":[{"count":1,"href":"https:\/\/www.notibras.com\/site\/wp-json\/wp\/v2\/posts\/297313\/revisions"}],"predecessor-version":[{"id":297315,"href":"https:\/\/www.notibras.com\/site\/wp-json\/wp\/v2\/posts\/297313\/revisions\/297315"}],"wp:featuredmedia":[{"embeddable":true,"href":"https:\/\/www.notibras.com\/site\/wp-json\/wp\/v2\/media\/297314"}],"wp:attachment":[{"href":"https:\/\/www.notibras.com\/site\/wp-json\/wp\/v2\/media?parent=297313"}],"wp:term":[{"taxonomy":"category","embeddable":true,"href":"https:\/\/www.notibras.com\/site\/wp-json\/wp\/v2\/categories?post=297313"},{"taxonomy":"post_tag","embeddable":true,"href":"https:\/\/www.notibras.com\/site\/wp-json\/wp\/v2\/tags?post=297313"}],"curies":[{"name":"wp","href":"https:\/\/api.w.org\/{rel}","templated":true}]}}