{"id":297376,"date":"2023-01-06T09:11:34","date_gmt":"2023-01-06T12:11:34","guid":{"rendered":"https:\/\/www.notibras.com\/site\/?p=297376"},"modified":"2023-01-06T09:16:40","modified_gmt":"2023-01-06T12:16:40","slug":"domingo-tem-ocupa-eixao-outra-festa-para-lula","status":"publish","type":"post","link":"https:\/\/www.notibras.com\/site\/domingo-tem-ocupa-eixao-outra-festa-para-lula\/","title":{"rendered":"Domingo tem Ocupa Eix\u00e3o, outra festa para Lula"},"content":{"rendered":"<p>As festas populares que marcam a chegada de Lula ao Pal\u00e1cio do Planalto pela terceira vez n\u00e3o param em Bras\u00edlia. E domingo, 8, tem outra. \u00c9 mais uma edi\u00e7\u00e3o do Ocupa Eix\u00e3o, evento j\u00e1 tradicional e consolidado do Comit\u00ea Popular de Luta da As Norte. \u00c9 como um espa\u00e7o de di\u00e1logo, que anima os moradores (at\u00e9 ex-bolsonaristas), provocando constantes a\u00e7\u00f5es de apoio, fortalecimento e sustenta\u00e7\u00e3o popular ao novo governo de Luiz In\u00e1cio Lula da Silva.<\/p>\n<p>O evento come\u00e7a na altura da 208 Norte, \u00e0s 9 horas, e deve se estender at\u00e9 o in\u00edcio da tarde. O tema deste domingo ser\u00e1 Mobiliza\u00e7\u00e3o Popular para Sustenta\u00e7\u00e3o da Governabilidade. J\u00e1 est\u00e3o confirmadas as presen\u00e7as de Damiana Neto, do Coletivo Mulheres Negras; Ayri &#8211; Associa\u00e7\u00e3o Etnioka de Desenvolvimento \u00c9tnico e Ambiental, representantes da Setorial Ind\u00edgena do PT, Rodrigo Rodrigues (CUT) e Marco RA, do MST.<\/p>\n<p>O Ocupa Eix\u00e3o do dia 8 est\u00e1 sendo organizado pelo PT Bras\u00edlia, Comit\u00ea Popular de Luta Lago Norte, Comit\u00ea Arte com Liberdade, Servidores P\u00fablicos Com Lula, Sindicato dos Banc\u00e1rios, Comit\u00ea Popular de Luta da Ponta Norte Democr\u00e1tica, Comit\u00ea Policiais Civis Antifascista com Lula, Comit\u00ea Popular do MCTI e Associa\u00e7\u00e3o da Feira da Ponta Norte.<\/p>\n<p><strong>*Luciano Lopes \u00e9 o mais novo colaborador que se junta \u00e0 equipe de<\/strong> <em>Notibras<\/em>. <strong>Por sua experi\u00eancia, capacidade e conhecimentos diversos, atuar\u00e1 como coringa nas mais difrentes editorias do site.<\/strong><\/p>\n","protected":false},"excerpt":{"rendered":"<p>As festas populares que marcam a chegada de Lula ao Pal\u00e1cio do Planalto pela terceira vez n\u00e3o param em Bras\u00edlia. E domingo, 8, tem outra. \u00c9 mais uma edi\u00e7\u00e3o do Ocupa Eix\u00e3o, evento j\u00e1 tradicional e consolidado do Comit\u00ea Popular de Luta da As Norte. \u00c9 como um espa\u00e7o de di\u00e1logo, que anima os moradores [&hellip;]<\/p>\n","protected":false},"author":2,"featured_media":297378,"comment_status":"closed","ping_status":"closed","sticky":false,"template":"","format":"standard","meta":{"_acf_changed":false,"footnotes":""},"categories":[161],"tags":[],"class_list":["post-297376","post","type-post","status-publish","format-standard","has-post-thumbnail","hentry","category-quadradinho-em-foco"],"acf":[],"yoast_head":"<!-- This site is optimized with the Yoast SEO plugin v27.2 - https:\/\/yoast.com\/product\/yoast-seo-wordpress\/ -->\n<title>Domingo tem Ocupa Eix\u00e3o, outra festa para Lula - Notibras<\/title>\n<meta name=\"robots\" content=\"index, follow, max-snippet:-1, max-image-preview:large, max-video-preview:-1\" \/>\n<link rel=\"canonical\" href=\"https:\/\/www.notibras.com\/site\/domingo-tem-ocupa-eixao-outra-festa-para-lula\/\" \/>\n<meta property=\"og:locale\" content=\"pt_BR\" \/>\n<meta property=\"og:type\" content=\"article\" \/>\n<meta property=\"og:title\" content=\"Domingo tem Ocupa Eix\u00e3o, outra festa para Lula - Notibras\" \/>\n<meta property=\"og:description\" content=\"As festas populares que marcam a chegada de Lula ao Pal\u00e1cio do Planalto pela terceira vez n\u00e3o param em Bras\u00edlia. E domingo, 8, tem outra. \u00c9 mais uma edi\u00e7\u00e3o do Ocupa Eix\u00e3o, evento j\u00e1 tradicional e consolidado do Comit\u00ea Popular de Luta da As Norte. \u00c9 como um espa\u00e7o de di\u00e1logo, que anima os moradores [&hellip;]\" \/>\n<meta property=\"og:url\" content=\"https:\/\/www.notibras.com\/site\/domingo-tem-ocupa-eixao-outra-festa-para-lula\/\" \/>\n<meta property=\"og:site_name\" content=\"Notibras\" \/>\n<meta property=\"article:publisher\" content=\"https:\/\/www.facebook.com\/notibras\/\" \/>\n<meta property=\"article:published_time\" content=\"2023-01-06T12:11:34+00:00\" \/>\n<meta property=\"article:modified_time\" content=\"2023-01-06T12:16:40+00:00\" \/>\n<meta property=\"og:image\" content=\"https:\/\/www.notibras.com\/site\/wp-content\/uploads\/2023\/01\/0255812f-be49-4181-8591-76af658d8d3c.jpg\" \/>\n\t<meta property=\"og:image:width\" content=\"1080\" \/>\n\t<meta property=\"og:image:height\" content=\"1080\" \/>\n\t<meta property=\"og:image:type\" content=\"image\/jpeg\" \/>\n<meta name=\"author\" content=\"Reda\u00e7\u00e3o\" \/>\n<meta name=\"twitter:card\" content=\"summary_large_image\" \/>\n<meta name=\"twitter:creator\" content=\"@Notibras\" \/>\n<meta name=\"twitter:site\" content=\"@Notibras\" \/>\n<meta name=\"twitter:label1\" content=\"Escrito por\" \/>\n\t<meta name=\"twitter:data1\" content=\"Reda\u00e7\u00e3o\" \/>\n\t<meta name=\"twitter:label2\" content=\"Est. tempo de leitura\" \/>\n\t<meta name=\"twitter:data2\" content=\"2 minutos\" \/>\n<script type=\"application\/ld+json\" class=\"yoast-schema-graph\">{\"@context\":\"https:\/\/schema.org\",\"@graph\":[{\"@type\":\"Article\",\"@id\":\"https:\/\/www.notibras.com\/site\/domingo-tem-ocupa-eixao-outra-festa-para-lula\/#article\",\"isPartOf\":{\"@id\":\"https:\/\/www.notibras.com\/site\/domingo-tem-ocupa-eixao-outra-festa-para-lula\/\"},\"author\":{\"name\":\"Reda\u00e7\u00e3o\",\"@id\":\"https:\/\/www.notibras.com\/site\/#\/schema\/person\/36ab0979449956132d3e5b517ea76ac8\"},\"headline\":\"Domingo tem Ocupa Eix\u00e3o, outra festa para Lula\",\"datePublished\":\"2023-01-06T12:11:34+00:00\",\"dateModified\":\"2023-01-06T12:16:40+00:00\",\"mainEntityOfPage\":{\"@id\":\"https:\/\/www.notibras.com\/site\/domingo-tem-ocupa-eixao-outra-festa-para-lula\/\"},\"wordCount\":251,\"publisher\":{\"@id\":\"https:\/\/www.notibras.com\/site\/#organization\"},\"image\":{\"@id\":\"https:\/\/www.notibras.com\/site\/domingo-tem-ocupa-eixao-outra-festa-para-lula\/#primaryimage\"},\"thumbnailUrl\":\"https:\/\/www.notibras.com\/site\/wp-content\/uploads\/2023\/01\/0255812f-be49-4181-8591-76af658d8d3c.jpg\",\"articleSection\":[\"Quadradinho em Foco\"],\"inLanguage\":\"pt-BR\"},{\"@type\":\"WebPage\",\"@id\":\"https:\/\/www.notibras.com\/site\/domingo-tem-ocupa-eixao-outra-festa-para-lula\/\",\"url\":\"https:\/\/www.notibras.com\/site\/domingo-tem-ocupa-eixao-outra-festa-para-lula\/\",\"name\":\"Domingo tem Ocupa Eix\u00e3o, outra festa para Lula - Notibras\",\"isPartOf\":{\"@id\":\"https:\/\/www.notibras.com\/site\/#website\"},\"primaryImageOfPage\":{\"@id\":\"https:\/\/www.notibras.com\/site\/domingo-tem-ocupa-eixao-outra-festa-para-lula\/#primaryimage\"},\"image\":{\"@id\":\"https:\/\/www.notibras.com\/site\/domingo-tem-ocupa-eixao-outra-festa-para-lula\/#primaryimage\"},\"thumbnailUrl\":\"https:\/\/www.notibras.com\/site\/wp-content\/uploads\/2023\/01\/0255812f-be49-4181-8591-76af658d8d3c.jpg\",\"datePublished\":\"2023-01-06T12:11:34+00:00\",\"dateModified\":\"2023-01-06T12:16:40+00:00\",\"breadcrumb\":{\"@id\":\"https:\/\/www.notibras.com\/site\/domingo-tem-ocupa-eixao-outra-festa-para-lula\/#breadcrumb\"},\"inLanguage\":\"pt-BR\",\"potentialAction\":[{\"@type\":\"ReadAction\",\"target\":[\"https:\/\/www.notibras.com\/site\/domingo-tem-ocupa-eixao-outra-festa-para-lula\/\"]}]},{\"@type\":\"ImageObject\",\"inLanguage\":\"pt-BR\",\"@id\":\"https:\/\/www.notibras.com\/site\/domingo-tem-ocupa-eixao-outra-festa-para-lula\/#primaryimage\",\"url\":\"https:\/\/www.notibras.com\/site\/wp-content\/uploads\/2023\/01\/0255812f-be49-4181-8591-76af658d8d3c.jpg\",\"contentUrl\":\"https:\/\/www.notibras.com\/site\/wp-content\/uploads\/2023\/01\/0255812f-be49-4181-8591-76af658d8d3c.jpg\",\"width\":1080,\"height\":1080},{\"@type\":\"BreadcrumbList\",\"@id\":\"https:\/\/www.notibras.com\/site\/domingo-tem-ocupa-eixao-outra-festa-para-lula\/#breadcrumb\",\"itemListElement\":[{\"@type\":\"ListItem\",\"position\":1,\"name\":\"In\u00edcio\",\"item\":\"https:\/\/www.notibras.com\/site\/\"},{\"@type\":\"ListItem\",\"position\":2,\"name\":\"Domingo tem Ocupa Eix\u00e3o, outra festa para Lula\"}]},{\"@type\":\"WebSite\",\"@id\":\"https:\/\/www.notibras.com\/site\/#website\",\"url\":\"https:\/\/www.notibras.com\/site\/\",\"name\":\"Notibras\",\"description\":\"Not\u00edcias de Bras\u00edlia, do Brasil e do Mundo\",\"publisher\":{\"@id\":\"https:\/\/www.notibras.com\/site\/#organization\"},\"potentialAction\":[{\"@type\":\"SearchAction\",\"target\":{\"@type\":\"EntryPoint\",\"urlTemplate\":\"https:\/\/www.notibras.com\/site\/?s={search_term_string}\"},\"query-input\":{\"@type\":\"PropertyValueSpecification\",\"valueRequired\":true,\"valueName\":\"search_term_string\"}}],\"inLanguage\":\"pt-BR\"},{\"@type\":\"Organization\",\"@id\":\"https:\/\/www.notibras.com\/site\/#organization\",\"name\":\"Grupo Notibras de Comunica\u00e7\u00e3o\",\"url\":\"https:\/\/www.notibras.com\/site\/\",\"logo\":{\"@type\":\"ImageObject\",\"inLanguage\":\"pt-BR\",\"@id\":\"https:\/\/www.notibras.com\/site\/#\/schema\/logo\/image\/\",\"url\":\"https:\/\/www.notibras.com\/site\/wp-content\/uploads\/2023\/01\/notibras23.png\",\"contentUrl\":\"https:\/\/www.notibras.com\/site\/wp-content\/uploads\/2023\/01\/notibras23.png\",\"width\":350,\"height\":87,\"caption\":\"Grupo Notibras de Comunica\u00e7\u00e3o\"},\"image\":{\"@id\":\"https:\/\/www.notibras.com\/site\/#\/schema\/logo\/image\/\"},\"sameAs\":[\"https:\/\/www.facebook.com\/notibras\/\",\"https:\/\/x.com\/Notibras\",\"https:\/\/www.instagram.com\/notibras\/\"]},{\"@type\":\"Person\",\"@id\":\"https:\/\/www.notibras.com\/site\/#\/schema\/person\/36ab0979449956132d3e5b517ea76ac8\",\"name\":\"Reda\u00e7\u00e3o\",\"image\":{\"@type\":\"ImageObject\",\"inLanguage\":\"pt-BR\",\"@id\":\"https:\/\/secure.gravatar.com\/avatar\/e0a867bdedb85fd243eadf09663511f96fc81e0720a4a42581f334ad4303aa6b?s=96&d=mm&r=g\",\"url\":\"https:\/\/secure.gravatar.com\/avatar\/e0a867bdedb85fd243eadf09663511f96fc81e0720a4a42581f334ad4303aa6b?s=96&d=mm&r=g\",\"contentUrl\":\"https:\/\/secure.gravatar.com\/avatar\/e0a867bdedb85fd243eadf09663511f96fc81e0720a4a42581f334ad4303aa6b?s=96&d=mm&r=g\",\"caption\":\"Reda\u00e7\u00e3o\"}}]}<\/script>\n<!-- \/ Yoast SEO plugin. -->","yoast_head_json":{"title":"Domingo tem Ocupa Eix\u00e3o, outra festa para Lula - Notibras","robots":{"index":"index","follow":"follow","max-snippet":"max-snippet:-1","max-image-preview":"max-image-preview:large","max-video-preview":"max-video-preview:-1"},"canonical":"https:\/\/www.notibras.com\/site\/domingo-tem-ocupa-eixao-outra-festa-para-lula\/","og_locale":"pt_BR","og_type":"article","og_title":"Domingo tem Ocupa Eix\u00e3o, outra festa para Lula - Notibras","og_description":"As festas populares que marcam a chegada de Lula ao Pal\u00e1cio do Planalto pela terceira vez n\u00e3o param em Bras\u00edlia. E domingo, 8, tem outra. \u00c9 mais uma edi\u00e7\u00e3o do Ocupa Eix\u00e3o, evento j\u00e1 tradicional e consolidado do Comit\u00ea Popular de Luta da As Norte. \u00c9 como um espa\u00e7o de di\u00e1logo, que anima os moradores [&hellip;]","og_url":"https:\/\/www.notibras.com\/site\/domingo-tem-ocupa-eixao-outra-festa-para-lula\/","og_site_name":"Notibras","article_publisher":"https:\/\/www.facebook.com\/notibras\/","article_published_time":"2023-01-06T12:11:34+00:00","article_modified_time":"2023-01-06T12:16:40+00:00","og_image":[{"width":1080,"height":1080,"url":"https:\/\/www.notibras.com\/site\/wp-content\/uploads\/2023\/01\/0255812f-be49-4181-8591-76af658d8d3c.jpg","type":"image\/jpeg"}],"author":"Reda\u00e7\u00e3o","twitter_card":"summary_large_image","twitter_creator":"@Notibras","twitter_site":"@Notibras","twitter_misc":{"Escrito por":"Reda\u00e7\u00e3o","Est. tempo de leitura":"2 minutos"},"schema":{"@context":"https:\/\/schema.org","@graph":[{"@type":"Article","@id":"https:\/\/www.notibras.com\/site\/domingo-tem-ocupa-eixao-outra-festa-para-lula\/#article","isPartOf":{"@id":"https:\/\/www.notibras.com\/site\/domingo-tem-ocupa-eixao-outra-festa-para-lula\/"},"author":{"name":"Reda\u00e7\u00e3o","@id":"https:\/\/www.notibras.com\/site\/#\/schema\/person\/36ab0979449956132d3e5b517ea76ac8"},"headline":"Domingo tem Ocupa Eix\u00e3o, outra festa para Lula","datePublished":"2023-01-06T12:11:34+00:00","dateModified":"2023-01-06T12:16:40+00:00","mainEntityOfPage":{"@id":"https:\/\/www.notibras.com\/site\/domingo-tem-ocupa-eixao-outra-festa-para-lula\/"},"wordCount":251,"publisher":{"@id":"https:\/\/www.notibras.com\/site\/#organization"},"image":{"@id":"https:\/\/www.notibras.com\/site\/domingo-tem-ocupa-eixao-outra-festa-para-lula\/#primaryimage"},"thumbnailUrl":"https:\/\/www.notibras.com\/site\/wp-content\/uploads\/2023\/01\/0255812f-be49-4181-8591-76af658d8d3c.jpg","articleSection":["Quadradinho em Foco"],"inLanguage":"pt-BR"},{"@type":"WebPage","@id":"https:\/\/www.notibras.com\/site\/domingo-tem-ocupa-eixao-outra-festa-para-lula\/","url":"https:\/\/www.notibras.com\/site\/domingo-tem-ocupa-eixao-outra-festa-para-lula\/","name":"Domingo tem Ocupa Eix\u00e3o, outra festa para Lula - Notibras","isPartOf":{"@id":"https:\/\/www.notibras.com\/site\/#website"},"primaryImageOfPage":{"@id":"https:\/\/www.notibras.com\/site\/domingo-tem-ocupa-eixao-outra-festa-para-lula\/#primaryimage"},"image":{"@id":"https:\/\/www.notibras.com\/site\/domingo-tem-ocupa-eixao-outra-festa-para-lula\/#primaryimage"},"thumbnailUrl":"https:\/\/www.notibras.com\/site\/wp-content\/uploads\/2023\/01\/0255812f-be49-4181-8591-76af658d8d3c.jpg","datePublished":"2023-01-06T12:11:34+00:00","dateModified":"2023-01-06T12:16:40+00:00","breadcrumb":{"@id":"https:\/\/www.notibras.com\/site\/domingo-tem-ocupa-eixao-outra-festa-para-lula\/#breadcrumb"},"inLanguage":"pt-BR","potentialAction":[{"@type":"ReadAction","target":["https:\/\/www.notibras.com\/site\/domingo-tem-ocupa-eixao-outra-festa-para-lula\/"]}]},{"@type":"ImageObject","inLanguage":"pt-BR","@id":"https:\/\/www.notibras.com\/site\/domingo-tem-ocupa-eixao-outra-festa-para-lula\/#primaryimage","url":"https:\/\/www.notibras.com\/site\/wp-content\/uploads\/2023\/01\/0255812f-be49-4181-8591-76af658d8d3c.jpg","contentUrl":"https:\/\/www.notibras.com\/site\/wp-content\/uploads\/2023\/01\/0255812f-be49-4181-8591-76af658d8d3c.jpg","width":1080,"height":1080},{"@type":"BreadcrumbList","@id":"https:\/\/www.notibras.com\/site\/domingo-tem-ocupa-eixao-outra-festa-para-lula\/#breadcrumb","itemListElement":[{"@type":"ListItem","position":1,"name":"In\u00edcio","item":"https:\/\/www.notibras.com\/site\/"},{"@type":"ListItem","position":2,"name":"Domingo tem Ocupa Eix\u00e3o, outra festa para Lula"}]},{"@type":"WebSite","@id":"https:\/\/www.notibras.com\/site\/#website","url":"https:\/\/www.notibras.com\/site\/","name":"Notibras","description":"Not\u00edcias de Bras\u00edlia, do Brasil e do Mundo","publisher":{"@id":"https:\/\/www.notibras.com\/site\/#organization"},"potentialAction":[{"@type":"SearchAction","target":{"@type":"EntryPoint","urlTemplate":"https:\/\/www.notibras.com\/site\/?s={search_term_string}"},"query-input":{"@type":"PropertyValueSpecification","valueRequired":true,"valueName":"search_term_string"}}],"inLanguage":"pt-BR"},{"@type":"Organization","@id":"https:\/\/www.notibras.com\/site\/#organization","name":"Grupo Notibras de Comunica\u00e7\u00e3o","url":"https:\/\/www.notibras.com\/site\/","logo":{"@type":"ImageObject","inLanguage":"pt-BR","@id":"https:\/\/www.notibras.com\/site\/#\/schema\/logo\/image\/","url":"https:\/\/www.notibras.com\/site\/wp-content\/uploads\/2023\/01\/notibras23.png","contentUrl":"https:\/\/www.notibras.com\/site\/wp-content\/uploads\/2023\/01\/notibras23.png","width":350,"height":87,"caption":"Grupo Notibras de Comunica\u00e7\u00e3o"},"image":{"@id":"https:\/\/www.notibras.com\/site\/#\/schema\/logo\/image\/"},"sameAs":["https:\/\/www.facebook.com\/notibras\/","https:\/\/x.com\/Notibras","https:\/\/www.instagram.com\/notibras\/"]},{"@type":"Person","@id":"https:\/\/www.notibras.com\/site\/#\/schema\/person\/36ab0979449956132d3e5b517ea76ac8","name":"Reda\u00e7\u00e3o","image":{"@type":"ImageObject","inLanguage":"pt-BR","@id":"https:\/\/secure.gravatar.com\/avatar\/e0a867bdedb85fd243eadf09663511f96fc81e0720a4a42581f334ad4303aa6b?s=96&d=mm&r=g","url":"https:\/\/secure.gravatar.com\/avatar\/e0a867bdedb85fd243eadf09663511f96fc81e0720a4a42581f334ad4303aa6b?s=96&d=mm&r=g","contentUrl":"https:\/\/secure.gravatar.com\/avatar\/e0a867bdedb85fd243eadf09663511f96fc81e0720a4a42581f334ad4303aa6b?s=96&d=mm&r=g","caption":"Reda\u00e7\u00e3o"}}]}},"amp_enabled":true,"_links":{"self":[{"href":"https:\/\/www.notibras.com\/site\/wp-json\/wp\/v2\/posts\/297376","targetHints":{"allow":["GET"]}}],"collection":[{"href":"https:\/\/www.notibras.com\/site\/wp-json\/wp\/v2\/posts"}],"about":[{"href":"https:\/\/www.notibras.com\/site\/wp-json\/wp\/v2\/types\/post"}],"author":[{"embeddable":true,"href":"https:\/\/www.notibras.com\/site\/wp-json\/wp\/v2\/users\/2"}],"replies":[{"embeddable":true,"href":"https:\/\/www.notibras.com\/site\/wp-json\/wp\/v2\/comments?post=297376"}],"version-history":[{"count":4,"href":"https:\/\/www.notibras.com\/site\/wp-json\/wp\/v2\/posts\/297376\/revisions"}],"predecessor-version":[{"id":297382,"href":"https:\/\/www.notibras.com\/site\/wp-json\/wp\/v2\/posts\/297376\/revisions\/297382"}],"wp:featuredmedia":[{"embeddable":true,"href":"https:\/\/www.notibras.com\/site\/wp-json\/wp\/v2\/media\/297378"}],"wp:attachment":[{"href":"https:\/\/www.notibras.com\/site\/wp-json\/wp\/v2\/media?parent=297376"}],"wp:term":[{"taxonomy":"category","embeddable":true,"href":"https:\/\/www.notibras.com\/site\/wp-json\/wp\/v2\/categories?post=297376"},{"taxonomy":"post_tag","embeddable":true,"href":"https:\/\/www.notibras.com\/site\/wp-json\/wp\/v2\/tags?post=297376"}],"curies":[{"name":"wp","href":"https:\/\/api.w.org\/{rel}","templated":true}]}}