{"id":297400,"date":"2023-01-07T09:19:19","date_gmt":"2023-01-07T12:19:19","guid":{"rendered":"https:\/\/www.notibras.com\/site\/?p=297400"},"modified":"2023-01-07T09:19:19","modified_gmt":"2023-01-07T12:19:19","slug":"ocupa-eixao-pra-lula-vai-criar-mar-de-musica","status":"publish","type":"post","link":"https:\/\/www.notibras.com\/site\/ocupa-eixao-pra-lula-vai-criar-mar-de-musica\/","title":{"rendered":"Ocupa Eix\u00e3o pra Lula vai criar &#8216;mar de m\u00fasica&#8217;"},"content":{"rendered":"<p>O Ocupa Eix\u00e3o deste domingo, 8, promete ser um dos maiores eventos musicais da cidade realizados nos \u00faltimos tempos. A festa, nas imedia\u00e7\u00f5es da 208 Note, come\u00e7a \u00e0s 9 da manh\u00e3 e ter\u00e1 atra\u00e7\u00f5es de alto n\u00edvel, inclusive\u00a0 internacional.<\/p>\n<p>S\u00f3 para ilustrar: <strong>Adriano Rocha<\/strong>. Cantor, compositor e violonista baiano radicado em Bras\u00edlia, articulador cultural que juntamente com o tamb\u00e9m cantor, compositor e violonista potiguar <strong>Geraldo Carvalho,<\/strong> desenvolvem a atividade cultural Ocupa Eix\u00e3o.<\/p>\n<p><strong>Ian Coury<\/strong>, um dos maiores fen\u00f4menos da m\u00fasica instrumental brasiliense. Bandolinista que atualmente estuda m\u00fasica em Boston.<\/p>\n<p>Por fim, <strong>Corroncha Son<\/strong>, quarteto origin\u00e1rio do M\u00e9xico. Veio ao Brasil para participar da festa da posse do presidente Lula, na Esplanada dos Minist\u00e9rios, obtendo grande sucesso no palco Som na Rural do pernambucano <strong>Roger<\/strong>.<\/p>\n<p>O ato, organizado pelo Comit\u00ea Popular de Luta da Asa Norte, est\u00e1 consolidado como um espa\u00e7o de di\u00e1logo, que anima os moradores e promove constantes a\u00e7\u00f5es de apoio, fortalecimento e sustenta\u00e7\u00e3o popular ao novo governo de Luiz In\u00e1cio Lula da Silva.<\/p>\n<p>O Ocupa Eix\u00e3o do dia 8 est\u00e1 sendo organizado pelo PT Bras\u00edlia, Comit\u00ea Popular de Luta Lago Norte, Comit\u00ea Arte com Liberdade, Servidores P\u00fablicos Com Lula, Sindicato dos Banc\u00e1rios, Comit\u00ea Popular de Luta da Ponta Norte Democr\u00e1tica, Comit\u00ea Policiais Civis Antifascista com Lula, Comit\u00ea Popular do MCTI e Associa\u00e7\u00e3o da Feira da Ponta Norte.<\/p>\n","protected":false},"excerpt":{"rendered":"<p>O Ocupa Eix\u00e3o deste domingo, 8, promete ser um dos maiores eventos musicais da cidade realizados nos \u00faltimos tempos. A festa, nas imedia\u00e7\u00f5es da 208 Note, come\u00e7a \u00e0s 9 da manh\u00e3 e ter\u00e1 atra\u00e7\u00f5es de alto n\u00edvel, inclusive\u00a0 internacional. S\u00f3 para ilustrar: Adriano Rocha. Cantor, compositor e violonista baiano radicado em Bras\u00edlia, articulador cultural que [&hellip;]<\/p>\n","protected":false},"author":2,"featured_media":297401,"comment_status":"closed","ping_status":"closed","sticky":false,"template":"","format":"standard","meta":{"_acf_changed":false,"footnotes":""},"categories":[161],"tags":[],"class_list":["post-297400","post","type-post","status-publish","format-standard","has-post-thumbnail","hentry","category-quadradinho-em-foco"],"acf":[],"yoast_head":"<!-- This site is optimized with the Yoast SEO plugin v27.2 - https:\/\/yoast.com\/product\/yoast-seo-wordpress\/ -->\n<title>Ocupa Eix\u00e3o pra Lula vai criar &#039;mar de m\u00fasica&#039; - Notibras<\/title>\n<meta name=\"robots\" content=\"index, follow, max-snippet:-1, max-image-preview:large, max-video-preview:-1\" \/>\n<link rel=\"canonical\" href=\"https:\/\/www.notibras.com\/site\/ocupa-eixao-pra-lula-vai-criar-mar-de-musica\/\" \/>\n<meta property=\"og:locale\" content=\"pt_BR\" \/>\n<meta property=\"og:type\" content=\"article\" \/>\n<meta property=\"og:title\" content=\"Ocupa Eix\u00e3o pra Lula vai criar &#039;mar de m\u00fasica&#039; - Notibras\" \/>\n<meta property=\"og:description\" content=\"O Ocupa Eix\u00e3o deste domingo, 8, promete ser um dos maiores eventos musicais da cidade realizados nos \u00faltimos tempos. A festa, nas imedia\u00e7\u00f5es da 208 Note, come\u00e7a \u00e0s 9 da manh\u00e3 e ter\u00e1 atra\u00e7\u00f5es de alto n\u00edvel, inclusive\u00a0 internacional. S\u00f3 para ilustrar: Adriano Rocha. Cantor, compositor e violonista baiano radicado em Bras\u00edlia, articulador cultural que [&hellip;]\" \/>\n<meta property=\"og:url\" content=\"https:\/\/www.notibras.com\/site\/ocupa-eixao-pra-lula-vai-criar-mar-de-musica\/\" \/>\n<meta property=\"og:site_name\" content=\"Notibras\" \/>\n<meta property=\"article:publisher\" content=\"https:\/\/www.facebook.com\/notibras\/\" \/>\n<meta property=\"article:published_time\" content=\"2023-01-07T12:19:19+00:00\" \/>\n<meta property=\"og:image\" content=\"https:\/\/www.notibras.com\/site\/wp-content\/uploads\/2023\/01\/corroncha-som.jpg\" \/>\n\t<meta property=\"og:image:width\" content=\"1080\" \/>\n\t<meta property=\"og:image:height\" content=\"720\" \/>\n\t<meta property=\"og:image:type\" content=\"image\/jpeg\" \/>\n<meta name=\"author\" content=\"Reda\u00e7\u00e3o\" \/>\n<meta name=\"twitter:card\" content=\"summary_large_image\" \/>\n<meta name=\"twitter:creator\" content=\"@Notibras\" \/>\n<meta name=\"twitter:site\" content=\"@Notibras\" \/>\n<meta name=\"twitter:label1\" content=\"Escrito por\" \/>\n\t<meta name=\"twitter:data1\" content=\"Reda\u00e7\u00e3o\" \/>\n\t<meta name=\"twitter:label2\" content=\"Est. tempo de leitura\" \/>\n\t<meta name=\"twitter:data2\" content=\"2 minutos\" \/>\n<script type=\"application\/ld+json\" class=\"yoast-schema-graph\">{\"@context\":\"https:\/\/schema.org\",\"@graph\":[{\"@type\":\"Article\",\"@id\":\"https:\/\/www.notibras.com\/site\/ocupa-eixao-pra-lula-vai-criar-mar-de-musica\/#article\",\"isPartOf\":{\"@id\":\"https:\/\/www.notibras.com\/site\/ocupa-eixao-pra-lula-vai-criar-mar-de-musica\/\"},\"author\":{\"name\":\"Reda\u00e7\u00e3o\",\"@id\":\"https:\/\/www.notibras.com\/site\/#\/schema\/person\/36ab0979449956132d3e5b517ea76ac8\"},\"headline\":\"Ocupa Eix\u00e3o pra Lula vai criar &#8216;mar de m\u00fasica&#8217;\",\"datePublished\":\"2023-01-07T12:19:19+00:00\",\"mainEntityOfPage\":{\"@id\":\"https:\/\/www.notibras.com\/site\/ocupa-eixao-pra-lula-vai-criar-mar-de-musica\/\"},\"wordCount\":251,\"publisher\":{\"@id\":\"https:\/\/www.notibras.com\/site\/#organization\"},\"image\":{\"@id\":\"https:\/\/www.notibras.com\/site\/ocupa-eixao-pra-lula-vai-criar-mar-de-musica\/#primaryimage\"},\"thumbnailUrl\":\"https:\/\/www.notibras.com\/site\/wp-content\/uploads\/2023\/01\/corroncha-som.jpg\",\"articleSection\":[\"Quadradinho em Foco\"],\"inLanguage\":\"pt-BR\"},{\"@type\":\"WebPage\",\"@id\":\"https:\/\/www.notibras.com\/site\/ocupa-eixao-pra-lula-vai-criar-mar-de-musica\/\",\"url\":\"https:\/\/www.notibras.com\/site\/ocupa-eixao-pra-lula-vai-criar-mar-de-musica\/\",\"name\":\"Ocupa Eix\u00e3o pra Lula vai criar 'mar de m\u00fasica' - Notibras\",\"isPartOf\":{\"@id\":\"https:\/\/www.notibras.com\/site\/#website\"},\"primaryImageOfPage\":{\"@id\":\"https:\/\/www.notibras.com\/site\/ocupa-eixao-pra-lula-vai-criar-mar-de-musica\/#primaryimage\"},\"image\":{\"@id\":\"https:\/\/www.notibras.com\/site\/ocupa-eixao-pra-lula-vai-criar-mar-de-musica\/#primaryimage\"},\"thumbnailUrl\":\"https:\/\/www.notibras.com\/site\/wp-content\/uploads\/2023\/01\/corroncha-som.jpg\",\"datePublished\":\"2023-01-07T12:19:19+00:00\",\"breadcrumb\":{\"@id\":\"https:\/\/www.notibras.com\/site\/ocupa-eixao-pra-lula-vai-criar-mar-de-musica\/#breadcrumb\"},\"inLanguage\":\"pt-BR\",\"potentialAction\":[{\"@type\":\"ReadAction\",\"target\":[\"https:\/\/www.notibras.com\/site\/ocupa-eixao-pra-lula-vai-criar-mar-de-musica\/\"]}]},{\"@type\":\"ImageObject\",\"inLanguage\":\"pt-BR\",\"@id\":\"https:\/\/www.notibras.com\/site\/ocupa-eixao-pra-lula-vai-criar-mar-de-musica\/#primaryimage\",\"url\":\"https:\/\/www.notibras.com\/site\/wp-content\/uploads\/2023\/01\/corroncha-som.jpg\",\"contentUrl\":\"https:\/\/www.notibras.com\/site\/wp-content\/uploads\/2023\/01\/corroncha-som.jpg\",\"width\":1080,\"height\":720},{\"@type\":\"BreadcrumbList\",\"@id\":\"https:\/\/www.notibras.com\/site\/ocupa-eixao-pra-lula-vai-criar-mar-de-musica\/#breadcrumb\",\"itemListElement\":[{\"@type\":\"ListItem\",\"position\":1,\"name\":\"In\u00edcio\",\"item\":\"https:\/\/www.notibras.com\/site\/\"},{\"@type\":\"ListItem\",\"position\":2,\"name\":\"Ocupa Eix\u00e3o pra Lula vai criar &#8216;mar de m\u00fasica&#8217;\"}]},{\"@type\":\"WebSite\",\"@id\":\"https:\/\/www.notibras.com\/site\/#website\",\"url\":\"https:\/\/www.notibras.com\/site\/\",\"name\":\"Notibras\",\"description\":\"Not\u00edcias de Bras\u00edlia, do Brasil e do Mundo\",\"publisher\":{\"@id\":\"https:\/\/www.notibras.com\/site\/#organization\"},\"potentialAction\":[{\"@type\":\"SearchAction\",\"target\":{\"@type\":\"EntryPoint\",\"urlTemplate\":\"https:\/\/www.notibras.com\/site\/?s={search_term_string}\"},\"query-input\":{\"@type\":\"PropertyValueSpecification\",\"valueRequired\":true,\"valueName\":\"search_term_string\"}}],\"inLanguage\":\"pt-BR\"},{\"@type\":\"Organization\",\"@id\":\"https:\/\/www.notibras.com\/site\/#organization\",\"name\":\"Grupo Notibras de Comunica\u00e7\u00e3o\",\"url\":\"https:\/\/www.notibras.com\/site\/\",\"logo\":{\"@type\":\"ImageObject\",\"inLanguage\":\"pt-BR\",\"@id\":\"https:\/\/www.notibras.com\/site\/#\/schema\/logo\/image\/\",\"url\":\"https:\/\/www.notibras.com\/site\/wp-content\/uploads\/2023\/01\/notibras23.png\",\"contentUrl\":\"https:\/\/www.notibras.com\/site\/wp-content\/uploads\/2023\/01\/notibras23.png\",\"width\":350,\"height\":87,\"caption\":\"Grupo Notibras de Comunica\u00e7\u00e3o\"},\"image\":{\"@id\":\"https:\/\/www.notibras.com\/site\/#\/schema\/logo\/image\/\"},\"sameAs\":[\"https:\/\/www.facebook.com\/notibras\/\",\"https:\/\/x.com\/Notibras\",\"https:\/\/www.instagram.com\/notibras\/\"]},{\"@type\":\"Person\",\"@id\":\"https:\/\/www.notibras.com\/site\/#\/schema\/person\/36ab0979449956132d3e5b517ea76ac8\",\"name\":\"Reda\u00e7\u00e3o\",\"image\":{\"@type\":\"ImageObject\",\"inLanguage\":\"pt-BR\",\"@id\":\"https:\/\/secure.gravatar.com\/avatar\/e0a867bdedb85fd243eadf09663511f96fc81e0720a4a42581f334ad4303aa6b?s=96&d=mm&r=g\",\"url\":\"https:\/\/secure.gravatar.com\/avatar\/e0a867bdedb85fd243eadf09663511f96fc81e0720a4a42581f334ad4303aa6b?s=96&d=mm&r=g\",\"contentUrl\":\"https:\/\/secure.gravatar.com\/avatar\/e0a867bdedb85fd243eadf09663511f96fc81e0720a4a42581f334ad4303aa6b?s=96&d=mm&r=g\",\"caption\":\"Reda\u00e7\u00e3o\"}}]}<\/script>\n<!-- \/ Yoast SEO plugin. -->","yoast_head_json":{"title":"Ocupa Eix\u00e3o pra Lula vai criar 'mar de m\u00fasica' - Notibras","robots":{"index":"index","follow":"follow","max-snippet":"max-snippet:-1","max-image-preview":"max-image-preview:large","max-video-preview":"max-video-preview:-1"},"canonical":"https:\/\/www.notibras.com\/site\/ocupa-eixao-pra-lula-vai-criar-mar-de-musica\/","og_locale":"pt_BR","og_type":"article","og_title":"Ocupa Eix\u00e3o pra Lula vai criar 'mar de m\u00fasica' - Notibras","og_description":"O Ocupa Eix\u00e3o deste domingo, 8, promete ser um dos maiores eventos musicais da cidade realizados nos \u00faltimos tempos. A festa, nas imedia\u00e7\u00f5es da 208 Note, come\u00e7a \u00e0s 9 da manh\u00e3 e ter\u00e1 atra\u00e7\u00f5es de alto n\u00edvel, inclusive\u00a0 internacional. S\u00f3 para ilustrar: Adriano Rocha. Cantor, compositor e violonista baiano radicado em Bras\u00edlia, articulador cultural que [&hellip;]","og_url":"https:\/\/www.notibras.com\/site\/ocupa-eixao-pra-lula-vai-criar-mar-de-musica\/","og_site_name":"Notibras","article_publisher":"https:\/\/www.facebook.com\/notibras\/","article_published_time":"2023-01-07T12:19:19+00:00","og_image":[{"width":1080,"height":720,"url":"https:\/\/www.notibras.com\/site\/wp-content\/uploads\/2023\/01\/corroncha-som.jpg","type":"image\/jpeg"}],"author":"Reda\u00e7\u00e3o","twitter_card":"summary_large_image","twitter_creator":"@Notibras","twitter_site":"@Notibras","twitter_misc":{"Escrito por":"Reda\u00e7\u00e3o","Est. tempo de leitura":"2 minutos"},"schema":{"@context":"https:\/\/schema.org","@graph":[{"@type":"Article","@id":"https:\/\/www.notibras.com\/site\/ocupa-eixao-pra-lula-vai-criar-mar-de-musica\/#article","isPartOf":{"@id":"https:\/\/www.notibras.com\/site\/ocupa-eixao-pra-lula-vai-criar-mar-de-musica\/"},"author":{"name":"Reda\u00e7\u00e3o","@id":"https:\/\/www.notibras.com\/site\/#\/schema\/person\/36ab0979449956132d3e5b517ea76ac8"},"headline":"Ocupa Eix\u00e3o pra Lula vai criar &#8216;mar de m\u00fasica&#8217;","datePublished":"2023-01-07T12:19:19+00:00","mainEntityOfPage":{"@id":"https:\/\/www.notibras.com\/site\/ocupa-eixao-pra-lula-vai-criar-mar-de-musica\/"},"wordCount":251,"publisher":{"@id":"https:\/\/www.notibras.com\/site\/#organization"},"image":{"@id":"https:\/\/www.notibras.com\/site\/ocupa-eixao-pra-lula-vai-criar-mar-de-musica\/#primaryimage"},"thumbnailUrl":"https:\/\/www.notibras.com\/site\/wp-content\/uploads\/2023\/01\/corroncha-som.jpg","articleSection":["Quadradinho em Foco"],"inLanguage":"pt-BR"},{"@type":"WebPage","@id":"https:\/\/www.notibras.com\/site\/ocupa-eixao-pra-lula-vai-criar-mar-de-musica\/","url":"https:\/\/www.notibras.com\/site\/ocupa-eixao-pra-lula-vai-criar-mar-de-musica\/","name":"Ocupa Eix\u00e3o pra Lula vai criar 'mar de m\u00fasica' - Notibras","isPartOf":{"@id":"https:\/\/www.notibras.com\/site\/#website"},"primaryImageOfPage":{"@id":"https:\/\/www.notibras.com\/site\/ocupa-eixao-pra-lula-vai-criar-mar-de-musica\/#primaryimage"},"image":{"@id":"https:\/\/www.notibras.com\/site\/ocupa-eixao-pra-lula-vai-criar-mar-de-musica\/#primaryimage"},"thumbnailUrl":"https:\/\/www.notibras.com\/site\/wp-content\/uploads\/2023\/01\/corroncha-som.jpg","datePublished":"2023-01-07T12:19:19+00:00","breadcrumb":{"@id":"https:\/\/www.notibras.com\/site\/ocupa-eixao-pra-lula-vai-criar-mar-de-musica\/#breadcrumb"},"inLanguage":"pt-BR","potentialAction":[{"@type":"ReadAction","target":["https:\/\/www.notibras.com\/site\/ocupa-eixao-pra-lula-vai-criar-mar-de-musica\/"]}]},{"@type":"ImageObject","inLanguage":"pt-BR","@id":"https:\/\/www.notibras.com\/site\/ocupa-eixao-pra-lula-vai-criar-mar-de-musica\/#primaryimage","url":"https:\/\/www.notibras.com\/site\/wp-content\/uploads\/2023\/01\/corroncha-som.jpg","contentUrl":"https:\/\/www.notibras.com\/site\/wp-content\/uploads\/2023\/01\/corroncha-som.jpg","width":1080,"height":720},{"@type":"BreadcrumbList","@id":"https:\/\/www.notibras.com\/site\/ocupa-eixao-pra-lula-vai-criar-mar-de-musica\/#breadcrumb","itemListElement":[{"@type":"ListItem","position":1,"name":"In\u00edcio","item":"https:\/\/www.notibras.com\/site\/"},{"@type":"ListItem","position":2,"name":"Ocupa Eix\u00e3o pra Lula vai criar &#8216;mar de m\u00fasica&#8217;"}]},{"@type":"WebSite","@id":"https:\/\/www.notibras.com\/site\/#website","url":"https:\/\/www.notibras.com\/site\/","name":"Notibras","description":"Not\u00edcias de Bras\u00edlia, do Brasil e do Mundo","publisher":{"@id":"https:\/\/www.notibras.com\/site\/#organization"},"potentialAction":[{"@type":"SearchAction","target":{"@type":"EntryPoint","urlTemplate":"https:\/\/www.notibras.com\/site\/?s={search_term_string}"},"query-input":{"@type":"PropertyValueSpecification","valueRequired":true,"valueName":"search_term_string"}}],"inLanguage":"pt-BR"},{"@type":"Organization","@id":"https:\/\/www.notibras.com\/site\/#organization","name":"Grupo Notibras de Comunica\u00e7\u00e3o","url":"https:\/\/www.notibras.com\/site\/","logo":{"@type":"ImageObject","inLanguage":"pt-BR","@id":"https:\/\/www.notibras.com\/site\/#\/schema\/logo\/image\/","url":"https:\/\/www.notibras.com\/site\/wp-content\/uploads\/2023\/01\/notibras23.png","contentUrl":"https:\/\/www.notibras.com\/site\/wp-content\/uploads\/2023\/01\/notibras23.png","width":350,"height":87,"caption":"Grupo Notibras de Comunica\u00e7\u00e3o"},"image":{"@id":"https:\/\/www.notibras.com\/site\/#\/schema\/logo\/image\/"},"sameAs":["https:\/\/www.facebook.com\/notibras\/","https:\/\/x.com\/Notibras","https:\/\/www.instagram.com\/notibras\/"]},{"@type":"Person","@id":"https:\/\/www.notibras.com\/site\/#\/schema\/person\/36ab0979449956132d3e5b517ea76ac8","name":"Reda\u00e7\u00e3o","image":{"@type":"ImageObject","inLanguage":"pt-BR","@id":"https:\/\/secure.gravatar.com\/avatar\/e0a867bdedb85fd243eadf09663511f96fc81e0720a4a42581f334ad4303aa6b?s=96&d=mm&r=g","url":"https:\/\/secure.gravatar.com\/avatar\/e0a867bdedb85fd243eadf09663511f96fc81e0720a4a42581f334ad4303aa6b?s=96&d=mm&r=g","contentUrl":"https:\/\/secure.gravatar.com\/avatar\/e0a867bdedb85fd243eadf09663511f96fc81e0720a4a42581f334ad4303aa6b?s=96&d=mm&r=g","caption":"Reda\u00e7\u00e3o"}}]}},"amp_enabled":true,"_links":{"self":[{"href":"https:\/\/www.notibras.com\/site\/wp-json\/wp\/v2\/posts\/297400","targetHints":{"allow":["GET"]}}],"collection":[{"href":"https:\/\/www.notibras.com\/site\/wp-json\/wp\/v2\/posts"}],"about":[{"href":"https:\/\/www.notibras.com\/site\/wp-json\/wp\/v2\/types\/post"}],"author":[{"embeddable":true,"href":"https:\/\/www.notibras.com\/site\/wp-json\/wp\/v2\/users\/2"}],"replies":[{"embeddable":true,"href":"https:\/\/www.notibras.com\/site\/wp-json\/wp\/v2\/comments?post=297400"}],"version-history":[{"count":1,"href":"https:\/\/www.notibras.com\/site\/wp-json\/wp\/v2\/posts\/297400\/revisions"}],"predecessor-version":[{"id":297402,"href":"https:\/\/www.notibras.com\/site\/wp-json\/wp\/v2\/posts\/297400\/revisions\/297402"}],"wp:featuredmedia":[{"embeddable":true,"href":"https:\/\/www.notibras.com\/site\/wp-json\/wp\/v2\/media\/297401"}],"wp:attachment":[{"href":"https:\/\/www.notibras.com\/site\/wp-json\/wp\/v2\/media?parent=297400"}],"wp:term":[{"taxonomy":"category","embeddable":true,"href":"https:\/\/www.notibras.com\/site\/wp-json\/wp\/v2\/categories?post=297400"},{"taxonomy":"post_tag","embeddable":true,"href":"https:\/\/www.notibras.com\/site\/wp-json\/wp\/v2\/tags?post=297400"}],"curies":[{"name":"wp","href":"https:\/\/api.w.org\/{rel}","templated":true}]}}