{"id":297403,"date":"2023-01-07T00:00:37","date_gmt":"2023-01-07T03:00:37","guid":{"rendered":"https:\/\/www.notibras.com\/site\/?p=297403"},"modified":"2023-01-07T09:25:50","modified_gmt":"2023-01-07T12:25:50","slug":"vacinacao-itinerante-vai-ter-15-pontos-fixos","status":"publish","type":"post","link":"https:\/\/www.notibras.com\/site\/vacinacao-itinerante-vai-ter-15-pontos-fixos\/","title":{"rendered":"Vacina\u00e7\u00e3o itinerante vai ter 15 pontos fixos de imuniza\u00e7\u00e3o"},"content":{"rendered":"<p>A vacina\u00e7\u00e3o no Distrito Federal n\u00e3o para. Neste s\u00e1bado (7), a popula\u00e7\u00e3o ter\u00e1 acesso a 15 pontos fixos para se imunizar e ainda contar\u00e1 com tr\u00eas carros da vacina. Todas as regi\u00f5es de sa\u00fade ter\u00e3o locais estrat\u00e9gicos para atender os interessados. Os pontos podem ser consultados neste link.<\/p>\n<p>De acordo com a coordenadora da Aten\u00e7\u00e3o Prim\u00e1ria \u00e0 Sa\u00fade, Ram\u00e1 Celani, os pontos s\u00e3o definidos para atender uma demanda de pessoas que, ao longo da semana, n\u00e3o conseguem comparecer \u00e0s unidades b\u00e1sicas de sa\u00fade (UBSs). \u201cA cada s\u00e1bado, diferentes unidades s\u00e3o designadas de maneira rotativa, de modo que nenhum territ\u00f3rio fique sem esta oportunidade\u201d, detalha a profissional.<\/p>\n<p>\u201cFaz parte do esfor\u00e7o permanente que a secretaria tem tido de oferecer vacina\u00e7\u00e3o em pontos estrat\u00e9gicos aos s\u00e1bados em todas as regi\u00f5es de sa\u00fade\u201d, afirma a coordenadora.<\/p>\n<p><strong>Vacina\u00e7\u00e3o itinerante<\/strong><br \/>\nCom o objetivo de chegar \u00e0s pessoas cada vez mais, a Secretaria de Sa\u00fade vai disponibilizar tr\u00eas carros para fazer a vacina\u00e7\u00e3o itinerante. Os ve\u00edculos v\u00e3o percorrer Ceil\u00e2ndia, Cruzeiro e Itapo\u00e3.<\/p>\n<p>No Itapo\u00e3, o carro da vacina vai cumprir tr\u00eas rotas diferentes. A chefe-substituta do n\u00facleo de vigil\u00e2ncia da regi\u00e3o Leste, Giselle Alves, explica que o roteiro do ve\u00edculo foi definido para levar os imunizantes \u00e0s fam\u00edlias vulner\u00e1veis da regi\u00e3o.<\/p>\n<p>\u201cS\u00e3o pessoas que, muitas vezes, n\u00e3o t\u00eam emprego fixo ou a seguran\u00e7a de sair do local para levar os filhos para se vacinarem\u201d, exemplificou. A profissional da sa\u00fade acrescenta que o carro da vacina \u00e9 uma oportunidade para acessar essas \u00e1reas.<\/p>\n","protected":false},"excerpt":{"rendered":"<p>A vacina\u00e7\u00e3o no Distrito Federal n\u00e3o para. Neste s\u00e1bado (7), a popula\u00e7\u00e3o ter\u00e1 acesso a 15 pontos fixos para se imunizar e ainda contar\u00e1 com tr\u00eas carros da vacina. Todas as regi\u00f5es de sa\u00fade ter\u00e3o locais estrat\u00e9gicos para atender os interessados. Os pontos podem ser consultados neste link. De acordo com a coordenadora da Aten\u00e7\u00e3o [&hellip;]<\/p>\n","protected":false},"author":2,"featured_media":294522,"comment_status":"closed","ping_status":"closed","sticky":false,"template":"","format":"standard","meta":{"_acf_changed":false,"footnotes":""},"categories":[161],"tags":[],"class_list":["post-297403","post","type-post","status-publish","format-standard","has-post-thumbnail","hentry","category-quadradinho-em-foco"],"acf":[],"yoast_head":"<!-- This site is optimized with the Yoast SEO plugin v27.2 - https:\/\/yoast.com\/product\/yoast-seo-wordpress\/ -->\n<title>Vacina\u00e7\u00e3o itinerante vai ter 15 pontos fixos de imuniza\u00e7\u00e3o - Notibras<\/title>\n<meta name=\"robots\" content=\"index, follow, max-snippet:-1, max-image-preview:large, max-video-preview:-1\" \/>\n<link rel=\"canonical\" href=\"https:\/\/www.notibras.com\/site\/vacinacao-itinerante-vai-ter-15-pontos-fixos\/\" \/>\n<meta property=\"og:locale\" content=\"pt_BR\" \/>\n<meta property=\"og:type\" content=\"article\" \/>\n<meta property=\"og:title\" content=\"Vacina\u00e7\u00e3o itinerante vai ter 15 pontos fixos de imuniza\u00e7\u00e3o - Notibras\" \/>\n<meta property=\"og:description\" content=\"A vacina\u00e7\u00e3o no Distrito Federal n\u00e3o para. Neste s\u00e1bado (7), a popula\u00e7\u00e3o ter\u00e1 acesso a 15 pontos fixos para se imunizar e ainda contar\u00e1 com tr\u00eas carros da vacina. Todas as regi\u00f5es de sa\u00fade ter\u00e3o locais estrat\u00e9gicos para atender os interessados. Os pontos podem ser consultados neste link. De acordo com a coordenadora da Aten\u00e7\u00e3o [&hellip;]\" \/>\n<meta property=\"og:url\" content=\"https:\/\/www.notibras.com\/site\/vacinacao-itinerante-vai-ter-15-pontos-fixos\/\" \/>\n<meta property=\"og:site_name\" content=\"Notibras\" \/>\n<meta property=\"article:publisher\" content=\"https:\/\/www.facebook.com\/notibras\/\" \/>\n<meta property=\"article:published_time\" content=\"2023-01-07T03:00:37+00:00\" \/>\n<meta property=\"article:modified_time\" content=\"2023-01-07T12:25:50+00:00\" \/>\n<meta property=\"og:image\" content=\"https:\/\/www.notibras.com\/site\/wp-content\/uploads\/2022\/11\/23-02-2021-pandemia-covid-19-vacinacao-de-idosos-contra-covid-19-no-lar-cristo-rei-no-barreiro-rodrigo-clemente-pbh-9.jpg\" \/>\n\t<meta property=\"og:image:width\" content=\"770\" \/>\n\t<meta property=\"og:image:height\" content=\"420\" \/>\n\t<meta property=\"og:image:type\" content=\"image\/jpeg\" \/>\n<meta name=\"author\" content=\"Reda\u00e7\u00e3o\" \/>\n<meta name=\"twitter:card\" content=\"summary_large_image\" \/>\n<meta name=\"twitter:creator\" content=\"@Notibras\" \/>\n<meta name=\"twitter:site\" content=\"@Notibras\" \/>\n<meta name=\"twitter:label1\" content=\"Escrito por\" \/>\n\t<meta name=\"twitter:data1\" content=\"Reda\u00e7\u00e3o\" \/>\n\t<meta name=\"twitter:label2\" content=\"Est. tempo de leitura\" \/>\n\t<meta name=\"twitter:data2\" content=\"2 minutos\" \/>\n<script type=\"application\/ld+json\" class=\"yoast-schema-graph\">{\"@context\":\"https:\/\/schema.org\",\"@graph\":[{\"@type\":\"Article\",\"@id\":\"https:\/\/www.notibras.com\/site\/vacinacao-itinerante-vai-ter-15-pontos-fixos\/#article\",\"isPartOf\":{\"@id\":\"https:\/\/www.notibras.com\/site\/vacinacao-itinerante-vai-ter-15-pontos-fixos\/\"},\"author\":{\"name\":\"Reda\u00e7\u00e3o\",\"@id\":\"https:\/\/www.notibras.com\/site\/#\/schema\/person\/36ab0979449956132d3e5b517ea76ac8\"},\"headline\":\"Vacina\u00e7\u00e3o itinerante vai ter 15 pontos fixos de imuniza\u00e7\u00e3o\",\"datePublished\":\"2023-01-07T03:00:37+00:00\",\"dateModified\":\"2023-01-07T12:25:50+00:00\",\"mainEntityOfPage\":{\"@id\":\"https:\/\/www.notibras.com\/site\/vacinacao-itinerante-vai-ter-15-pontos-fixos\/\"},\"wordCount\":297,\"publisher\":{\"@id\":\"https:\/\/www.notibras.com\/site\/#organization\"},\"image\":{\"@id\":\"https:\/\/www.notibras.com\/site\/vacinacao-itinerante-vai-ter-15-pontos-fixos\/#primaryimage\"},\"thumbnailUrl\":\"https:\/\/www.notibras.com\/site\/wp-content\/uploads\/2022\/11\/23-02-2021-pandemia-covid-19-vacinacao-de-idosos-contra-covid-19-no-lar-cristo-rei-no-barreiro-rodrigo-clemente-pbh-9.jpg\",\"articleSection\":[\"Quadradinho em Foco\"],\"inLanguage\":\"pt-BR\"},{\"@type\":\"WebPage\",\"@id\":\"https:\/\/www.notibras.com\/site\/vacinacao-itinerante-vai-ter-15-pontos-fixos\/\",\"url\":\"https:\/\/www.notibras.com\/site\/vacinacao-itinerante-vai-ter-15-pontos-fixos\/\",\"name\":\"Vacina\u00e7\u00e3o itinerante vai ter 15 pontos fixos de imuniza\u00e7\u00e3o - Notibras\",\"isPartOf\":{\"@id\":\"https:\/\/www.notibras.com\/site\/#website\"},\"primaryImageOfPage\":{\"@id\":\"https:\/\/www.notibras.com\/site\/vacinacao-itinerante-vai-ter-15-pontos-fixos\/#primaryimage\"},\"image\":{\"@id\":\"https:\/\/www.notibras.com\/site\/vacinacao-itinerante-vai-ter-15-pontos-fixos\/#primaryimage\"},\"thumbnailUrl\":\"https:\/\/www.notibras.com\/site\/wp-content\/uploads\/2022\/11\/23-02-2021-pandemia-covid-19-vacinacao-de-idosos-contra-covid-19-no-lar-cristo-rei-no-barreiro-rodrigo-clemente-pbh-9.jpg\",\"datePublished\":\"2023-01-07T03:00:37+00:00\",\"dateModified\":\"2023-01-07T12:25:50+00:00\",\"breadcrumb\":{\"@id\":\"https:\/\/www.notibras.com\/site\/vacinacao-itinerante-vai-ter-15-pontos-fixos\/#breadcrumb\"},\"inLanguage\":\"pt-BR\",\"potentialAction\":[{\"@type\":\"ReadAction\",\"target\":[\"https:\/\/www.notibras.com\/site\/vacinacao-itinerante-vai-ter-15-pontos-fixos\/\"]}]},{\"@type\":\"ImageObject\",\"inLanguage\":\"pt-BR\",\"@id\":\"https:\/\/www.notibras.com\/site\/vacinacao-itinerante-vai-ter-15-pontos-fixos\/#primaryimage\",\"url\":\"https:\/\/www.notibras.com\/site\/wp-content\/uploads\/2022\/11\/23-02-2021-pandemia-covid-19-vacinacao-de-idosos-contra-covid-19-no-lar-cristo-rei-no-barreiro-rodrigo-clemente-pbh-9.jpg\",\"contentUrl\":\"https:\/\/www.notibras.com\/site\/wp-content\/uploads\/2022\/11\/23-02-2021-pandemia-covid-19-vacinacao-de-idosos-contra-covid-19-no-lar-cristo-rei-no-barreiro-rodrigo-clemente-pbh-9.jpg\",\"width\":770,\"height\":420},{\"@type\":\"BreadcrumbList\",\"@id\":\"https:\/\/www.notibras.com\/site\/vacinacao-itinerante-vai-ter-15-pontos-fixos\/#breadcrumb\",\"itemListElement\":[{\"@type\":\"ListItem\",\"position\":1,\"name\":\"In\u00edcio\",\"item\":\"https:\/\/www.notibras.com\/site\/\"},{\"@type\":\"ListItem\",\"position\":2,\"name\":\"Vacina\u00e7\u00e3o itinerante vai ter 15 pontos fixos de imuniza\u00e7\u00e3o\"}]},{\"@type\":\"WebSite\",\"@id\":\"https:\/\/www.notibras.com\/site\/#website\",\"url\":\"https:\/\/www.notibras.com\/site\/\",\"name\":\"Notibras\",\"description\":\"Not\u00edcias de Bras\u00edlia, do Brasil e do Mundo\",\"publisher\":{\"@id\":\"https:\/\/www.notibras.com\/site\/#organization\"},\"potentialAction\":[{\"@type\":\"SearchAction\",\"target\":{\"@type\":\"EntryPoint\",\"urlTemplate\":\"https:\/\/www.notibras.com\/site\/?s={search_term_string}\"},\"query-input\":{\"@type\":\"PropertyValueSpecification\",\"valueRequired\":true,\"valueName\":\"search_term_string\"}}],\"inLanguage\":\"pt-BR\"},{\"@type\":\"Organization\",\"@id\":\"https:\/\/www.notibras.com\/site\/#organization\",\"name\":\"Grupo Notibras de Comunica\u00e7\u00e3o\",\"url\":\"https:\/\/www.notibras.com\/site\/\",\"logo\":{\"@type\":\"ImageObject\",\"inLanguage\":\"pt-BR\",\"@id\":\"https:\/\/www.notibras.com\/site\/#\/schema\/logo\/image\/\",\"url\":\"https:\/\/www.notibras.com\/site\/wp-content\/uploads\/2023\/01\/notibras23.png\",\"contentUrl\":\"https:\/\/www.notibras.com\/site\/wp-content\/uploads\/2023\/01\/notibras23.png\",\"width\":350,\"height\":87,\"caption\":\"Grupo Notibras de Comunica\u00e7\u00e3o\"},\"image\":{\"@id\":\"https:\/\/www.notibras.com\/site\/#\/schema\/logo\/image\/\"},\"sameAs\":[\"https:\/\/www.facebook.com\/notibras\/\",\"https:\/\/x.com\/Notibras\",\"https:\/\/www.instagram.com\/notibras\/\"]},{\"@type\":\"Person\",\"@id\":\"https:\/\/www.notibras.com\/site\/#\/schema\/person\/36ab0979449956132d3e5b517ea76ac8\",\"name\":\"Reda\u00e7\u00e3o\",\"image\":{\"@type\":\"ImageObject\",\"inLanguage\":\"pt-BR\",\"@id\":\"https:\/\/secure.gravatar.com\/avatar\/e0a867bdedb85fd243eadf09663511f96fc81e0720a4a42581f334ad4303aa6b?s=96&d=mm&r=g\",\"url\":\"https:\/\/secure.gravatar.com\/avatar\/e0a867bdedb85fd243eadf09663511f96fc81e0720a4a42581f334ad4303aa6b?s=96&d=mm&r=g\",\"contentUrl\":\"https:\/\/secure.gravatar.com\/avatar\/e0a867bdedb85fd243eadf09663511f96fc81e0720a4a42581f334ad4303aa6b?s=96&d=mm&r=g\",\"caption\":\"Reda\u00e7\u00e3o\"}}]}<\/script>\n<!-- \/ Yoast SEO plugin. -->","yoast_head_json":{"title":"Vacina\u00e7\u00e3o itinerante vai ter 15 pontos fixos de imuniza\u00e7\u00e3o - Notibras","robots":{"index":"index","follow":"follow","max-snippet":"max-snippet:-1","max-image-preview":"max-image-preview:large","max-video-preview":"max-video-preview:-1"},"canonical":"https:\/\/www.notibras.com\/site\/vacinacao-itinerante-vai-ter-15-pontos-fixos\/","og_locale":"pt_BR","og_type":"article","og_title":"Vacina\u00e7\u00e3o itinerante vai ter 15 pontos fixos de imuniza\u00e7\u00e3o - Notibras","og_description":"A vacina\u00e7\u00e3o no Distrito Federal n\u00e3o para. Neste s\u00e1bado (7), a popula\u00e7\u00e3o ter\u00e1 acesso a 15 pontos fixos para se imunizar e ainda contar\u00e1 com tr\u00eas carros da vacina. Todas as regi\u00f5es de sa\u00fade ter\u00e3o locais estrat\u00e9gicos para atender os interessados. Os pontos podem ser consultados neste link. De acordo com a coordenadora da Aten\u00e7\u00e3o [&hellip;]","og_url":"https:\/\/www.notibras.com\/site\/vacinacao-itinerante-vai-ter-15-pontos-fixos\/","og_site_name":"Notibras","article_publisher":"https:\/\/www.facebook.com\/notibras\/","article_published_time":"2023-01-07T03:00:37+00:00","article_modified_time":"2023-01-07T12:25:50+00:00","og_image":[{"width":770,"height":420,"url":"https:\/\/www.notibras.com\/site\/wp-content\/uploads\/2022\/11\/23-02-2021-pandemia-covid-19-vacinacao-de-idosos-contra-covid-19-no-lar-cristo-rei-no-barreiro-rodrigo-clemente-pbh-9.jpg","type":"image\/jpeg"}],"author":"Reda\u00e7\u00e3o","twitter_card":"summary_large_image","twitter_creator":"@Notibras","twitter_site":"@Notibras","twitter_misc":{"Escrito por":"Reda\u00e7\u00e3o","Est. tempo de leitura":"2 minutos"},"schema":{"@context":"https:\/\/schema.org","@graph":[{"@type":"Article","@id":"https:\/\/www.notibras.com\/site\/vacinacao-itinerante-vai-ter-15-pontos-fixos\/#article","isPartOf":{"@id":"https:\/\/www.notibras.com\/site\/vacinacao-itinerante-vai-ter-15-pontos-fixos\/"},"author":{"name":"Reda\u00e7\u00e3o","@id":"https:\/\/www.notibras.com\/site\/#\/schema\/person\/36ab0979449956132d3e5b517ea76ac8"},"headline":"Vacina\u00e7\u00e3o itinerante vai ter 15 pontos fixos de imuniza\u00e7\u00e3o","datePublished":"2023-01-07T03:00:37+00:00","dateModified":"2023-01-07T12:25:50+00:00","mainEntityOfPage":{"@id":"https:\/\/www.notibras.com\/site\/vacinacao-itinerante-vai-ter-15-pontos-fixos\/"},"wordCount":297,"publisher":{"@id":"https:\/\/www.notibras.com\/site\/#organization"},"image":{"@id":"https:\/\/www.notibras.com\/site\/vacinacao-itinerante-vai-ter-15-pontos-fixos\/#primaryimage"},"thumbnailUrl":"https:\/\/www.notibras.com\/site\/wp-content\/uploads\/2022\/11\/23-02-2021-pandemia-covid-19-vacinacao-de-idosos-contra-covid-19-no-lar-cristo-rei-no-barreiro-rodrigo-clemente-pbh-9.jpg","articleSection":["Quadradinho em Foco"],"inLanguage":"pt-BR"},{"@type":"WebPage","@id":"https:\/\/www.notibras.com\/site\/vacinacao-itinerante-vai-ter-15-pontos-fixos\/","url":"https:\/\/www.notibras.com\/site\/vacinacao-itinerante-vai-ter-15-pontos-fixos\/","name":"Vacina\u00e7\u00e3o itinerante vai ter 15 pontos fixos de imuniza\u00e7\u00e3o - Notibras","isPartOf":{"@id":"https:\/\/www.notibras.com\/site\/#website"},"primaryImageOfPage":{"@id":"https:\/\/www.notibras.com\/site\/vacinacao-itinerante-vai-ter-15-pontos-fixos\/#primaryimage"},"image":{"@id":"https:\/\/www.notibras.com\/site\/vacinacao-itinerante-vai-ter-15-pontos-fixos\/#primaryimage"},"thumbnailUrl":"https:\/\/www.notibras.com\/site\/wp-content\/uploads\/2022\/11\/23-02-2021-pandemia-covid-19-vacinacao-de-idosos-contra-covid-19-no-lar-cristo-rei-no-barreiro-rodrigo-clemente-pbh-9.jpg","datePublished":"2023-01-07T03:00:37+00:00","dateModified":"2023-01-07T12:25:50+00:00","breadcrumb":{"@id":"https:\/\/www.notibras.com\/site\/vacinacao-itinerante-vai-ter-15-pontos-fixos\/#breadcrumb"},"inLanguage":"pt-BR","potentialAction":[{"@type":"ReadAction","target":["https:\/\/www.notibras.com\/site\/vacinacao-itinerante-vai-ter-15-pontos-fixos\/"]}]},{"@type":"ImageObject","inLanguage":"pt-BR","@id":"https:\/\/www.notibras.com\/site\/vacinacao-itinerante-vai-ter-15-pontos-fixos\/#primaryimage","url":"https:\/\/www.notibras.com\/site\/wp-content\/uploads\/2022\/11\/23-02-2021-pandemia-covid-19-vacinacao-de-idosos-contra-covid-19-no-lar-cristo-rei-no-barreiro-rodrigo-clemente-pbh-9.jpg","contentUrl":"https:\/\/www.notibras.com\/site\/wp-content\/uploads\/2022\/11\/23-02-2021-pandemia-covid-19-vacinacao-de-idosos-contra-covid-19-no-lar-cristo-rei-no-barreiro-rodrigo-clemente-pbh-9.jpg","width":770,"height":420},{"@type":"BreadcrumbList","@id":"https:\/\/www.notibras.com\/site\/vacinacao-itinerante-vai-ter-15-pontos-fixos\/#breadcrumb","itemListElement":[{"@type":"ListItem","position":1,"name":"In\u00edcio","item":"https:\/\/www.notibras.com\/site\/"},{"@type":"ListItem","position":2,"name":"Vacina\u00e7\u00e3o itinerante vai ter 15 pontos fixos de imuniza\u00e7\u00e3o"}]},{"@type":"WebSite","@id":"https:\/\/www.notibras.com\/site\/#website","url":"https:\/\/www.notibras.com\/site\/","name":"Notibras","description":"Not\u00edcias de Bras\u00edlia, do Brasil e do Mundo","publisher":{"@id":"https:\/\/www.notibras.com\/site\/#organization"},"potentialAction":[{"@type":"SearchAction","target":{"@type":"EntryPoint","urlTemplate":"https:\/\/www.notibras.com\/site\/?s={search_term_string}"},"query-input":{"@type":"PropertyValueSpecification","valueRequired":true,"valueName":"search_term_string"}}],"inLanguage":"pt-BR"},{"@type":"Organization","@id":"https:\/\/www.notibras.com\/site\/#organization","name":"Grupo Notibras de Comunica\u00e7\u00e3o","url":"https:\/\/www.notibras.com\/site\/","logo":{"@type":"ImageObject","inLanguage":"pt-BR","@id":"https:\/\/www.notibras.com\/site\/#\/schema\/logo\/image\/","url":"https:\/\/www.notibras.com\/site\/wp-content\/uploads\/2023\/01\/notibras23.png","contentUrl":"https:\/\/www.notibras.com\/site\/wp-content\/uploads\/2023\/01\/notibras23.png","width":350,"height":87,"caption":"Grupo Notibras de Comunica\u00e7\u00e3o"},"image":{"@id":"https:\/\/www.notibras.com\/site\/#\/schema\/logo\/image\/"},"sameAs":["https:\/\/www.facebook.com\/notibras\/","https:\/\/x.com\/Notibras","https:\/\/www.instagram.com\/notibras\/"]},{"@type":"Person","@id":"https:\/\/www.notibras.com\/site\/#\/schema\/person\/36ab0979449956132d3e5b517ea76ac8","name":"Reda\u00e7\u00e3o","image":{"@type":"ImageObject","inLanguage":"pt-BR","@id":"https:\/\/secure.gravatar.com\/avatar\/e0a867bdedb85fd243eadf09663511f96fc81e0720a4a42581f334ad4303aa6b?s=96&d=mm&r=g","url":"https:\/\/secure.gravatar.com\/avatar\/e0a867bdedb85fd243eadf09663511f96fc81e0720a4a42581f334ad4303aa6b?s=96&d=mm&r=g","contentUrl":"https:\/\/secure.gravatar.com\/avatar\/e0a867bdedb85fd243eadf09663511f96fc81e0720a4a42581f334ad4303aa6b?s=96&d=mm&r=g","caption":"Reda\u00e7\u00e3o"}}]}},"amp_enabled":true,"_links":{"self":[{"href":"https:\/\/www.notibras.com\/site\/wp-json\/wp\/v2\/posts\/297403","targetHints":{"allow":["GET"]}}],"collection":[{"href":"https:\/\/www.notibras.com\/site\/wp-json\/wp\/v2\/posts"}],"about":[{"href":"https:\/\/www.notibras.com\/site\/wp-json\/wp\/v2\/types\/post"}],"author":[{"embeddable":true,"href":"https:\/\/www.notibras.com\/site\/wp-json\/wp\/v2\/users\/2"}],"replies":[{"embeddable":true,"href":"https:\/\/www.notibras.com\/site\/wp-json\/wp\/v2\/comments?post=297403"}],"version-history":[{"count":3,"href":"https:\/\/www.notibras.com\/site\/wp-json\/wp\/v2\/posts\/297403\/revisions"}],"predecessor-version":[{"id":297406,"href":"https:\/\/www.notibras.com\/site\/wp-json\/wp\/v2\/posts\/297403\/revisions\/297406"}],"wp:featuredmedia":[{"embeddable":true,"href":"https:\/\/www.notibras.com\/site\/wp-json\/wp\/v2\/media\/294522"}],"wp:attachment":[{"href":"https:\/\/www.notibras.com\/site\/wp-json\/wp\/v2\/media?parent=297403"}],"wp:term":[{"taxonomy":"category","embeddable":true,"href":"https:\/\/www.notibras.com\/site\/wp-json\/wp\/v2\/categories?post=297403"},{"taxonomy":"post_tag","embeddable":true,"href":"https:\/\/www.notibras.com\/site\/wp-json\/wp\/v2\/tags?post=297403"}],"curies":[{"name":"wp","href":"https:\/\/api.w.org\/{rel}","templated":true}]}}