{"id":297410,"date":"2023-01-07T00:02:23","date_gmt":"2023-01-07T03:02:23","guid":{"rendered":"https:\/\/www.notibras.com\/site\/?p=297410"},"modified":"2023-01-07T09:35:22","modified_gmt":"2023-01-07T12:35:22","slug":"moradores-ganham-primeira-quadra-de-tenis-de-saibro","status":"publish","type":"post","link":"https:\/\/www.notibras.com\/site\/moradores-ganham-primeira-quadra-de-tenis-de-saibro\/","title":{"rendered":"Moradores ganham primeira quadra de t\u00eanis de saibro"},"content":{"rendered":"<p>O Centro Ol\u00edmpico e Paral\u00edmpico (COP) do Recanto das Emas ser\u00e1 o primeiro do Distrito Federal a ter uma quadra de t\u00eanis de saibro. Inaugurado em 30 de dezembro, o equipamento p\u00fablico j\u00e1 conta com uma lista de 30 interessados em praticar o esporte. A quadra custou cerca de R$ 100 mil \u2013 recursos origin\u00e1rios de contrapartida social \u2013, e a constru\u00e7\u00e3o em saibro atendeu a um pedido da comunidade. As aulas ser\u00e3o realizadas nos tr\u00eas turnos, com quatro professores.<\/p>\n<p>A nova quadra de t\u00eanis servir\u00e1 para que Gesias Moreira, de 59 anos, que mora em frente ao COP, realize um sonho antigo. \u201cSempre quis jogar t\u00eanis, mas n\u00e3o tinha quadra perto de casa\u201d, conta ele, que foi o primeiro na lista de matr\u00edcula. \u201cIsso para n\u00f3s \u00e9 um sonho que se tornou realidade. Quando come\u00e7ar, estou dentro.\u201d<\/p>\n<p>O diretor do COP do Recanto das Emas, Erasmo Carlos Lopes, acredita que a nova modalidade ser\u00e1 um sucesso. \u201cAt\u00e9 agora, 30 pessoas, entre crian\u00e7as, adolescentes, adultos e idosos, procuraram matr\u00edculas\u201d, conta. A estimativa \u00e9 que em cada turno haja 30 alunos, mas esse detalhe ainda ser\u00e1 definido com os instrutores.<\/p>\n<p>Erasmo j\u00e1 pensa em organizar torneios na nova quadra. \u201cAs atividades do COP ser\u00e3o retomadas no dia 12, e a partir da\u00ed vamos nos reunir para marcar um torneio\u201d, anuncia. A ideia \u00e9 deixar tudo organizado para quando as aulas come\u00e7arem.<\/p>\n<p>Com 8 mil alunos divididos em tr\u00eas turnos, o COP do Recanto das Emas oferece 20 modalidades. Para atender essas turmas, existem 20 professores. O programa Centros Ol\u00edmpicos e Paral\u00edmpicos, da Secretaria de Esporte e Lazer (SEL), \u00e9 apresentado no site da pasta como uma iniciativa que tem \u201ca finalidade de assegurar o atendimento socioeducativo por meio da pr\u00e1tica esportiva, ofertando atividades em que os valores como coopera\u00e7\u00e3o, solidariedade, pensamento cr\u00edtico e autoestima propiciem enriquecimentos internos, transformando assim as express\u00f5es da sua conduta\u201d.<\/p>\n","protected":false},"excerpt":{"rendered":"<p>O Centro Ol\u00edmpico e Paral\u00edmpico (COP) do Recanto das Emas ser\u00e1 o primeiro do Distrito Federal a ter uma quadra de t\u00eanis de saibro. Inaugurado em 30 de dezembro, o equipamento p\u00fablico j\u00e1 conta com uma lista de 30 interessados em praticar o esporte. A quadra custou cerca de R$ 100 mil \u2013 recursos origin\u00e1rios [&hellip;]<\/p>\n","protected":false},"author":2,"featured_media":297411,"comment_status":"closed","ping_status":"closed","sticky":false,"template":"","format":"standard","meta":{"_acf_changed":false,"footnotes":""},"categories":[161],"tags":[],"class_list":["post-297410","post","type-post","status-publish","format-standard","has-post-thumbnail","hentry","category-quadradinho-em-foco"],"acf":[],"yoast_head":"<!-- This site is optimized with the Yoast SEO plugin v27.2 - https:\/\/yoast.com\/product\/yoast-seo-wordpress\/ -->\n<title>Moradores ganham primeira quadra de t\u00eanis de saibro - Notibras<\/title>\n<meta name=\"robots\" content=\"index, follow, max-snippet:-1, max-image-preview:large, max-video-preview:-1\" \/>\n<link rel=\"canonical\" href=\"https:\/\/www.notibras.com\/site\/moradores-ganham-primeira-quadra-de-tenis-de-saibro\/\" \/>\n<meta property=\"og:locale\" content=\"pt_BR\" \/>\n<meta property=\"og:type\" content=\"article\" \/>\n<meta property=\"og:title\" content=\"Moradores ganham primeira quadra de t\u00eanis de saibro - Notibras\" \/>\n<meta property=\"og:description\" content=\"O Centro Ol\u00edmpico e Paral\u00edmpico (COP) do Recanto das Emas ser\u00e1 o primeiro do Distrito Federal a ter uma quadra de t\u00eanis de saibro. Inaugurado em 30 de dezembro, o equipamento p\u00fablico j\u00e1 conta com uma lista de 30 interessados em praticar o esporte. A quadra custou cerca de R$ 100 mil \u2013 recursos origin\u00e1rios [&hellip;]\" \/>\n<meta property=\"og:url\" content=\"https:\/\/www.notibras.com\/site\/moradores-ganham-primeira-quadra-de-tenis-de-saibro\/\" \/>\n<meta property=\"og:site_name\" content=\"Notibras\" \/>\n<meta property=\"article:publisher\" content=\"https:\/\/www.facebook.com\/notibras\/\" \/>\n<meta property=\"article:published_time\" content=\"2023-01-07T03:02:23+00:00\" \/>\n<meta property=\"article:modified_time\" content=\"2023-01-07T12:35:22+00:00\" \/>\n<meta property=\"og:image\" content=\"https:\/\/www.notibras.com\/site\/wp-content\/uploads\/2023\/01\/DENTRO-JRO_0123-1536x1024-1.jpg\" \/>\n\t<meta property=\"og:image:width\" content=\"1536\" \/>\n\t<meta property=\"og:image:height\" content=\"1024\" \/>\n\t<meta property=\"og:image:type\" content=\"image\/jpeg\" \/>\n<meta name=\"author\" content=\"Reda\u00e7\u00e3o\" \/>\n<meta name=\"twitter:card\" content=\"summary_large_image\" \/>\n<meta name=\"twitter:creator\" content=\"@Notibras\" \/>\n<meta name=\"twitter:site\" content=\"@Notibras\" \/>\n<meta name=\"twitter:label1\" content=\"Escrito por\" \/>\n\t<meta name=\"twitter:data1\" content=\"Reda\u00e7\u00e3o\" \/>\n\t<meta name=\"twitter:label2\" content=\"Est. tempo de leitura\" \/>\n\t<meta name=\"twitter:data2\" content=\"2 minutos\" \/>\n<script type=\"application\/ld+json\" class=\"yoast-schema-graph\">{\"@context\":\"https:\/\/schema.org\",\"@graph\":[{\"@type\":\"Article\",\"@id\":\"https:\/\/www.notibras.com\/site\/moradores-ganham-primeira-quadra-de-tenis-de-saibro\/#article\",\"isPartOf\":{\"@id\":\"https:\/\/www.notibras.com\/site\/moradores-ganham-primeira-quadra-de-tenis-de-saibro\/\"},\"author\":{\"name\":\"Reda\u00e7\u00e3o\",\"@id\":\"https:\/\/www.notibras.com\/site\/#\/schema\/person\/36ab0979449956132d3e5b517ea76ac8\"},\"headline\":\"Moradores ganham primeira quadra de t\u00eanis de saibro\",\"datePublished\":\"2023-01-07T03:02:23+00:00\",\"dateModified\":\"2023-01-07T12:35:22+00:00\",\"mainEntityOfPage\":{\"@id\":\"https:\/\/www.notibras.com\/site\/moradores-ganham-primeira-quadra-de-tenis-de-saibro\/\"},\"wordCount\":331,\"publisher\":{\"@id\":\"https:\/\/www.notibras.com\/site\/#organization\"},\"image\":{\"@id\":\"https:\/\/www.notibras.com\/site\/moradores-ganham-primeira-quadra-de-tenis-de-saibro\/#primaryimage\"},\"thumbnailUrl\":\"https:\/\/www.notibras.com\/site\/wp-content\/uploads\/2023\/01\/DENTRO-JRO_0123-1536x1024-1.jpg\",\"articleSection\":[\"Quadradinho em Foco\"],\"inLanguage\":\"pt-BR\"},{\"@type\":\"WebPage\",\"@id\":\"https:\/\/www.notibras.com\/site\/moradores-ganham-primeira-quadra-de-tenis-de-saibro\/\",\"url\":\"https:\/\/www.notibras.com\/site\/moradores-ganham-primeira-quadra-de-tenis-de-saibro\/\",\"name\":\"Moradores ganham primeira quadra de t\u00eanis de saibro - Notibras\",\"isPartOf\":{\"@id\":\"https:\/\/www.notibras.com\/site\/#website\"},\"primaryImageOfPage\":{\"@id\":\"https:\/\/www.notibras.com\/site\/moradores-ganham-primeira-quadra-de-tenis-de-saibro\/#primaryimage\"},\"image\":{\"@id\":\"https:\/\/www.notibras.com\/site\/moradores-ganham-primeira-quadra-de-tenis-de-saibro\/#primaryimage\"},\"thumbnailUrl\":\"https:\/\/www.notibras.com\/site\/wp-content\/uploads\/2023\/01\/DENTRO-JRO_0123-1536x1024-1.jpg\",\"datePublished\":\"2023-01-07T03:02:23+00:00\",\"dateModified\":\"2023-01-07T12:35:22+00:00\",\"breadcrumb\":{\"@id\":\"https:\/\/www.notibras.com\/site\/moradores-ganham-primeira-quadra-de-tenis-de-saibro\/#breadcrumb\"},\"inLanguage\":\"pt-BR\",\"potentialAction\":[{\"@type\":\"ReadAction\",\"target\":[\"https:\/\/www.notibras.com\/site\/moradores-ganham-primeira-quadra-de-tenis-de-saibro\/\"]}]},{\"@type\":\"ImageObject\",\"inLanguage\":\"pt-BR\",\"@id\":\"https:\/\/www.notibras.com\/site\/moradores-ganham-primeira-quadra-de-tenis-de-saibro\/#primaryimage\",\"url\":\"https:\/\/www.notibras.com\/site\/wp-content\/uploads\/2023\/01\/DENTRO-JRO_0123-1536x1024-1.jpg\",\"contentUrl\":\"https:\/\/www.notibras.com\/site\/wp-content\/uploads\/2023\/01\/DENTRO-JRO_0123-1536x1024-1.jpg\",\"width\":1536,\"height\":1024},{\"@type\":\"BreadcrumbList\",\"@id\":\"https:\/\/www.notibras.com\/site\/moradores-ganham-primeira-quadra-de-tenis-de-saibro\/#breadcrumb\",\"itemListElement\":[{\"@type\":\"ListItem\",\"position\":1,\"name\":\"In\u00edcio\",\"item\":\"https:\/\/www.notibras.com\/site\/\"},{\"@type\":\"ListItem\",\"position\":2,\"name\":\"Moradores ganham primeira quadra de t\u00eanis de saibro\"}]},{\"@type\":\"WebSite\",\"@id\":\"https:\/\/www.notibras.com\/site\/#website\",\"url\":\"https:\/\/www.notibras.com\/site\/\",\"name\":\"Notibras\",\"description\":\"Not\u00edcias de Bras\u00edlia, do Brasil e do Mundo\",\"publisher\":{\"@id\":\"https:\/\/www.notibras.com\/site\/#organization\"},\"potentialAction\":[{\"@type\":\"SearchAction\",\"target\":{\"@type\":\"EntryPoint\",\"urlTemplate\":\"https:\/\/www.notibras.com\/site\/?s={search_term_string}\"},\"query-input\":{\"@type\":\"PropertyValueSpecification\",\"valueRequired\":true,\"valueName\":\"search_term_string\"}}],\"inLanguage\":\"pt-BR\"},{\"@type\":\"Organization\",\"@id\":\"https:\/\/www.notibras.com\/site\/#organization\",\"name\":\"Grupo Notibras de Comunica\u00e7\u00e3o\",\"url\":\"https:\/\/www.notibras.com\/site\/\",\"logo\":{\"@type\":\"ImageObject\",\"inLanguage\":\"pt-BR\",\"@id\":\"https:\/\/www.notibras.com\/site\/#\/schema\/logo\/image\/\",\"url\":\"https:\/\/www.notibras.com\/site\/wp-content\/uploads\/2023\/01\/notibras23.png\",\"contentUrl\":\"https:\/\/www.notibras.com\/site\/wp-content\/uploads\/2023\/01\/notibras23.png\",\"width\":350,\"height\":87,\"caption\":\"Grupo Notibras de Comunica\u00e7\u00e3o\"},\"image\":{\"@id\":\"https:\/\/www.notibras.com\/site\/#\/schema\/logo\/image\/\"},\"sameAs\":[\"https:\/\/www.facebook.com\/notibras\/\",\"https:\/\/x.com\/Notibras\",\"https:\/\/www.instagram.com\/notibras\/\"]},{\"@type\":\"Person\",\"@id\":\"https:\/\/www.notibras.com\/site\/#\/schema\/person\/36ab0979449956132d3e5b517ea76ac8\",\"name\":\"Reda\u00e7\u00e3o\",\"image\":{\"@type\":\"ImageObject\",\"inLanguage\":\"pt-BR\",\"@id\":\"https:\/\/secure.gravatar.com\/avatar\/e0a867bdedb85fd243eadf09663511f96fc81e0720a4a42581f334ad4303aa6b?s=96&d=mm&r=g\",\"url\":\"https:\/\/secure.gravatar.com\/avatar\/e0a867bdedb85fd243eadf09663511f96fc81e0720a4a42581f334ad4303aa6b?s=96&d=mm&r=g\",\"contentUrl\":\"https:\/\/secure.gravatar.com\/avatar\/e0a867bdedb85fd243eadf09663511f96fc81e0720a4a42581f334ad4303aa6b?s=96&d=mm&r=g\",\"caption\":\"Reda\u00e7\u00e3o\"}}]}<\/script>\n<!-- \/ Yoast SEO plugin. -->","yoast_head_json":{"title":"Moradores ganham primeira quadra de t\u00eanis de saibro - Notibras","robots":{"index":"index","follow":"follow","max-snippet":"max-snippet:-1","max-image-preview":"max-image-preview:large","max-video-preview":"max-video-preview:-1"},"canonical":"https:\/\/www.notibras.com\/site\/moradores-ganham-primeira-quadra-de-tenis-de-saibro\/","og_locale":"pt_BR","og_type":"article","og_title":"Moradores ganham primeira quadra de t\u00eanis de saibro - Notibras","og_description":"O Centro Ol\u00edmpico e Paral\u00edmpico (COP) do Recanto das Emas ser\u00e1 o primeiro do Distrito Federal a ter uma quadra de t\u00eanis de saibro. Inaugurado em 30 de dezembro, o equipamento p\u00fablico j\u00e1 conta com uma lista de 30 interessados em praticar o esporte. A quadra custou cerca de R$ 100 mil \u2013 recursos origin\u00e1rios [&hellip;]","og_url":"https:\/\/www.notibras.com\/site\/moradores-ganham-primeira-quadra-de-tenis-de-saibro\/","og_site_name":"Notibras","article_publisher":"https:\/\/www.facebook.com\/notibras\/","article_published_time":"2023-01-07T03:02:23+00:00","article_modified_time":"2023-01-07T12:35:22+00:00","og_image":[{"width":1536,"height":1024,"url":"https:\/\/www.notibras.com\/site\/wp-content\/uploads\/2023\/01\/DENTRO-JRO_0123-1536x1024-1.jpg","type":"image\/jpeg"}],"author":"Reda\u00e7\u00e3o","twitter_card":"summary_large_image","twitter_creator":"@Notibras","twitter_site":"@Notibras","twitter_misc":{"Escrito por":"Reda\u00e7\u00e3o","Est. tempo de leitura":"2 minutos"},"schema":{"@context":"https:\/\/schema.org","@graph":[{"@type":"Article","@id":"https:\/\/www.notibras.com\/site\/moradores-ganham-primeira-quadra-de-tenis-de-saibro\/#article","isPartOf":{"@id":"https:\/\/www.notibras.com\/site\/moradores-ganham-primeira-quadra-de-tenis-de-saibro\/"},"author":{"name":"Reda\u00e7\u00e3o","@id":"https:\/\/www.notibras.com\/site\/#\/schema\/person\/36ab0979449956132d3e5b517ea76ac8"},"headline":"Moradores ganham primeira quadra de t\u00eanis de saibro","datePublished":"2023-01-07T03:02:23+00:00","dateModified":"2023-01-07T12:35:22+00:00","mainEntityOfPage":{"@id":"https:\/\/www.notibras.com\/site\/moradores-ganham-primeira-quadra-de-tenis-de-saibro\/"},"wordCount":331,"publisher":{"@id":"https:\/\/www.notibras.com\/site\/#organization"},"image":{"@id":"https:\/\/www.notibras.com\/site\/moradores-ganham-primeira-quadra-de-tenis-de-saibro\/#primaryimage"},"thumbnailUrl":"https:\/\/www.notibras.com\/site\/wp-content\/uploads\/2023\/01\/DENTRO-JRO_0123-1536x1024-1.jpg","articleSection":["Quadradinho em Foco"],"inLanguage":"pt-BR"},{"@type":"WebPage","@id":"https:\/\/www.notibras.com\/site\/moradores-ganham-primeira-quadra-de-tenis-de-saibro\/","url":"https:\/\/www.notibras.com\/site\/moradores-ganham-primeira-quadra-de-tenis-de-saibro\/","name":"Moradores ganham primeira quadra de t\u00eanis de saibro - Notibras","isPartOf":{"@id":"https:\/\/www.notibras.com\/site\/#website"},"primaryImageOfPage":{"@id":"https:\/\/www.notibras.com\/site\/moradores-ganham-primeira-quadra-de-tenis-de-saibro\/#primaryimage"},"image":{"@id":"https:\/\/www.notibras.com\/site\/moradores-ganham-primeira-quadra-de-tenis-de-saibro\/#primaryimage"},"thumbnailUrl":"https:\/\/www.notibras.com\/site\/wp-content\/uploads\/2023\/01\/DENTRO-JRO_0123-1536x1024-1.jpg","datePublished":"2023-01-07T03:02:23+00:00","dateModified":"2023-01-07T12:35:22+00:00","breadcrumb":{"@id":"https:\/\/www.notibras.com\/site\/moradores-ganham-primeira-quadra-de-tenis-de-saibro\/#breadcrumb"},"inLanguage":"pt-BR","potentialAction":[{"@type":"ReadAction","target":["https:\/\/www.notibras.com\/site\/moradores-ganham-primeira-quadra-de-tenis-de-saibro\/"]}]},{"@type":"ImageObject","inLanguage":"pt-BR","@id":"https:\/\/www.notibras.com\/site\/moradores-ganham-primeira-quadra-de-tenis-de-saibro\/#primaryimage","url":"https:\/\/www.notibras.com\/site\/wp-content\/uploads\/2023\/01\/DENTRO-JRO_0123-1536x1024-1.jpg","contentUrl":"https:\/\/www.notibras.com\/site\/wp-content\/uploads\/2023\/01\/DENTRO-JRO_0123-1536x1024-1.jpg","width":1536,"height":1024},{"@type":"BreadcrumbList","@id":"https:\/\/www.notibras.com\/site\/moradores-ganham-primeira-quadra-de-tenis-de-saibro\/#breadcrumb","itemListElement":[{"@type":"ListItem","position":1,"name":"In\u00edcio","item":"https:\/\/www.notibras.com\/site\/"},{"@type":"ListItem","position":2,"name":"Moradores ganham primeira quadra de t\u00eanis de saibro"}]},{"@type":"WebSite","@id":"https:\/\/www.notibras.com\/site\/#website","url":"https:\/\/www.notibras.com\/site\/","name":"Notibras","description":"Not\u00edcias de Bras\u00edlia, do Brasil e do Mundo","publisher":{"@id":"https:\/\/www.notibras.com\/site\/#organization"},"potentialAction":[{"@type":"SearchAction","target":{"@type":"EntryPoint","urlTemplate":"https:\/\/www.notibras.com\/site\/?s={search_term_string}"},"query-input":{"@type":"PropertyValueSpecification","valueRequired":true,"valueName":"search_term_string"}}],"inLanguage":"pt-BR"},{"@type":"Organization","@id":"https:\/\/www.notibras.com\/site\/#organization","name":"Grupo Notibras de Comunica\u00e7\u00e3o","url":"https:\/\/www.notibras.com\/site\/","logo":{"@type":"ImageObject","inLanguage":"pt-BR","@id":"https:\/\/www.notibras.com\/site\/#\/schema\/logo\/image\/","url":"https:\/\/www.notibras.com\/site\/wp-content\/uploads\/2023\/01\/notibras23.png","contentUrl":"https:\/\/www.notibras.com\/site\/wp-content\/uploads\/2023\/01\/notibras23.png","width":350,"height":87,"caption":"Grupo Notibras de Comunica\u00e7\u00e3o"},"image":{"@id":"https:\/\/www.notibras.com\/site\/#\/schema\/logo\/image\/"},"sameAs":["https:\/\/www.facebook.com\/notibras\/","https:\/\/x.com\/Notibras","https:\/\/www.instagram.com\/notibras\/"]},{"@type":"Person","@id":"https:\/\/www.notibras.com\/site\/#\/schema\/person\/36ab0979449956132d3e5b517ea76ac8","name":"Reda\u00e7\u00e3o","image":{"@type":"ImageObject","inLanguage":"pt-BR","@id":"https:\/\/secure.gravatar.com\/avatar\/e0a867bdedb85fd243eadf09663511f96fc81e0720a4a42581f334ad4303aa6b?s=96&d=mm&r=g","url":"https:\/\/secure.gravatar.com\/avatar\/e0a867bdedb85fd243eadf09663511f96fc81e0720a4a42581f334ad4303aa6b?s=96&d=mm&r=g","contentUrl":"https:\/\/secure.gravatar.com\/avatar\/e0a867bdedb85fd243eadf09663511f96fc81e0720a4a42581f334ad4303aa6b?s=96&d=mm&r=g","caption":"Reda\u00e7\u00e3o"}}]}},"amp_enabled":true,"_links":{"self":[{"href":"https:\/\/www.notibras.com\/site\/wp-json\/wp\/v2\/posts\/297410","targetHints":{"allow":["GET"]}}],"collection":[{"href":"https:\/\/www.notibras.com\/site\/wp-json\/wp\/v2\/posts"}],"about":[{"href":"https:\/\/www.notibras.com\/site\/wp-json\/wp\/v2\/types\/post"}],"author":[{"embeddable":true,"href":"https:\/\/www.notibras.com\/site\/wp-json\/wp\/v2\/users\/2"}],"replies":[{"embeddable":true,"href":"https:\/\/www.notibras.com\/site\/wp-json\/wp\/v2\/comments?post=297410"}],"version-history":[{"count":1,"href":"https:\/\/www.notibras.com\/site\/wp-json\/wp\/v2\/posts\/297410\/revisions"}],"predecessor-version":[{"id":297412,"href":"https:\/\/www.notibras.com\/site\/wp-json\/wp\/v2\/posts\/297410\/revisions\/297412"}],"wp:featuredmedia":[{"embeddable":true,"href":"https:\/\/www.notibras.com\/site\/wp-json\/wp\/v2\/media\/297411"}],"wp:attachment":[{"href":"https:\/\/www.notibras.com\/site\/wp-json\/wp\/v2\/media?parent=297410"}],"wp:term":[{"taxonomy":"category","embeddable":true,"href":"https:\/\/www.notibras.com\/site\/wp-json\/wp\/v2\/categories?post=297410"},{"taxonomy":"post_tag","embeddable":true,"href":"https:\/\/www.notibras.com\/site\/wp-json\/wp\/v2\/tags?post=297410"}],"curies":[{"name":"wp","href":"https:\/\/api.w.org\/{rel}","templated":true}]}}