{"id":297413,"date":"2023-01-07T06:36:47","date_gmt":"2023-01-07T09:36:47","guid":{"rendered":"https:\/\/www.notibras.com\/site\/?p=297413"},"modified":"2023-01-07T09:40:51","modified_gmt":"2023-01-07T12:40:51","slug":"comeca-corrida-para-garantir-uma-vaga-no-eja","status":"publish","type":"post","link":"https:\/\/www.notibras.com\/site\/comeca-corrida-para-garantir-uma-vaga-no-eja\/","title":{"rendered":"Come\u00e7a corrida para garantir uma vaga no EJA"},"content":{"rendered":"<p>Come\u00e7ou o per\u00edodo para matr\u00edcula na Educa\u00e7\u00e3o de Jovens e Adultos (EJA) na rede p\u00fablica de ensino do DF. At\u00e9 o dia 10 est\u00e3o sendo matriculados os pretendentes que fizeram inscri\u00e7\u00e3o entre os dias 2 e 14 de novembro de 2022. J\u00e1 para novos alunos, as matr\u00edculas podem ser feitas a partir do dia 15 deste m\u00eas deu janeiro em qualquer escola mais pr\u00f3xima da resid\u00eancia ou trabalho do interessado.<\/p>\n<p>A Educa\u00e7\u00e3o de Jovens e Adultos \u00e9 destinada a quem, por diferentes motivos, n\u00e3o concluiu a educa\u00e7\u00e3o b\u00e1sica (ensino fundamental e m\u00e9dio) ou nunca teve a oportunidade de estudar | Foto: Tony Oliveira \/ Ag\u00eancia Bras\u00edlia<\/p>\n<p>No total, 93 unidades escolares, das 14 coordena\u00e7\u00f5es regionais de ensino que atendem todas as RAs do DF, oferecem a modalidade EJA (confira lista anexa). \u201cAs inscri\u00e7\u00f5es do grupo que n\u00e3o fizeram as matr\u00edculas pr\u00e9vias acontecem o ano inteiro, ininterruptamente\u201d, explica a diretora da Educa\u00e7\u00e3o de Jovens e Adultos,Lilian Sena.<\/p>\n<p>A Educa\u00e7\u00e3o de Jovens e Adultos (EJA) \u00e9 destinada \u00e0s pessoas jovens, adultas e idosas que, por diferentes motivos, n\u00e3o conclu\u00edram a educa\u00e7\u00e3o b\u00e1sica, ou seja, o ensino fundamental e m\u00e9dio, ou nunca tiveram a oportunidade de estudar. \u201cN\u00f3s atendemos todas e todos, sem nenhuma restri\u00e7\u00e3o\u201d, salienta a diretora do EJA. \u201cComo exemplo, posso citar o nosso atendimento nos estabelecimentos penais, voltado \u00e0s pessoas privadas de liberdade e \u00e0s escolas do campo e o atendimento \u00e0s pessoas em situa\u00e7\u00e3o de rua, realizado pela Escola Meninos e Meninas do Parque\u201d, diz.<\/p>\n<p>No Distrito Federal, a EJA \u00e9 organizada em tr\u00eas segmentos. O primeiro corresponde aos anos iniciais do ensino fundamental. Neste segmento, as pessoas iniciar\u00e3o e consolidar\u00e3o o processo de alfabetiza\u00e7\u00e3o. O segundo segmento corresponde aos anos finais do ensino fundamental. J\u00e1 o terceiro segmento corresponde ao ensino m\u00e9dio. Para se matricular nos primeiro e segundo segmentos, a idade m\u00ednima \u00e9 de 15 anos completos. Para se matricular no terceiro segmento, a idade m\u00ednima \u00e9 de 18 anos completos.<\/p>\n<p>\u201cAs matr\u00edculas sempre est\u00e3o condicionadas \u00e0 capacidade de atendimento de cada unidade escolar. Por\u00e9m, no caso da EJA, n\u00e3o temos problemas com quantitativo de vagas\u201d, refor\u00e7a Lilian Sena. \u201cSempre temos vagas, porque a nossa oferta \u00e9 descentralizada\u201d . Informa\u00e7\u00f5es sobre matr\u00edculas podem ser obtidas na Diretoria de Educa\u00e7\u00e3o de Jovens e Adultos, pelo telefone 3901-3284.<\/p>\n","protected":false},"excerpt":{"rendered":"<p>Come\u00e7ou o per\u00edodo para matr\u00edcula na Educa\u00e7\u00e3o de Jovens e Adultos (EJA) na rede p\u00fablica de ensino do DF. At\u00e9 o dia 10 est\u00e3o sendo matriculados os pretendentes que fizeram inscri\u00e7\u00e3o entre os dias 2 e 14 de novembro de 2022. J\u00e1 para novos alunos, as matr\u00edculas podem ser feitas a partir do dia 15 [&hellip;]<\/p>\n","protected":false},"author":2,"featured_media":297414,"comment_status":"closed","ping_status":"closed","sticky":false,"template":"","format":"standard","meta":{"_acf_changed":false,"footnotes":""},"categories":[161],"tags":[],"class_list":["post-297413","post","type-post","status-publish","format-standard","has-post-thumbnail","hentry","category-quadradinho-em-foco"],"acf":[],"yoast_head":"<!-- This site is optimized with the Yoast SEO plugin v27.2 - https:\/\/yoast.com\/product\/yoast-seo-wordpress\/ -->\n<title>Come\u00e7a corrida para garantir uma vaga no EJA - Notibras<\/title>\n<meta name=\"robots\" content=\"index, follow, max-snippet:-1, max-image-preview:large, max-video-preview:-1\" \/>\n<link rel=\"canonical\" href=\"https:\/\/www.notibras.com\/site\/comeca-corrida-para-garantir-uma-vaga-no-eja\/\" \/>\n<meta property=\"og:locale\" content=\"pt_BR\" \/>\n<meta property=\"og:type\" content=\"article\" \/>\n<meta property=\"og:title\" content=\"Come\u00e7a corrida para garantir uma vaga no EJA - Notibras\" \/>\n<meta property=\"og:description\" content=\"Come\u00e7ou o per\u00edodo para matr\u00edcula na Educa\u00e7\u00e3o de Jovens e Adultos (EJA) na rede p\u00fablica de ensino do DF. At\u00e9 o dia 10 est\u00e3o sendo matriculados os pretendentes que fizeram inscri\u00e7\u00e3o entre os dias 2 e 14 de novembro de 2022. J\u00e1 para novos alunos, as matr\u00edculas podem ser feitas a partir do dia 15 [&hellip;]\" \/>\n<meta property=\"og:url\" content=\"https:\/\/www.notibras.com\/site\/comeca-corrida-para-garantir-uma-vaga-no-eja\/\" \/>\n<meta property=\"og:site_name\" content=\"Notibras\" \/>\n<meta property=\"article:publisher\" content=\"https:\/\/www.facebook.com\/notibras\/\" \/>\n<meta property=\"article:published_time\" content=\"2023-01-07T09:36:47+00:00\" \/>\n<meta property=\"article:modified_time\" content=\"2023-01-07T12:40:51+00:00\" \/>\n<meta property=\"og:image\" content=\"https:\/\/www.notibras.com\/site\/wp-content\/uploads\/2023\/01\/Foto-Tony-Oliveira-3-1536x1024-1.jpg\" \/>\n\t<meta property=\"og:image:width\" content=\"1536\" \/>\n\t<meta property=\"og:image:height\" content=\"1024\" \/>\n\t<meta property=\"og:image:type\" content=\"image\/jpeg\" \/>\n<meta name=\"author\" content=\"Reda\u00e7\u00e3o\" \/>\n<meta name=\"twitter:card\" content=\"summary_large_image\" \/>\n<meta name=\"twitter:creator\" content=\"@Notibras\" \/>\n<meta name=\"twitter:site\" content=\"@Notibras\" \/>\n<meta name=\"twitter:label1\" content=\"Escrito por\" \/>\n\t<meta name=\"twitter:data1\" content=\"Reda\u00e7\u00e3o\" \/>\n\t<meta name=\"twitter:label2\" content=\"Est. tempo de leitura\" \/>\n\t<meta name=\"twitter:data2\" content=\"3 minutos\" \/>\n<script type=\"application\/ld+json\" class=\"yoast-schema-graph\">{\"@context\":\"https:\/\/schema.org\",\"@graph\":[{\"@type\":\"Article\",\"@id\":\"https:\/\/www.notibras.com\/site\/comeca-corrida-para-garantir-uma-vaga-no-eja\/#article\",\"isPartOf\":{\"@id\":\"https:\/\/www.notibras.com\/site\/comeca-corrida-para-garantir-uma-vaga-no-eja\/\"},\"author\":{\"name\":\"Reda\u00e7\u00e3o\",\"@id\":\"https:\/\/www.notibras.com\/site\/#\/schema\/person\/36ab0979449956132d3e5b517ea76ac8\"},\"headline\":\"Come\u00e7a corrida para garantir uma vaga no EJA\",\"datePublished\":\"2023-01-07T09:36:47+00:00\",\"dateModified\":\"2023-01-07T12:40:51+00:00\",\"mainEntityOfPage\":{\"@id\":\"https:\/\/www.notibras.com\/site\/comeca-corrida-para-garantir-uma-vaga-no-eja\/\"},\"wordCount\":418,\"publisher\":{\"@id\":\"https:\/\/www.notibras.com\/site\/#organization\"},\"image\":{\"@id\":\"https:\/\/www.notibras.com\/site\/comeca-corrida-para-garantir-uma-vaga-no-eja\/#primaryimage\"},\"thumbnailUrl\":\"https:\/\/www.notibras.com\/site\/wp-content\/uploads\/2023\/01\/Foto-Tony-Oliveira-3-1536x1024-1.jpg\",\"articleSection\":[\"Quadradinho em Foco\"],\"inLanguage\":\"pt-BR\"},{\"@type\":\"WebPage\",\"@id\":\"https:\/\/www.notibras.com\/site\/comeca-corrida-para-garantir-uma-vaga-no-eja\/\",\"url\":\"https:\/\/www.notibras.com\/site\/comeca-corrida-para-garantir-uma-vaga-no-eja\/\",\"name\":\"Come\u00e7a corrida para garantir uma vaga no EJA - Notibras\",\"isPartOf\":{\"@id\":\"https:\/\/www.notibras.com\/site\/#website\"},\"primaryImageOfPage\":{\"@id\":\"https:\/\/www.notibras.com\/site\/comeca-corrida-para-garantir-uma-vaga-no-eja\/#primaryimage\"},\"image\":{\"@id\":\"https:\/\/www.notibras.com\/site\/comeca-corrida-para-garantir-uma-vaga-no-eja\/#primaryimage\"},\"thumbnailUrl\":\"https:\/\/www.notibras.com\/site\/wp-content\/uploads\/2023\/01\/Foto-Tony-Oliveira-3-1536x1024-1.jpg\",\"datePublished\":\"2023-01-07T09:36:47+00:00\",\"dateModified\":\"2023-01-07T12:40:51+00:00\",\"breadcrumb\":{\"@id\":\"https:\/\/www.notibras.com\/site\/comeca-corrida-para-garantir-uma-vaga-no-eja\/#breadcrumb\"},\"inLanguage\":\"pt-BR\",\"potentialAction\":[{\"@type\":\"ReadAction\",\"target\":[\"https:\/\/www.notibras.com\/site\/comeca-corrida-para-garantir-uma-vaga-no-eja\/\"]}]},{\"@type\":\"ImageObject\",\"inLanguage\":\"pt-BR\",\"@id\":\"https:\/\/www.notibras.com\/site\/comeca-corrida-para-garantir-uma-vaga-no-eja\/#primaryimage\",\"url\":\"https:\/\/www.notibras.com\/site\/wp-content\/uploads\/2023\/01\/Foto-Tony-Oliveira-3-1536x1024-1.jpg\",\"contentUrl\":\"https:\/\/www.notibras.com\/site\/wp-content\/uploads\/2023\/01\/Foto-Tony-Oliveira-3-1536x1024-1.jpg\",\"width\":1536,\"height\":1024},{\"@type\":\"BreadcrumbList\",\"@id\":\"https:\/\/www.notibras.com\/site\/comeca-corrida-para-garantir-uma-vaga-no-eja\/#breadcrumb\",\"itemListElement\":[{\"@type\":\"ListItem\",\"position\":1,\"name\":\"In\u00edcio\",\"item\":\"https:\/\/www.notibras.com\/site\/\"},{\"@type\":\"ListItem\",\"position\":2,\"name\":\"Come\u00e7a corrida para garantir uma vaga no EJA\"}]},{\"@type\":\"WebSite\",\"@id\":\"https:\/\/www.notibras.com\/site\/#website\",\"url\":\"https:\/\/www.notibras.com\/site\/\",\"name\":\"Notibras\",\"description\":\"Not\u00edcias de Bras\u00edlia, do Brasil e do Mundo\",\"publisher\":{\"@id\":\"https:\/\/www.notibras.com\/site\/#organization\"},\"potentialAction\":[{\"@type\":\"SearchAction\",\"target\":{\"@type\":\"EntryPoint\",\"urlTemplate\":\"https:\/\/www.notibras.com\/site\/?s={search_term_string}\"},\"query-input\":{\"@type\":\"PropertyValueSpecification\",\"valueRequired\":true,\"valueName\":\"search_term_string\"}}],\"inLanguage\":\"pt-BR\"},{\"@type\":\"Organization\",\"@id\":\"https:\/\/www.notibras.com\/site\/#organization\",\"name\":\"Grupo Notibras de Comunica\u00e7\u00e3o\",\"url\":\"https:\/\/www.notibras.com\/site\/\",\"logo\":{\"@type\":\"ImageObject\",\"inLanguage\":\"pt-BR\",\"@id\":\"https:\/\/www.notibras.com\/site\/#\/schema\/logo\/image\/\",\"url\":\"https:\/\/www.notibras.com\/site\/wp-content\/uploads\/2023\/01\/notibras23.png\",\"contentUrl\":\"https:\/\/www.notibras.com\/site\/wp-content\/uploads\/2023\/01\/notibras23.png\",\"width\":350,\"height\":87,\"caption\":\"Grupo Notibras de Comunica\u00e7\u00e3o\"},\"image\":{\"@id\":\"https:\/\/www.notibras.com\/site\/#\/schema\/logo\/image\/\"},\"sameAs\":[\"https:\/\/www.facebook.com\/notibras\/\",\"https:\/\/x.com\/Notibras\",\"https:\/\/www.instagram.com\/notibras\/\"]},{\"@type\":\"Person\",\"@id\":\"https:\/\/www.notibras.com\/site\/#\/schema\/person\/36ab0979449956132d3e5b517ea76ac8\",\"name\":\"Reda\u00e7\u00e3o\",\"image\":{\"@type\":\"ImageObject\",\"inLanguage\":\"pt-BR\",\"@id\":\"https:\/\/secure.gravatar.com\/avatar\/e0a867bdedb85fd243eadf09663511f96fc81e0720a4a42581f334ad4303aa6b?s=96&d=mm&r=g\",\"url\":\"https:\/\/secure.gravatar.com\/avatar\/e0a867bdedb85fd243eadf09663511f96fc81e0720a4a42581f334ad4303aa6b?s=96&d=mm&r=g\",\"contentUrl\":\"https:\/\/secure.gravatar.com\/avatar\/e0a867bdedb85fd243eadf09663511f96fc81e0720a4a42581f334ad4303aa6b?s=96&d=mm&r=g\",\"caption\":\"Reda\u00e7\u00e3o\"}}]}<\/script>\n<!-- \/ Yoast SEO plugin. -->","yoast_head_json":{"title":"Come\u00e7a corrida para garantir uma vaga no EJA - Notibras","robots":{"index":"index","follow":"follow","max-snippet":"max-snippet:-1","max-image-preview":"max-image-preview:large","max-video-preview":"max-video-preview:-1"},"canonical":"https:\/\/www.notibras.com\/site\/comeca-corrida-para-garantir-uma-vaga-no-eja\/","og_locale":"pt_BR","og_type":"article","og_title":"Come\u00e7a corrida para garantir uma vaga no EJA - Notibras","og_description":"Come\u00e7ou o per\u00edodo para matr\u00edcula na Educa\u00e7\u00e3o de Jovens e Adultos (EJA) na rede p\u00fablica de ensino do DF. At\u00e9 o dia 10 est\u00e3o sendo matriculados os pretendentes que fizeram inscri\u00e7\u00e3o entre os dias 2 e 14 de novembro de 2022. J\u00e1 para novos alunos, as matr\u00edculas podem ser feitas a partir do dia 15 [&hellip;]","og_url":"https:\/\/www.notibras.com\/site\/comeca-corrida-para-garantir-uma-vaga-no-eja\/","og_site_name":"Notibras","article_publisher":"https:\/\/www.facebook.com\/notibras\/","article_published_time":"2023-01-07T09:36:47+00:00","article_modified_time":"2023-01-07T12:40:51+00:00","og_image":[{"width":1536,"height":1024,"url":"https:\/\/www.notibras.com\/site\/wp-content\/uploads\/2023\/01\/Foto-Tony-Oliveira-3-1536x1024-1.jpg","type":"image\/jpeg"}],"author":"Reda\u00e7\u00e3o","twitter_card":"summary_large_image","twitter_creator":"@Notibras","twitter_site":"@Notibras","twitter_misc":{"Escrito por":"Reda\u00e7\u00e3o","Est. tempo de leitura":"3 minutos"},"schema":{"@context":"https:\/\/schema.org","@graph":[{"@type":"Article","@id":"https:\/\/www.notibras.com\/site\/comeca-corrida-para-garantir-uma-vaga-no-eja\/#article","isPartOf":{"@id":"https:\/\/www.notibras.com\/site\/comeca-corrida-para-garantir-uma-vaga-no-eja\/"},"author":{"name":"Reda\u00e7\u00e3o","@id":"https:\/\/www.notibras.com\/site\/#\/schema\/person\/36ab0979449956132d3e5b517ea76ac8"},"headline":"Come\u00e7a corrida para garantir uma vaga no EJA","datePublished":"2023-01-07T09:36:47+00:00","dateModified":"2023-01-07T12:40:51+00:00","mainEntityOfPage":{"@id":"https:\/\/www.notibras.com\/site\/comeca-corrida-para-garantir-uma-vaga-no-eja\/"},"wordCount":418,"publisher":{"@id":"https:\/\/www.notibras.com\/site\/#organization"},"image":{"@id":"https:\/\/www.notibras.com\/site\/comeca-corrida-para-garantir-uma-vaga-no-eja\/#primaryimage"},"thumbnailUrl":"https:\/\/www.notibras.com\/site\/wp-content\/uploads\/2023\/01\/Foto-Tony-Oliveira-3-1536x1024-1.jpg","articleSection":["Quadradinho em Foco"],"inLanguage":"pt-BR"},{"@type":"WebPage","@id":"https:\/\/www.notibras.com\/site\/comeca-corrida-para-garantir-uma-vaga-no-eja\/","url":"https:\/\/www.notibras.com\/site\/comeca-corrida-para-garantir-uma-vaga-no-eja\/","name":"Come\u00e7a corrida para garantir uma vaga no EJA - Notibras","isPartOf":{"@id":"https:\/\/www.notibras.com\/site\/#website"},"primaryImageOfPage":{"@id":"https:\/\/www.notibras.com\/site\/comeca-corrida-para-garantir-uma-vaga-no-eja\/#primaryimage"},"image":{"@id":"https:\/\/www.notibras.com\/site\/comeca-corrida-para-garantir-uma-vaga-no-eja\/#primaryimage"},"thumbnailUrl":"https:\/\/www.notibras.com\/site\/wp-content\/uploads\/2023\/01\/Foto-Tony-Oliveira-3-1536x1024-1.jpg","datePublished":"2023-01-07T09:36:47+00:00","dateModified":"2023-01-07T12:40:51+00:00","breadcrumb":{"@id":"https:\/\/www.notibras.com\/site\/comeca-corrida-para-garantir-uma-vaga-no-eja\/#breadcrumb"},"inLanguage":"pt-BR","potentialAction":[{"@type":"ReadAction","target":["https:\/\/www.notibras.com\/site\/comeca-corrida-para-garantir-uma-vaga-no-eja\/"]}]},{"@type":"ImageObject","inLanguage":"pt-BR","@id":"https:\/\/www.notibras.com\/site\/comeca-corrida-para-garantir-uma-vaga-no-eja\/#primaryimage","url":"https:\/\/www.notibras.com\/site\/wp-content\/uploads\/2023\/01\/Foto-Tony-Oliveira-3-1536x1024-1.jpg","contentUrl":"https:\/\/www.notibras.com\/site\/wp-content\/uploads\/2023\/01\/Foto-Tony-Oliveira-3-1536x1024-1.jpg","width":1536,"height":1024},{"@type":"BreadcrumbList","@id":"https:\/\/www.notibras.com\/site\/comeca-corrida-para-garantir-uma-vaga-no-eja\/#breadcrumb","itemListElement":[{"@type":"ListItem","position":1,"name":"In\u00edcio","item":"https:\/\/www.notibras.com\/site\/"},{"@type":"ListItem","position":2,"name":"Come\u00e7a corrida para garantir uma vaga no EJA"}]},{"@type":"WebSite","@id":"https:\/\/www.notibras.com\/site\/#website","url":"https:\/\/www.notibras.com\/site\/","name":"Notibras","description":"Not\u00edcias de Bras\u00edlia, do Brasil e do Mundo","publisher":{"@id":"https:\/\/www.notibras.com\/site\/#organization"},"potentialAction":[{"@type":"SearchAction","target":{"@type":"EntryPoint","urlTemplate":"https:\/\/www.notibras.com\/site\/?s={search_term_string}"},"query-input":{"@type":"PropertyValueSpecification","valueRequired":true,"valueName":"search_term_string"}}],"inLanguage":"pt-BR"},{"@type":"Organization","@id":"https:\/\/www.notibras.com\/site\/#organization","name":"Grupo Notibras de Comunica\u00e7\u00e3o","url":"https:\/\/www.notibras.com\/site\/","logo":{"@type":"ImageObject","inLanguage":"pt-BR","@id":"https:\/\/www.notibras.com\/site\/#\/schema\/logo\/image\/","url":"https:\/\/www.notibras.com\/site\/wp-content\/uploads\/2023\/01\/notibras23.png","contentUrl":"https:\/\/www.notibras.com\/site\/wp-content\/uploads\/2023\/01\/notibras23.png","width":350,"height":87,"caption":"Grupo Notibras de Comunica\u00e7\u00e3o"},"image":{"@id":"https:\/\/www.notibras.com\/site\/#\/schema\/logo\/image\/"},"sameAs":["https:\/\/www.facebook.com\/notibras\/","https:\/\/x.com\/Notibras","https:\/\/www.instagram.com\/notibras\/"]},{"@type":"Person","@id":"https:\/\/www.notibras.com\/site\/#\/schema\/person\/36ab0979449956132d3e5b517ea76ac8","name":"Reda\u00e7\u00e3o","image":{"@type":"ImageObject","inLanguage":"pt-BR","@id":"https:\/\/secure.gravatar.com\/avatar\/e0a867bdedb85fd243eadf09663511f96fc81e0720a4a42581f334ad4303aa6b?s=96&d=mm&r=g","url":"https:\/\/secure.gravatar.com\/avatar\/e0a867bdedb85fd243eadf09663511f96fc81e0720a4a42581f334ad4303aa6b?s=96&d=mm&r=g","contentUrl":"https:\/\/secure.gravatar.com\/avatar\/e0a867bdedb85fd243eadf09663511f96fc81e0720a4a42581f334ad4303aa6b?s=96&d=mm&r=g","caption":"Reda\u00e7\u00e3o"}}]}},"amp_enabled":true,"_links":{"self":[{"href":"https:\/\/www.notibras.com\/site\/wp-json\/wp\/v2\/posts\/297413","targetHints":{"allow":["GET"]}}],"collection":[{"href":"https:\/\/www.notibras.com\/site\/wp-json\/wp\/v2\/posts"}],"about":[{"href":"https:\/\/www.notibras.com\/site\/wp-json\/wp\/v2\/types\/post"}],"author":[{"embeddable":true,"href":"https:\/\/www.notibras.com\/site\/wp-json\/wp\/v2\/users\/2"}],"replies":[{"embeddable":true,"href":"https:\/\/www.notibras.com\/site\/wp-json\/wp\/v2\/comments?post=297413"}],"version-history":[{"count":1,"href":"https:\/\/www.notibras.com\/site\/wp-json\/wp\/v2\/posts\/297413\/revisions"}],"predecessor-version":[{"id":297415,"href":"https:\/\/www.notibras.com\/site\/wp-json\/wp\/v2\/posts\/297413\/revisions\/297415"}],"wp:featuredmedia":[{"embeddable":true,"href":"https:\/\/www.notibras.com\/site\/wp-json\/wp\/v2\/media\/297414"}],"wp:attachment":[{"href":"https:\/\/www.notibras.com\/site\/wp-json\/wp\/v2\/media?parent=297413"}],"wp:term":[{"taxonomy":"category","embeddable":true,"href":"https:\/\/www.notibras.com\/site\/wp-json\/wp\/v2\/categories?post=297413"},{"taxonomy":"post_tag","embeddable":true,"href":"https:\/\/www.notibras.com\/site\/wp-json\/wp\/v2\/tags?post=297413"}],"curies":[{"name":"wp","href":"https:\/\/api.w.org\/{rel}","templated":true}]}}