{"id":297541,"date":"2023-01-09T21:58:04","date_gmt":"2023-01-10T00:58:04","guid":{"rendered":"https:\/\/www.notibras.com\/site\/?p=297541"},"modified":"2023-01-09T21:58:04","modified_gmt":"2023-01-10T00:58:04","slug":"hortas-escolares-garantem-alimentacao-mais-saudavel","status":"publish","type":"post","link":"https:\/\/www.notibras.com\/site\/hortas-escolares-garantem-alimentacao-mais-saudavel\/","title":{"rendered":"Hortas escolares garantem alimenta\u00e7\u00e3o mais saud\u00e1vel"},"content":{"rendered":"<p>O Programa de Agricultura Urbana da Emater nas escolas p\u00fablicas e creches conveniadas do DF tem garantido, com a instala\u00e7\u00e3o de hortas, alimento saud\u00e1vel, consci\u00eancia ambiental e pr\u00e1ticas pedag\u00f3gicas l\u00fadicas aos alunos. Em 2022, 127 institui\u00e7\u00f5es foram atendidas, impactando mais de 60 mil alunos em toda regi\u00e3o. O Centro de Ensino Especial (CEE) 1 de Ceil\u00e2ndia e o Centro de Educa\u00e7\u00e3o Infantil (CEI) 307 de Samambaia s\u00e3o alguns dos exemplos que t\u00eam dado certo pela capital.<\/p>\n<p>Por meio do projeto Hortas Urbanas, a Emater entrega insumos (adubos e sementes) e ferramentas, oferecendo tamb\u00e9m orienta\u00e7\u00f5es t\u00e9cnicas para implanta\u00e7\u00e3o e manuten\u00e7\u00e3o dos espa\u00e7os. Aliado ao projeto, a empresa tamb\u00e9m instalou em institui\u00e7\u00f5es de ensino 60 sistemas de capta\u00e7\u00e3o de \u00e1gua das chuvas e placas fotovoltaicas para gera\u00e7\u00e3o de energia solar.<\/p>\n<p>\u201cA natureza ensina muito\u201d, afirma Sirlene Alves de Souza, uma entre os quatro professores de Ci\u00eancias Naturais do CEE 1 de Ceil\u00e2ndia respons\u00e1veis por cuidar da horta agroecol\u00f3gica da institui\u00e7\u00e3o e pelas atividades pedag\u00f3gicas no local. \u201cA gente pega uma sementinha, tem todo um cuidado e essa semente se torna uma hortali\u00e7a frondosa, bonita. Tudo isso \u00e9 muito gratificante.\u201d<\/p>\n<p>No espa\u00e7o do CEE 1, \u00e9 poss\u00edvel encontrar erva-cidreira, hortel\u00e3, capim-santo, boldo, vinagreira, tomate, manjeric\u00e3o, cebolinha, coentro, salsinha, acerola, pitanga e couve entre os itens produzidos e usados na alimenta\u00e7\u00e3o da comunidade escolar. O excedente \u00e9 vendido aos pais dos alunos e professores para incentivar o empreendedorismo como atividade pedag\u00f3gica. Todas as atividades s\u00e3o desenvolvidas com aux\u00edlio e supervis\u00e3o dos professores.<\/p>\n<p><strong>Da contempla\u00e7\u00e3o \u00e0 colheita<\/strong><br \/>\nAs atividades pedag\u00f3gicas v\u00e3o da contempla\u00e7\u00e3o e observa\u00e7\u00e3o do espa\u00e7o at\u00e9 o plantio e manuten\u00e7\u00e3o das plantas. A escola tem 420 alunos matriculados, desde rec\u00e9m-nascidos at\u00e9 adultos com 60 anos. Todos eles possuem algum tipo de defici\u00eancia \u2013 intelectual, m\u00faltipla ou transtorno do espectro autista.<\/p>\n<p>A vice-diretora da institui\u00e7\u00e3o, Daniela Vanessa da Silva, comemora: \u201cA horta \u00e9 um presente para os alunos que precisam de atividades sensoriais. Nossos alunos precisam sentir o cheiro das plantas, sentir a textura delas, o paladar. Al\u00e9m disso, \u00e9 um ambiente para sair da sala de aula, o que permite a socializa\u00e7\u00e3o\u201d.<\/p>\n<p>A horta do CEI 307 de Samambaia, por sua vez, foi criada em 2013 e \u00e9 um dos pontos fortes da escola, que tem 347 alunos entre 4 e 5 anos. Segundo a diretora, Aurilene Lima, a horta j\u00e1 est\u00e1 totalmente inserida no projeto did\u00e1tico, a partir do qual s\u00e3o trabalhados conte\u00fados pedag\u00f3gicos e temas relacionados \u00e0 preserva\u00e7\u00e3o do meio ambiente e sustentabilidade.<\/p>\n<p>\u201cAs crian\u00e7as est\u00e3o envolvidas em todo o processo de cultivo, preparo do solo, manuten\u00e7\u00e3o e colheita das hortali\u00e7as e frutas\u201d, conta Aurilene. \u201cElas pintaram os canteiros, pintaram as placas de identifica\u00e7\u00e3o das esp\u00e9cies. Elas colhem e levam para casa. O excedente \u00e9 colocado em carrinhos na frente da escola para os pais saberem o que estamos produzindo\u201d.<\/p>\n<p>O presidente da Emater, Cleison Duval, refor\u00e7a: \u201cMostrar de onde v\u00eam os alimentos, como s\u00e3o cultivados e propagar uma alimenta\u00e7\u00e3o saud\u00e1vel s\u00e3o alguns dos objetivos do projeto de agricultura urbana da empresa. Inclusive \u00e9 uma forma de inserir esses produtos na alimenta\u00e7\u00e3o das crian\u00e7as, que est\u00e3o em fase de forma\u00e7\u00e3o. No que depender da gente, vamos continuar fazendo esse trabalho, que tem um enorme impacto na vida das crian\u00e7as que vivenciam essas experi\u00eancias\u201d.<\/p>\n<p><strong>Parceria<\/strong><br \/>\nNa Emater, a instala\u00e7\u00e3o e a revitaliza\u00e7\u00e3o de hortas urbanas no DF come\u00e7aram em 2009, com recursos origin\u00e1rios de emendas parlamentares. Em 2012, o ent\u00e3o Minist\u00e9rio do Desenvolvimento Social e Combate \u00e0 Fome firmou conv\u00eanio com a empresa para dar seguimento a esse trabalho. Atualmente, a parceria entre o Minist\u00e9rio da Cidadania e a Emater, por meio do programa Plataforma + Brasil, beneficia 127 institui\u00e7\u00f5es da rede p\u00fablica de ensino e creches conveniadas em todo o DF.<\/p>\n<p>O gerente de Agricultura Urbana da Emater, Rog\u00e9rio Vianna, lembra a import\u00e2ncia do projeto de hortas urbanas nas escolas por v\u00e1rias perspectivas, como a de levar o conhecimento sobre o cultivo de frutas e hortali\u00e7as. \u201cO aumento de consumo leva ao aumento da comercializa\u00e7\u00e3o, beneficiando a cadeia produtiva\u201d, afirma. \u201cOutro ponto \u00e9 a seguran\u00e7a alimentar, uma vez que os alunos aprendem que \u00e9 poss\u00edvel produzir alimentos com qualidade em qualquer espa\u00e7o\u201d.<\/p>\n<p>O Programa de Agricultura Urbana da Emater atende unidades prisionais e socioassistenciais, postos de sa\u00fade, escolas, creches e entidades filantr\u00f3picas. Para ter acesso ao servi\u00e7o, \u00e9 necess\u00e1rio encaminhar of\u00edcio por meio do Sistema Eletr\u00f4nico de Informa\u00e7\u00e3o (SEI) do GDF, se for institui\u00e7\u00e3o p\u00fablica, ou pelo e-mail geurb@emater.df.gov.br, para os outros casos. O interessado ser\u00e1 atendido por ordem de servi\u00e7o.<\/p>\n","protected":false},"excerpt":{"rendered":"<p>O Programa de Agricultura Urbana da Emater nas escolas p\u00fablicas e creches conveniadas do DF tem garantido, com a instala\u00e7\u00e3o de hortas, alimento saud\u00e1vel, consci\u00eancia ambiental e pr\u00e1ticas pedag\u00f3gicas l\u00fadicas aos alunos. Em 2022, 127 institui\u00e7\u00f5es foram atendidas, impactando mais de 60 mil alunos em toda regi\u00e3o. O Centro de Ensino Especial (CEE) 1 de [&hellip;]<\/p>\n","protected":false},"author":2,"featured_media":297542,"comment_status":"closed","ping_status":"closed","sticky":false,"template":"","format":"standard","meta":{"_acf_changed":false,"footnotes":""},"categories":[161],"tags":[],"class_list":["post-297541","post","type-post","status-publish","format-standard","has-post-thumbnail","hentry","category-quadradinho-em-foco"],"acf":[],"yoast_head":"<!-- This site is optimized with the Yoast SEO plugin v27.2 - https:\/\/yoast.com\/product\/yoast-seo-wordpress\/ -->\n<title>Hortas escolares garantem alimenta\u00e7\u00e3o mais saud\u00e1vel - Notibras<\/title>\n<meta name=\"robots\" content=\"index, follow, max-snippet:-1, max-image-preview:large, max-video-preview:-1\" \/>\n<link rel=\"canonical\" href=\"https:\/\/www.notibras.com\/site\/hortas-escolares-garantem-alimentacao-mais-saudavel\/\" \/>\n<meta property=\"og:locale\" content=\"pt_BR\" \/>\n<meta property=\"og:type\" content=\"article\" \/>\n<meta property=\"og:title\" content=\"Hortas escolares garantem alimenta\u00e7\u00e3o mais saud\u00e1vel - Notibras\" \/>\n<meta property=\"og:description\" content=\"O Programa de Agricultura Urbana da Emater nas escolas p\u00fablicas e creches conveniadas do DF tem garantido, com a instala\u00e7\u00e3o de hortas, alimento saud\u00e1vel, consci\u00eancia ambiental e pr\u00e1ticas pedag\u00f3gicas l\u00fadicas aos alunos. Em 2022, 127 institui\u00e7\u00f5es foram atendidas, impactando mais de 60 mil alunos em toda regi\u00e3o. O Centro de Ensino Especial (CEE) 1 de [&hellip;]\" \/>\n<meta property=\"og:url\" content=\"https:\/\/www.notibras.com\/site\/hortas-escolares-garantem-alimentacao-mais-saudavel\/\" \/>\n<meta property=\"og:site_name\" content=\"Notibras\" \/>\n<meta property=\"article:publisher\" content=\"https:\/\/www.facebook.com\/notibras\/\" \/>\n<meta property=\"article:published_time\" content=\"2023-01-10T00:58:04+00:00\" \/>\n<meta property=\"og:image\" content=\"https:\/\/www.notibras.com\/site\/wp-content\/uploads\/2023\/01\/3.1.-Hortas-escolares.-Foto-Divulgacao-Emater2-1536x1024-1.jpg\" \/>\n\t<meta property=\"og:image:width\" content=\"1536\" \/>\n\t<meta property=\"og:image:height\" content=\"1024\" \/>\n\t<meta property=\"og:image:type\" content=\"image\/jpeg\" \/>\n<meta name=\"author\" content=\"Reda\u00e7\u00e3o\" \/>\n<meta name=\"twitter:card\" content=\"summary_large_image\" \/>\n<meta name=\"twitter:creator\" content=\"@Notibras\" \/>\n<meta name=\"twitter:site\" content=\"@Notibras\" \/>\n<meta name=\"twitter:label1\" content=\"Escrito por\" \/>\n\t<meta name=\"twitter:data1\" content=\"Reda\u00e7\u00e3o\" \/>\n\t<meta name=\"twitter:label2\" content=\"Est. tempo de leitura\" \/>\n\t<meta name=\"twitter:data2\" content=\"5 minutos\" \/>\n<script type=\"application\/ld+json\" class=\"yoast-schema-graph\">{\"@context\":\"https:\/\/schema.org\",\"@graph\":[{\"@type\":\"Article\",\"@id\":\"https:\/\/www.notibras.com\/site\/hortas-escolares-garantem-alimentacao-mais-saudavel\/#article\",\"isPartOf\":{\"@id\":\"https:\/\/www.notibras.com\/site\/hortas-escolares-garantem-alimentacao-mais-saudavel\/\"},\"author\":{\"name\":\"Reda\u00e7\u00e3o\",\"@id\":\"https:\/\/www.notibras.com\/site\/#\/schema\/person\/36ab0979449956132d3e5b517ea76ac8\"},\"headline\":\"Hortas escolares garantem alimenta\u00e7\u00e3o mais saud\u00e1vel\",\"datePublished\":\"2023-01-10T00:58:04+00:00\",\"mainEntityOfPage\":{\"@id\":\"https:\/\/www.notibras.com\/site\/hortas-escolares-garantem-alimentacao-mais-saudavel\/\"},\"wordCount\":830,\"publisher\":{\"@id\":\"https:\/\/www.notibras.com\/site\/#organization\"},\"image\":{\"@id\":\"https:\/\/www.notibras.com\/site\/hortas-escolares-garantem-alimentacao-mais-saudavel\/#primaryimage\"},\"thumbnailUrl\":\"https:\/\/www.notibras.com\/site\/wp-content\/uploads\/2023\/01\/3.1.-Hortas-escolares.-Foto-Divulgacao-Emater2-1536x1024-1.jpg\",\"articleSection\":[\"Quadradinho em Foco\"],\"inLanguage\":\"pt-BR\"},{\"@type\":\"WebPage\",\"@id\":\"https:\/\/www.notibras.com\/site\/hortas-escolares-garantem-alimentacao-mais-saudavel\/\",\"url\":\"https:\/\/www.notibras.com\/site\/hortas-escolares-garantem-alimentacao-mais-saudavel\/\",\"name\":\"Hortas escolares garantem alimenta\u00e7\u00e3o mais saud\u00e1vel - Notibras\",\"isPartOf\":{\"@id\":\"https:\/\/www.notibras.com\/site\/#website\"},\"primaryImageOfPage\":{\"@id\":\"https:\/\/www.notibras.com\/site\/hortas-escolares-garantem-alimentacao-mais-saudavel\/#primaryimage\"},\"image\":{\"@id\":\"https:\/\/www.notibras.com\/site\/hortas-escolares-garantem-alimentacao-mais-saudavel\/#primaryimage\"},\"thumbnailUrl\":\"https:\/\/www.notibras.com\/site\/wp-content\/uploads\/2023\/01\/3.1.-Hortas-escolares.-Foto-Divulgacao-Emater2-1536x1024-1.jpg\",\"datePublished\":\"2023-01-10T00:58:04+00:00\",\"breadcrumb\":{\"@id\":\"https:\/\/www.notibras.com\/site\/hortas-escolares-garantem-alimentacao-mais-saudavel\/#breadcrumb\"},\"inLanguage\":\"pt-BR\",\"potentialAction\":[{\"@type\":\"ReadAction\",\"target\":[\"https:\/\/www.notibras.com\/site\/hortas-escolares-garantem-alimentacao-mais-saudavel\/\"]}]},{\"@type\":\"ImageObject\",\"inLanguage\":\"pt-BR\",\"@id\":\"https:\/\/www.notibras.com\/site\/hortas-escolares-garantem-alimentacao-mais-saudavel\/#primaryimage\",\"url\":\"https:\/\/www.notibras.com\/site\/wp-content\/uploads\/2023\/01\/3.1.-Hortas-escolares.-Foto-Divulgacao-Emater2-1536x1024-1.jpg\",\"contentUrl\":\"https:\/\/www.notibras.com\/site\/wp-content\/uploads\/2023\/01\/3.1.-Hortas-escolares.-Foto-Divulgacao-Emater2-1536x1024-1.jpg\",\"width\":1536,\"height\":1024},{\"@type\":\"BreadcrumbList\",\"@id\":\"https:\/\/www.notibras.com\/site\/hortas-escolares-garantem-alimentacao-mais-saudavel\/#breadcrumb\",\"itemListElement\":[{\"@type\":\"ListItem\",\"position\":1,\"name\":\"In\u00edcio\",\"item\":\"https:\/\/www.notibras.com\/site\/\"},{\"@type\":\"ListItem\",\"position\":2,\"name\":\"Hortas escolares garantem alimenta\u00e7\u00e3o mais saud\u00e1vel\"}]},{\"@type\":\"WebSite\",\"@id\":\"https:\/\/www.notibras.com\/site\/#website\",\"url\":\"https:\/\/www.notibras.com\/site\/\",\"name\":\"Notibras\",\"description\":\"Not\u00edcias de Bras\u00edlia, do Brasil e do Mundo\",\"publisher\":{\"@id\":\"https:\/\/www.notibras.com\/site\/#organization\"},\"potentialAction\":[{\"@type\":\"SearchAction\",\"target\":{\"@type\":\"EntryPoint\",\"urlTemplate\":\"https:\/\/www.notibras.com\/site\/?s={search_term_string}\"},\"query-input\":{\"@type\":\"PropertyValueSpecification\",\"valueRequired\":true,\"valueName\":\"search_term_string\"}}],\"inLanguage\":\"pt-BR\"},{\"@type\":\"Organization\",\"@id\":\"https:\/\/www.notibras.com\/site\/#organization\",\"name\":\"Grupo Notibras de Comunica\u00e7\u00e3o\",\"url\":\"https:\/\/www.notibras.com\/site\/\",\"logo\":{\"@type\":\"ImageObject\",\"inLanguage\":\"pt-BR\",\"@id\":\"https:\/\/www.notibras.com\/site\/#\/schema\/logo\/image\/\",\"url\":\"https:\/\/www.notibras.com\/site\/wp-content\/uploads\/2023\/01\/notibras23.png\",\"contentUrl\":\"https:\/\/www.notibras.com\/site\/wp-content\/uploads\/2023\/01\/notibras23.png\",\"width\":350,\"height\":87,\"caption\":\"Grupo Notibras de Comunica\u00e7\u00e3o\"},\"image\":{\"@id\":\"https:\/\/www.notibras.com\/site\/#\/schema\/logo\/image\/\"},\"sameAs\":[\"https:\/\/www.facebook.com\/notibras\/\",\"https:\/\/x.com\/Notibras\",\"https:\/\/www.instagram.com\/notibras\/\"]},{\"@type\":\"Person\",\"@id\":\"https:\/\/www.notibras.com\/site\/#\/schema\/person\/36ab0979449956132d3e5b517ea76ac8\",\"name\":\"Reda\u00e7\u00e3o\",\"image\":{\"@type\":\"ImageObject\",\"inLanguage\":\"pt-BR\",\"@id\":\"https:\/\/secure.gravatar.com\/avatar\/e0a867bdedb85fd243eadf09663511f96fc81e0720a4a42581f334ad4303aa6b?s=96&d=mm&r=g\",\"url\":\"https:\/\/secure.gravatar.com\/avatar\/e0a867bdedb85fd243eadf09663511f96fc81e0720a4a42581f334ad4303aa6b?s=96&d=mm&r=g\",\"contentUrl\":\"https:\/\/secure.gravatar.com\/avatar\/e0a867bdedb85fd243eadf09663511f96fc81e0720a4a42581f334ad4303aa6b?s=96&d=mm&r=g\",\"caption\":\"Reda\u00e7\u00e3o\"}}]}<\/script>\n<!-- \/ Yoast SEO plugin. -->","yoast_head_json":{"title":"Hortas escolares garantem alimenta\u00e7\u00e3o mais saud\u00e1vel - Notibras","robots":{"index":"index","follow":"follow","max-snippet":"max-snippet:-1","max-image-preview":"max-image-preview:large","max-video-preview":"max-video-preview:-1"},"canonical":"https:\/\/www.notibras.com\/site\/hortas-escolares-garantem-alimentacao-mais-saudavel\/","og_locale":"pt_BR","og_type":"article","og_title":"Hortas escolares garantem alimenta\u00e7\u00e3o mais saud\u00e1vel - Notibras","og_description":"O Programa de Agricultura Urbana da Emater nas escolas p\u00fablicas e creches conveniadas do DF tem garantido, com a instala\u00e7\u00e3o de hortas, alimento saud\u00e1vel, consci\u00eancia ambiental e pr\u00e1ticas pedag\u00f3gicas l\u00fadicas aos alunos. Em 2022, 127 institui\u00e7\u00f5es foram atendidas, impactando mais de 60 mil alunos em toda regi\u00e3o. O Centro de Ensino Especial (CEE) 1 de [&hellip;]","og_url":"https:\/\/www.notibras.com\/site\/hortas-escolares-garantem-alimentacao-mais-saudavel\/","og_site_name":"Notibras","article_publisher":"https:\/\/www.facebook.com\/notibras\/","article_published_time":"2023-01-10T00:58:04+00:00","og_image":[{"width":1536,"height":1024,"url":"https:\/\/www.notibras.com\/site\/wp-content\/uploads\/2023\/01\/3.1.-Hortas-escolares.-Foto-Divulgacao-Emater2-1536x1024-1.jpg","type":"image\/jpeg"}],"author":"Reda\u00e7\u00e3o","twitter_card":"summary_large_image","twitter_creator":"@Notibras","twitter_site":"@Notibras","twitter_misc":{"Escrito por":"Reda\u00e7\u00e3o","Est. tempo de leitura":"5 minutos"},"schema":{"@context":"https:\/\/schema.org","@graph":[{"@type":"Article","@id":"https:\/\/www.notibras.com\/site\/hortas-escolares-garantem-alimentacao-mais-saudavel\/#article","isPartOf":{"@id":"https:\/\/www.notibras.com\/site\/hortas-escolares-garantem-alimentacao-mais-saudavel\/"},"author":{"name":"Reda\u00e7\u00e3o","@id":"https:\/\/www.notibras.com\/site\/#\/schema\/person\/36ab0979449956132d3e5b517ea76ac8"},"headline":"Hortas escolares garantem alimenta\u00e7\u00e3o mais saud\u00e1vel","datePublished":"2023-01-10T00:58:04+00:00","mainEntityOfPage":{"@id":"https:\/\/www.notibras.com\/site\/hortas-escolares-garantem-alimentacao-mais-saudavel\/"},"wordCount":830,"publisher":{"@id":"https:\/\/www.notibras.com\/site\/#organization"},"image":{"@id":"https:\/\/www.notibras.com\/site\/hortas-escolares-garantem-alimentacao-mais-saudavel\/#primaryimage"},"thumbnailUrl":"https:\/\/www.notibras.com\/site\/wp-content\/uploads\/2023\/01\/3.1.-Hortas-escolares.-Foto-Divulgacao-Emater2-1536x1024-1.jpg","articleSection":["Quadradinho em Foco"],"inLanguage":"pt-BR"},{"@type":"WebPage","@id":"https:\/\/www.notibras.com\/site\/hortas-escolares-garantem-alimentacao-mais-saudavel\/","url":"https:\/\/www.notibras.com\/site\/hortas-escolares-garantem-alimentacao-mais-saudavel\/","name":"Hortas escolares garantem alimenta\u00e7\u00e3o mais saud\u00e1vel - Notibras","isPartOf":{"@id":"https:\/\/www.notibras.com\/site\/#website"},"primaryImageOfPage":{"@id":"https:\/\/www.notibras.com\/site\/hortas-escolares-garantem-alimentacao-mais-saudavel\/#primaryimage"},"image":{"@id":"https:\/\/www.notibras.com\/site\/hortas-escolares-garantem-alimentacao-mais-saudavel\/#primaryimage"},"thumbnailUrl":"https:\/\/www.notibras.com\/site\/wp-content\/uploads\/2023\/01\/3.1.-Hortas-escolares.-Foto-Divulgacao-Emater2-1536x1024-1.jpg","datePublished":"2023-01-10T00:58:04+00:00","breadcrumb":{"@id":"https:\/\/www.notibras.com\/site\/hortas-escolares-garantem-alimentacao-mais-saudavel\/#breadcrumb"},"inLanguage":"pt-BR","potentialAction":[{"@type":"ReadAction","target":["https:\/\/www.notibras.com\/site\/hortas-escolares-garantem-alimentacao-mais-saudavel\/"]}]},{"@type":"ImageObject","inLanguage":"pt-BR","@id":"https:\/\/www.notibras.com\/site\/hortas-escolares-garantem-alimentacao-mais-saudavel\/#primaryimage","url":"https:\/\/www.notibras.com\/site\/wp-content\/uploads\/2023\/01\/3.1.-Hortas-escolares.-Foto-Divulgacao-Emater2-1536x1024-1.jpg","contentUrl":"https:\/\/www.notibras.com\/site\/wp-content\/uploads\/2023\/01\/3.1.-Hortas-escolares.-Foto-Divulgacao-Emater2-1536x1024-1.jpg","width":1536,"height":1024},{"@type":"BreadcrumbList","@id":"https:\/\/www.notibras.com\/site\/hortas-escolares-garantem-alimentacao-mais-saudavel\/#breadcrumb","itemListElement":[{"@type":"ListItem","position":1,"name":"In\u00edcio","item":"https:\/\/www.notibras.com\/site\/"},{"@type":"ListItem","position":2,"name":"Hortas escolares garantem alimenta\u00e7\u00e3o mais saud\u00e1vel"}]},{"@type":"WebSite","@id":"https:\/\/www.notibras.com\/site\/#website","url":"https:\/\/www.notibras.com\/site\/","name":"Notibras","description":"Not\u00edcias de Bras\u00edlia, do Brasil e do Mundo","publisher":{"@id":"https:\/\/www.notibras.com\/site\/#organization"},"potentialAction":[{"@type":"SearchAction","target":{"@type":"EntryPoint","urlTemplate":"https:\/\/www.notibras.com\/site\/?s={search_term_string}"},"query-input":{"@type":"PropertyValueSpecification","valueRequired":true,"valueName":"search_term_string"}}],"inLanguage":"pt-BR"},{"@type":"Organization","@id":"https:\/\/www.notibras.com\/site\/#organization","name":"Grupo Notibras de Comunica\u00e7\u00e3o","url":"https:\/\/www.notibras.com\/site\/","logo":{"@type":"ImageObject","inLanguage":"pt-BR","@id":"https:\/\/www.notibras.com\/site\/#\/schema\/logo\/image\/","url":"https:\/\/www.notibras.com\/site\/wp-content\/uploads\/2023\/01\/notibras23.png","contentUrl":"https:\/\/www.notibras.com\/site\/wp-content\/uploads\/2023\/01\/notibras23.png","width":350,"height":87,"caption":"Grupo Notibras de Comunica\u00e7\u00e3o"},"image":{"@id":"https:\/\/www.notibras.com\/site\/#\/schema\/logo\/image\/"},"sameAs":["https:\/\/www.facebook.com\/notibras\/","https:\/\/x.com\/Notibras","https:\/\/www.instagram.com\/notibras\/"]},{"@type":"Person","@id":"https:\/\/www.notibras.com\/site\/#\/schema\/person\/36ab0979449956132d3e5b517ea76ac8","name":"Reda\u00e7\u00e3o","image":{"@type":"ImageObject","inLanguage":"pt-BR","@id":"https:\/\/secure.gravatar.com\/avatar\/e0a867bdedb85fd243eadf09663511f96fc81e0720a4a42581f334ad4303aa6b?s=96&d=mm&r=g","url":"https:\/\/secure.gravatar.com\/avatar\/e0a867bdedb85fd243eadf09663511f96fc81e0720a4a42581f334ad4303aa6b?s=96&d=mm&r=g","contentUrl":"https:\/\/secure.gravatar.com\/avatar\/e0a867bdedb85fd243eadf09663511f96fc81e0720a4a42581f334ad4303aa6b?s=96&d=mm&r=g","caption":"Reda\u00e7\u00e3o"}}]}},"amp_enabled":true,"_links":{"self":[{"href":"https:\/\/www.notibras.com\/site\/wp-json\/wp\/v2\/posts\/297541","targetHints":{"allow":["GET"]}}],"collection":[{"href":"https:\/\/www.notibras.com\/site\/wp-json\/wp\/v2\/posts"}],"about":[{"href":"https:\/\/www.notibras.com\/site\/wp-json\/wp\/v2\/types\/post"}],"author":[{"embeddable":true,"href":"https:\/\/www.notibras.com\/site\/wp-json\/wp\/v2\/users\/2"}],"replies":[{"embeddable":true,"href":"https:\/\/www.notibras.com\/site\/wp-json\/wp\/v2\/comments?post=297541"}],"version-history":[{"count":1,"href":"https:\/\/www.notibras.com\/site\/wp-json\/wp\/v2\/posts\/297541\/revisions"}],"predecessor-version":[{"id":297543,"href":"https:\/\/www.notibras.com\/site\/wp-json\/wp\/v2\/posts\/297541\/revisions\/297543"}],"wp:featuredmedia":[{"embeddable":true,"href":"https:\/\/www.notibras.com\/site\/wp-json\/wp\/v2\/media\/297542"}],"wp:attachment":[{"href":"https:\/\/www.notibras.com\/site\/wp-json\/wp\/v2\/media?parent=297541"}],"wp:term":[{"taxonomy":"category","embeddable":true,"href":"https:\/\/www.notibras.com\/site\/wp-json\/wp\/v2\/categories?post=297541"},{"taxonomy":"post_tag","embeddable":true,"href":"https:\/\/www.notibras.com\/site\/wp-json\/wp\/v2\/tags?post=297541"}],"curies":[{"name":"wp","href":"https:\/\/api.w.org\/{rel}","templated":true}]}}