{"id":297544,"date":"2023-01-09T21:32:49","date_gmt":"2023-01-10T00:32:49","guid":{"rendered":"https:\/\/www.notibras.com\/site\/?p=297544"},"modified":"2023-01-09T22:35:58","modified_gmt":"2023-01-10T01:35:58","slug":"vai-colher-fruta-da-arvore-todo-cuidado-e-pouco","status":"publish","type":"post","link":"https:\/\/www.notibras.com\/site\/vai-colher-fruta-da-arvore-todo-cuidado-e-pouco\/","title":{"rendered":"Vai colher fruta da \u00e1rvore? Todo cuidado \u00e9 pouco"},"content":{"rendered":"<p>Chamada por muitos de \u201cum grande pomar a c\u00e9u aberto\u201d, Bras\u00edlia tem fartura de \u00e1rvores frut\u00edferas das mais variadas. Nelas se colhe grande quantidade de frutas frescas e livres de agrot\u00f3xicos. Segundo o Departamento de Parques e Jardins (DPJ) da Novacap, s\u00e3o 950 mil \u201cp\u00e9s de frutas\u201d espalhados por todo o DF. Todavia, ao colher as de sua prefer\u00eancia, \u00e9 preciso cuidado para n\u00e3o fazer da experi\u00eancia um acidente.<\/p>\n<p>Na \u00e9poca chuvosa, a manga, a jaca e o abacate s\u00e3o as frutas mais comuns nos jardins urbanos da capital. Com os frutos brotando em galhos altos, o Corpo de Bombeiros alerta que \u00e9 preciso verificar se a \u00e1rvore n\u00e3o est\u00e1 pr\u00f3xima a cabos de energia, por exemplo.<\/p>\n<p>\u201cAs \u00e1rvores podem ser condutoras de energia, principalmente as mais novas e saud\u00e1veis, ocasionando choques el\u00e9tricos\u201d, explica o capit\u00e3o da corpora\u00e7\u00e3o, F\u00e1bio Bohle. \u201cTemos um grande perigo, que s\u00e3o aqueles apanhadores de metal. Se a pessoa encost\u00e1-lo na rede el\u00e9trica, pode acontecer uma fatalidade.\u201d<\/p>\n<p>Morador do N\u00facleo Bandeirante, o pintor Claudio Menezes, 51, n\u00e3o hesita em pegar manga ou levar alguns abacates \u2013 muito comuns na Segunda Avenida da cidade \u2013 para casa. Mas, ultimamente, ele conta que tem evitado subir nas \u00e1rvores, com medo do pior.<\/p>\n<p>\u201cTem um tempinho que n\u00e3o como mangas. Soube de um acidente com um rapaz que estava podando uma \u00e1rvore aqui na regi\u00e3o e foi parar no hospital, depois de tomar um grande choque\u201d, conta. Claudio diz ter em casa um apanhador feito de bambu com um saco na ponta e, vez por outra, usa o artefato como op\u00e7\u00e3o.<\/p>\n<p>O risco de queda, lembra o capit\u00e3o F\u00e1bio Bohle, tamb\u00e9m existe. O bombeiro d\u00e1 uma boa dica para garantir a seguran\u00e7a ao escalar os troncos: \u201cA pessoa pode levar uma pequena corda, amarrar uma ponta na cintura e a outra em um galho mais resistente, por exemplo. Previne escorreg\u00f5es, as quedas e poss\u00edveis fraturas\u201d. Segundo ele, \u00e9 comum o Corpo de Bombeiros atender ocorr\u00eancias de pessoas que despencam das \u00e1rvores e s\u00e3o v\u00edtimas de raios.<\/p>\n","protected":false},"excerpt":{"rendered":"<p>Chamada por muitos de \u201cum grande pomar a c\u00e9u aberto\u201d, Bras\u00edlia tem fartura de \u00e1rvores frut\u00edferas das mais variadas. Nelas se colhe grande quantidade de frutas frescas e livres de agrot\u00f3xicos. Segundo o Departamento de Parques e Jardins (DPJ) da Novacap, s\u00e3o 950 mil \u201cp\u00e9s de frutas\u201d espalhados por todo o DF. Todavia, ao colher [&hellip;]<\/p>\n","protected":false},"author":2,"featured_media":297545,"comment_status":"closed","ping_status":"closed","sticky":false,"template":"","format":"standard","meta":{"_acf_changed":false,"footnotes":""},"categories":[161],"tags":[],"class_list":["post-297544","post","type-post","status-publish","format-standard","has-post-thumbnail","hentry","category-quadradinho-em-foco"],"acf":[],"yoast_head":"<!-- This site is optimized with the Yoast SEO plugin v27.2 - https:\/\/yoast.com\/product\/yoast-seo-wordpress\/ -->\n<title>Vai colher fruta da \u00e1rvore? Todo cuidado \u00e9 pouco - Notibras<\/title>\n<meta name=\"robots\" content=\"index, follow, max-snippet:-1, max-image-preview:large, max-video-preview:-1\" \/>\n<link rel=\"canonical\" href=\"https:\/\/www.notibras.com\/site\/vai-colher-fruta-da-arvore-todo-cuidado-e-pouco\/\" \/>\n<meta property=\"og:locale\" content=\"pt_BR\" \/>\n<meta property=\"og:type\" content=\"article\" \/>\n<meta property=\"og:title\" content=\"Vai colher fruta da \u00e1rvore? Todo cuidado \u00e9 pouco - Notibras\" \/>\n<meta property=\"og:description\" content=\"Chamada por muitos de \u201cum grande pomar a c\u00e9u aberto\u201d, Bras\u00edlia tem fartura de \u00e1rvores frut\u00edferas das mais variadas. Nelas se colhe grande quantidade de frutas frescas e livres de agrot\u00f3xicos. Segundo o Departamento de Parques e Jardins (DPJ) da Novacap, s\u00e3o 950 mil \u201cp\u00e9s de frutas\u201d espalhados por todo o DF. Todavia, ao colher [&hellip;]\" \/>\n<meta property=\"og:url\" content=\"https:\/\/www.notibras.com\/site\/vai-colher-fruta-da-arvore-todo-cuidado-e-pouco\/\" \/>\n<meta property=\"og:site_name\" content=\"Notibras\" \/>\n<meta property=\"article:publisher\" content=\"https:\/\/www.facebook.com\/notibras\/\" \/>\n<meta property=\"article:published_time\" content=\"2023-01-10T00:32:49+00:00\" \/>\n<meta property=\"article:modified_time\" content=\"2023-01-10T01:35:58+00:00\" \/>\n<meta property=\"og:image\" content=\"https:\/\/www.notibras.com\/site\/wp-content\/uploads\/2023\/01\/WhatsApp-Image-2023-01-04-at-13.23.07.jpeg\" \/>\n\t<meta property=\"og:image:width\" content=\"1280\" \/>\n\t<meta property=\"og:image:height\" content=\"853\" \/>\n\t<meta property=\"og:image:type\" content=\"image\/jpeg\" \/>\n<meta name=\"author\" content=\"Reda\u00e7\u00e3o\" \/>\n<meta name=\"twitter:card\" content=\"summary_large_image\" \/>\n<meta name=\"twitter:creator\" content=\"@Notibras\" \/>\n<meta name=\"twitter:site\" content=\"@Notibras\" \/>\n<meta name=\"twitter:label1\" content=\"Escrito por\" \/>\n\t<meta name=\"twitter:data1\" content=\"Reda\u00e7\u00e3o\" \/>\n\t<meta name=\"twitter:label2\" content=\"Est. tempo de leitura\" \/>\n\t<meta name=\"twitter:data2\" content=\"2 minutos\" \/>\n<script type=\"application\/ld+json\" class=\"yoast-schema-graph\">{\"@context\":\"https:\/\/schema.org\",\"@graph\":[{\"@type\":\"Article\",\"@id\":\"https:\/\/www.notibras.com\/site\/vai-colher-fruta-da-arvore-todo-cuidado-e-pouco\/#article\",\"isPartOf\":{\"@id\":\"https:\/\/www.notibras.com\/site\/vai-colher-fruta-da-arvore-todo-cuidado-e-pouco\/\"},\"author\":{\"name\":\"Reda\u00e7\u00e3o\",\"@id\":\"https:\/\/www.notibras.com\/site\/#\/schema\/person\/36ab0979449956132d3e5b517ea76ac8\"},\"headline\":\"Vai colher fruta da \u00e1rvore? Todo cuidado \u00e9 pouco\",\"datePublished\":\"2023-01-10T00:32:49+00:00\",\"dateModified\":\"2023-01-10T01:35:58+00:00\",\"mainEntityOfPage\":{\"@id\":\"https:\/\/www.notibras.com\/site\/vai-colher-fruta-da-arvore-todo-cuidado-e-pouco\/\"},\"wordCount\":372,\"publisher\":{\"@id\":\"https:\/\/www.notibras.com\/site\/#organization\"},\"image\":{\"@id\":\"https:\/\/www.notibras.com\/site\/vai-colher-fruta-da-arvore-todo-cuidado-e-pouco\/#primaryimage\"},\"thumbnailUrl\":\"https:\/\/www.notibras.com\/site\/wp-content\/uploads\/2023\/01\/WhatsApp-Image-2023-01-04-at-13.23.07.jpeg\",\"articleSection\":[\"Quadradinho em Foco\"],\"inLanguage\":\"pt-BR\"},{\"@type\":\"WebPage\",\"@id\":\"https:\/\/www.notibras.com\/site\/vai-colher-fruta-da-arvore-todo-cuidado-e-pouco\/\",\"url\":\"https:\/\/www.notibras.com\/site\/vai-colher-fruta-da-arvore-todo-cuidado-e-pouco\/\",\"name\":\"Vai colher fruta da \u00e1rvore? Todo cuidado \u00e9 pouco - Notibras\",\"isPartOf\":{\"@id\":\"https:\/\/www.notibras.com\/site\/#website\"},\"primaryImageOfPage\":{\"@id\":\"https:\/\/www.notibras.com\/site\/vai-colher-fruta-da-arvore-todo-cuidado-e-pouco\/#primaryimage\"},\"image\":{\"@id\":\"https:\/\/www.notibras.com\/site\/vai-colher-fruta-da-arvore-todo-cuidado-e-pouco\/#primaryimage\"},\"thumbnailUrl\":\"https:\/\/www.notibras.com\/site\/wp-content\/uploads\/2023\/01\/WhatsApp-Image-2023-01-04-at-13.23.07.jpeg\",\"datePublished\":\"2023-01-10T00:32:49+00:00\",\"dateModified\":\"2023-01-10T01:35:58+00:00\",\"breadcrumb\":{\"@id\":\"https:\/\/www.notibras.com\/site\/vai-colher-fruta-da-arvore-todo-cuidado-e-pouco\/#breadcrumb\"},\"inLanguage\":\"pt-BR\",\"potentialAction\":[{\"@type\":\"ReadAction\",\"target\":[\"https:\/\/www.notibras.com\/site\/vai-colher-fruta-da-arvore-todo-cuidado-e-pouco\/\"]}]},{\"@type\":\"ImageObject\",\"inLanguage\":\"pt-BR\",\"@id\":\"https:\/\/www.notibras.com\/site\/vai-colher-fruta-da-arvore-todo-cuidado-e-pouco\/#primaryimage\",\"url\":\"https:\/\/www.notibras.com\/site\/wp-content\/uploads\/2023\/01\/WhatsApp-Image-2023-01-04-at-13.23.07.jpeg\",\"contentUrl\":\"https:\/\/www.notibras.com\/site\/wp-content\/uploads\/2023\/01\/WhatsApp-Image-2023-01-04-at-13.23.07.jpeg\",\"width\":1280,\"height\":853},{\"@type\":\"BreadcrumbList\",\"@id\":\"https:\/\/www.notibras.com\/site\/vai-colher-fruta-da-arvore-todo-cuidado-e-pouco\/#breadcrumb\",\"itemListElement\":[{\"@type\":\"ListItem\",\"position\":1,\"name\":\"In\u00edcio\",\"item\":\"https:\/\/www.notibras.com\/site\/\"},{\"@type\":\"ListItem\",\"position\":2,\"name\":\"Vai colher fruta da \u00e1rvore? Todo cuidado \u00e9 pouco\"}]},{\"@type\":\"WebSite\",\"@id\":\"https:\/\/www.notibras.com\/site\/#website\",\"url\":\"https:\/\/www.notibras.com\/site\/\",\"name\":\"Notibras\",\"description\":\"Not\u00edcias de Bras\u00edlia, do Brasil e do Mundo\",\"publisher\":{\"@id\":\"https:\/\/www.notibras.com\/site\/#organization\"},\"potentialAction\":[{\"@type\":\"SearchAction\",\"target\":{\"@type\":\"EntryPoint\",\"urlTemplate\":\"https:\/\/www.notibras.com\/site\/?s={search_term_string}\"},\"query-input\":{\"@type\":\"PropertyValueSpecification\",\"valueRequired\":true,\"valueName\":\"search_term_string\"}}],\"inLanguage\":\"pt-BR\"},{\"@type\":\"Organization\",\"@id\":\"https:\/\/www.notibras.com\/site\/#organization\",\"name\":\"Grupo Notibras de Comunica\u00e7\u00e3o\",\"url\":\"https:\/\/www.notibras.com\/site\/\",\"logo\":{\"@type\":\"ImageObject\",\"inLanguage\":\"pt-BR\",\"@id\":\"https:\/\/www.notibras.com\/site\/#\/schema\/logo\/image\/\",\"url\":\"https:\/\/www.notibras.com\/site\/wp-content\/uploads\/2023\/01\/notibras23.png\",\"contentUrl\":\"https:\/\/www.notibras.com\/site\/wp-content\/uploads\/2023\/01\/notibras23.png\",\"width\":350,\"height\":87,\"caption\":\"Grupo Notibras de Comunica\u00e7\u00e3o\"},\"image\":{\"@id\":\"https:\/\/www.notibras.com\/site\/#\/schema\/logo\/image\/\"},\"sameAs\":[\"https:\/\/www.facebook.com\/notibras\/\",\"https:\/\/x.com\/Notibras\",\"https:\/\/www.instagram.com\/notibras\/\"]},{\"@type\":\"Person\",\"@id\":\"https:\/\/www.notibras.com\/site\/#\/schema\/person\/36ab0979449956132d3e5b517ea76ac8\",\"name\":\"Reda\u00e7\u00e3o\",\"image\":{\"@type\":\"ImageObject\",\"inLanguage\":\"pt-BR\",\"@id\":\"https:\/\/secure.gravatar.com\/avatar\/e0a867bdedb85fd243eadf09663511f96fc81e0720a4a42581f334ad4303aa6b?s=96&d=mm&r=g\",\"url\":\"https:\/\/secure.gravatar.com\/avatar\/e0a867bdedb85fd243eadf09663511f96fc81e0720a4a42581f334ad4303aa6b?s=96&d=mm&r=g\",\"contentUrl\":\"https:\/\/secure.gravatar.com\/avatar\/e0a867bdedb85fd243eadf09663511f96fc81e0720a4a42581f334ad4303aa6b?s=96&d=mm&r=g\",\"caption\":\"Reda\u00e7\u00e3o\"}}]}<\/script>\n<!-- \/ Yoast SEO plugin. -->","yoast_head_json":{"title":"Vai colher fruta da \u00e1rvore? Todo cuidado \u00e9 pouco - Notibras","robots":{"index":"index","follow":"follow","max-snippet":"max-snippet:-1","max-image-preview":"max-image-preview:large","max-video-preview":"max-video-preview:-1"},"canonical":"https:\/\/www.notibras.com\/site\/vai-colher-fruta-da-arvore-todo-cuidado-e-pouco\/","og_locale":"pt_BR","og_type":"article","og_title":"Vai colher fruta da \u00e1rvore? Todo cuidado \u00e9 pouco - Notibras","og_description":"Chamada por muitos de \u201cum grande pomar a c\u00e9u aberto\u201d, Bras\u00edlia tem fartura de \u00e1rvores frut\u00edferas das mais variadas. Nelas se colhe grande quantidade de frutas frescas e livres de agrot\u00f3xicos. Segundo o Departamento de Parques e Jardins (DPJ) da Novacap, s\u00e3o 950 mil \u201cp\u00e9s de frutas\u201d espalhados por todo o DF. Todavia, ao colher [&hellip;]","og_url":"https:\/\/www.notibras.com\/site\/vai-colher-fruta-da-arvore-todo-cuidado-e-pouco\/","og_site_name":"Notibras","article_publisher":"https:\/\/www.facebook.com\/notibras\/","article_published_time":"2023-01-10T00:32:49+00:00","article_modified_time":"2023-01-10T01:35:58+00:00","og_image":[{"width":1280,"height":853,"url":"https:\/\/www.notibras.com\/site\/wp-content\/uploads\/2023\/01\/WhatsApp-Image-2023-01-04-at-13.23.07.jpeg","type":"image\/jpeg"}],"author":"Reda\u00e7\u00e3o","twitter_card":"summary_large_image","twitter_creator":"@Notibras","twitter_site":"@Notibras","twitter_misc":{"Escrito por":"Reda\u00e7\u00e3o","Est. tempo de leitura":"2 minutos"},"schema":{"@context":"https:\/\/schema.org","@graph":[{"@type":"Article","@id":"https:\/\/www.notibras.com\/site\/vai-colher-fruta-da-arvore-todo-cuidado-e-pouco\/#article","isPartOf":{"@id":"https:\/\/www.notibras.com\/site\/vai-colher-fruta-da-arvore-todo-cuidado-e-pouco\/"},"author":{"name":"Reda\u00e7\u00e3o","@id":"https:\/\/www.notibras.com\/site\/#\/schema\/person\/36ab0979449956132d3e5b517ea76ac8"},"headline":"Vai colher fruta da \u00e1rvore? Todo cuidado \u00e9 pouco","datePublished":"2023-01-10T00:32:49+00:00","dateModified":"2023-01-10T01:35:58+00:00","mainEntityOfPage":{"@id":"https:\/\/www.notibras.com\/site\/vai-colher-fruta-da-arvore-todo-cuidado-e-pouco\/"},"wordCount":372,"publisher":{"@id":"https:\/\/www.notibras.com\/site\/#organization"},"image":{"@id":"https:\/\/www.notibras.com\/site\/vai-colher-fruta-da-arvore-todo-cuidado-e-pouco\/#primaryimage"},"thumbnailUrl":"https:\/\/www.notibras.com\/site\/wp-content\/uploads\/2023\/01\/WhatsApp-Image-2023-01-04-at-13.23.07.jpeg","articleSection":["Quadradinho em Foco"],"inLanguage":"pt-BR"},{"@type":"WebPage","@id":"https:\/\/www.notibras.com\/site\/vai-colher-fruta-da-arvore-todo-cuidado-e-pouco\/","url":"https:\/\/www.notibras.com\/site\/vai-colher-fruta-da-arvore-todo-cuidado-e-pouco\/","name":"Vai colher fruta da \u00e1rvore? Todo cuidado \u00e9 pouco - Notibras","isPartOf":{"@id":"https:\/\/www.notibras.com\/site\/#website"},"primaryImageOfPage":{"@id":"https:\/\/www.notibras.com\/site\/vai-colher-fruta-da-arvore-todo-cuidado-e-pouco\/#primaryimage"},"image":{"@id":"https:\/\/www.notibras.com\/site\/vai-colher-fruta-da-arvore-todo-cuidado-e-pouco\/#primaryimage"},"thumbnailUrl":"https:\/\/www.notibras.com\/site\/wp-content\/uploads\/2023\/01\/WhatsApp-Image-2023-01-04-at-13.23.07.jpeg","datePublished":"2023-01-10T00:32:49+00:00","dateModified":"2023-01-10T01:35:58+00:00","breadcrumb":{"@id":"https:\/\/www.notibras.com\/site\/vai-colher-fruta-da-arvore-todo-cuidado-e-pouco\/#breadcrumb"},"inLanguage":"pt-BR","potentialAction":[{"@type":"ReadAction","target":["https:\/\/www.notibras.com\/site\/vai-colher-fruta-da-arvore-todo-cuidado-e-pouco\/"]}]},{"@type":"ImageObject","inLanguage":"pt-BR","@id":"https:\/\/www.notibras.com\/site\/vai-colher-fruta-da-arvore-todo-cuidado-e-pouco\/#primaryimage","url":"https:\/\/www.notibras.com\/site\/wp-content\/uploads\/2023\/01\/WhatsApp-Image-2023-01-04-at-13.23.07.jpeg","contentUrl":"https:\/\/www.notibras.com\/site\/wp-content\/uploads\/2023\/01\/WhatsApp-Image-2023-01-04-at-13.23.07.jpeg","width":1280,"height":853},{"@type":"BreadcrumbList","@id":"https:\/\/www.notibras.com\/site\/vai-colher-fruta-da-arvore-todo-cuidado-e-pouco\/#breadcrumb","itemListElement":[{"@type":"ListItem","position":1,"name":"In\u00edcio","item":"https:\/\/www.notibras.com\/site\/"},{"@type":"ListItem","position":2,"name":"Vai colher fruta da \u00e1rvore? Todo cuidado \u00e9 pouco"}]},{"@type":"WebSite","@id":"https:\/\/www.notibras.com\/site\/#website","url":"https:\/\/www.notibras.com\/site\/","name":"Notibras","description":"Not\u00edcias de Bras\u00edlia, do Brasil e do Mundo","publisher":{"@id":"https:\/\/www.notibras.com\/site\/#organization"},"potentialAction":[{"@type":"SearchAction","target":{"@type":"EntryPoint","urlTemplate":"https:\/\/www.notibras.com\/site\/?s={search_term_string}"},"query-input":{"@type":"PropertyValueSpecification","valueRequired":true,"valueName":"search_term_string"}}],"inLanguage":"pt-BR"},{"@type":"Organization","@id":"https:\/\/www.notibras.com\/site\/#organization","name":"Grupo Notibras de Comunica\u00e7\u00e3o","url":"https:\/\/www.notibras.com\/site\/","logo":{"@type":"ImageObject","inLanguage":"pt-BR","@id":"https:\/\/www.notibras.com\/site\/#\/schema\/logo\/image\/","url":"https:\/\/www.notibras.com\/site\/wp-content\/uploads\/2023\/01\/notibras23.png","contentUrl":"https:\/\/www.notibras.com\/site\/wp-content\/uploads\/2023\/01\/notibras23.png","width":350,"height":87,"caption":"Grupo Notibras de Comunica\u00e7\u00e3o"},"image":{"@id":"https:\/\/www.notibras.com\/site\/#\/schema\/logo\/image\/"},"sameAs":["https:\/\/www.facebook.com\/notibras\/","https:\/\/x.com\/Notibras","https:\/\/www.instagram.com\/notibras\/"]},{"@type":"Person","@id":"https:\/\/www.notibras.com\/site\/#\/schema\/person\/36ab0979449956132d3e5b517ea76ac8","name":"Reda\u00e7\u00e3o","image":{"@type":"ImageObject","inLanguage":"pt-BR","@id":"https:\/\/secure.gravatar.com\/avatar\/e0a867bdedb85fd243eadf09663511f96fc81e0720a4a42581f334ad4303aa6b?s=96&d=mm&r=g","url":"https:\/\/secure.gravatar.com\/avatar\/e0a867bdedb85fd243eadf09663511f96fc81e0720a4a42581f334ad4303aa6b?s=96&d=mm&r=g","contentUrl":"https:\/\/secure.gravatar.com\/avatar\/e0a867bdedb85fd243eadf09663511f96fc81e0720a4a42581f334ad4303aa6b?s=96&d=mm&r=g","caption":"Reda\u00e7\u00e3o"}}]}},"amp_enabled":true,"_links":{"self":[{"href":"https:\/\/www.notibras.com\/site\/wp-json\/wp\/v2\/posts\/297544","targetHints":{"allow":["GET"]}}],"collection":[{"href":"https:\/\/www.notibras.com\/site\/wp-json\/wp\/v2\/posts"}],"about":[{"href":"https:\/\/www.notibras.com\/site\/wp-json\/wp\/v2\/types\/post"}],"author":[{"embeddable":true,"href":"https:\/\/www.notibras.com\/site\/wp-json\/wp\/v2\/users\/2"}],"replies":[{"embeddable":true,"href":"https:\/\/www.notibras.com\/site\/wp-json\/wp\/v2\/comments?post=297544"}],"version-history":[{"count":1,"href":"https:\/\/www.notibras.com\/site\/wp-json\/wp\/v2\/posts\/297544\/revisions"}],"predecessor-version":[{"id":297546,"href":"https:\/\/www.notibras.com\/site\/wp-json\/wp\/v2\/posts\/297544\/revisions\/297546"}],"wp:featuredmedia":[{"embeddable":true,"href":"https:\/\/www.notibras.com\/site\/wp-json\/wp\/v2\/media\/297545"}],"wp:attachment":[{"href":"https:\/\/www.notibras.com\/site\/wp-json\/wp\/v2\/media?parent=297544"}],"wp:term":[{"taxonomy":"category","embeddable":true,"href":"https:\/\/www.notibras.com\/site\/wp-json\/wp\/v2\/categories?post=297544"},{"taxonomy":"post_tag","embeddable":true,"href":"https:\/\/www.notibras.com\/site\/wp-json\/wp\/v2\/tags?post=297544"}],"curies":[{"name":"wp","href":"https:\/\/api.w.org\/{rel}","templated":true}]}}