{"id":297553,"date":"2023-01-09T16:58:34","date_gmt":"2023-01-09T19:58:34","guid":{"rendered":"https:\/\/www.notibras.com\/site\/?p=297553"},"modified":"2023-01-09T23:02:08","modified_gmt":"2023-01-10T02:02:08","slug":"areas-sem-agua-para-servicos-de-manutencao","status":"publish","type":"post","link":"https:\/\/www.notibras.com\/site\/areas-sem-agua-para-servicos-de-manutencao\/","title":{"rendered":"\u00c1reas sem \u00e1gua para servi\u00e7os de manuten\u00e7\u00e3o"},"content":{"rendered":"<p>Quatro \u00e1reas de Planaltina ter\u00e3o o fornecimento de \u00e1gua interrompido nesta ter\u00e7a-feira (10) para execu\u00e7\u00e3o de melhorias no sistema. O servi\u00e7o n\u00e3o estar\u00e1 dispon\u00edvel, das 7h \u00e0s 23h59, no Setor Habitacional Est\u00e2ncia Mestre d\u2019Armas, de 1 a 5, e nos condom\u00ednios Est\u00e2ncia Recanto do Sossego, Est\u00e2ncia Nova Planaltina e Total Ville.<\/p>\n<p>A Companhia de Saneamento Ambiental do Distrito Federal (Caesb) comunica que todas as resid\u00eancias devem ter uma reserva de \u00e1gua com o volume correspondente ao consumo m\u00e9dio di\u00e1rio. A medida visa prevenir transtornos durante a suspens\u00e3o do fornecimento e \u00e9 estabelecida no artigo 50 da Resolu\u00e7\u00e3o da Adasa n\u00ba 14, de 27 de outubro de 2011, que estipula as condi\u00e7\u00f5es da presta\u00e7\u00e3o e utiliza\u00e7\u00e3o dos servi\u00e7os p\u00fablicos de abastecimento de \u00e1gua e de esgotamento sanit\u00e1rio no DF.<\/p>\n<p>Al\u00e9m disso, segundo o Par\u00e1grafo \u00danico, o usu\u00e1rio \u00e9 respons\u00e1vel pela limpeza e desinfec\u00e7\u00e3o da instala\u00e7\u00e3o predial de \u00e1gua e do reservat\u00f3rio predial antes da liga\u00e7\u00e3o definitiva de \u00e1gua, e posteriormente pela limpeza e desinfec\u00e7\u00e3o semestral do reservat\u00f3rio predial. Mais informa\u00e7\u00f5es podem ser obtidas pelo n\u00famero 115.<\/p>\n","protected":false},"excerpt":{"rendered":"<p>Quatro \u00e1reas de Planaltina ter\u00e3o o fornecimento de \u00e1gua interrompido nesta ter\u00e7a-feira (10) para execu\u00e7\u00e3o de melhorias no sistema. O servi\u00e7o n\u00e3o estar\u00e1 dispon\u00edvel, das 7h \u00e0s 23h59, no Setor Habitacional Est\u00e2ncia Mestre d\u2019Armas, de 1 a 5, e nos condom\u00ednios Est\u00e2ncia Recanto do Sossego, Est\u00e2ncia Nova Planaltina e Total Ville. A Companhia de Saneamento [&hellip;]<\/p>\n","protected":false},"author":2,"featured_media":277684,"comment_status":"closed","ping_status":"closed","sticky":false,"template":"","format":"standard","meta":{"_acf_changed":false,"footnotes":""},"categories":[161],"tags":[],"class_list":["post-297553","post","type-post","status-publish","format-standard","has-post-thumbnail","hentry","category-quadradinho-em-foco"],"acf":[],"yoast_head":"<!-- This site is optimized with the Yoast SEO plugin v27.2 - https:\/\/yoast.com\/product\/yoast-seo-wordpress\/ -->\n<title>\u00c1reas sem \u00e1gua para servi\u00e7os de manuten\u00e7\u00e3o - Notibras<\/title>\n<meta name=\"robots\" content=\"index, follow, max-snippet:-1, max-image-preview:large, max-video-preview:-1\" \/>\n<link rel=\"canonical\" href=\"https:\/\/www.notibras.com\/site\/areas-sem-agua-para-servicos-de-manutencao\/\" \/>\n<meta property=\"og:locale\" content=\"pt_BR\" \/>\n<meta property=\"og:type\" content=\"article\" \/>\n<meta property=\"og:title\" content=\"\u00c1reas sem \u00e1gua para servi\u00e7os de manuten\u00e7\u00e3o - Notibras\" \/>\n<meta property=\"og:description\" content=\"Quatro \u00e1reas de Planaltina ter\u00e3o o fornecimento de \u00e1gua interrompido nesta ter\u00e7a-feira (10) para execu\u00e7\u00e3o de melhorias no sistema. O servi\u00e7o n\u00e3o estar\u00e1 dispon\u00edvel, das 7h \u00e0s 23h59, no Setor Habitacional Est\u00e2ncia Mestre d\u2019Armas, de 1 a 5, e nos condom\u00ednios Est\u00e2ncia Recanto do Sossego, Est\u00e2ncia Nova Planaltina e Total Ville. A Companhia de Saneamento [&hellip;]\" \/>\n<meta property=\"og:url\" content=\"https:\/\/www.notibras.com\/site\/areas-sem-agua-para-servicos-de-manutencao\/\" \/>\n<meta property=\"og:site_name\" content=\"Notibras\" \/>\n<meta property=\"article:publisher\" content=\"https:\/\/www.facebook.com\/notibras\/\" \/>\n<meta property=\"article:published_time\" content=\"2023-01-09T19:58:34+00:00\" \/>\n<meta property=\"article:modified_time\" content=\"2023-01-10T02:02:08+00:00\" \/>\n<meta property=\"og:image\" content=\"https:\/\/www.notibras.com\/site\/wp-content\/uploads\/2022\/01\/agua-pedro-franca.jpg\" \/>\n\t<meta property=\"og:image:width\" content=\"1170\" \/>\n\t<meta property=\"og:image:height\" content=\"700\" \/>\n\t<meta property=\"og:image:type\" content=\"image\/jpeg\" \/>\n<meta name=\"author\" content=\"Reda\u00e7\u00e3o\" \/>\n<meta name=\"twitter:card\" content=\"summary_large_image\" \/>\n<meta name=\"twitter:creator\" content=\"@Notibras\" \/>\n<meta name=\"twitter:site\" content=\"@Notibras\" \/>\n<meta name=\"twitter:label1\" content=\"Escrito por\" \/>\n\t<meta name=\"twitter:data1\" content=\"Reda\u00e7\u00e3o\" \/>\n\t<meta name=\"twitter:label2\" content=\"Est. tempo de leitura\" \/>\n\t<meta name=\"twitter:data2\" content=\"1 minuto\" \/>\n<script type=\"application\/ld+json\" class=\"yoast-schema-graph\">{\"@context\":\"https:\/\/schema.org\",\"@graph\":[{\"@type\":\"Article\",\"@id\":\"https:\/\/www.notibras.com\/site\/areas-sem-agua-para-servicos-de-manutencao\/#article\",\"isPartOf\":{\"@id\":\"https:\/\/www.notibras.com\/site\/areas-sem-agua-para-servicos-de-manutencao\/\"},\"author\":{\"name\":\"Reda\u00e7\u00e3o\",\"@id\":\"https:\/\/www.notibras.com\/site\/#\/schema\/person\/36ab0979449956132d3e5b517ea76ac8\"},\"headline\":\"\u00c1reas sem \u00e1gua para servi\u00e7os de manuten\u00e7\u00e3o\",\"datePublished\":\"2023-01-09T19:58:34+00:00\",\"dateModified\":\"2023-01-10T02:02:08+00:00\",\"mainEntityOfPage\":{\"@id\":\"https:\/\/www.notibras.com\/site\/areas-sem-agua-para-servicos-de-manutencao\/\"},\"wordCount\":208,\"publisher\":{\"@id\":\"https:\/\/www.notibras.com\/site\/#organization\"},\"image\":{\"@id\":\"https:\/\/www.notibras.com\/site\/areas-sem-agua-para-servicos-de-manutencao\/#primaryimage\"},\"thumbnailUrl\":\"https:\/\/www.notibras.com\/site\/wp-content\/uploads\/2022\/01\/agua-pedro-franca.jpg\",\"articleSection\":[\"Quadradinho em Foco\"],\"inLanguage\":\"pt-BR\"},{\"@type\":\"WebPage\",\"@id\":\"https:\/\/www.notibras.com\/site\/areas-sem-agua-para-servicos-de-manutencao\/\",\"url\":\"https:\/\/www.notibras.com\/site\/areas-sem-agua-para-servicos-de-manutencao\/\",\"name\":\"\u00c1reas sem \u00e1gua para servi\u00e7os de manuten\u00e7\u00e3o - Notibras\",\"isPartOf\":{\"@id\":\"https:\/\/www.notibras.com\/site\/#website\"},\"primaryImageOfPage\":{\"@id\":\"https:\/\/www.notibras.com\/site\/areas-sem-agua-para-servicos-de-manutencao\/#primaryimage\"},\"image\":{\"@id\":\"https:\/\/www.notibras.com\/site\/areas-sem-agua-para-servicos-de-manutencao\/#primaryimage\"},\"thumbnailUrl\":\"https:\/\/www.notibras.com\/site\/wp-content\/uploads\/2022\/01\/agua-pedro-franca.jpg\",\"datePublished\":\"2023-01-09T19:58:34+00:00\",\"dateModified\":\"2023-01-10T02:02:08+00:00\",\"breadcrumb\":{\"@id\":\"https:\/\/www.notibras.com\/site\/areas-sem-agua-para-servicos-de-manutencao\/#breadcrumb\"},\"inLanguage\":\"pt-BR\",\"potentialAction\":[{\"@type\":\"ReadAction\",\"target\":[\"https:\/\/www.notibras.com\/site\/areas-sem-agua-para-servicos-de-manutencao\/\"]}]},{\"@type\":\"ImageObject\",\"inLanguage\":\"pt-BR\",\"@id\":\"https:\/\/www.notibras.com\/site\/areas-sem-agua-para-servicos-de-manutencao\/#primaryimage\",\"url\":\"https:\/\/www.notibras.com\/site\/wp-content\/uploads\/2022\/01\/agua-pedro-franca.jpg\",\"contentUrl\":\"https:\/\/www.notibras.com\/site\/wp-content\/uploads\/2022\/01\/agua-pedro-franca.jpg\",\"width\":1170,\"height\":700},{\"@type\":\"BreadcrumbList\",\"@id\":\"https:\/\/www.notibras.com\/site\/areas-sem-agua-para-servicos-de-manutencao\/#breadcrumb\",\"itemListElement\":[{\"@type\":\"ListItem\",\"position\":1,\"name\":\"In\u00edcio\",\"item\":\"https:\/\/www.notibras.com\/site\/\"},{\"@type\":\"ListItem\",\"position\":2,\"name\":\"\u00c1reas sem \u00e1gua para servi\u00e7os de manuten\u00e7\u00e3o\"}]},{\"@type\":\"WebSite\",\"@id\":\"https:\/\/www.notibras.com\/site\/#website\",\"url\":\"https:\/\/www.notibras.com\/site\/\",\"name\":\"Notibras\",\"description\":\"Not\u00edcias de Bras\u00edlia, do Brasil e do Mundo\",\"publisher\":{\"@id\":\"https:\/\/www.notibras.com\/site\/#organization\"},\"potentialAction\":[{\"@type\":\"SearchAction\",\"target\":{\"@type\":\"EntryPoint\",\"urlTemplate\":\"https:\/\/www.notibras.com\/site\/?s={search_term_string}\"},\"query-input\":{\"@type\":\"PropertyValueSpecification\",\"valueRequired\":true,\"valueName\":\"search_term_string\"}}],\"inLanguage\":\"pt-BR\"},{\"@type\":\"Organization\",\"@id\":\"https:\/\/www.notibras.com\/site\/#organization\",\"name\":\"Grupo Notibras de Comunica\u00e7\u00e3o\",\"url\":\"https:\/\/www.notibras.com\/site\/\",\"logo\":{\"@type\":\"ImageObject\",\"inLanguage\":\"pt-BR\",\"@id\":\"https:\/\/www.notibras.com\/site\/#\/schema\/logo\/image\/\",\"url\":\"https:\/\/www.notibras.com\/site\/wp-content\/uploads\/2023\/01\/notibras23.png\",\"contentUrl\":\"https:\/\/www.notibras.com\/site\/wp-content\/uploads\/2023\/01\/notibras23.png\",\"width\":350,\"height\":87,\"caption\":\"Grupo Notibras de Comunica\u00e7\u00e3o\"},\"image\":{\"@id\":\"https:\/\/www.notibras.com\/site\/#\/schema\/logo\/image\/\"},\"sameAs\":[\"https:\/\/www.facebook.com\/notibras\/\",\"https:\/\/x.com\/Notibras\",\"https:\/\/www.instagram.com\/notibras\/\"]},{\"@type\":\"Person\",\"@id\":\"https:\/\/www.notibras.com\/site\/#\/schema\/person\/36ab0979449956132d3e5b517ea76ac8\",\"name\":\"Reda\u00e7\u00e3o\",\"image\":{\"@type\":\"ImageObject\",\"inLanguage\":\"pt-BR\",\"@id\":\"https:\/\/secure.gravatar.com\/avatar\/e0a867bdedb85fd243eadf09663511f96fc81e0720a4a42581f334ad4303aa6b?s=96&d=mm&r=g\",\"url\":\"https:\/\/secure.gravatar.com\/avatar\/e0a867bdedb85fd243eadf09663511f96fc81e0720a4a42581f334ad4303aa6b?s=96&d=mm&r=g\",\"contentUrl\":\"https:\/\/secure.gravatar.com\/avatar\/e0a867bdedb85fd243eadf09663511f96fc81e0720a4a42581f334ad4303aa6b?s=96&d=mm&r=g\",\"caption\":\"Reda\u00e7\u00e3o\"}}]}<\/script>\n<!-- \/ Yoast SEO plugin. -->","yoast_head_json":{"title":"\u00c1reas sem \u00e1gua para servi\u00e7os de manuten\u00e7\u00e3o - Notibras","robots":{"index":"index","follow":"follow","max-snippet":"max-snippet:-1","max-image-preview":"max-image-preview:large","max-video-preview":"max-video-preview:-1"},"canonical":"https:\/\/www.notibras.com\/site\/areas-sem-agua-para-servicos-de-manutencao\/","og_locale":"pt_BR","og_type":"article","og_title":"\u00c1reas sem \u00e1gua para servi\u00e7os de manuten\u00e7\u00e3o - Notibras","og_description":"Quatro \u00e1reas de Planaltina ter\u00e3o o fornecimento de \u00e1gua interrompido nesta ter\u00e7a-feira (10) para execu\u00e7\u00e3o de melhorias no sistema. O servi\u00e7o n\u00e3o estar\u00e1 dispon\u00edvel, das 7h \u00e0s 23h59, no Setor Habitacional Est\u00e2ncia Mestre d\u2019Armas, de 1 a 5, e nos condom\u00ednios Est\u00e2ncia Recanto do Sossego, Est\u00e2ncia Nova Planaltina e Total Ville. A Companhia de Saneamento [&hellip;]","og_url":"https:\/\/www.notibras.com\/site\/areas-sem-agua-para-servicos-de-manutencao\/","og_site_name":"Notibras","article_publisher":"https:\/\/www.facebook.com\/notibras\/","article_published_time":"2023-01-09T19:58:34+00:00","article_modified_time":"2023-01-10T02:02:08+00:00","og_image":[{"width":1170,"height":700,"url":"https:\/\/www.notibras.com\/site\/wp-content\/uploads\/2022\/01\/agua-pedro-franca.jpg","type":"image\/jpeg"}],"author":"Reda\u00e7\u00e3o","twitter_card":"summary_large_image","twitter_creator":"@Notibras","twitter_site":"@Notibras","twitter_misc":{"Escrito por":"Reda\u00e7\u00e3o","Est. tempo de leitura":"1 minuto"},"schema":{"@context":"https:\/\/schema.org","@graph":[{"@type":"Article","@id":"https:\/\/www.notibras.com\/site\/areas-sem-agua-para-servicos-de-manutencao\/#article","isPartOf":{"@id":"https:\/\/www.notibras.com\/site\/areas-sem-agua-para-servicos-de-manutencao\/"},"author":{"name":"Reda\u00e7\u00e3o","@id":"https:\/\/www.notibras.com\/site\/#\/schema\/person\/36ab0979449956132d3e5b517ea76ac8"},"headline":"\u00c1reas sem \u00e1gua para servi\u00e7os de manuten\u00e7\u00e3o","datePublished":"2023-01-09T19:58:34+00:00","dateModified":"2023-01-10T02:02:08+00:00","mainEntityOfPage":{"@id":"https:\/\/www.notibras.com\/site\/areas-sem-agua-para-servicos-de-manutencao\/"},"wordCount":208,"publisher":{"@id":"https:\/\/www.notibras.com\/site\/#organization"},"image":{"@id":"https:\/\/www.notibras.com\/site\/areas-sem-agua-para-servicos-de-manutencao\/#primaryimage"},"thumbnailUrl":"https:\/\/www.notibras.com\/site\/wp-content\/uploads\/2022\/01\/agua-pedro-franca.jpg","articleSection":["Quadradinho em Foco"],"inLanguage":"pt-BR"},{"@type":"WebPage","@id":"https:\/\/www.notibras.com\/site\/areas-sem-agua-para-servicos-de-manutencao\/","url":"https:\/\/www.notibras.com\/site\/areas-sem-agua-para-servicos-de-manutencao\/","name":"\u00c1reas sem \u00e1gua para servi\u00e7os de manuten\u00e7\u00e3o - Notibras","isPartOf":{"@id":"https:\/\/www.notibras.com\/site\/#website"},"primaryImageOfPage":{"@id":"https:\/\/www.notibras.com\/site\/areas-sem-agua-para-servicos-de-manutencao\/#primaryimage"},"image":{"@id":"https:\/\/www.notibras.com\/site\/areas-sem-agua-para-servicos-de-manutencao\/#primaryimage"},"thumbnailUrl":"https:\/\/www.notibras.com\/site\/wp-content\/uploads\/2022\/01\/agua-pedro-franca.jpg","datePublished":"2023-01-09T19:58:34+00:00","dateModified":"2023-01-10T02:02:08+00:00","breadcrumb":{"@id":"https:\/\/www.notibras.com\/site\/areas-sem-agua-para-servicos-de-manutencao\/#breadcrumb"},"inLanguage":"pt-BR","potentialAction":[{"@type":"ReadAction","target":["https:\/\/www.notibras.com\/site\/areas-sem-agua-para-servicos-de-manutencao\/"]}]},{"@type":"ImageObject","inLanguage":"pt-BR","@id":"https:\/\/www.notibras.com\/site\/areas-sem-agua-para-servicos-de-manutencao\/#primaryimage","url":"https:\/\/www.notibras.com\/site\/wp-content\/uploads\/2022\/01\/agua-pedro-franca.jpg","contentUrl":"https:\/\/www.notibras.com\/site\/wp-content\/uploads\/2022\/01\/agua-pedro-franca.jpg","width":1170,"height":700},{"@type":"BreadcrumbList","@id":"https:\/\/www.notibras.com\/site\/areas-sem-agua-para-servicos-de-manutencao\/#breadcrumb","itemListElement":[{"@type":"ListItem","position":1,"name":"In\u00edcio","item":"https:\/\/www.notibras.com\/site\/"},{"@type":"ListItem","position":2,"name":"\u00c1reas sem \u00e1gua para servi\u00e7os de manuten\u00e7\u00e3o"}]},{"@type":"WebSite","@id":"https:\/\/www.notibras.com\/site\/#website","url":"https:\/\/www.notibras.com\/site\/","name":"Notibras","description":"Not\u00edcias de Bras\u00edlia, do Brasil e do Mundo","publisher":{"@id":"https:\/\/www.notibras.com\/site\/#organization"},"potentialAction":[{"@type":"SearchAction","target":{"@type":"EntryPoint","urlTemplate":"https:\/\/www.notibras.com\/site\/?s={search_term_string}"},"query-input":{"@type":"PropertyValueSpecification","valueRequired":true,"valueName":"search_term_string"}}],"inLanguage":"pt-BR"},{"@type":"Organization","@id":"https:\/\/www.notibras.com\/site\/#organization","name":"Grupo Notibras de Comunica\u00e7\u00e3o","url":"https:\/\/www.notibras.com\/site\/","logo":{"@type":"ImageObject","inLanguage":"pt-BR","@id":"https:\/\/www.notibras.com\/site\/#\/schema\/logo\/image\/","url":"https:\/\/www.notibras.com\/site\/wp-content\/uploads\/2023\/01\/notibras23.png","contentUrl":"https:\/\/www.notibras.com\/site\/wp-content\/uploads\/2023\/01\/notibras23.png","width":350,"height":87,"caption":"Grupo Notibras de Comunica\u00e7\u00e3o"},"image":{"@id":"https:\/\/www.notibras.com\/site\/#\/schema\/logo\/image\/"},"sameAs":["https:\/\/www.facebook.com\/notibras\/","https:\/\/x.com\/Notibras","https:\/\/www.instagram.com\/notibras\/"]},{"@type":"Person","@id":"https:\/\/www.notibras.com\/site\/#\/schema\/person\/36ab0979449956132d3e5b517ea76ac8","name":"Reda\u00e7\u00e3o","image":{"@type":"ImageObject","inLanguage":"pt-BR","@id":"https:\/\/secure.gravatar.com\/avatar\/e0a867bdedb85fd243eadf09663511f96fc81e0720a4a42581f334ad4303aa6b?s=96&d=mm&r=g","url":"https:\/\/secure.gravatar.com\/avatar\/e0a867bdedb85fd243eadf09663511f96fc81e0720a4a42581f334ad4303aa6b?s=96&d=mm&r=g","contentUrl":"https:\/\/secure.gravatar.com\/avatar\/e0a867bdedb85fd243eadf09663511f96fc81e0720a4a42581f334ad4303aa6b?s=96&d=mm&r=g","caption":"Reda\u00e7\u00e3o"}}]}},"amp_enabled":true,"_links":{"self":[{"href":"https:\/\/www.notibras.com\/site\/wp-json\/wp\/v2\/posts\/297553","targetHints":{"allow":["GET"]}}],"collection":[{"href":"https:\/\/www.notibras.com\/site\/wp-json\/wp\/v2\/posts"}],"about":[{"href":"https:\/\/www.notibras.com\/site\/wp-json\/wp\/v2\/types\/post"}],"author":[{"embeddable":true,"href":"https:\/\/www.notibras.com\/site\/wp-json\/wp\/v2\/users\/2"}],"replies":[{"embeddable":true,"href":"https:\/\/www.notibras.com\/site\/wp-json\/wp\/v2\/comments?post=297553"}],"version-history":[{"count":1,"href":"https:\/\/www.notibras.com\/site\/wp-json\/wp\/v2\/posts\/297553\/revisions"}],"predecessor-version":[{"id":297554,"href":"https:\/\/www.notibras.com\/site\/wp-json\/wp\/v2\/posts\/297553\/revisions\/297554"}],"wp:featuredmedia":[{"embeddable":true,"href":"https:\/\/www.notibras.com\/site\/wp-json\/wp\/v2\/media\/277684"}],"wp:attachment":[{"href":"https:\/\/www.notibras.com\/site\/wp-json\/wp\/v2\/media?parent=297553"}],"wp:term":[{"taxonomy":"category","embeddable":true,"href":"https:\/\/www.notibras.com\/site\/wp-json\/wp\/v2\/categories?post=297553"},{"taxonomy":"post_tag","embeddable":true,"href":"https:\/\/www.notibras.com\/site\/wp-json\/wp\/v2\/tags?post=297553"}],"curies":[{"name":"wp","href":"https:\/\/api.w.org\/{rel}","templated":true}]}}