{"id":297555,"date":"2023-01-09T18:05:21","date_gmt":"2023-01-09T21:05:21","guid":{"rendered":"https:\/\/www.notibras.com\/site\/?p=297555"},"modified":"2023-01-09T23:11:41","modified_gmt":"2023-01-10T02:11:41","slug":"parquinho-e-renovado-para-a-volta-as-aulas","status":"publish","type":"post","link":"https:\/\/www.notibras.com\/site\/parquinho-e-renovado-para-a-volta-as-aulas\/","title":{"rendered":"Parquinho \u00e9 renovado para a volta \u00e0s aulas"},"content":{"rendered":"<p>Um ambiente de lazer renovado na escola e pronto para receber pequenos alunos na volta \u00e0s aulas, em 13 de fevereiro, j\u00e1 est\u00e1 pronto. Oper\u00e1rios do programa GDF Presente recuperaram o parquinho do Centro de Educa\u00e7\u00e3o Infantil 5 (CEI 5), em Taguatinga. A dire\u00e7\u00e3o do col\u00e9gio, localizado na QNJ 23\/25, demandou o GDF, e, em pouco mais de uma semana, o servi\u00e7o foi executado.<\/p>\n<p>Nos turnos matutino e vespertino, o CEI 5 atende 202 crian\u00e7as com idade entre 4 e 5 anos que t\u00eam no parque a principal \u00e1rea de lazer e conviv\u00eancia. \u201cNessa idade, o parquinho \u00e9 um dos primeiros locais onde as crian\u00e7as t\u00eam a oportunidade de se relacionarem, e o nosso estava precisando de manuten\u00e7\u00e3o, em especial nos brinquedos\u201d, explica a diretora da escola, Cinthia Lucena.<\/p>\n<p>Capina, conserto e pintura dos brinquedos, al\u00e9m de reposi\u00e7\u00e3o de areia, foram as a\u00e7\u00f5es executadas no parque. \u201cAgradecemos a parceria maravilhosa com a Novacap, que atendeu gentilmente e rapidamente a nossa escola ap\u00f3s o pedido; agora ele est\u00e1 lindo para receber nossos pequenos em fevereiro\u201d, complementa a diretora.<\/p>\n<p>O trabalho foi executado por servidores da companhia e da Administra\u00e7\u00e3o Regional de Taguatinga. \u201cA troca de areia \u00e9 um cuidado muito importante, pois proporciona um ambiente limpo, livre de doen\u00e7as, e a manuten\u00e7\u00e3o dos brinquedos serve para evitar que alguma ponta de ferro ou estrago possa ferir as crian\u00e7as\u201d, refor\u00e7a o administrador local, Renato de Andrade.<\/p>\n<p>Outro servi\u00e7o empreendido pelas equipes do GDF Presente foi a reforma de cal\u00e7adas na QNM 34\/36, em Taguatinga Norte. Os passeios est\u00e3o sendo renovados com o uso de bloquetes de cimento.<\/p>\n","protected":false},"excerpt":{"rendered":"<p>Um ambiente de lazer renovado na escola e pronto para receber pequenos alunos na volta \u00e0s aulas, em 13 de fevereiro, j\u00e1 est\u00e1 pronto. Oper\u00e1rios do programa GDF Presente recuperaram o parquinho do Centro de Educa\u00e7\u00e3o Infantil 5 (CEI 5), em Taguatinga. A dire\u00e7\u00e3o do col\u00e9gio, localizado na QNJ 23\/25, demandou o GDF, e, em [&hellip;]<\/p>\n","protected":false},"author":2,"featured_media":297556,"comment_status":"closed","ping_status":"closed","sticky":false,"template":"","format":"standard","meta":{"_acf_changed":false,"footnotes":""},"categories":[161],"tags":[],"class_list":["post-297555","post","type-post","status-publish","format-standard","has-post-thumbnail","hentry","category-quadradinho-em-foco"],"acf":[],"yoast_head":"<!-- This site is optimized with the Yoast SEO plugin v27.2 - https:\/\/yoast.com\/product\/yoast-seo-wordpress\/ -->\n<title>Parquinho \u00e9 renovado para a volta \u00e0s aulas - Notibras<\/title>\n<meta name=\"robots\" content=\"index, follow, max-snippet:-1, max-image-preview:large, max-video-preview:-1\" \/>\n<link rel=\"canonical\" href=\"https:\/\/www.notibras.com\/site\/parquinho-e-renovado-para-a-volta-as-aulas\/\" \/>\n<meta property=\"og:locale\" content=\"pt_BR\" \/>\n<meta property=\"og:type\" content=\"article\" \/>\n<meta property=\"og:title\" content=\"Parquinho \u00e9 renovado para a volta \u00e0s aulas - Notibras\" \/>\n<meta property=\"og:description\" content=\"Um ambiente de lazer renovado na escola e pronto para receber pequenos alunos na volta \u00e0s aulas, em 13 de fevereiro, j\u00e1 est\u00e1 pronto. Oper\u00e1rios do programa GDF Presente recuperaram o parquinho do Centro de Educa\u00e7\u00e3o Infantil 5 (CEI 5), em Taguatinga. A dire\u00e7\u00e3o do col\u00e9gio, localizado na QNJ 23\/25, demandou o GDF, e, em [&hellip;]\" \/>\n<meta property=\"og:url\" content=\"https:\/\/www.notibras.com\/site\/parquinho-e-renovado-para-a-volta-as-aulas\/\" \/>\n<meta property=\"og:site_name\" content=\"Notibras\" \/>\n<meta property=\"article:publisher\" content=\"https:\/\/www.facebook.com\/notibras\/\" \/>\n<meta property=\"article:published_time\" content=\"2023-01-09T21:05:21+00:00\" \/>\n<meta property=\"article:modified_time\" content=\"2023-01-10T02:11:41+00:00\" \/>\n<meta property=\"og:image\" content=\"https:\/\/www.notibras.com\/site\/wp-content\/uploads\/2023\/01\/Recuperacao-de-Parquinho-2.jpeg\" \/>\n\t<meta property=\"og:image:width\" content=\"981\" \/>\n\t<meta property=\"og:image:height\" content=\"654\" \/>\n\t<meta property=\"og:image:type\" content=\"image\/jpeg\" \/>\n<meta name=\"author\" content=\"Reda\u00e7\u00e3o\" \/>\n<meta name=\"twitter:card\" content=\"summary_large_image\" \/>\n<meta name=\"twitter:creator\" content=\"@Notibras\" \/>\n<meta name=\"twitter:site\" content=\"@Notibras\" \/>\n<meta name=\"twitter:label1\" content=\"Escrito por\" \/>\n\t<meta name=\"twitter:data1\" content=\"Reda\u00e7\u00e3o\" \/>\n\t<meta name=\"twitter:label2\" content=\"Est. tempo de leitura\" \/>\n\t<meta name=\"twitter:data2\" content=\"2 minutos\" \/>\n<script type=\"application\/ld+json\" class=\"yoast-schema-graph\">{\"@context\":\"https:\/\/schema.org\",\"@graph\":[{\"@type\":\"Article\",\"@id\":\"https:\/\/www.notibras.com\/site\/parquinho-e-renovado-para-a-volta-as-aulas\/#article\",\"isPartOf\":{\"@id\":\"https:\/\/www.notibras.com\/site\/parquinho-e-renovado-para-a-volta-as-aulas\/\"},\"author\":{\"name\":\"Reda\u00e7\u00e3o\",\"@id\":\"https:\/\/www.notibras.com\/site\/#\/schema\/person\/36ab0979449956132d3e5b517ea76ac8\"},\"headline\":\"Parquinho \u00e9 renovado para a volta \u00e0s aulas\",\"datePublished\":\"2023-01-09T21:05:21+00:00\",\"dateModified\":\"2023-01-10T02:11:41+00:00\",\"mainEntityOfPage\":{\"@id\":\"https:\/\/www.notibras.com\/site\/parquinho-e-renovado-para-a-volta-as-aulas\/\"},\"wordCount\":284,\"publisher\":{\"@id\":\"https:\/\/www.notibras.com\/site\/#organization\"},\"image\":{\"@id\":\"https:\/\/www.notibras.com\/site\/parquinho-e-renovado-para-a-volta-as-aulas\/#primaryimage\"},\"thumbnailUrl\":\"https:\/\/www.notibras.com\/site\/wp-content\/uploads\/2023\/01\/Recuperacao-de-Parquinho-2.jpeg\",\"articleSection\":[\"Quadradinho em Foco\"],\"inLanguage\":\"pt-BR\"},{\"@type\":\"WebPage\",\"@id\":\"https:\/\/www.notibras.com\/site\/parquinho-e-renovado-para-a-volta-as-aulas\/\",\"url\":\"https:\/\/www.notibras.com\/site\/parquinho-e-renovado-para-a-volta-as-aulas\/\",\"name\":\"Parquinho \u00e9 renovado para a volta \u00e0s aulas - Notibras\",\"isPartOf\":{\"@id\":\"https:\/\/www.notibras.com\/site\/#website\"},\"primaryImageOfPage\":{\"@id\":\"https:\/\/www.notibras.com\/site\/parquinho-e-renovado-para-a-volta-as-aulas\/#primaryimage\"},\"image\":{\"@id\":\"https:\/\/www.notibras.com\/site\/parquinho-e-renovado-para-a-volta-as-aulas\/#primaryimage\"},\"thumbnailUrl\":\"https:\/\/www.notibras.com\/site\/wp-content\/uploads\/2023\/01\/Recuperacao-de-Parquinho-2.jpeg\",\"datePublished\":\"2023-01-09T21:05:21+00:00\",\"dateModified\":\"2023-01-10T02:11:41+00:00\",\"breadcrumb\":{\"@id\":\"https:\/\/www.notibras.com\/site\/parquinho-e-renovado-para-a-volta-as-aulas\/#breadcrumb\"},\"inLanguage\":\"pt-BR\",\"potentialAction\":[{\"@type\":\"ReadAction\",\"target\":[\"https:\/\/www.notibras.com\/site\/parquinho-e-renovado-para-a-volta-as-aulas\/\"]}]},{\"@type\":\"ImageObject\",\"inLanguage\":\"pt-BR\",\"@id\":\"https:\/\/www.notibras.com\/site\/parquinho-e-renovado-para-a-volta-as-aulas\/#primaryimage\",\"url\":\"https:\/\/www.notibras.com\/site\/wp-content\/uploads\/2023\/01\/Recuperacao-de-Parquinho-2.jpeg\",\"contentUrl\":\"https:\/\/www.notibras.com\/site\/wp-content\/uploads\/2023\/01\/Recuperacao-de-Parquinho-2.jpeg\",\"width\":981,\"height\":654},{\"@type\":\"BreadcrumbList\",\"@id\":\"https:\/\/www.notibras.com\/site\/parquinho-e-renovado-para-a-volta-as-aulas\/#breadcrumb\",\"itemListElement\":[{\"@type\":\"ListItem\",\"position\":1,\"name\":\"In\u00edcio\",\"item\":\"https:\/\/www.notibras.com\/site\/\"},{\"@type\":\"ListItem\",\"position\":2,\"name\":\"Parquinho \u00e9 renovado para a volta \u00e0s aulas\"}]},{\"@type\":\"WebSite\",\"@id\":\"https:\/\/www.notibras.com\/site\/#website\",\"url\":\"https:\/\/www.notibras.com\/site\/\",\"name\":\"Notibras\",\"description\":\"Not\u00edcias de Bras\u00edlia, do Brasil e do Mundo\",\"publisher\":{\"@id\":\"https:\/\/www.notibras.com\/site\/#organization\"},\"potentialAction\":[{\"@type\":\"SearchAction\",\"target\":{\"@type\":\"EntryPoint\",\"urlTemplate\":\"https:\/\/www.notibras.com\/site\/?s={search_term_string}\"},\"query-input\":{\"@type\":\"PropertyValueSpecification\",\"valueRequired\":true,\"valueName\":\"search_term_string\"}}],\"inLanguage\":\"pt-BR\"},{\"@type\":\"Organization\",\"@id\":\"https:\/\/www.notibras.com\/site\/#organization\",\"name\":\"Grupo Notibras de Comunica\u00e7\u00e3o\",\"url\":\"https:\/\/www.notibras.com\/site\/\",\"logo\":{\"@type\":\"ImageObject\",\"inLanguage\":\"pt-BR\",\"@id\":\"https:\/\/www.notibras.com\/site\/#\/schema\/logo\/image\/\",\"url\":\"https:\/\/www.notibras.com\/site\/wp-content\/uploads\/2023\/01\/notibras23.png\",\"contentUrl\":\"https:\/\/www.notibras.com\/site\/wp-content\/uploads\/2023\/01\/notibras23.png\",\"width\":350,\"height\":87,\"caption\":\"Grupo Notibras de Comunica\u00e7\u00e3o\"},\"image\":{\"@id\":\"https:\/\/www.notibras.com\/site\/#\/schema\/logo\/image\/\"},\"sameAs\":[\"https:\/\/www.facebook.com\/notibras\/\",\"https:\/\/x.com\/Notibras\",\"https:\/\/www.instagram.com\/notibras\/\"]},{\"@type\":\"Person\",\"@id\":\"https:\/\/www.notibras.com\/site\/#\/schema\/person\/36ab0979449956132d3e5b517ea76ac8\",\"name\":\"Reda\u00e7\u00e3o\",\"image\":{\"@type\":\"ImageObject\",\"inLanguage\":\"pt-BR\",\"@id\":\"https:\/\/secure.gravatar.com\/avatar\/e0a867bdedb85fd243eadf09663511f96fc81e0720a4a42581f334ad4303aa6b?s=96&d=mm&r=g\",\"url\":\"https:\/\/secure.gravatar.com\/avatar\/e0a867bdedb85fd243eadf09663511f96fc81e0720a4a42581f334ad4303aa6b?s=96&d=mm&r=g\",\"contentUrl\":\"https:\/\/secure.gravatar.com\/avatar\/e0a867bdedb85fd243eadf09663511f96fc81e0720a4a42581f334ad4303aa6b?s=96&d=mm&r=g\",\"caption\":\"Reda\u00e7\u00e3o\"}}]}<\/script>\n<!-- \/ Yoast SEO plugin. -->","yoast_head_json":{"title":"Parquinho \u00e9 renovado para a volta \u00e0s aulas - Notibras","robots":{"index":"index","follow":"follow","max-snippet":"max-snippet:-1","max-image-preview":"max-image-preview:large","max-video-preview":"max-video-preview:-1"},"canonical":"https:\/\/www.notibras.com\/site\/parquinho-e-renovado-para-a-volta-as-aulas\/","og_locale":"pt_BR","og_type":"article","og_title":"Parquinho \u00e9 renovado para a volta \u00e0s aulas - Notibras","og_description":"Um ambiente de lazer renovado na escola e pronto para receber pequenos alunos na volta \u00e0s aulas, em 13 de fevereiro, j\u00e1 est\u00e1 pronto. Oper\u00e1rios do programa GDF Presente recuperaram o parquinho do Centro de Educa\u00e7\u00e3o Infantil 5 (CEI 5), em Taguatinga. A dire\u00e7\u00e3o do col\u00e9gio, localizado na QNJ 23\/25, demandou o GDF, e, em [&hellip;]","og_url":"https:\/\/www.notibras.com\/site\/parquinho-e-renovado-para-a-volta-as-aulas\/","og_site_name":"Notibras","article_publisher":"https:\/\/www.facebook.com\/notibras\/","article_published_time":"2023-01-09T21:05:21+00:00","article_modified_time":"2023-01-10T02:11:41+00:00","og_image":[{"width":981,"height":654,"url":"https:\/\/www.notibras.com\/site\/wp-content\/uploads\/2023\/01\/Recuperacao-de-Parquinho-2.jpeg","type":"image\/jpeg"}],"author":"Reda\u00e7\u00e3o","twitter_card":"summary_large_image","twitter_creator":"@Notibras","twitter_site":"@Notibras","twitter_misc":{"Escrito por":"Reda\u00e7\u00e3o","Est. tempo de leitura":"2 minutos"},"schema":{"@context":"https:\/\/schema.org","@graph":[{"@type":"Article","@id":"https:\/\/www.notibras.com\/site\/parquinho-e-renovado-para-a-volta-as-aulas\/#article","isPartOf":{"@id":"https:\/\/www.notibras.com\/site\/parquinho-e-renovado-para-a-volta-as-aulas\/"},"author":{"name":"Reda\u00e7\u00e3o","@id":"https:\/\/www.notibras.com\/site\/#\/schema\/person\/36ab0979449956132d3e5b517ea76ac8"},"headline":"Parquinho \u00e9 renovado para a volta \u00e0s aulas","datePublished":"2023-01-09T21:05:21+00:00","dateModified":"2023-01-10T02:11:41+00:00","mainEntityOfPage":{"@id":"https:\/\/www.notibras.com\/site\/parquinho-e-renovado-para-a-volta-as-aulas\/"},"wordCount":284,"publisher":{"@id":"https:\/\/www.notibras.com\/site\/#organization"},"image":{"@id":"https:\/\/www.notibras.com\/site\/parquinho-e-renovado-para-a-volta-as-aulas\/#primaryimage"},"thumbnailUrl":"https:\/\/www.notibras.com\/site\/wp-content\/uploads\/2023\/01\/Recuperacao-de-Parquinho-2.jpeg","articleSection":["Quadradinho em Foco"],"inLanguage":"pt-BR"},{"@type":"WebPage","@id":"https:\/\/www.notibras.com\/site\/parquinho-e-renovado-para-a-volta-as-aulas\/","url":"https:\/\/www.notibras.com\/site\/parquinho-e-renovado-para-a-volta-as-aulas\/","name":"Parquinho \u00e9 renovado para a volta \u00e0s aulas - Notibras","isPartOf":{"@id":"https:\/\/www.notibras.com\/site\/#website"},"primaryImageOfPage":{"@id":"https:\/\/www.notibras.com\/site\/parquinho-e-renovado-para-a-volta-as-aulas\/#primaryimage"},"image":{"@id":"https:\/\/www.notibras.com\/site\/parquinho-e-renovado-para-a-volta-as-aulas\/#primaryimage"},"thumbnailUrl":"https:\/\/www.notibras.com\/site\/wp-content\/uploads\/2023\/01\/Recuperacao-de-Parquinho-2.jpeg","datePublished":"2023-01-09T21:05:21+00:00","dateModified":"2023-01-10T02:11:41+00:00","breadcrumb":{"@id":"https:\/\/www.notibras.com\/site\/parquinho-e-renovado-para-a-volta-as-aulas\/#breadcrumb"},"inLanguage":"pt-BR","potentialAction":[{"@type":"ReadAction","target":["https:\/\/www.notibras.com\/site\/parquinho-e-renovado-para-a-volta-as-aulas\/"]}]},{"@type":"ImageObject","inLanguage":"pt-BR","@id":"https:\/\/www.notibras.com\/site\/parquinho-e-renovado-para-a-volta-as-aulas\/#primaryimage","url":"https:\/\/www.notibras.com\/site\/wp-content\/uploads\/2023\/01\/Recuperacao-de-Parquinho-2.jpeg","contentUrl":"https:\/\/www.notibras.com\/site\/wp-content\/uploads\/2023\/01\/Recuperacao-de-Parquinho-2.jpeg","width":981,"height":654},{"@type":"BreadcrumbList","@id":"https:\/\/www.notibras.com\/site\/parquinho-e-renovado-para-a-volta-as-aulas\/#breadcrumb","itemListElement":[{"@type":"ListItem","position":1,"name":"In\u00edcio","item":"https:\/\/www.notibras.com\/site\/"},{"@type":"ListItem","position":2,"name":"Parquinho \u00e9 renovado para a volta \u00e0s aulas"}]},{"@type":"WebSite","@id":"https:\/\/www.notibras.com\/site\/#website","url":"https:\/\/www.notibras.com\/site\/","name":"Notibras","description":"Not\u00edcias de Bras\u00edlia, do Brasil e do Mundo","publisher":{"@id":"https:\/\/www.notibras.com\/site\/#organization"},"potentialAction":[{"@type":"SearchAction","target":{"@type":"EntryPoint","urlTemplate":"https:\/\/www.notibras.com\/site\/?s={search_term_string}"},"query-input":{"@type":"PropertyValueSpecification","valueRequired":true,"valueName":"search_term_string"}}],"inLanguage":"pt-BR"},{"@type":"Organization","@id":"https:\/\/www.notibras.com\/site\/#organization","name":"Grupo Notibras de Comunica\u00e7\u00e3o","url":"https:\/\/www.notibras.com\/site\/","logo":{"@type":"ImageObject","inLanguage":"pt-BR","@id":"https:\/\/www.notibras.com\/site\/#\/schema\/logo\/image\/","url":"https:\/\/www.notibras.com\/site\/wp-content\/uploads\/2023\/01\/notibras23.png","contentUrl":"https:\/\/www.notibras.com\/site\/wp-content\/uploads\/2023\/01\/notibras23.png","width":350,"height":87,"caption":"Grupo Notibras de Comunica\u00e7\u00e3o"},"image":{"@id":"https:\/\/www.notibras.com\/site\/#\/schema\/logo\/image\/"},"sameAs":["https:\/\/www.facebook.com\/notibras\/","https:\/\/x.com\/Notibras","https:\/\/www.instagram.com\/notibras\/"]},{"@type":"Person","@id":"https:\/\/www.notibras.com\/site\/#\/schema\/person\/36ab0979449956132d3e5b517ea76ac8","name":"Reda\u00e7\u00e3o","image":{"@type":"ImageObject","inLanguage":"pt-BR","@id":"https:\/\/secure.gravatar.com\/avatar\/e0a867bdedb85fd243eadf09663511f96fc81e0720a4a42581f334ad4303aa6b?s=96&d=mm&r=g","url":"https:\/\/secure.gravatar.com\/avatar\/e0a867bdedb85fd243eadf09663511f96fc81e0720a4a42581f334ad4303aa6b?s=96&d=mm&r=g","contentUrl":"https:\/\/secure.gravatar.com\/avatar\/e0a867bdedb85fd243eadf09663511f96fc81e0720a4a42581f334ad4303aa6b?s=96&d=mm&r=g","caption":"Reda\u00e7\u00e3o"}}]}},"amp_enabled":true,"_links":{"self":[{"href":"https:\/\/www.notibras.com\/site\/wp-json\/wp\/v2\/posts\/297555","targetHints":{"allow":["GET"]}}],"collection":[{"href":"https:\/\/www.notibras.com\/site\/wp-json\/wp\/v2\/posts"}],"about":[{"href":"https:\/\/www.notibras.com\/site\/wp-json\/wp\/v2\/types\/post"}],"author":[{"embeddable":true,"href":"https:\/\/www.notibras.com\/site\/wp-json\/wp\/v2\/users\/2"}],"replies":[{"embeddable":true,"href":"https:\/\/www.notibras.com\/site\/wp-json\/wp\/v2\/comments?post=297555"}],"version-history":[{"count":1,"href":"https:\/\/www.notibras.com\/site\/wp-json\/wp\/v2\/posts\/297555\/revisions"}],"predecessor-version":[{"id":297557,"href":"https:\/\/www.notibras.com\/site\/wp-json\/wp\/v2\/posts\/297555\/revisions\/297557"}],"wp:featuredmedia":[{"embeddable":true,"href":"https:\/\/www.notibras.com\/site\/wp-json\/wp\/v2\/media\/297556"}],"wp:attachment":[{"href":"https:\/\/www.notibras.com\/site\/wp-json\/wp\/v2\/media?parent=297555"}],"wp:term":[{"taxonomy":"category","embeddable":true,"href":"https:\/\/www.notibras.com\/site\/wp-json\/wp\/v2\/categories?post=297555"},{"taxonomy":"post_tag","embeddable":true,"href":"https:\/\/www.notibras.com\/site\/wp-json\/wp\/v2\/tags?post=297555"}],"curies":[{"name":"wp","href":"https:\/\/api.w.org\/{rel}","templated":true}]}}