{"id":297662,"date":"2023-01-12T00:25:26","date_gmt":"2023-01-12T03:25:26","guid":{"rendered":"https:\/\/www.notibras.com\/site\/?p=297662"},"modified":"2023-01-12T13:28:20","modified_gmt":"2023-01-12T16:28:20","slug":"projeto-aposta-em-educacao-para-acabar-lixoes-clandestinos","status":"publish","type":"post","link":"https:\/\/www.notibras.com\/site\/projeto-aposta-em-educacao-para-acabar-lixoes-clandestinos\/","title":{"rendered":"Projeto aposta em educa\u00e7\u00e3o para acabar lix\u00f5es clandestinos"},"content":{"rendered":"<p>As caminhadas di\u00e1rias da aposentada Domingas Lisboa pela Avenida Contorno do Parano\u00e1 ganharam novos ares. A mulher de 66 anos se ressentia com a quantidade de lixo espalhada nas \u00e1reas verdes que ladeiam uma das mais importantes vias da cidade. E se surpreendeu ao contemplar os canteiros limpos novamente nesta semana.<\/p>\n<p>\u201cA Avenida Contorno estava precisando dessa limpeza geral. Ando por aqui todos os dias com os meus netos e fico arrasada quando vejo a cidade suja\u201d, afirma Domingas. \u201cAgora, \u00e9 importante conscientizar a popula\u00e7\u00e3o para que mantenham tudo limpinho. Ningu\u00e9m quer abrir a porta de casa e encontrar lixo jogado nas \u00e1reas p\u00fablicas.\u201d<\/p>\n<p>A grande faxina faz parte do projeto De Cara Nova, oficialmente lan\u00e7ado pelo Servi\u00e7o de Limpeza Urbana (SLU) no Parano\u00e1. A a\u00e7\u00e3o tem como alvo os lix\u00f5es clandestinos espalhados ao longo da Avenida Contorno. Mais do que cuidar da higieniza\u00e7\u00e3o desses espa\u00e7os, a proposta \u00e9 orientar a popula\u00e7\u00e3o para o uso do papa-entulho da regi\u00e3o.<\/p>\n<p>\u201cNos \u00faltimos cinco dias, recolhemos 778 toneladas de entulho ao longo de 12 km de via. Foram 48 ca\u00e7ambas cheias de res\u00edduos\u201d, calcula o diretor-presidente do SLU, Silvio Vieira. \u201cA comunidade local ainda n\u00e3o tem o costume de usar o papa-entulho. Por isso, essa a\u00e7\u00e3o tamb\u00e9m foi idealizada para orientarmos os moradores do Parano\u00e1\u201d, explica.<\/p>\n<p>O car\u00e1ter educativo do projeto fica a cargo do grupo de teatro do SLU. Com a ajuda de personagens como Vassourito e Garizito, os servidores ensinam a descartar o entulho de forma correta. \u201cAcreditamos na conscientiza\u00e7\u00e3o da comunidade\u201d, comenta Vieira. \u201cE o Parano\u00e1 \u00e9 apenas nossa primeira parada. No pr\u00f3ximo dia 12, o projeto chega a Ceil\u00e2ndia\u201d, anuncia.<\/p>\n<p>Al\u00e9m da limpeza e das orienta\u00e7\u00f5es passadas \u00e0 comunidade, o projeto investe ainda no paisagismo para desestimular o surgimento de novos lix\u00f5es clandestinos. Funcion\u00e1rios do SLU t\u00eam se dedicado ao plantio de 300 \u00e1rvores em algumas das \u00e1reas verdes que passaram pela faxina.<\/p>\n<p><strong>Puni\u00e7\u00e3o<\/strong><br \/>\nQuando a educa\u00e7\u00e3o n\u00e3o resolve o problema, a DF Legal entra em a\u00e7\u00e3o para lembrar que o descarte de lixo em local impr\u00f3prio \u00e9 crime. A secretaria \u00e9 parceira do SLU no projeto De Cara Nova e tem disponibilizado fiscais para ajudar na a\u00e7\u00e3o. No decorrer das pr\u00f3ximas duas semanas, seis deles poder\u00e3o ser vistos na Avenida Contorno do Parano\u00e1.<\/p>\n<p>\u201cAt\u00e9 sexta-feira (13), vamos orientar a popula\u00e7\u00e3o e, em caso de reincid\u00eancia, notificar os infratores\u201d, adianta o subsecret\u00e1rio interino de Res\u00edduos S\u00f3lidos da DF Legal, Edmilson Gon\u00e7alves. \u201cA partir da semana que vem, passaremos a aplicar multas. O valor varia de R$ 107 a R$ 2.600, dependendo da quantidade de entulho descartado ilegalmente\u201d, informa o gestor.<\/p>\n<p>Para o administrador do Parano\u00e1, Wellington Santana, o apoio do SLU e da Secretaria DF Legal \u00e9 fundamental para preservar a limpeza da cidade. \u201cSabemos que muitos moradores n\u00e3o conhecem o papa-entulho\u201d, observa. \u201cPor isso, nossa prioridade \u00e9 orientar e educar a comunidade\u201d, frisa.<\/p>\n<p><strong>Lixo no lugar certo<\/strong><br \/>\nO papa-entulho recebe descarte de m\u00f3veis velhos e outros itens volumosos, restos de obra e de poda, material recicl\u00e1vel e \u00f3leo de cozinha usado. Cada cidad\u00e3o pode se desfazer de at\u00e9 1 m\u00b3 de res\u00edduo por dia. O espa\u00e7o s\u00f3 n\u00e3o recebe equipamentos eletr\u00f4nicos.<\/p>\n<p>Entulhos, galhadas e volumosos sem utilidade s\u00e3o encaminhados para a Unidade de Recebimento de Entulho (URE). M\u00f3veis que ainda est\u00e3o em condi\u00e7\u00f5es de uso s\u00e3o doados para entidades assistenciais cadastradas.<\/p>\n<p>Anote a\u00ed: o papa-entulho do Parano\u00e1 fica na Quadra 5, Conjunto D, Lote 4.<\/p>\n","protected":false},"excerpt":{"rendered":"<p>As caminhadas di\u00e1rias da aposentada Domingas Lisboa pela Avenida Contorno do Parano\u00e1 ganharam novos ares. A mulher de 66 anos se ressentia com a quantidade de lixo espalhada nas \u00e1reas verdes que ladeiam uma das mais importantes vias da cidade. E se surpreendeu ao contemplar os canteiros limpos novamente nesta semana. \u201cA Avenida Contorno estava [&hellip;]<\/p>\n","protected":false},"author":2,"featured_media":297663,"comment_status":"closed","ping_status":"closed","sticky":false,"template":"","format":"standard","meta":{"_acf_changed":false,"footnotes":""},"categories":[161],"tags":[],"class_list":["post-297662","post","type-post","status-publish","format-standard","has-post-thumbnail","hentry","category-quadradinho-em-foco"],"acf":[],"yoast_head":"<!-- This site is optimized with the Yoast SEO plugin v27.2 - https:\/\/yoast.com\/product\/yoast-seo-wordpress\/ -->\n<title>Projeto aposta em educa\u00e7\u00e3o para acabar lix\u00f5es clandestinos - Notibras<\/title>\n<meta name=\"robots\" content=\"index, follow, max-snippet:-1, max-image-preview:large, max-video-preview:-1\" \/>\n<link rel=\"canonical\" href=\"https:\/\/www.notibras.com\/site\/projeto-aposta-em-educacao-para-acabar-lixoes-clandestinos\/\" \/>\n<meta property=\"og:locale\" content=\"pt_BR\" \/>\n<meta property=\"og:type\" content=\"article\" \/>\n<meta property=\"og:title\" content=\"Projeto aposta em educa\u00e7\u00e3o para acabar lix\u00f5es clandestinos - Notibras\" \/>\n<meta property=\"og:description\" content=\"As caminhadas di\u00e1rias da aposentada Domingas Lisboa pela Avenida Contorno do Parano\u00e1 ganharam novos ares. A mulher de 66 anos se ressentia com a quantidade de lixo espalhada nas \u00e1reas verdes que ladeiam uma das mais importantes vias da cidade. E se surpreendeu ao contemplar os canteiros limpos novamente nesta semana. \u201cA Avenida Contorno estava [&hellip;]\" \/>\n<meta property=\"og:url\" content=\"https:\/\/www.notibras.com\/site\/projeto-aposta-em-educacao-para-acabar-lixoes-clandestinos\/\" \/>\n<meta property=\"og:site_name\" content=\"Notibras\" \/>\n<meta property=\"article:publisher\" content=\"https:\/\/www.facebook.com\/notibras\/\" \/>\n<meta property=\"article:published_time\" content=\"2023-01-12T03:25:26+00:00\" \/>\n<meta property=\"article:modified_time\" content=\"2023-01-12T16:28:20+00:00\" \/>\n<meta property=\"og:image\" content=\"https:\/\/www.notibras.com\/site\/wp-content\/uploads\/2023\/01\/JRO_0831-1536x1024-1.jpg\" \/>\n\t<meta property=\"og:image:width\" content=\"1536\" \/>\n\t<meta property=\"og:image:height\" content=\"1024\" \/>\n\t<meta property=\"og:image:type\" content=\"image\/jpeg\" \/>\n<meta name=\"author\" content=\"Reda\u00e7\u00e3o\" \/>\n<meta name=\"twitter:card\" content=\"summary_large_image\" \/>\n<meta name=\"twitter:creator\" content=\"@Notibras\" \/>\n<meta name=\"twitter:site\" content=\"@Notibras\" \/>\n<meta name=\"twitter:label1\" content=\"Escrito por\" \/>\n\t<meta name=\"twitter:data1\" content=\"Reda\u00e7\u00e3o\" \/>\n\t<meta name=\"twitter:label2\" content=\"Est. tempo de leitura\" \/>\n\t<meta name=\"twitter:data2\" content=\"4 minutos\" \/>\n<script type=\"application\/ld+json\" class=\"yoast-schema-graph\">{\"@context\":\"https:\/\/schema.org\",\"@graph\":[{\"@type\":\"Article\",\"@id\":\"https:\/\/www.notibras.com\/site\/projeto-aposta-em-educacao-para-acabar-lixoes-clandestinos\/#article\",\"isPartOf\":{\"@id\":\"https:\/\/www.notibras.com\/site\/projeto-aposta-em-educacao-para-acabar-lixoes-clandestinos\/\"},\"author\":{\"name\":\"Reda\u00e7\u00e3o\",\"@id\":\"https:\/\/www.notibras.com\/site\/#\/schema\/person\/36ab0979449956132d3e5b517ea76ac8\"},\"headline\":\"Projeto aposta em educa\u00e7\u00e3o para acabar lix\u00f5es clandestinos\",\"datePublished\":\"2023-01-12T03:25:26+00:00\",\"dateModified\":\"2023-01-12T16:28:20+00:00\",\"mainEntityOfPage\":{\"@id\":\"https:\/\/www.notibras.com\/site\/projeto-aposta-em-educacao-para-acabar-lixoes-clandestinos\/\"},\"wordCount\":611,\"publisher\":{\"@id\":\"https:\/\/www.notibras.com\/site\/#organization\"},\"image\":{\"@id\":\"https:\/\/www.notibras.com\/site\/projeto-aposta-em-educacao-para-acabar-lixoes-clandestinos\/#primaryimage\"},\"thumbnailUrl\":\"https:\/\/www.notibras.com\/site\/wp-content\/uploads\/2023\/01\/JRO_0831-1536x1024-1.jpg\",\"articleSection\":[\"Quadradinho em Foco\"],\"inLanguage\":\"pt-BR\"},{\"@type\":\"WebPage\",\"@id\":\"https:\/\/www.notibras.com\/site\/projeto-aposta-em-educacao-para-acabar-lixoes-clandestinos\/\",\"url\":\"https:\/\/www.notibras.com\/site\/projeto-aposta-em-educacao-para-acabar-lixoes-clandestinos\/\",\"name\":\"Projeto aposta em educa\u00e7\u00e3o para acabar lix\u00f5es clandestinos - Notibras\",\"isPartOf\":{\"@id\":\"https:\/\/www.notibras.com\/site\/#website\"},\"primaryImageOfPage\":{\"@id\":\"https:\/\/www.notibras.com\/site\/projeto-aposta-em-educacao-para-acabar-lixoes-clandestinos\/#primaryimage\"},\"image\":{\"@id\":\"https:\/\/www.notibras.com\/site\/projeto-aposta-em-educacao-para-acabar-lixoes-clandestinos\/#primaryimage\"},\"thumbnailUrl\":\"https:\/\/www.notibras.com\/site\/wp-content\/uploads\/2023\/01\/JRO_0831-1536x1024-1.jpg\",\"datePublished\":\"2023-01-12T03:25:26+00:00\",\"dateModified\":\"2023-01-12T16:28:20+00:00\",\"breadcrumb\":{\"@id\":\"https:\/\/www.notibras.com\/site\/projeto-aposta-em-educacao-para-acabar-lixoes-clandestinos\/#breadcrumb\"},\"inLanguage\":\"pt-BR\",\"potentialAction\":[{\"@type\":\"ReadAction\",\"target\":[\"https:\/\/www.notibras.com\/site\/projeto-aposta-em-educacao-para-acabar-lixoes-clandestinos\/\"]}]},{\"@type\":\"ImageObject\",\"inLanguage\":\"pt-BR\",\"@id\":\"https:\/\/www.notibras.com\/site\/projeto-aposta-em-educacao-para-acabar-lixoes-clandestinos\/#primaryimage\",\"url\":\"https:\/\/www.notibras.com\/site\/wp-content\/uploads\/2023\/01\/JRO_0831-1536x1024-1.jpg\",\"contentUrl\":\"https:\/\/www.notibras.com\/site\/wp-content\/uploads\/2023\/01\/JRO_0831-1536x1024-1.jpg\",\"width\":1536,\"height\":1024},{\"@type\":\"BreadcrumbList\",\"@id\":\"https:\/\/www.notibras.com\/site\/projeto-aposta-em-educacao-para-acabar-lixoes-clandestinos\/#breadcrumb\",\"itemListElement\":[{\"@type\":\"ListItem\",\"position\":1,\"name\":\"In\u00edcio\",\"item\":\"https:\/\/www.notibras.com\/site\/\"},{\"@type\":\"ListItem\",\"position\":2,\"name\":\"Projeto aposta em educa\u00e7\u00e3o para acabar lix\u00f5es clandestinos\"}]},{\"@type\":\"WebSite\",\"@id\":\"https:\/\/www.notibras.com\/site\/#website\",\"url\":\"https:\/\/www.notibras.com\/site\/\",\"name\":\"Notibras\",\"description\":\"Not\u00edcias de Bras\u00edlia, do Brasil e do Mundo\",\"publisher\":{\"@id\":\"https:\/\/www.notibras.com\/site\/#organization\"},\"potentialAction\":[{\"@type\":\"SearchAction\",\"target\":{\"@type\":\"EntryPoint\",\"urlTemplate\":\"https:\/\/www.notibras.com\/site\/?s={search_term_string}\"},\"query-input\":{\"@type\":\"PropertyValueSpecification\",\"valueRequired\":true,\"valueName\":\"search_term_string\"}}],\"inLanguage\":\"pt-BR\"},{\"@type\":\"Organization\",\"@id\":\"https:\/\/www.notibras.com\/site\/#organization\",\"name\":\"Grupo Notibras de Comunica\u00e7\u00e3o\",\"url\":\"https:\/\/www.notibras.com\/site\/\",\"logo\":{\"@type\":\"ImageObject\",\"inLanguage\":\"pt-BR\",\"@id\":\"https:\/\/www.notibras.com\/site\/#\/schema\/logo\/image\/\",\"url\":\"https:\/\/www.notibras.com\/site\/wp-content\/uploads\/2023\/01\/notibras23.png\",\"contentUrl\":\"https:\/\/www.notibras.com\/site\/wp-content\/uploads\/2023\/01\/notibras23.png\",\"width\":350,\"height\":87,\"caption\":\"Grupo Notibras de Comunica\u00e7\u00e3o\"},\"image\":{\"@id\":\"https:\/\/www.notibras.com\/site\/#\/schema\/logo\/image\/\"},\"sameAs\":[\"https:\/\/www.facebook.com\/notibras\/\",\"https:\/\/x.com\/Notibras\",\"https:\/\/www.instagram.com\/notibras\/\"]},{\"@type\":\"Person\",\"@id\":\"https:\/\/www.notibras.com\/site\/#\/schema\/person\/36ab0979449956132d3e5b517ea76ac8\",\"name\":\"Reda\u00e7\u00e3o\",\"image\":{\"@type\":\"ImageObject\",\"inLanguage\":\"pt-BR\",\"@id\":\"https:\/\/secure.gravatar.com\/avatar\/e0a867bdedb85fd243eadf09663511f96fc81e0720a4a42581f334ad4303aa6b?s=96&d=mm&r=g\",\"url\":\"https:\/\/secure.gravatar.com\/avatar\/e0a867bdedb85fd243eadf09663511f96fc81e0720a4a42581f334ad4303aa6b?s=96&d=mm&r=g\",\"contentUrl\":\"https:\/\/secure.gravatar.com\/avatar\/e0a867bdedb85fd243eadf09663511f96fc81e0720a4a42581f334ad4303aa6b?s=96&d=mm&r=g\",\"caption\":\"Reda\u00e7\u00e3o\"}}]}<\/script>\n<!-- \/ Yoast SEO plugin. -->","yoast_head_json":{"title":"Projeto aposta em educa\u00e7\u00e3o para acabar lix\u00f5es clandestinos - Notibras","robots":{"index":"index","follow":"follow","max-snippet":"max-snippet:-1","max-image-preview":"max-image-preview:large","max-video-preview":"max-video-preview:-1"},"canonical":"https:\/\/www.notibras.com\/site\/projeto-aposta-em-educacao-para-acabar-lixoes-clandestinos\/","og_locale":"pt_BR","og_type":"article","og_title":"Projeto aposta em educa\u00e7\u00e3o para acabar lix\u00f5es clandestinos - Notibras","og_description":"As caminhadas di\u00e1rias da aposentada Domingas Lisboa pela Avenida Contorno do Parano\u00e1 ganharam novos ares. A mulher de 66 anos se ressentia com a quantidade de lixo espalhada nas \u00e1reas verdes que ladeiam uma das mais importantes vias da cidade. E se surpreendeu ao contemplar os canteiros limpos novamente nesta semana. \u201cA Avenida Contorno estava [&hellip;]","og_url":"https:\/\/www.notibras.com\/site\/projeto-aposta-em-educacao-para-acabar-lixoes-clandestinos\/","og_site_name":"Notibras","article_publisher":"https:\/\/www.facebook.com\/notibras\/","article_published_time":"2023-01-12T03:25:26+00:00","article_modified_time":"2023-01-12T16:28:20+00:00","og_image":[{"width":1536,"height":1024,"url":"https:\/\/www.notibras.com\/site\/wp-content\/uploads\/2023\/01\/JRO_0831-1536x1024-1.jpg","type":"image\/jpeg"}],"author":"Reda\u00e7\u00e3o","twitter_card":"summary_large_image","twitter_creator":"@Notibras","twitter_site":"@Notibras","twitter_misc":{"Escrito por":"Reda\u00e7\u00e3o","Est. tempo de leitura":"4 minutos"},"schema":{"@context":"https:\/\/schema.org","@graph":[{"@type":"Article","@id":"https:\/\/www.notibras.com\/site\/projeto-aposta-em-educacao-para-acabar-lixoes-clandestinos\/#article","isPartOf":{"@id":"https:\/\/www.notibras.com\/site\/projeto-aposta-em-educacao-para-acabar-lixoes-clandestinos\/"},"author":{"name":"Reda\u00e7\u00e3o","@id":"https:\/\/www.notibras.com\/site\/#\/schema\/person\/36ab0979449956132d3e5b517ea76ac8"},"headline":"Projeto aposta em educa\u00e7\u00e3o para acabar lix\u00f5es clandestinos","datePublished":"2023-01-12T03:25:26+00:00","dateModified":"2023-01-12T16:28:20+00:00","mainEntityOfPage":{"@id":"https:\/\/www.notibras.com\/site\/projeto-aposta-em-educacao-para-acabar-lixoes-clandestinos\/"},"wordCount":611,"publisher":{"@id":"https:\/\/www.notibras.com\/site\/#organization"},"image":{"@id":"https:\/\/www.notibras.com\/site\/projeto-aposta-em-educacao-para-acabar-lixoes-clandestinos\/#primaryimage"},"thumbnailUrl":"https:\/\/www.notibras.com\/site\/wp-content\/uploads\/2023\/01\/JRO_0831-1536x1024-1.jpg","articleSection":["Quadradinho em Foco"],"inLanguage":"pt-BR"},{"@type":"WebPage","@id":"https:\/\/www.notibras.com\/site\/projeto-aposta-em-educacao-para-acabar-lixoes-clandestinos\/","url":"https:\/\/www.notibras.com\/site\/projeto-aposta-em-educacao-para-acabar-lixoes-clandestinos\/","name":"Projeto aposta em educa\u00e7\u00e3o para acabar lix\u00f5es clandestinos - Notibras","isPartOf":{"@id":"https:\/\/www.notibras.com\/site\/#website"},"primaryImageOfPage":{"@id":"https:\/\/www.notibras.com\/site\/projeto-aposta-em-educacao-para-acabar-lixoes-clandestinos\/#primaryimage"},"image":{"@id":"https:\/\/www.notibras.com\/site\/projeto-aposta-em-educacao-para-acabar-lixoes-clandestinos\/#primaryimage"},"thumbnailUrl":"https:\/\/www.notibras.com\/site\/wp-content\/uploads\/2023\/01\/JRO_0831-1536x1024-1.jpg","datePublished":"2023-01-12T03:25:26+00:00","dateModified":"2023-01-12T16:28:20+00:00","breadcrumb":{"@id":"https:\/\/www.notibras.com\/site\/projeto-aposta-em-educacao-para-acabar-lixoes-clandestinos\/#breadcrumb"},"inLanguage":"pt-BR","potentialAction":[{"@type":"ReadAction","target":["https:\/\/www.notibras.com\/site\/projeto-aposta-em-educacao-para-acabar-lixoes-clandestinos\/"]}]},{"@type":"ImageObject","inLanguage":"pt-BR","@id":"https:\/\/www.notibras.com\/site\/projeto-aposta-em-educacao-para-acabar-lixoes-clandestinos\/#primaryimage","url":"https:\/\/www.notibras.com\/site\/wp-content\/uploads\/2023\/01\/JRO_0831-1536x1024-1.jpg","contentUrl":"https:\/\/www.notibras.com\/site\/wp-content\/uploads\/2023\/01\/JRO_0831-1536x1024-1.jpg","width":1536,"height":1024},{"@type":"BreadcrumbList","@id":"https:\/\/www.notibras.com\/site\/projeto-aposta-em-educacao-para-acabar-lixoes-clandestinos\/#breadcrumb","itemListElement":[{"@type":"ListItem","position":1,"name":"In\u00edcio","item":"https:\/\/www.notibras.com\/site\/"},{"@type":"ListItem","position":2,"name":"Projeto aposta em educa\u00e7\u00e3o para acabar lix\u00f5es clandestinos"}]},{"@type":"WebSite","@id":"https:\/\/www.notibras.com\/site\/#website","url":"https:\/\/www.notibras.com\/site\/","name":"Notibras","description":"Not\u00edcias de Bras\u00edlia, do Brasil e do Mundo","publisher":{"@id":"https:\/\/www.notibras.com\/site\/#organization"},"potentialAction":[{"@type":"SearchAction","target":{"@type":"EntryPoint","urlTemplate":"https:\/\/www.notibras.com\/site\/?s={search_term_string}"},"query-input":{"@type":"PropertyValueSpecification","valueRequired":true,"valueName":"search_term_string"}}],"inLanguage":"pt-BR"},{"@type":"Organization","@id":"https:\/\/www.notibras.com\/site\/#organization","name":"Grupo Notibras de Comunica\u00e7\u00e3o","url":"https:\/\/www.notibras.com\/site\/","logo":{"@type":"ImageObject","inLanguage":"pt-BR","@id":"https:\/\/www.notibras.com\/site\/#\/schema\/logo\/image\/","url":"https:\/\/www.notibras.com\/site\/wp-content\/uploads\/2023\/01\/notibras23.png","contentUrl":"https:\/\/www.notibras.com\/site\/wp-content\/uploads\/2023\/01\/notibras23.png","width":350,"height":87,"caption":"Grupo Notibras de Comunica\u00e7\u00e3o"},"image":{"@id":"https:\/\/www.notibras.com\/site\/#\/schema\/logo\/image\/"},"sameAs":["https:\/\/www.facebook.com\/notibras\/","https:\/\/x.com\/Notibras","https:\/\/www.instagram.com\/notibras\/"]},{"@type":"Person","@id":"https:\/\/www.notibras.com\/site\/#\/schema\/person\/36ab0979449956132d3e5b517ea76ac8","name":"Reda\u00e7\u00e3o","image":{"@type":"ImageObject","inLanguage":"pt-BR","@id":"https:\/\/secure.gravatar.com\/avatar\/e0a867bdedb85fd243eadf09663511f96fc81e0720a4a42581f334ad4303aa6b?s=96&d=mm&r=g","url":"https:\/\/secure.gravatar.com\/avatar\/e0a867bdedb85fd243eadf09663511f96fc81e0720a4a42581f334ad4303aa6b?s=96&d=mm&r=g","contentUrl":"https:\/\/secure.gravatar.com\/avatar\/e0a867bdedb85fd243eadf09663511f96fc81e0720a4a42581f334ad4303aa6b?s=96&d=mm&r=g","caption":"Reda\u00e7\u00e3o"}}]}},"amp_enabled":true,"_links":{"self":[{"href":"https:\/\/www.notibras.com\/site\/wp-json\/wp\/v2\/posts\/297662","targetHints":{"allow":["GET"]}}],"collection":[{"href":"https:\/\/www.notibras.com\/site\/wp-json\/wp\/v2\/posts"}],"about":[{"href":"https:\/\/www.notibras.com\/site\/wp-json\/wp\/v2\/types\/post"}],"author":[{"embeddable":true,"href":"https:\/\/www.notibras.com\/site\/wp-json\/wp\/v2\/users\/2"}],"replies":[{"embeddable":true,"href":"https:\/\/www.notibras.com\/site\/wp-json\/wp\/v2\/comments?post=297662"}],"version-history":[{"count":1,"href":"https:\/\/www.notibras.com\/site\/wp-json\/wp\/v2\/posts\/297662\/revisions"}],"predecessor-version":[{"id":297664,"href":"https:\/\/www.notibras.com\/site\/wp-json\/wp\/v2\/posts\/297662\/revisions\/297664"}],"wp:featuredmedia":[{"embeddable":true,"href":"https:\/\/www.notibras.com\/site\/wp-json\/wp\/v2\/media\/297663"}],"wp:attachment":[{"href":"https:\/\/www.notibras.com\/site\/wp-json\/wp\/v2\/media?parent=297662"}],"wp:term":[{"taxonomy":"category","embeddable":true,"href":"https:\/\/www.notibras.com\/site\/wp-json\/wp\/v2\/categories?post=297662"},{"taxonomy":"post_tag","embeddable":true,"href":"https:\/\/www.notibras.com\/site\/wp-json\/wp\/v2\/tags?post=297662"}],"curies":[{"name":"wp","href":"https:\/\/api.w.org\/{rel}","templated":true}]}}