{"id":297665,"date":"2023-01-12T00:29:26","date_gmt":"2023-01-12T03:29:26","guid":{"rendered":"https:\/\/www.notibras.com\/site\/?p=297665"},"modified":"2023-01-12T13:33:46","modified_gmt":"2023-01-12T16:33:46","slug":"produtores-assistidos-pela-emater-doam-excedentes-da-producao","status":"publish","type":"post","link":"https:\/\/www.notibras.com\/site\/produtores-assistidos-pela-emater-doam-excedentes-da-producao\/","title":{"rendered":"Produtores assistidos pela Emater doam excedentes da produ\u00e7\u00e3o"},"content":{"rendered":"<p>Produtores atendidos pelo escrit\u00f3rio local da Empresa de Assist\u00eancia T\u00e9cnica e Extens\u00e3o Rural do Distrito Federal (Emater-DF) no N\u00facleo Rural Taquara, em Planaltina, doaram a produ\u00e7\u00e3o excedente ao Banco de Alimentos. Amaro Nunes de Fran\u00e7a e Francisco Ant\u00f4nio de Barros doaram, respectivamente, 15 toneladas de repolho e dois mil p\u00e9s de alface para as entidades assistenciais cadastradas junto ao programa, que atende pessoas em situa\u00e7\u00e3o de vulnerabilidade alimentar.<\/p>\n<p>O gerente do escrit\u00f3rio local da Emater no Taquara, Revan Soares, informou que o trabalho de Assist\u00eancia T\u00e9cnica e Extens\u00e3o Rural (Ater) prestado pelos extensionistas envolve tamb\u00e9m a comercializa\u00e7\u00e3o da produ\u00e7\u00e3o rural e o incentivo \u00e0s doa\u00e7\u00f5es quando h\u00e1 dificuldades de comercializa\u00e7\u00e3o.<\/p>\n<p>\u201cSempre orientamos e fazemos a intermedia\u00e7\u00e3o junto ao Banco de Alimentos quando sabemos pelos produtores atendidos que a produ\u00e7\u00e3o est\u00e1 excedente, seja por queda de pre\u00e7os, quando h\u00e1 aumento da oferta do produto no mercado, ou em casos de fim de safra, mas em ambos os casos o produto mant\u00e9m a qualidade sanit\u00e1ria e pode ser consumido perfeitamente\u201d, afirmou.<\/p>\n<p>De acordo com o produtor rural Amaro Nunes de Fran\u00e7a, atendido pela Emater desde 2005, a produ\u00e7\u00e3o excedente sempre era jogada fora. \u201cFoi gratificante para mim ter feito essa doa\u00e7\u00e3o com apoio da Emater-DF, pois tem muita gente passando fome e \u00e9 uma alegria poder ajudar. Essa \u00e9 uma iniciativa do governo muito positiva e sempre que tiver mercadoria sobrando, vou falar com o Revan\u201d, destacou, se referindo ao gerente Revan Soares.<\/p>\n<p>O presidente da Emater-DF, Cleison Duval, ressaltou que um dos princ\u00edpios que permeiam as a\u00e7\u00f5es de assist\u00eancia t\u00e9cnica e extens\u00e3o rural da empresa \u00e9 contribuir para a seguran\u00e7a alimentar e nutricional da popula\u00e7\u00e3o do Distrito Federal. \u201cFomentar o desperd\u00edcio zero no campo por meio de doa\u00e7\u00f5es das produ\u00e7\u00f5es excedentes \u00e9 um trabalho que estamos realizando em todos os escrit\u00f3rios locais e que conta com a participa\u00e7\u00e3o crescente dos produtores rurais atendidos pela empresa.\u201d<\/p>\n<p><strong>Banco de Alimentos<\/strong><br \/>\nO programa Banco de Alimentos tem o objetivo de mitigar o desperd\u00edcio de alimentos no \u00e2mbito da Ceasa-DF, recolhendo, selecionando e distribuindo os alimentos que eram descartados por estarem fora do padr\u00e3o de comercializa\u00e7\u00e3o, mas que est\u00e3o aptos para o consumo humano. Esses alimentos s\u00e3o doados para institui\u00e7\u00f5es filantr\u00f3picas do DF, complementando as refei\u00e7\u00f5es de pessoas carentes e fortalecendo a seguran\u00e7a alimentar e nutricional. O Banco de Alimentos, gerido pela Ceasa, coordena o Programa de Coleta e Doa\u00e7\u00e3o de Alimentos (PCDA), que est\u00e1 apoiado em tr\u00eas eixos de recebimentos de alimentos: Desperd\u00edcio Zero, Aquisi\u00e7\u00e3o de Alimentos e Doa\u00e7\u00e3o Solid\u00e1ria.<\/p>\n<p>Segundo informa\u00e7\u00f5es da diretora de Seguran\u00e7a Alimentar e Nutricional da Ceasa, Lidiane Pires, em 2022, o programa Desperd\u00edcio Zero arrecadou mais de 150 toneladas de alimentos que seriam jogados no lixo, mas alimentaram cerca de 60 mil pessoas.<\/p>\n<p>\u201cNum momento em que h\u00e1 grande inseguran\u00e7a alimentar entre as pessoas em situa\u00e7\u00e3o de vulnerabilidade, ampliar o aproveitamento dos alimentos \u00e9 fundamental para combater a fome. Vale ressaltar que o Desperd\u00edcio Zero \u00e9 dedicado a evitar que alimentos sem apelo comercial, mas com condi\u00e7\u00f5es adequadas para consumo humano sejam aproveitados, al\u00e9m de contribuir com o meio ambiente, uma vez que reduz a quantidade de res\u00edduos enviados ao aterro, reduzindo assim a forma\u00e7\u00e3o de gases de efeito estufa e o enchimento acelerado do aterro. Nesse processo, a participa\u00e7\u00e3o da Emater-DF foi fundamental para as doa\u00e7\u00f5es do Desperd\u00edcio Zero no Campo, pois ela \u00e9 o bra\u00e7o do governo junto aos produtores rurais, que fazem a intermedia\u00e7\u00e3o das doa\u00e7\u00f5es\u201d, declarou Lidiane.<\/p>\n<p>Segundo dados do balan\u00e7o do Programa de Coleta e Doa\u00e7\u00e3o de Alimentos, entre janeiro e agosto de 2022, houve a arrecada\u00e7\u00e3o de 625.458 quilos de alimentos, que geraram tr\u00eas milh\u00f5es e 127 mil refei\u00e7\u00f5es completas em 155 institui\u00e7\u00f5es assistidas.<\/p>\n","protected":false},"excerpt":{"rendered":"<p>Produtores atendidos pelo escrit\u00f3rio local da Empresa de Assist\u00eancia T\u00e9cnica e Extens\u00e3o Rural do Distrito Federal (Emater-DF) no N\u00facleo Rural Taquara, em Planaltina, doaram a produ\u00e7\u00e3o excedente ao Banco de Alimentos. Amaro Nunes de Fran\u00e7a e Francisco Ant\u00f4nio de Barros doaram, respectivamente, 15 toneladas de repolho e dois mil p\u00e9s de alface para as entidades [&hellip;]<\/p>\n","protected":false},"author":2,"featured_media":297666,"comment_status":"closed","ping_status":"closed","sticky":false,"template":"","format":"standard","meta":{"_acf_changed":false,"footnotes":""},"categories":[161],"tags":[],"class_list":["post-297665","post","type-post","status-publish","format-standard","has-post-thumbnail","hentry","category-quadradinho-em-foco"],"acf":[],"yoast_head":"<!-- This site is optimized with the Yoast SEO plugin v27.2 - https:\/\/yoast.com\/product\/yoast-seo-wordpress\/ -->\n<title>Produtores assistidos pela Emater doam excedentes da produ\u00e7\u00e3o - Notibras<\/title>\n<meta name=\"robots\" content=\"index, follow, max-snippet:-1, max-image-preview:large, max-video-preview:-1\" \/>\n<link rel=\"canonical\" href=\"https:\/\/www.notibras.com\/site\/produtores-assistidos-pela-emater-doam-excedentes-da-producao\/\" \/>\n<meta property=\"og:locale\" content=\"pt_BR\" \/>\n<meta property=\"og:type\" content=\"article\" \/>\n<meta property=\"og:title\" content=\"Produtores assistidos pela Emater doam excedentes da produ\u00e7\u00e3o - Notibras\" \/>\n<meta property=\"og:description\" content=\"Produtores atendidos pelo escrit\u00f3rio local da Empresa de Assist\u00eancia T\u00e9cnica e Extens\u00e3o Rural do Distrito Federal (Emater-DF) no N\u00facleo Rural Taquara, em Planaltina, doaram a produ\u00e7\u00e3o excedente ao Banco de Alimentos. Amaro Nunes de Fran\u00e7a e Francisco Ant\u00f4nio de Barros doaram, respectivamente, 15 toneladas de repolho e dois mil p\u00e9s de alface para as entidades [&hellip;]\" \/>\n<meta property=\"og:url\" content=\"https:\/\/www.notibras.com\/site\/produtores-assistidos-pela-emater-doam-excedentes-da-producao\/\" \/>\n<meta property=\"og:site_name\" content=\"Notibras\" \/>\n<meta property=\"article:publisher\" content=\"https:\/\/www.facebook.com\/notibras\/\" \/>\n<meta property=\"article:published_time\" content=\"2023-01-12T03:29:26+00:00\" \/>\n<meta property=\"article:modified_time\" content=\"2023-01-12T16:33:46+00:00\" \/>\n<meta property=\"og:image\" content=\"https:\/\/www.notibras.com\/site\/wp-content\/uploads\/2023\/01\/1-1536x950-1.jpeg\" \/>\n\t<meta property=\"og:image:width\" content=\"1536\" \/>\n\t<meta property=\"og:image:height\" content=\"950\" \/>\n\t<meta property=\"og:image:type\" content=\"image\/jpeg\" \/>\n<meta name=\"author\" content=\"Reda\u00e7\u00e3o\" \/>\n<meta name=\"twitter:card\" content=\"summary_large_image\" \/>\n<meta name=\"twitter:creator\" content=\"@Notibras\" \/>\n<meta name=\"twitter:site\" content=\"@Notibras\" \/>\n<meta name=\"twitter:label1\" content=\"Escrito por\" \/>\n\t<meta name=\"twitter:data1\" content=\"Reda\u00e7\u00e3o\" \/>\n\t<meta name=\"twitter:label2\" content=\"Est. tempo de leitura\" \/>\n\t<meta name=\"twitter:data2\" content=\"4 minutos\" \/>\n<script type=\"application\/ld+json\" class=\"yoast-schema-graph\">{\"@context\":\"https:\/\/schema.org\",\"@graph\":[{\"@type\":\"Article\",\"@id\":\"https:\/\/www.notibras.com\/site\/produtores-assistidos-pela-emater-doam-excedentes-da-producao\/#article\",\"isPartOf\":{\"@id\":\"https:\/\/www.notibras.com\/site\/produtores-assistidos-pela-emater-doam-excedentes-da-producao\/\"},\"author\":{\"name\":\"Reda\u00e7\u00e3o\",\"@id\":\"https:\/\/www.notibras.com\/site\/#\/schema\/person\/36ab0979449956132d3e5b517ea76ac8\"},\"headline\":\"Produtores assistidos pela Emater doam excedentes da produ\u00e7\u00e3o\",\"datePublished\":\"2023-01-12T03:29:26+00:00\",\"dateModified\":\"2023-01-12T16:33:46+00:00\",\"mainEntityOfPage\":{\"@id\":\"https:\/\/www.notibras.com\/site\/produtores-assistidos-pela-emater-doam-excedentes-da-producao\/\"},\"wordCount\":681,\"publisher\":{\"@id\":\"https:\/\/www.notibras.com\/site\/#organization\"},\"image\":{\"@id\":\"https:\/\/www.notibras.com\/site\/produtores-assistidos-pela-emater-doam-excedentes-da-producao\/#primaryimage\"},\"thumbnailUrl\":\"https:\/\/www.notibras.com\/site\/wp-content\/uploads\/2023\/01\/1-1536x950-1.jpeg\",\"articleSection\":[\"Quadradinho em Foco\"],\"inLanguage\":\"pt-BR\"},{\"@type\":\"WebPage\",\"@id\":\"https:\/\/www.notibras.com\/site\/produtores-assistidos-pela-emater-doam-excedentes-da-producao\/\",\"url\":\"https:\/\/www.notibras.com\/site\/produtores-assistidos-pela-emater-doam-excedentes-da-producao\/\",\"name\":\"Produtores assistidos pela Emater doam excedentes da produ\u00e7\u00e3o - Notibras\",\"isPartOf\":{\"@id\":\"https:\/\/www.notibras.com\/site\/#website\"},\"primaryImageOfPage\":{\"@id\":\"https:\/\/www.notibras.com\/site\/produtores-assistidos-pela-emater-doam-excedentes-da-producao\/#primaryimage\"},\"image\":{\"@id\":\"https:\/\/www.notibras.com\/site\/produtores-assistidos-pela-emater-doam-excedentes-da-producao\/#primaryimage\"},\"thumbnailUrl\":\"https:\/\/www.notibras.com\/site\/wp-content\/uploads\/2023\/01\/1-1536x950-1.jpeg\",\"datePublished\":\"2023-01-12T03:29:26+00:00\",\"dateModified\":\"2023-01-12T16:33:46+00:00\",\"breadcrumb\":{\"@id\":\"https:\/\/www.notibras.com\/site\/produtores-assistidos-pela-emater-doam-excedentes-da-producao\/#breadcrumb\"},\"inLanguage\":\"pt-BR\",\"potentialAction\":[{\"@type\":\"ReadAction\",\"target\":[\"https:\/\/www.notibras.com\/site\/produtores-assistidos-pela-emater-doam-excedentes-da-producao\/\"]}]},{\"@type\":\"ImageObject\",\"inLanguage\":\"pt-BR\",\"@id\":\"https:\/\/www.notibras.com\/site\/produtores-assistidos-pela-emater-doam-excedentes-da-producao\/#primaryimage\",\"url\":\"https:\/\/www.notibras.com\/site\/wp-content\/uploads\/2023\/01\/1-1536x950-1.jpeg\",\"contentUrl\":\"https:\/\/www.notibras.com\/site\/wp-content\/uploads\/2023\/01\/1-1536x950-1.jpeg\",\"width\":1536,\"height\":950},{\"@type\":\"BreadcrumbList\",\"@id\":\"https:\/\/www.notibras.com\/site\/produtores-assistidos-pela-emater-doam-excedentes-da-producao\/#breadcrumb\",\"itemListElement\":[{\"@type\":\"ListItem\",\"position\":1,\"name\":\"In\u00edcio\",\"item\":\"https:\/\/www.notibras.com\/site\/\"},{\"@type\":\"ListItem\",\"position\":2,\"name\":\"Produtores assistidos pela Emater doam excedentes da produ\u00e7\u00e3o\"}]},{\"@type\":\"WebSite\",\"@id\":\"https:\/\/www.notibras.com\/site\/#website\",\"url\":\"https:\/\/www.notibras.com\/site\/\",\"name\":\"Notibras\",\"description\":\"Not\u00edcias de Bras\u00edlia, do Brasil e do Mundo\",\"publisher\":{\"@id\":\"https:\/\/www.notibras.com\/site\/#organization\"},\"potentialAction\":[{\"@type\":\"SearchAction\",\"target\":{\"@type\":\"EntryPoint\",\"urlTemplate\":\"https:\/\/www.notibras.com\/site\/?s={search_term_string}\"},\"query-input\":{\"@type\":\"PropertyValueSpecification\",\"valueRequired\":true,\"valueName\":\"search_term_string\"}}],\"inLanguage\":\"pt-BR\"},{\"@type\":\"Organization\",\"@id\":\"https:\/\/www.notibras.com\/site\/#organization\",\"name\":\"Grupo Notibras de Comunica\u00e7\u00e3o\",\"url\":\"https:\/\/www.notibras.com\/site\/\",\"logo\":{\"@type\":\"ImageObject\",\"inLanguage\":\"pt-BR\",\"@id\":\"https:\/\/www.notibras.com\/site\/#\/schema\/logo\/image\/\",\"url\":\"https:\/\/www.notibras.com\/site\/wp-content\/uploads\/2023\/01\/notibras23.png\",\"contentUrl\":\"https:\/\/www.notibras.com\/site\/wp-content\/uploads\/2023\/01\/notibras23.png\",\"width\":350,\"height\":87,\"caption\":\"Grupo Notibras de Comunica\u00e7\u00e3o\"},\"image\":{\"@id\":\"https:\/\/www.notibras.com\/site\/#\/schema\/logo\/image\/\"},\"sameAs\":[\"https:\/\/www.facebook.com\/notibras\/\",\"https:\/\/x.com\/Notibras\",\"https:\/\/www.instagram.com\/notibras\/\"]},{\"@type\":\"Person\",\"@id\":\"https:\/\/www.notibras.com\/site\/#\/schema\/person\/36ab0979449956132d3e5b517ea76ac8\",\"name\":\"Reda\u00e7\u00e3o\",\"image\":{\"@type\":\"ImageObject\",\"inLanguage\":\"pt-BR\",\"@id\":\"https:\/\/secure.gravatar.com\/avatar\/e0a867bdedb85fd243eadf09663511f96fc81e0720a4a42581f334ad4303aa6b?s=96&d=mm&r=g\",\"url\":\"https:\/\/secure.gravatar.com\/avatar\/e0a867bdedb85fd243eadf09663511f96fc81e0720a4a42581f334ad4303aa6b?s=96&d=mm&r=g\",\"contentUrl\":\"https:\/\/secure.gravatar.com\/avatar\/e0a867bdedb85fd243eadf09663511f96fc81e0720a4a42581f334ad4303aa6b?s=96&d=mm&r=g\",\"caption\":\"Reda\u00e7\u00e3o\"}}]}<\/script>\n<!-- \/ Yoast SEO plugin. -->","yoast_head_json":{"title":"Produtores assistidos pela Emater doam excedentes da produ\u00e7\u00e3o - Notibras","robots":{"index":"index","follow":"follow","max-snippet":"max-snippet:-1","max-image-preview":"max-image-preview:large","max-video-preview":"max-video-preview:-1"},"canonical":"https:\/\/www.notibras.com\/site\/produtores-assistidos-pela-emater-doam-excedentes-da-producao\/","og_locale":"pt_BR","og_type":"article","og_title":"Produtores assistidos pela Emater doam excedentes da produ\u00e7\u00e3o - Notibras","og_description":"Produtores atendidos pelo escrit\u00f3rio local da Empresa de Assist\u00eancia T\u00e9cnica e Extens\u00e3o Rural do Distrito Federal (Emater-DF) no N\u00facleo Rural Taquara, em Planaltina, doaram a produ\u00e7\u00e3o excedente ao Banco de Alimentos. Amaro Nunes de Fran\u00e7a e Francisco Ant\u00f4nio de Barros doaram, respectivamente, 15 toneladas de repolho e dois mil p\u00e9s de alface para as entidades [&hellip;]","og_url":"https:\/\/www.notibras.com\/site\/produtores-assistidos-pela-emater-doam-excedentes-da-producao\/","og_site_name":"Notibras","article_publisher":"https:\/\/www.facebook.com\/notibras\/","article_published_time":"2023-01-12T03:29:26+00:00","article_modified_time":"2023-01-12T16:33:46+00:00","og_image":[{"width":1536,"height":950,"url":"https:\/\/www.notibras.com\/site\/wp-content\/uploads\/2023\/01\/1-1536x950-1.jpeg","type":"image\/jpeg"}],"author":"Reda\u00e7\u00e3o","twitter_card":"summary_large_image","twitter_creator":"@Notibras","twitter_site":"@Notibras","twitter_misc":{"Escrito por":"Reda\u00e7\u00e3o","Est. tempo de leitura":"4 minutos"},"schema":{"@context":"https:\/\/schema.org","@graph":[{"@type":"Article","@id":"https:\/\/www.notibras.com\/site\/produtores-assistidos-pela-emater-doam-excedentes-da-producao\/#article","isPartOf":{"@id":"https:\/\/www.notibras.com\/site\/produtores-assistidos-pela-emater-doam-excedentes-da-producao\/"},"author":{"name":"Reda\u00e7\u00e3o","@id":"https:\/\/www.notibras.com\/site\/#\/schema\/person\/36ab0979449956132d3e5b517ea76ac8"},"headline":"Produtores assistidos pela Emater doam excedentes da produ\u00e7\u00e3o","datePublished":"2023-01-12T03:29:26+00:00","dateModified":"2023-01-12T16:33:46+00:00","mainEntityOfPage":{"@id":"https:\/\/www.notibras.com\/site\/produtores-assistidos-pela-emater-doam-excedentes-da-producao\/"},"wordCount":681,"publisher":{"@id":"https:\/\/www.notibras.com\/site\/#organization"},"image":{"@id":"https:\/\/www.notibras.com\/site\/produtores-assistidos-pela-emater-doam-excedentes-da-producao\/#primaryimage"},"thumbnailUrl":"https:\/\/www.notibras.com\/site\/wp-content\/uploads\/2023\/01\/1-1536x950-1.jpeg","articleSection":["Quadradinho em Foco"],"inLanguage":"pt-BR"},{"@type":"WebPage","@id":"https:\/\/www.notibras.com\/site\/produtores-assistidos-pela-emater-doam-excedentes-da-producao\/","url":"https:\/\/www.notibras.com\/site\/produtores-assistidos-pela-emater-doam-excedentes-da-producao\/","name":"Produtores assistidos pela Emater doam excedentes da produ\u00e7\u00e3o - Notibras","isPartOf":{"@id":"https:\/\/www.notibras.com\/site\/#website"},"primaryImageOfPage":{"@id":"https:\/\/www.notibras.com\/site\/produtores-assistidos-pela-emater-doam-excedentes-da-producao\/#primaryimage"},"image":{"@id":"https:\/\/www.notibras.com\/site\/produtores-assistidos-pela-emater-doam-excedentes-da-producao\/#primaryimage"},"thumbnailUrl":"https:\/\/www.notibras.com\/site\/wp-content\/uploads\/2023\/01\/1-1536x950-1.jpeg","datePublished":"2023-01-12T03:29:26+00:00","dateModified":"2023-01-12T16:33:46+00:00","breadcrumb":{"@id":"https:\/\/www.notibras.com\/site\/produtores-assistidos-pela-emater-doam-excedentes-da-producao\/#breadcrumb"},"inLanguage":"pt-BR","potentialAction":[{"@type":"ReadAction","target":["https:\/\/www.notibras.com\/site\/produtores-assistidos-pela-emater-doam-excedentes-da-producao\/"]}]},{"@type":"ImageObject","inLanguage":"pt-BR","@id":"https:\/\/www.notibras.com\/site\/produtores-assistidos-pela-emater-doam-excedentes-da-producao\/#primaryimage","url":"https:\/\/www.notibras.com\/site\/wp-content\/uploads\/2023\/01\/1-1536x950-1.jpeg","contentUrl":"https:\/\/www.notibras.com\/site\/wp-content\/uploads\/2023\/01\/1-1536x950-1.jpeg","width":1536,"height":950},{"@type":"BreadcrumbList","@id":"https:\/\/www.notibras.com\/site\/produtores-assistidos-pela-emater-doam-excedentes-da-producao\/#breadcrumb","itemListElement":[{"@type":"ListItem","position":1,"name":"In\u00edcio","item":"https:\/\/www.notibras.com\/site\/"},{"@type":"ListItem","position":2,"name":"Produtores assistidos pela Emater doam excedentes da produ\u00e7\u00e3o"}]},{"@type":"WebSite","@id":"https:\/\/www.notibras.com\/site\/#website","url":"https:\/\/www.notibras.com\/site\/","name":"Notibras","description":"Not\u00edcias de Bras\u00edlia, do Brasil e do Mundo","publisher":{"@id":"https:\/\/www.notibras.com\/site\/#organization"},"potentialAction":[{"@type":"SearchAction","target":{"@type":"EntryPoint","urlTemplate":"https:\/\/www.notibras.com\/site\/?s={search_term_string}"},"query-input":{"@type":"PropertyValueSpecification","valueRequired":true,"valueName":"search_term_string"}}],"inLanguage":"pt-BR"},{"@type":"Organization","@id":"https:\/\/www.notibras.com\/site\/#organization","name":"Grupo Notibras de Comunica\u00e7\u00e3o","url":"https:\/\/www.notibras.com\/site\/","logo":{"@type":"ImageObject","inLanguage":"pt-BR","@id":"https:\/\/www.notibras.com\/site\/#\/schema\/logo\/image\/","url":"https:\/\/www.notibras.com\/site\/wp-content\/uploads\/2023\/01\/notibras23.png","contentUrl":"https:\/\/www.notibras.com\/site\/wp-content\/uploads\/2023\/01\/notibras23.png","width":350,"height":87,"caption":"Grupo Notibras de Comunica\u00e7\u00e3o"},"image":{"@id":"https:\/\/www.notibras.com\/site\/#\/schema\/logo\/image\/"},"sameAs":["https:\/\/www.facebook.com\/notibras\/","https:\/\/x.com\/Notibras","https:\/\/www.instagram.com\/notibras\/"]},{"@type":"Person","@id":"https:\/\/www.notibras.com\/site\/#\/schema\/person\/36ab0979449956132d3e5b517ea76ac8","name":"Reda\u00e7\u00e3o","image":{"@type":"ImageObject","inLanguage":"pt-BR","@id":"https:\/\/secure.gravatar.com\/avatar\/e0a867bdedb85fd243eadf09663511f96fc81e0720a4a42581f334ad4303aa6b?s=96&d=mm&r=g","url":"https:\/\/secure.gravatar.com\/avatar\/e0a867bdedb85fd243eadf09663511f96fc81e0720a4a42581f334ad4303aa6b?s=96&d=mm&r=g","contentUrl":"https:\/\/secure.gravatar.com\/avatar\/e0a867bdedb85fd243eadf09663511f96fc81e0720a4a42581f334ad4303aa6b?s=96&d=mm&r=g","caption":"Reda\u00e7\u00e3o"}}]}},"amp_enabled":true,"_links":{"self":[{"href":"https:\/\/www.notibras.com\/site\/wp-json\/wp\/v2\/posts\/297665","targetHints":{"allow":["GET"]}}],"collection":[{"href":"https:\/\/www.notibras.com\/site\/wp-json\/wp\/v2\/posts"}],"about":[{"href":"https:\/\/www.notibras.com\/site\/wp-json\/wp\/v2\/types\/post"}],"author":[{"embeddable":true,"href":"https:\/\/www.notibras.com\/site\/wp-json\/wp\/v2\/users\/2"}],"replies":[{"embeddable":true,"href":"https:\/\/www.notibras.com\/site\/wp-json\/wp\/v2\/comments?post=297665"}],"version-history":[{"count":1,"href":"https:\/\/www.notibras.com\/site\/wp-json\/wp\/v2\/posts\/297665\/revisions"}],"predecessor-version":[{"id":297667,"href":"https:\/\/www.notibras.com\/site\/wp-json\/wp\/v2\/posts\/297665\/revisions\/297667"}],"wp:featuredmedia":[{"embeddable":true,"href":"https:\/\/www.notibras.com\/site\/wp-json\/wp\/v2\/media\/297666"}],"wp:attachment":[{"href":"https:\/\/www.notibras.com\/site\/wp-json\/wp\/v2\/media?parent=297665"}],"wp:term":[{"taxonomy":"category","embeddable":true,"href":"https:\/\/www.notibras.com\/site\/wp-json\/wp\/v2\/categories?post=297665"},{"taxonomy":"post_tag","embeddable":true,"href":"https:\/\/www.notibras.com\/site\/wp-json\/wp\/v2\/tags?post=297665"}],"curies":[{"name":"wp","href":"https:\/\/api.w.org\/{rel}","templated":true}]}}