{"id":297755,"date":"2023-01-15T13:17:52","date_gmt":"2023-01-15T16:17:52","guid":{"rendered":"https:\/\/www.notibras.com\/site\/?p=297755"},"modified":"2023-01-15T13:17:52","modified_gmt":"2023-01-15T16:17:52","slug":"atencao-papais-cuidado-com-criancas-na-cozinha","status":"publish","type":"post","link":"https:\/\/www.notibras.com\/site\/atencao-papais-cuidado-com-criancas-na-cozinha\/","title":{"rendered":"Aten\u00e7\u00e3o papais, cuidado com crian\u00e7as na cozinha"},"content":{"rendered":"<p>M\u00eas de janeiro \u00e9 tempo de f\u00e9rias escolares e a presen\u00e7a das crian\u00e7as em casa \u00e9 uma constante. Livres das aulas di\u00e1rias e das tarefas, a maioria gosta mesmo \u00e9 de brincar ou, \u00e0s vezes, de aprontar. Nessa hora, \u00e9 necess\u00e1rio todo cuidado dos pais com acidentes com fogo. Queimaduras e choques el\u00e9tricos s\u00e3o riscos. E algumas medidas preventivas s\u00e3o essenciais para evitar desastres. \u00c9 o que alertam especialistas e o Corpo de Bombeiros.<\/p>\n<p>Refer\u00eancia no DF em tratamento de queimaduras, o Hospital Regional da Asa Norte (Hran) atende pessoas de todas as idades vindas do DF e Entorno. Todavia, em torno de 49% das v\u00edtimas do fogo s\u00e3o crian\u00e7as ou adolescentes no Brasil, aponta o chefe da Unidade de Queimados do hospital, Ricardo de Lauro Machado. A estat\u00edstica est\u00e1 presente na literatura especializada.<\/p>\n<p>\u201cNa primeira inf\u00e2ncia, a queimadura em geral \u00e9 por escaldadura, que \u00e9 o contato com o l\u00edquido quente. Ainda vemos pessoas cozinhando com a crian\u00e7a pequena no colo\u201d, salienta Ricardo. \u201cDepois, quando o menino cresce, eles come\u00e7am a querer colocar fogo nos objetos ou numa formiga, por exemplo. Alguns v\u00e3o atr\u00e1s de produtos inflam\u00e1veis, como o \u00e1lcool. Em quest\u00e3o de segundos, acontece um acidente dom\u00e9stico\u201d, refor\u00e7a o m\u00e9dico cirurgi\u00e3o pl\u00e1stico.<\/p>\n<p>Segundo ele, dos 2.650 atendidos com queimaduras no pronto-socorro da unidade em 2022, 645 eram crian\u00e7as com menos de 13 anos de idade. J\u00e1 em 2021, elas responderam por 26% das interna\u00e7\u00f5es no hospital. \u201cOs acidentes dentro da resid\u00eancia ou no espa\u00e7o peridomiciliar, como um quintal, a rua de casa, s\u00e3o a maioria\u201d, afirma o cirurgi\u00e3o.<\/p>\n<p><strong>Acidentes dom\u00e9sticos<\/strong><br \/>\nVale lembrar que casos de queimaduras s\u00e3o atendidos em toda a rede de sa\u00fade, apesar de o Hran ser o mais procurado. \u201cE a cozinha \u00e9 o principal local de perigo. L\u00e1, est\u00e3o o fog\u00e3o, o forno, o micro-ondas, o g\u00e1s de cozinha e muitos aparelhos el\u00e9tricos\u201d, alerta Ricardo.<\/p>\n<p>Habituado a esse tipo de ocorr\u00eancia, o capit\u00e3o do Corpo de Bombeiros Reginaldo Machado aponta alguns cuidados importantes para os pais. \u201cPrimeiro, \u00e9 primordial evitar o acesso de crian\u00e7as sozinhas na cozinha ou na \u00e1rea de servi\u00e7o onde s\u00e3o guardados produtos de limpeza e inflam\u00e1veis, como o \u00e1lcool\u201d, diz. \u201cAl\u00e9m disso, no preparo da comida, a al\u00e7a de sustenta\u00e7\u00e3o das panelas deve estar virada para tr\u00e1s. E prefira sempre cozinhar nas bocas de fog\u00e3o mais ao fundo, em que o acesso de uma crian\u00e7a \u00e9 mais dif\u00edcil\u201d, lembra.<\/p>\n<p>Outra recomenda\u00e7\u00e3o \u00e9 limitar o acesso a objetos que produzem chamas. \u201cItens como velas, f\u00f3sforos e acendedores de fog\u00f5es devem passar longe da garotada. Ao usar uma vela, sempre indicamos coloc\u00e1-la num prato fundo com \u00e1gua\u201d, adianta o militar . \u201cO neg\u00f3cio \u00e9 prevenir sempre. N\u00e3o s\u00f3 ferimentos graves, mas tamb\u00e9m a possibilidade de um inc\u00eandio no interior das resid\u00eancias\u201d, conclui ele.<\/p>\n","protected":false},"excerpt":{"rendered":"<p>M\u00eas de janeiro \u00e9 tempo de f\u00e9rias escolares e a presen\u00e7a das crian\u00e7as em casa \u00e9 uma constante. Livres das aulas di\u00e1rias e das tarefas, a maioria gosta mesmo \u00e9 de brincar ou, \u00e0s vezes, de aprontar. Nessa hora, \u00e9 necess\u00e1rio todo cuidado dos pais com acidentes com fogo. Queimaduras e choques el\u00e9tricos s\u00e3o riscos. [&hellip;]<\/p>\n","protected":false},"author":2,"featured_media":297756,"comment_status":"closed","ping_status":"closed","sticky":false,"template":"","format":"standard","meta":{"_acf_changed":false,"footnotes":""},"categories":[161],"tags":[],"class_list":["post-297755","post","type-post","status-publish","format-standard","has-post-thumbnail","hentry","category-quadradinho-em-foco"],"acf":[],"yoast_head":"<!-- This site is optimized with the Yoast SEO plugin v27.2 - https:\/\/yoast.com\/product\/yoast-seo-wordpress\/ -->\n<title>Aten\u00e7\u00e3o papais, cuidado com crian\u00e7as na cozinha - Notibras<\/title>\n<meta name=\"robots\" content=\"index, follow, max-snippet:-1, max-image-preview:large, max-video-preview:-1\" \/>\n<link rel=\"canonical\" href=\"https:\/\/www.notibras.com\/site\/atencao-papais-cuidado-com-criancas-na-cozinha\/\" \/>\n<meta property=\"og:locale\" content=\"pt_BR\" \/>\n<meta property=\"og:type\" content=\"article\" \/>\n<meta property=\"og:title\" content=\"Aten\u00e7\u00e3o papais, cuidado com crian\u00e7as na cozinha - Notibras\" \/>\n<meta property=\"og:description\" content=\"M\u00eas de janeiro \u00e9 tempo de f\u00e9rias escolares e a presen\u00e7a das crian\u00e7as em casa \u00e9 uma constante. Livres das aulas di\u00e1rias e das tarefas, a maioria gosta mesmo \u00e9 de brincar ou, \u00e0s vezes, de aprontar. Nessa hora, \u00e9 necess\u00e1rio todo cuidado dos pais com acidentes com fogo. Queimaduras e choques el\u00e9tricos s\u00e3o riscos. [&hellip;]\" \/>\n<meta property=\"og:url\" content=\"https:\/\/www.notibras.com\/site\/atencao-papais-cuidado-com-criancas-na-cozinha\/\" \/>\n<meta property=\"og:site_name\" content=\"Notibras\" \/>\n<meta property=\"article:publisher\" content=\"https:\/\/www.facebook.com\/notibras\/\" \/>\n<meta property=\"article:published_time\" content=\"2023-01-15T16:17:52+00:00\" \/>\n<meta property=\"og:image\" content=\"https:\/\/www.notibras.com\/site\/wp-content\/uploads\/2023\/01\/WhatsApp-Image-2023-01-11-at-13.13.50.jpeg\" \/>\n\t<meta property=\"og:image:width\" content=\"800\" \/>\n\t<meta property=\"og:image:height\" content=\"445\" \/>\n\t<meta property=\"og:image:type\" content=\"image\/jpeg\" \/>\n<meta name=\"author\" content=\"Reda\u00e7\u00e3o\" \/>\n<meta name=\"twitter:card\" content=\"summary_large_image\" \/>\n<meta name=\"twitter:creator\" content=\"@Notibras\" \/>\n<meta name=\"twitter:site\" content=\"@Notibras\" \/>\n<meta name=\"twitter:label1\" content=\"Escrito por\" \/>\n\t<meta name=\"twitter:data1\" content=\"Reda\u00e7\u00e3o\" \/>\n\t<meta name=\"twitter:label2\" content=\"Est. tempo de leitura\" \/>\n\t<meta name=\"twitter:data2\" content=\"3 minutos\" \/>\n<script type=\"application\/ld+json\" class=\"yoast-schema-graph\">{\"@context\":\"https:\/\/schema.org\",\"@graph\":[{\"@type\":\"Article\",\"@id\":\"https:\/\/www.notibras.com\/site\/atencao-papais-cuidado-com-criancas-na-cozinha\/#article\",\"isPartOf\":{\"@id\":\"https:\/\/www.notibras.com\/site\/atencao-papais-cuidado-com-criancas-na-cozinha\/\"},\"author\":{\"name\":\"Reda\u00e7\u00e3o\",\"@id\":\"https:\/\/www.notibras.com\/site\/#\/schema\/person\/36ab0979449956132d3e5b517ea76ac8\"},\"headline\":\"Aten\u00e7\u00e3o papais, cuidado com crian\u00e7as na cozinha\",\"datePublished\":\"2023-01-15T16:17:52+00:00\",\"mainEntityOfPage\":{\"@id\":\"https:\/\/www.notibras.com\/site\/atencao-papais-cuidado-com-criancas-na-cozinha\/\"},\"wordCount\":512,\"publisher\":{\"@id\":\"https:\/\/www.notibras.com\/site\/#organization\"},\"image\":{\"@id\":\"https:\/\/www.notibras.com\/site\/atencao-papais-cuidado-com-criancas-na-cozinha\/#primaryimage\"},\"thumbnailUrl\":\"https:\/\/www.notibras.com\/site\/wp-content\/uploads\/2023\/01\/WhatsApp-Image-2023-01-11-at-13.13.50.jpeg\",\"articleSection\":[\"Quadradinho em Foco\"],\"inLanguage\":\"pt-BR\"},{\"@type\":\"WebPage\",\"@id\":\"https:\/\/www.notibras.com\/site\/atencao-papais-cuidado-com-criancas-na-cozinha\/\",\"url\":\"https:\/\/www.notibras.com\/site\/atencao-papais-cuidado-com-criancas-na-cozinha\/\",\"name\":\"Aten\u00e7\u00e3o papais, cuidado com crian\u00e7as na cozinha - Notibras\",\"isPartOf\":{\"@id\":\"https:\/\/www.notibras.com\/site\/#website\"},\"primaryImageOfPage\":{\"@id\":\"https:\/\/www.notibras.com\/site\/atencao-papais-cuidado-com-criancas-na-cozinha\/#primaryimage\"},\"image\":{\"@id\":\"https:\/\/www.notibras.com\/site\/atencao-papais-cuidado-com-criancas-na-cozinha\/#primaryimage\"},\"thumbnailUrl\":\"https:\/\/www.notibras.com\/site\/wp-content\/uploads\/2023\/01\/WhatsApp-Image-2023-01-11-at-13.13.50.jpeg\",\"datePublished\":\"2023-01-15T16:17:52+00:00\",\"breadcrumb\":{\"@id\":\"https:\/\/www.notibras.com\/site\/atencao-papais-cuidado-com-criancas-na-cozinha\/#breadcrumb\"},\"inLanguage\":\"pt-BR\",\"potentialAction\":[{\"@type\":\"ReadAction\",\"target\":[\"https:\/\/www.notibras.com\/site\/atencao-papais-cuidado-com-criancas-na-cozinha\/\"]}]},{\"@type\":\"ImageObject\",\"inLanguage\":\"pt-BR\",\"@id\":\"https:\/\/www.notibras.com\/site\/atencao-papais-cuidado-com-criancas-na-cozinha\/#primaryimage\",\"url\":\"https:\/\/www.notibras.com\/site\/wp-content\/uploads\/2023\/01\/WhatsApp-Image-2023-01-11-at-13.13.50.jpeg\",\"contentUrl\":\"https:\/\/www.notibras.com\/site\/wp-content\/uploads\/2023\/01\/WhatsApp-Image-2023-01-11-at-13.13.50.jpeg\",\"width\":800,\"height\":445},{\"@type\":\"BreadcrumbList\",\"@id\":\"https:\/\/www.notibras.com\/site\/atencao-papais-cuidado-com-criancas-na-cozinha\/#breadcrumb\",\"itemListElement\":[{\"@type\":\"ListItem\",\"position\":1,\"name\":\"In\u00edcio\",\"item\":\"https:\/\/www.notibras.com\/site\/\"},{\"@type\":\"ListItem\",\"position\":2,\"name\":\"Aten\u00e7\u00e3o papais, cuidado com crian\u00e7as na cozinha\"}]},{\"@type\":\"WebSite\",\"@id\":\"https:\/\/www.notibras.com\/site\/#website\",\"url\":\"https:\/\/www.notibras.com\/site\/\",\"name\":\"Notibras\",\"description\":\"Not\u00edcias de Bras\u00edlia, do Brasil e do Mundo\",\"publisher\":{\"@id\":\"https:\/\/www.notibras.com\/site\/#organization\"},\"potentialAction\":[{\"@type\":\"SearchAction\",\"target\":{\"@type\":\"EntryPoint\",\"urlTemplate\":\"https:\/\/www.notibras.com\/site\/?s={search_term_string}\"},\"query-input\":{\"@type\":\"PropertyValueSpecification\",\"valueRequired\":true,\"valueName\":\"search_term_string\"}}],\"inLanguage\":\"pt-BR\"},{\"@type\":\"Organization\",\"@id\":\"https:\/\/www.notibras.com\/site\/#organization\",\"name\":\"Grupo Notibras de Comunica\u00e7\u00e3o\",\"url\":\"https:\/\/www.notibras.com\/site\/\",\"logo\":{\"@type\":\"ImageObject\",\"inLanguage\":\"pt-BR\",\"@id\":\"https:\/\/www.notibras.com\/site\/#\/schema\/logo\/image\/\",\"url\":\"https:\/\/www.notibras.com\/site\/wp-content\/uploads\/2023\/01\/notibras23.png\",\"contentUrl\":\"https:\/\/www.notibras.com\/site\/wp-content\/uploads\/2023\/01\/notibras23.png\",\"width\":350,\"height\":87,\"caption\":\"Grupo Notibras de Comunica\u00e7\u00e3o\"},\"image\":{\"@id\":\"https:\/\/www.notibras.com\/site\/#\/schema\/logo\/image\/\"},\"sameAs\":[\"https:\/\/www.facebook.com\/notibras\/\",\"https:\/\/x.com\/Notibras\",\"https:\/\/www.instagram.com\/notibras\/\"]},{\"@type\":\"Person\",\"@id\":\"https:\/\/www.notibras.com\/site\/#\/schema\/person\/36ab0979449956132d3e5b517ea76ac8\",\"name\":\"Reda\u00e7\u00e3o\",\"image\":{\"@type\":\"ImageObject\",\"inLanguage\":\"pt-BR\",\"@id\":\"https:\/\/secure.gravatar.com\/avatar\/e0a867bdedb85fd243eadf09663511f96fc81e0720a4a42581f334ad4303aa6b?s=96&d=mm&r=g\",\"url\":\"https:\/\/secure.gravatar.com\/avatar\/e0a867bdedb85fd243eadf09663511f96fc81e0720a4a42581f334ad4303aa6b?s=96&d=mm&r=g\",\"contentUrl\":\"https:\/\/secure.gravatar.com\/avatar\/e0a867bdedb85fd243eadf09663511f96fc81e0720a4a42581f334ad4303aa6b?s=96&d=mm&r=g\",\"caption\":\"Reda\u00e7\u00e3o\"}}]}<\/script>\n<!-- \/ Yoast SEO plugin. -->","yoast_head_json":{"title":"Aten\u00e7\u00e3o papais, cuidado com crian\u00e7as na cozinha - Notibras","robots":{"index":"index","follow":"follow","max-snippet":"max-snippet:-1","max-image-preview":"max-image-preview:large","max-video-preview":"max-video-preview:-1"},"canonical":"https:\/\/www.notibras.com\/site\/atencao-papais-cuidado-com-criancas-na-cozinha\/","og_locale":"pt_BR","og_type":"article","og_title":"Aten\u00e7\u00e3o papais, cuidado com crian\u00e7as na cozinha - Notibras","og_description":"M\u00eas de janeiro \u00e9 tempo de f\u00e9rias escolares e a presen\u00e7a das crian\u00e7as em casa \u00e9 uma constante. Livres das aulas di\u00e1rias e das tarefas, a maioria gosta mesmo \u00e9 de brincar ou, \u00e0s vezes, de aprontar. Nessa hora, \u00e9 necess\u00e1rio todo cuidado dos pais com acidentes com fogo. Queimaduras e choques el\u00e9tricos s\u00e3o riscos. [&hellip;]","og_url":"https:\/\/www.notibras.com\/site\/atencao-papais-cuidado-com-criancas-na-cozinha\/","og_site_name":"Notibras","article_publisher":"https:\/\/www.facebook.com\/notibras\/","article_published_time":"2023-01-15T16:17:52+00:00","og_image":[{"width":800,"height":445,"url":"https:\/\/www.notibras.com\/site\/wp-content\/uploads\/2023\/01\/WhatsApp-Image-2023-01-11-at-13.13.50.jpeg","type":"image\/jpeg"}],"author":"Reda\u00e7\u00e3o","twitter_card":"summary_large_image","twitter_creator":"@Notibras","twitter_site":"@Notibras","twitter_misc":{"Escrito por":"Reda\u00e7\u00e3o","Est. tempo de leitura":"3 minutos"},"schema":{"@context":"https:\/\/schema.org","@graph":[{"@type":"Article","@id":"https:\/\/www.notibras.com\/site\/atencao-papais-cuidado-com-criancas-na-cozinha\/#article","isPartOf":{"@id":"https:\/\/www.notibras.com\/site\/atencao-papais-cuidado-com-criancas-na-cozinha\/"},"author":{"name":"Reda\u00e7\u00e3o","@id":"https:\/\/www.notibras.com\/site\/#\/schema\/person\/36ab0979449956132d3e5b517ea76ac8"},"headline":"Aten\u00e7\u00e3o papais, cuidado com crian\u00e7as na cozinha","datePublished":"2023-01-15T16:17:52+00:00","mainEntityOfPage":{"@id":"https:\/\/www.notibras.com\/site\/atencao-papais-cuidado-com-criancas-na-cozinha\/"},"wordCount":512,"publisher":{"@id":"https:\/\/www.notibras.com\/site\/#organization"},"image":{"@id":"https:\/\/www.notibras.com\/site\/atencao-papais-cuidado-com-criancas-na-cozinha\/#primaryimage"},"thumbnailUrl":"https:\/\/www.notibras.com\/site\/wp-content\/uploads\/2023\/01\/WhatsApp-Image-2023-01-11-at-13.13.50.jpeg","articleSection":["Quadradinho em Foco"],"inLanguage":"pt-BR"},{"@type":"WebPage","@id":"https:\/\/www.notibras.com\/site\/atencao-papais-cuidado-com-criancas-na-cozinha\/","url":"https:\/\/www.notibras.com\/site\/atencao-papais-cuidado-com-criancas-na-cozinha\/","name":"Aten\u00e7\u00e3o papais, cuidado com crian\u00e7as na cozinha - Notibras","isPartOf":{"@id":"https:\/\/www.notibras.com\/site\/#website"},"primaryImageOfPage":{"@id":"https:\/\/www.notibras.com\/site\/atencao-papais-cuidado-com-criancas-na-cozinha\/#primaryimage"},"image":{"@id":"https:\/\/www.notibras.com\/site\/atencao-papais-cuidado-com-criancas-na-cozinha\/#primaryimage"},"thumbnailUrl":"https:\/\/www.notibras.com\/site\/wp-content\/uploads\/2023\/01\/WhatsApp-Image-2023-01-11-at-13.13.50.jpeg","datePublished":"2023-01-15T16:17:52+00:00","breadcrumb":{"@id":"https:\/\/www.notibras.com\/site\/atencao-papais-cuidado-com-criancas-na-cozinha\/#breadcrumb"},"inLanguage":"pt-BR","potentialAction":[{"@type":"ReadAction","target":["https:\/\/www.notibras.com\/site\/atencao-papais-cuidado-com-criancas-na-cozinha\/"]}]},{"@type":"ImageObject","inLanguage":"pt-BR","@id":"https:\/\/www.notibras.com\/site\/atencao-papais-cuidado-com-criancas-na-cozinha\/#primaryimage","url":"https:\/\/www.notibras.com\/site\/wp-content\/uploads\/2023\/01\/WhatsApp-Image-2023-01-11-at-13.13.50.jpeg","contentUrl":"https:\/\/www.notibras.com\/site\/wp-content\/uploads\/2023\/01\/WhatsApp-Image-2023-01-11-at-13.13.50.jpeg","width":800,"height":445},{"@type":"BreadcrumbList","@id":"https:\/\/www.notibras.com\/site\/atencao-papais-cuidado-com-criancas-na-cozinha\/#breadcrumb","itemListElement":[{"@type":"ListItem","position":1,"name":"In\u00edcio","item":"https:\/\/www.notibras.com\/site\/"},{"@type":"ListItem","position":2,"name":"Aten\u00e7\u00e3o papais, cuidado com crian\u00e7as na cozinha"}]},{"@type":"WebSite","@id":"https:\/\/www.notibras.com\/site\/#website","url":"https:\/\/www.notibras.com\/site\/","name":"Notibras","description":"Not\u00edcias de Bras\u00edlia, do Brasil e do Mundo","publisher":{"@id":"https:\/\/www.notibras.com\/site\/#organization"},"potentialAction":[{"@type":"SearchAction","target":{"@type":"EntryPoint","urlTemplate":"https:\/\/www.notibras.com\/site\/?s={search_term_string}"},"query-input":{"@type":"PropertyValueSpecification","valueRequired":true,"valueName":"search_term_string"}}],"inLanguage":"pt-BR"},{"@type":"Organization","@id":"https:\/\/www.notibras.com\/site\/#organization","name":"Grupo Notibras de Comunica\u00e7\u00e3o","url":"https:\/\/www.notibras.com\/site\/","logo":{"@type":"ImageObject","inLanguage":"pt-BR","@id":"https:\/\/www.notibras.com\/site\/#\/schema\/logo\/image\/","url":"https:\/\/www.notibras.com\/site\/wp-content\/uploads\/2023\/01\/notibras23.png","contentUrl":"https:\/\/www.notibras.com\/site\/wp-content\/uploads\/2023\/01\/notibras23.png","width":350,"height":87,"caption":"Grupo Notibras de Comunica\u00e7\u00e3o"},"image":{"@id":"https:\/\/www.notibras.com\/site\/#\/schema\/logo\/image\/"},"sameAs":["https:\/\/www.facebook.com\/notibras\/","https:\/\/x.com\/Notibras","https:\/\/www.instagram.com\/notibras\/"]},{"@type":"Person","@id":"https:\/\/www.notibras.com\/site\/#\/schema\/person\/36ab0979449956132d3e5b517ea76ac8","name":"Reda\u00e7\u00e3o","image":{"@type":"ImageObject","inLanguage":"pt-BR","@id":"https:\/\/secure.gravatar.com\/avatar\/e0a867bdedb85fd243eadf09663511f96fc81e0720a4a42581f334ad4303aa6b?s=96&d=mm&r=g","url":"https:\/\/secure.gravatar.com\/avatar\/e0a867bdedb85fd243eadf09663511f96fc81e0720a4a42581f334ad4303aa6b?s=96&d=mm&r=g","contentUrl":"https:\/\/secure.gravatar.com\/avatar\/e0a867bdedb85fd243eadf09663511f96fc81e0720a4a42581f334ad4303aa6b?s=96&d=mm&r=g","caption":"Reda\u00e7\u00e3o"}}]}},"amp_enabled":true,"_links":{"self":[{"href":"https:\/\/www.notibras.com\/site\/wp-json\/wp\/v2\/posts\/297755","targetHints":{"allow":["GET"]}}],"collection":[{"href":"https:\/\/www.notibras.com\/site\/wp-json\/wp\/v2\/posts"}],"about":[{"href":"https:\/\/www.notibras.com\/site\/wp-json\/wp\/v2\/types\/post"}],"author":[{"embeddable":true,"href":"https:\/\/www.notibras.com\/site\/wp-json\/wp\/v2\/users\/2"}],"replies":[{"embeddable":true,"href":"https:\/\/www.notibras.com\/site\/wp-json\/wp\/v2\/comments?post=297755"}],"version-history":[{"count":1,"href":"https:\/\/www.notibras.com\/site\/wp-json\/wp\/v2\/posts\/297755\/revisions"}],"predecessor-version":[{"id":297757,"href":"https:\/\/www.notibras.com\/site\/wp-json\/wp\/v2\/posts\/297755\/revisions\/297757"}],"wp:featuredmedia":[{"embeddable":true,"href":"https:\/\/www.notibras.com\/site\/wp-json\/wp\/v2\/media\/297756"}],"wp:attachment":[{"href":"https:\/\/www.notibras.com\/site\/wp-json\/wp\/v2\/media?parent=297755"}],"wp:term":[{"taxonomy":"category","embeddable":true,"href":"https:\/\/www.notibras.com\/site\/wp-json\/wp\/v2\/categories?post=297755"},{"taxonomy":"post_tag","embeddable":true,"href":"https:\/\/www.notibras.com\/site\/wp-json\/wp\/v2\/tags?post=297755"}],"curies":[{"name":"wp","href":"https:\/\/api.w.org\/{rel}","templated":true}]}}