{"id":297764,"date":"2023-01-15T00:56:56","date_gmt":"2023-01-15T03:56:56","guid":{"rendered":"https:\/\/www.notibras.com\/site\/?p=297764"},"modified":"2023-01-15T14:03:10","modified_gmt":"2023-01-15T17:03:10","slug":"onibus-darao-prioridade-a-idosos-e-deficientes","status":"publish","type":"post","link":"https:\/\/www.notibras.com\/site\/onibus-darao-prioridade-a-idosos-e-deficientes\/","title":{"rendered":"\u00d4nibus dar\u00e3o prioridade a idosos e deficientes"},"content":{"rendered":"<p>Os \u00f4nibus do transporte p\u00fablico coletivo do DF ter\u00e3o embarque priorit\u00e1rio em todas as rodovi\u00e1rias, esta\u00e7\u00f5es e terminais. A medida foi regulamentada por meio de portaria da Secretaria de Transporte e Mobilidade (Semob) .<\/p>\n<p>De acordo com a Portaria n\u00ba 7\/2023, as operadoras do transporte coletivo ter\u00e3o de garantir o embarque priorit\u00e1rio de pessoas com defici\u00eancia, com mobilidade reduzida e com idade igual ou superior a 65 anos, bem como gestantes, lactantes e pessoas com crian\u00e7a de colo.<\/p>\n<p>Aos funcion\u00e1rios das empresas de \u00f4nibus, inclusive motoristas e cobradores, caber\u00e1 orientar e controlar a entrada dos passageiros, garantindo as prioridades. Caso um passageiro entre no \u00f4nibus sem observar a regra de prioridades, ser\u00e1 impedido de transpor a catraca at\u00e9 que o embarque priorit\u00e1rio seja conclu\u00eddo.<\/p>\n<p>\u201c\u00c9 importante que os passageiros respeitem as regras de prioridade e colaborem para que as pessoas com direito a embarcar primeiro possam usufruir desse benef\u00edcio\u201d, refor\u00e7a o subsecret\u00e1rio de Controle e Fiscaliza\u00e7\u00e3o da Semob, Ricardo Leite de Assis.<\/p>\n<p>Den\u00fancias, informa o gestor, poder\u00e3o ser feitas na Ouvidoria, pelo telefone 162. \u201cAs reclama\u00e7\u00f5es s\u00e3o encaminhadas para o setor de fiscaliza\u00e7\u00e3o; se forem comprovadas as irregularidades, ser\u00e3o aplicadas as penalidades \u00e0s operadoras que n\u00e3o estiverem cumprindo a regra de prioridades\u201d, explica.<\/p>\n","protected":false},"excerpt":{"rendered":"<p>Os \u00f4nibus do transporte p\u00fablico coletivo do DF ter\u00e3o embarque priorit\u00e1rio em todas as rodovi\u00e1rias, esta\u00e7\u00f5es e terminais. A medida foi regulamentada por meio de portaria da Secretaria de Transporte e Mobilidade (Semob) . De acordo com a Portaria n\u00ba 7\/2023, as operadoras do transporte coletivo ter\u00e3o de garantir o embarque priorit\u00e1rio de pessoas com [&hellip;]<\/p>\n","protected":false},"author":2,"featured_media":297765,"comment_status":"closed","ping_status":"closed","sticky":false,"template":"","format":"standard","meta":{"_acf_changed":false,"footnotes":""},"categories":[161],"tags":[],"class_list":["post-297764","post","type-post","status-publish","format-standard","has-post-thumbnail","hentry","category-quadradinho-em-foco"],"acf":[],"yoast_head":"<!-- This site is optimized with the Yoast SEO plugin v27.2 - https:\/\/yoast.com\/product\/yoast-seo-wordpress\/ -->\n<title>\u00d4nibus dar\u00e3o prioridade a idosos e deficientes - Notibras<\/title>\n<meta name=\"robots\" content=\"index, follow, max-snippet:-1, max-image-preview:large, max-video-preview:-1\" \/>\n<link rel=\"canonical\" href=\"https:\/\/www.notibras.com\/site\/onibus-darao-prioridade-a-idosos-e-deficientes\/\" \/>\n<meta property=\"og:locale\" content=\"pt_BR\" \/>\n<meta property=\"og:type\" content=\"article\" \/>\n<meta property=\"og:title\" content=\"\u00d4nibus dar\u00e3o prioridade a idosos e deficientes - Notibras\" \/>\n<meta property=\"og:description\" content=\"Os \u00f4nibus do transporte p\u00fablico coletivo do DF ter\u00e3o embarque priorit\u00e1rio em todas as rodovi\u00e1rias, esta\u00e7\u00f5es e terminais. A medida foi regulamentada por meio de portaria da Secretaria de Transporte e Mobilidade (Semob) . De acordo com a Portaria n\u00ba 7\/2023, as operadoras do transporte coletivo ter\u00e3o de garantir o embarque priorit\u00e1rio de pessoas com [&hellip;]\" \/>\n<meta property=\"og:url\" content=\"https:\/\/www.notibras.com\/site\/onibus-darao-prioridade-a-idosos-e-deficientes\/\" \/>\n<meta property=\"og:site_name\" content=\"Notibras\" \/>\n<meta property=\"article:publisher\" content=\"https:\/\/www.facebook.com\/notibras\/\" \/>\n<meta property=\"article:published_time\" content=\"2023-01-15T03:56:56+00:00\" \/>\n<meta property=\"article:modified_time\" content=\"2023-01-15T17:03:10+00:00\" \/>\n<meta property=\"og:image\" content=\"https:\/\/www.notibras.com\/site\/wp-content\/uploads\/2023\/01\/12.1.-Prioridades-Semob-1536x1024-1.jpg\" \/>\n\t<meta property=\"og:image:width\" content=\"1536\" \/>\n\t<meta property=\"og:image:height\" content=\"1024\" \/>\n\t<meta property=\"og:image:type\" content=\"image\/jpeg\" \/>\n<meta name=\"author\" content=\"Reda\u00e7\u00e3o\" \/>\n<meta name=\"twitter:card\" content=\"summary_large_image\" \/>\n<meta name=\"twitter:creator\" content=\"@Notibras\" \/>\n<meta name=\"twitter:site\" content=\"@Notibras\" \/>\n<meta name=\"twitter:label1\" content=\"Escrito por\" \/>\n\t<meta name=\"twitter:data1\" content=\"Reda\u00e7\u00e3o\" \/>\n\t<meta name=\"twitter:label2\" content=\"Est. tempo de leitura\" \/>\n\t<meta name=\"twitter:data2\" content=\"2 minutos\" \/>\n<script type=\"application\/ld+json\" class=\"yoast-schema-graph\">{\"@context\":\"https:\/\/schema.org\",\"@graph\":[{\"@type\":\"Article\",\"@id\":\"https:\/\/www.notibras.com\/site\/onibus-darao-prioridade-a-idosos-e-deficientes\/#article\",\"isPartOf\":{\"@id\":\"https:\/\/www.notibras.com\/site\/onibus-darao-prioridade-a-idosos-e-deficientes\/\"},\"author\":{\"name\":\"Reda\u00e7\u00e3o\",\"@id\":\"https:\/\/www.notibras.com\/site\/#\/schema\/person\/36ab0979449956132d3e5b517ea76ac8\"},\"headline\":\"\u00d4nibus dar\u00e3o prioridade a idosos e deficientes\",\"datePublished\":\"2023-01-15T03:56:56+00:00\",\"dateModified\":\"2023-01-15T17:03:10+00:00\",\"mainEntityOfPage\":{\"@id\":\"https:\/\/www.notibras.com\/site\/onibus-darao-prioridade-a-idosos-e-deficientes\/\"},\"wordCount\":229,\"publisher\":{\"@id\":\"https:\/\/www.notibras.com\/site\/#organization\"},\"image\":{\"@id\":\"https:\/\/www.notibras.com\/site\/onibus-darao-prioridade-a-idosos-e-deficientes\/#primaryimage\"},\"thumbnailUrl\":\"https:\/\/www.notibras.com\/site\/wp-content\/uploads\/2023\/01\/12.1.-Prioridades-Semob-1536x1024-1.jpg\",\"articleSection\":[\"Quadradinho em Foco\"],\"inLanguage\":\"pt-BR\"},{\"@type\":\"WebPage\",\"@id\":\"https:\/\/www.notibras.com\/site\/onibus-darao-prioridade-a-idosos-e-deficientes\/\",\"url\":\"https:\/\/www.notibras.com\/site\/onibus-darao-prioridade-a-idosos-e-deficientes\/\",\"name\":\"\u00d4nibus dar\u00e3o prioridade a idosos e deficientes - Notibras\",\"isPartOf\":{\"@id\":\"https:\/\/www.notibras.com\/site\/#website\"},\"primaryImageOfPage\":{\"@id\":\"https:\/\/www.notibras.com\/site\/onibus-darao-prioridade-a-idosos-e-deficientes\/#primaryimage\"},\"image\":{\"@id\":\"https:\/\/www.notibras.com\/site\/onibus-darao-prioridade-a-idosos-e-deficientes\/#primaryimage\"},\"thumbnailUrl\":\"https:\/\/www.notibras.com\/site\/wp-content\/uploads\/2023\/01\/12.1.-Prioridades-Semob-1536x1024-1.jpg\",\"datePublished\":\"2023-01-15T03:56:56+00:00\",\"dateModified\":\"2023-01-15T17:03:10+00:00\",\"breadcrumb\":{\"@id\":\"https:\/\/www.notibras.com\/site\/onibus-darao-prioridade-a-idosos-e-deficientes\/#breadcrumb\"},\"inLanguage\":\"pt-BR\",\"potentialAction\":[{\"@type\":\"ReadAction\",\"target\":[\"https:\/\/www.notibras.com\/site\/onibus-darao-prioridade-a-idosos-e-deficientes\/\"]}]},{\"@type\":\"ImageObject\",\"inLanguage\":\"pt-BR\",\"@id\":\"https:\/\/www.notibras.com\/site\/onibus-darao-prioridade-a-idosos-e-deficientes\/#primaryimage\",\"url\":\"https:\/\/www.notibras.com\/site\/wp-content\/uploads\/2023\/01\/12.1.-Prioridades-Semob-1536x1024-1.jpg\",\"contentUrl\":\"https:\/\/www.notibras.com\/site\/wp-content\/uploads\/2023\/01\/12.1.-Prioridades-Semob-1536x1024-1.jpg\",\"width\":1536,\"height\":1024},{\"@type\":\"BreadcrumbList\",\"@id\":\"https:\/\/www.notibras.com\/site\/onibus-darao-prioridade-a-idosos-e-deficientes\/#breadcrumb\",\"itemListElement\":[{\"@type\":\"ListItem\",\"position\":1,\"name\":\"In\u00edcio\",\"item\":\"https:\/\/www.notibras.com\/site\/\"},{\"@type\":\"ListItem\",\"position\":2,\"name\":\"\u00d4nibus dar\u00e3o prioridade a idosos e deficientes\"}]},{\"@type\":\"WebSite\",\"@id\":\"https:\/\/www.notibras.com\/site\/#website\",\"url\":\"https:\/\/www.notibras.com\/site\/\",\"name\":\"Notibras\",\"description\":\"Not\u00edcias de Bras\u00edlia, do Brasil e do Mundo\",\"publisher\":{\"@id\":\"https:\/\/www.notibras.com\/site\/#organization\"},\"potentialAction\":[{\"@type\":\"SearchAction\",\"target\":{\"@type\":\"EntryPoint\",\"urlTemplate\":\"https:\/\/www.notibras.com\/site\/?s={search_term_string}\"},\"query-input\":{\"@type\":\"PropertyValueSpecification\",\"valueRequired\":true,\"valueName\":\"search_term_string\"}}],\"inLanguage\":\"pt-BR\"},{\"@type\":\"Organization\",\"@id\":\"https:\/\/www.notibras.com\/site\/#organization\",\"name\":\"Grupo Notibras de Comunica\u00e7\u00e3o\",\"url\":\"https:\/\/www.notibras.com\/site\/\",\"logo\":{\"@type\":\"ImageObject\",\"inLanguage\":\"pt-BR\",\"@id\":\"https:\/\/www.notibras.com\/site\/#\/schema\/logo\/image\/\",\"url\":\"https:\/\/www.notibras.com\/site\/wp-content\/uploads\/2023\/01\/notibras23.png\",\"contentUrl\":\"https:\/\/www.notibras.com\/site\/wp-content\/uploads\/2023\/01\/notibras23.png\",\"width\":350,\"height\":87,\"caption\":\"Grupo Notibras de Comunica\u00e7\u00e3o\"},\"image\":{\"@id\":\"https:\/\/www.notibras.com\/site\/#\/schema\/logo\/image\/\"},\"sameAs\":[\"https:\/\/www.facebook.com\/notibras\/\",\"https:\/\/x.com\/Notibras\",\"https:\/\/www.instagram.com\/notibras\/\"]},{\"@type\":\"Person\",\"@id\":\"https:\/\/www.notibras.com\/site\/#\/schema\/person\/36ab0979449956132d3e5b517ea76ac8\",\"name\":\"Reda\u00e7\u00e3o\",\"image\":{\"@type\":\"ImageObject\",\"inLanguage\":\"pt-BR\",\"@id\":\"https:\/\/secure.gravatar.com\/avatar\/e0a867bdedb85fd243eadf09663511f96fc81e0720a4a42581f334ad4303aa6b?s=96&d=mm&r=g\",\"url\":\"https:\/\/secure.gravatar.com\/avatar\/e0a867bdedb85fd243eadf09663511f96fc81e0720a4a42581f334ad4303aa6b?s=96&d=mm&r=g\",\"contentUrl\":\"https:\/\/secure.gravatar.com\/avatar\/e0a867bdedb85fd243eadf09663511f96fc81e0720a4a42581f334ad4303aa6b?s=96&d=mm&r=g\",\"caption\":\"Reda\u00e7\u00e3o\"}}]}<\/script>\n<!-- \/ Yoast SEO plugin. -->","yoast_head_json":{"title":"\u00d4nibus dar\u00e3o prioridade a idosos e deficientes - Notibras","robots":{"index":"index","follow":"follow","max-snippet":"max-snippet:-1","max-image-preview":"max-image-preview:large","max-video-preview":"max-video-preview:-1"},"canonical":"https:\/\/www.notibras.com\/site\/onibus-darao-prioridade-a-idosos-e-deficientes\/","og_locale":"pt_BR","og_type":"article","og_title":"\u00d4nibus dar\u00e3o prioridade a idosos e deficientes - Notibras","og_description":"Os \u00f4nibus do transporte p\u00fablico coletivo do DF ter\u00e3o embarque priorit\u00e1rio em todas as rodovi\u00e1rias, esta\u00e7\u00f5es e terminais. A medida foi regulamentada por meio de portaria da Secretaria de Transporte e Mobilidade (Semob) . De acordo com a Portaria n\u00ba 7\/2023, as operadoras do transporte coletivo ter\u00e3o de garantir o embarque priorit\u00e1rio de pessoas com [&hellip;]","og_url":"https:\/\/www.notibras.com\/site\/onibus-darao-prioridade-a-idosos-e-deficientes\/","og_site_name":"Notibras","article_publisher":"https:\/\/www.facebook.com\/notibras\/","article_published_time":"2023-01-15T03:56:56+00:00","article_modified_time":"2023-01-15T17:03:10+00:00","og_image":[{"width":1536,"height":1024,"url":"https:\/\/www.notibras.com\/site\/wp-content\/uploads\/2023\/01\/12.1.-Prioridades-Semob-1536x1024-1.jpg","type":"image\/jpeg"}],"author":"Reda\u00e7\u00e3o","twitter_card":"summary_large_image","twitter_creator":"@Notibras","twitter_site":"@Notibras","twitter_misc":{"Escrito por":"Reda\u00e7\u00e3o","Est. tempo de leitura":"2 minutos"},"schema":{"@context":"https:\/\/schema.org","@graph":[{"@type":"Article","@id":"https:\/\/www.notibras.com\/site\/onibus-darao-prioridade-a-idosos-e-deficientes\/#article","isPartOf":{"@id":"https:\/\/www.notibras.com\/site\/onibus-darao-prioridade-a-idosos-e-deficientes\/"},"author":{"name":"Reda\u00e7\u00e3o","@id":"https:\/\/www.notibras.com\/site\/#\/schema\/person\/36ab0979449956132d3e5b517ea76ac8"},"headline":"\u00d4nibus dar\u00e3o prioridade a idosos e deficientes","datePublished":"2023-01-15T03:56:56+00:00","dateModified":"2023-01-15T17:03:10+00:00","mainEntityOfPage":{"@id":"https:\/\/www.notibras.com\/site\/onibus-darao-prioridade-a-idosos-e-deficientes\/"},"wordCount":229,"publisher":{"@id":"https:\/\/www.notibras.com\/site\/#organization"},"image":{"@id":"https:\/\/www.notibras.com\/site\/onibus-darao-prioridade-a-idosos-e-deficientes\/#primaryimage"},"thumbnailUrl":"https:\/\/www.notibras.com\/site\/wp-content\/uploads\/2023\/01\/12.1.-Prioridades-Semob-1536x1024-1.jpg","articleSection":["Quadradinho em Foco"],"inLanguage":"pt-BR"},{"@type":"WebPage","@id":"https:\/\/www.notibras.com\/site\/onibus-darao-prioridade-a-idosos-e-deficientes\/","url":"https:\/\/www.notibras.com\/site\/onibus-darao-prioridade-a-idosos-e-deficientes\/","name":"\u00d4nibus dar\u00e3o prioridade a idosos e deficientes - Notibras","isPartOf":{"@id":"https:\/\/www.notibras.com\/site\/#website"},"primaryImageOfPage":{"@id":"https:\/\/www.notibras.com\/site\/onibus-darao-prioridade-a-idosos-e-deficientes\/#primaryimage"},"image":{"@id":"https:\/\/www.notibras.com\/site\/onibus-darao-prioridade-a-idosos-e-deficientes\/#primaryimage"},"thumbnailUrl":"https:\/\/www.notibras.com\/site\/wp-content\/uploads\/2023\/01\/12.1.-Prioridades-Semob-1536x1024-1.jpg","datePublished":"2023-01-15T03:56:56+00:00","dateModified":"2023-01-15T17:03:10+00:00","breadcrumb":{"@id":"https:\/\/www.notibras.com\/site\/onibus-darao-prioridade-a-idosos-e-deficientes\/#breadcrumb"},"inLanguage":"pt-BR","potentialAction":[{"@type":"ReadAction","target":["https:\/\/www.notibras.com\/site\/onibus-darao-prioridade-a-idosos-e-deficientes\/"]}]},{"@type":"ImageObject","inLanguage":"pt-BR","@id":"https:\/\/www.notibras.com\/site\/onibus-darao-prioridade-a-idosos-e-deficientes\/#primaryimage","url":"https:\/\/www.notibras.com\/site\/wp-content\/uploads\/2023\/01\/12.1.-Prioridades-Semob-1536x1024-1.jpg","contentUrl":"https:\/\/www.notibras.com\/site\/wp-content\/uploads\/2023\/01\/12.1.-Prioridades-Semob-1536x1024-1.jpg","width":1536,"height":1024},{"@type":"BreadcrumbList","@id":"https:\/\/www.notibras.com\/site\/onibus-darao-prioridade-a-idosos-e-deficientes\/#breadcrumb","itemListElement":[{"@type":"ListItem","position":1,"name":"In\u00edcio","item":"https:\/\/www.notibras.com\/site\/"},{"@type":"ListItem","position":2,"name":"\u00d4nibus dar\u00e3o prioridade a idosos e deficientes"}]},{"@type":"WebSite","@id":"https:\/\/www.notibras.com\/site\/#website","url":"https:\/\/www.notibras.com\/site\/","name":"Notibras","description":"Not\u00edcias de Bras\u00edlia, do Brasil e do Mundo","publisher":{"@id":"https:\/\/www.notibras.com\/site\/#organization"},"potentialAction":[{"@type":"SearchAction","target":{"@type":"EntryPoint","urlTemplate":"https:\/\/www.notibras.com\/site\/?s={search_term_string}"},"query-input":{"@type":"PropertyValueSpecification","valueRequired":true,"valueName":"search_term_string"}}],"inLanguage":"pt-BR"},{"@type":"Organization","@id":"https:\/\/www.notibras.com\/site\/#organization","name":"Grupo Notibras de Comunica\u00e7\u00e3o","url":"https:\/\/www.notibras.com\/site\/","logo":{"@type":"ImageObject","inLanguage":"pt-BR","@id":"https:\/\/www.notibras.com\/site\/#\/schema\/logo\/image\/","url":"https:\/\/www.notibras.com\/site\/wp-content\/uploads\/2023\/01\/notibras23.png","contentUrl":"https:\/\/www.notibras.com\/site\/wp-content\/uploads\/2023\/01\/notibras23.png","width":350,"height":87,"caption":"Grupo Notibras de Comunica\u00e7\u00e3o"},"image":{"@id":"https:\/\/www.notibras.com\/site\/#\/schema\/logo\/image\/"},"sameAs":["https:\/\/www.facebook.com\/notibras\/","https:\/\/x.com\/Notibras","https:\/\/www.instagram.com\/notibras\/"]},{"@type":"Person","@id":"https:\/\/www.notibras.com\/site\/#\/schema\/person\/36ab0979449956132d3e5b517ea76ac8","name":"Reda\u00e7\u00e3o","image":{"@type":"ImageObject","inLanguage":"pt-BR","@id":"https:\/\/secure.gravatar.com\/avatar\/e0a867bdedb85fd243eadf09663511f96fc81e0720a4a42581f334ad4303aa6b?s=96&d=mm&r=g","url":"https:\/\/secure.gravatar.com\/avatar\/e0a867bdedb85fd243eadf09663511f96fc81e0720a4a42581f334ad4303aa6b?s=96&d=mm&r=g","contentUrl":"https:\/\/secure.gravatar.com\/avatar\/e0a867bdedb85fd243eadf09663511f96fc81e0720a4a42581f334ad4303aa6b?s=96&d=mm&r=g","caption":"Reda\u00e7\u00e3o"}}]}},"amp_enabled":true,"_links":{"self":[{"href":"https:\/\/www.notibras.com\/site\/wp-json\/wp\/v2\/posts\/297764","targetHints":{"allow":["GET"]}}],"collection":[{"href":"https:\/\/www.notibras.com\/site\/wp-json\/wp\/v2\/posts"}],"about":[{"href":"https:\/\/www.notibras.com\/site\/wp-json\/wp\/v2\/types\/post"}],"author":[{"embeddable":true,"href":"https:\/\/www.notibras.com\/site\/wp-json\/wp\/v2\/users\/2"}],"replies":[{"embeddable":true,"href":"https:\/\/www.notibras.com\/site\/wp-json\/wp\/v2\/comments?post=297764"}],"version-history":[{"count":1,"href":"https:\/\/www.notibras.com\/site\/wp-json\/wp\/v2\/posts\/297764\/revisions"}],"predecessor-version":[{"id":297766,"href":"https:\/\/www.notibras.com\/site\/wp-json\/wp\/v2\/posts\/297764\/revisions\/297766"}],"wp:featuredmedia":[{"embeddable":true,"href":"https:\/\/www.notibras.com\/site\/wp-json\/wp\/v2\/media\/297765"}],"wp:attachment":[{"href":"https:\/\/www.notibras.com\/site\/wp-json\/wp\/v2\/media?parent=297764"}],"wp:term":[{"taxonomy":"category","embeddable":true,"href":"https:\/\/www.notibras.com\/site\/wp-json\/wp\/v2\/categories?post=297764"},{"taxonomy":"post_tag","embeddable":true,"href":"https:\/\/www.notibras.com\/site\/wp-json\/wp\/v2\/tags?post=297764"}],"curies":[{"name":"wp","href":"https:\/\/api.w.org\/{rel}","templated":true}]}}