{"id":297825,"date":"2023-01-16T10:03:37","date_gmt":"2023-01-16T13:03:37","guid":{"rendered":"https:\/\/www.notibras.com\/site\/?p=297825"},"modified":"2023-01-16T10:04:24","modified_gmt":"2023-01-16T13:04:24","slug":"caesb-da-dicas-de-consumo-de-agua-nas-ferias","status":"publish","type":"post","link":"https:\/\/www.notibras.com\/site\/caesb-da-dicas-de-consumo-de-agua-nas-ferias\/","title":{"rendered":"Caesb d\u00e1 dicas de consumo de \u00e1gua durante f\u00e9rias"},"content":{"rendered":"<p>Neste per\u00edodo de f\u00e9rias escolares, \u00e9 comum muitos brasilienses viajarem e se ausentarem de suas resid\u00eancias. As dicas de seguran\u00e7a mais comum devem sempre ser seguidas como trancar portas e janelas, tirar os eletr\u00f4nicos das tomadas, evitar divulgar fotos em redes sociais, fechar o registro de g\u00e1s, suspender a entrega de jornais ou revistas ou deixar qualquer tipo de evid\u00eancia de que o im\u00f3vel est\u00e1 desocupado. A Companhia de Saneamento Ambiental do Distrito Federal (Caesb) aproveita e oferece algumas dicas adicionais para garantir a tranquilidade dos viajantes:<\/p>\n<p>Antes de viajar, feche todos os registros de \u00e1gua do im\u00f3vel, incluindo o registro geral. Essa medida evita desperd\u00edcio em caso de vazamentos ou esquecimento de alguma torneira aberta.<\/p>\n<p>&#8211; Confira o funcionamento da boia da caixa d&#8217;\u00e1gua, pois ela serve para fechar a entrada do reservat\u00f3rio quando a caixa j\u00e1 est\u00e1 cheia.<\/p>\n<p>&#8211; Teste todas as torneiras e os chuveiros do im\u00f3vel, uma vez que um gotejamento pode desperdi\u00e7ar at\u00e9 46 litros de \u00e1gua por dia.<\/p>\n<p>&#8211; Deixe a pia limpa e jogue o lixo fora. A lou\u00e7a suja acumula sujeira e atrai insetos. Aproveite para colocar os talheres de molho e lavar todas as pe\u00e7as de uma s\u00f3 vez.<\/p>\n<p>&#8211; Lave as roupas sujas antes de viajar. Reutilize a \u00e1gua da m\u00e1quina para lavar a garagem ou o quintal.<\/p>\n<p>&#8211; Feche os ralos para evitar que insetos (baratas, aranhas ou escorpi\u00f5es) invadam a casa na sua aus\u00eancia.<\/p>\n<p>&#8211; Cuidar das plantas tamb\u00e9m \u00e9 importante. Utilize vasos auto irrig\u00e1veis, que possuem um reservat\u00f3rio de \u00e1gua em quantidade suficiente para sua sobreviv\u00eancia e retire recipientes que possam ser dep\u00f3sito do mosquito da dengue.<\/p>\n<p>&#8211; Pe\u00e7a para uma pessoa de confian\u00e7a visitar sua casa periodicamente e verificar se n\u00e3o houve nenhum vazamento.<\/p>\n<p>&#8211; Caso algum vazamento seja identificado internamente, a Caesb deve ser informada sobre o conserto, o local deve ser fotografado e esses registros devem enviados \u00e0 Companhia. Isso \u00e9 necess\u00e1rio para que seja analisado se houve influ\u00eancia do vazamento no consumo medido. Se o vazamento ocorrer no cavalete do hidr\u00f4metro, somente a Caesb pode realizar o reparo. O usu\u00e1rio deve entrar em contato com a Empresa e solicitar a corre\u00e7\u00e3o da fatura.<\/p>\n<p>Ao retornar, aproveite e fa\u00e7a a limpeza da caixa d\u00b4\u00e1gua do seu im\u00f3vel, pois a \u00e1gua parada por um longo per\u00edodo pode favorecer a presen\u00e7a de algas e bact\u00e9rias, al\u00e9m de uma poss\u00edvel contamina\u00e7\u00e3o por animais, caso a tampa tenha se deslocado em sua aus\u00eancia. Confira o passo a passo da limpeza no site da Caesb.<\/p>\n<p><strong>Pagamento<\/strong><br \/>\nPara evitar surpresas, lembre-se de antecipar o pagamento da sua conta de \u00e1gua da Caesb. A fatura pode ser paga em toda a rede banc\u00e1ria, ag\u00eancias lot\u00e9ricas, correspondentes banc\u00e1rios ou pelo sistema de d\u00e9bito autom\u00e1tico. A segunda via da conta est\u00e1 dispon\u00edvel em v\u00e1rios canais de atendimento:<\/p>\n<p>&#8211; Aplicativo dispon\u00edvel nos sistemas IOS e Android. No app, \u00e9 poss\u00edvel fazer o download da fatura em PDF e enviar por e-mail ou aplicativo de mensagem;<\/p>\n<p>&#8211; Site www.caesb.df.gov.br;<\/p>\n<p>&#8211; Ag\u00eancia Virtual;<\/p>\n<p>&#8211; Central de Atendimento Telefone 115 (v\u00e1lidos para liga\u00e7\u00f5es no DF);<\/p>\n<p>&#8211; Escrit\u00f3rios Regionais (apenas para emiss\u00e3o da segunda via da fatura);<\/p>\n<p>&#8211; Postos na Hora e<\/p>\n<p>&#8211; WhatsApp (dispon\u00edvel exclusivamente para usu\u00e1rios de Taguatinga, Ceil\u00e2ndia, Samambaia, Sobradinho e Planaltina).<\/p>\n<p>Caso o usu\u00e1rio tenha contas em aberto com a Caesb at\u00e9 31 de outubro de 2022, \u00e9 poss\u00edvel participar de mais uma edi\u00e7\u00e3o do Programa de Negocia\u00e7\u00e3o de D\u00e9bitos, dispon\u00edvel para clientes pessoas f\u00edsicas e pessoas jur\u00eddicas. O programa oferece condi\u00e7\u00f5es especiais para a negocia\u00e7\u00e3o de d\u00e9bitos, flexibilizando os pagamentos \u00e0 vista e oferecendo parcelamento, com a redu\u00e7\u00e3o gradativa dos juros de mora.<\/p>\n","protected":false},"excerpt":{"rendered":"<p>Neste per\u00edodo de f\u00e9rias escolares, \u00e9 comum muitos brasilienses viajarem e se ausentarem de suas resid\u00eancias. As dicas de seguran\u00e7a mais comum devem sempre ser seguidas como trancar portas e janelas, tirar os eletr\u00f4nicos das tomadas, evitar divulgar fotos em redes sociais, fechar o registro de g\u00e1s, suspender a entrega de jornais ou revistas ou [&hellip;]<\/p>\n","protected":false},"author":2,"featured_media":230268,"comment_status":"closed","ping_status":"closed","sticky":false,"template":"","format":"standard","meta":{"_acf_changed":false,"footnotes":""},"categories":[161],"tags":[],"class_list":["post-297825","post","type-post","status-publish","format-standard","has-post-thumbnail","hentry","category-quadradinho-em-foco"],"acf":[],"yoast_head":"<!-- This site is optimized with the Yoast SEO plugin v27.2 - https:\/\/yoast.com\/product\/yoast-seo-wordpress\/ -->\n<title>Caesb d\u00e1 dicas de consumo de \u00e1gua durante f\u00e9rias - Notibras<\/title>\n<meta name=\"robots\" content=\"index, follow, max-snippet:-1, max-image-preview:large, max-video-preview:-1\" \/>\n<link rel=\"canonical\" href=\"https:\/\/www.notibras.com\/site\/caesb-da-dicas-de-consumo-de-agua-nas-ferias\/\" \/>\n<meta property=\"og:locale\" content=\"pt_BR\" \/>\n<meta property=\"og:type\" content=\"article\" \/>\n<meta property=\"og:title\" content=\"Caesb d\u00e1 dicas de consumo de \u00e1gua durante f\u00e9rias - Notibras\" \/>\n<meta property=\"og:description\" content=\"Neste per\u00edodo de f\u00e9rias escolares, \u00e9 comum muitos brasilienses viajarem e se ausentarem de suas resid\u00eancias. As dicas de seguran\u00e7a mais comum devem sempre ser seguidas como trancar portas e janelas, tirar os eletr\u00f4nicos das tomadas, evitar divulgar fotos em redes sociais, fechar o registro de g\u00e1s, suspender a entrega de jornais ou revistas ou [&hellip;]\" \/>\n<meta property=\"og:url\" content=\"https:\/\/www.notibras.com\/site\/caesb-da-dicas-de-consumo-de-agua-nas-ferias\/\" \/>\n<meta property=\"og:site_name\" content=\"Notibras\" \/>\n<meta property=\"article:publisher\" content=\"https:\/\/www.facebook.com\/notibras\/\" \/>\n<meta property=\"article:published_time\" content=\"2023-01-16T13:03:37+00:00\" \/>\n<meta property=\"article:modified_time\" content=\"2023-01-16T13:04:24+00:00\" \/>\n<meta property=\"og:image\" content=\"https:\/\/www.notibras.com\/site\/wp-content\/uploads\/2020\/05\/agua_torneira-4216.jpg\" \/>\n\t<meta property=\"og:image:width\" content=\"1170\" \/>\n\t<meta property=\"og:image:height\" content=\"700\" \/>\n\t<meta property=\"og:image:type\" content=\"image\/jpeg\" \/>\n<meta name=\"author\" content=\"Reda\u00e7\u00e3o\" \/>\n<meta name=\"twitter:card\" content=\"summary_large_image\" \/>\n<meta name=\"twitter:creator\" content=\"@Notibras\" \/>\n<meta name=\"twitter:site\" content=\"@Notibras\" \/>\n<meta name=\"twitter:label1\" content=\"Escrito por\" \/>\n\t<meta name=\"twitter:data1\" content=\"Reda\u00e7\u00e3o\" \/>\n\t<meta name=\"twitter:label2\" content=\"Est. tempo de leitura\" \/>\n\t<meta name=\"twitter:data2\" content=\"4 minutos\" \/>\n<script type=\"application\/ld+json\" class=\"yoast-schema-graph\">{\"@context\":\"https:\/\/schema.org\",\"@graph\":[{\"@type\":\"Article\",\"@id\":\"https:\/\/www.notibras.com\/site\/caesb-da-dicas-de-consumo-de-agua-nas-ferias\/#article\",\"isPartOf\":{\"@id\":\"https:\/\/www.notibras.com\/site\/caesb-da-dicas-de-consumo-de-agua-nas-ferias\/\"},\"author\":{\"name\":\"Reda\u00e7\u00e3o\",\"@id\":\"https:\/\/www.notibras.com\/site\/#\/schema\/person\/36ab0979449956132d3e5b517ea76ac8\"},\"headline\":\"Caesb d\u00e1 dicas de consumo de \u00e1gua durante f\u00e9rias\",\"datePublished\":\"2023-01-16T13:03:37+00:00\",\"dateModified\":\"2023-01-16T13:04:24+00:00\",\"mainEntityOfPage\":{\"@id\":\"https:\/\/www.notibras.com\/site\/caesb-da-dicas-de-consumo-de-agua-nas-ferias\/\"},\"wordCount\":675,\"publisher\":{\"@id\":\"https:\/\/www.notibras.com\/site\/#organization\"},\"image\":{\"@id\":\"https:\/\/www.notibras.com\/site\/caesb-da-dicas-de-consumo-de-agua-nas-ferias\/#primaryimage\"},\"thumbnailUrl\":\"https:\/\/www.notibras.com\/site\/wp-content\/uploads\/2020\/05\/agua_torneira-4216.jpg\",\"articleSection\":[\"Quadradinho em Foco\"],\"inLanguage\":\"pt-BR\"},{\"@type\":\"WebPage\",\"@id\":\"https:\/\/www.notibras.com\/site\/caesb-da-dicas-de-consumo-de-agua-nas-ferias\/\",\"url\":\"https:\/\/www.notibras.com\/site\/caesb-da-dicas-de-consumo-de-agua-nas-ferias\/\",\"name\":\"Caesb d\u00e1 dicas de consumo de \u00e1gua durante f\u00e9rias - Notibras\",\"isPartOf\":{\"@id\":\"https:\/\/www.notibras.com\/site\/#website\"},\"primaryImageOfPage\":{\"@id\":\"https:\/\/www.notibras.com\/site\/caesb-da-dicas-de-consumo-de-agua-nas-ferias\/#primaryimage\"},\"image\":{\"@id\":\"https:\/\/www.notibras.com\/site\/caesb-da-dicas-de-consumo-de-agua-nas-ferias\/#primaryimage\"},\"thumbnailUrl\":\"https:\/\/www.notibras.com\/site\/wp-content\/uploads\/2020\/05\/agua_torneira-4216.jpg\",\"datePublished\":\"2023-01-16T13:03:37+00:00\",\"dateModified\":\"2023-01-16T13:04:24+00:00\",\"breadcrumb\":{\"@id\":\"https:\/\/www.notibras.com\/site\/caesb-da-dicas-de-consumo-de-agua-nas-ferias\/#breadcrumb\"},\"inLanguage\":\"pt-BR\",\"potentialAction\":[{\"@type\":\"ReadAction\",\"target\":[\"https:\/\/www.notibras.com\/site\/caesb-da-dicas-de-consumo-de-agua-nas-ferias\/\"]}]},{\"@type\":\"ImageObject\",\"inLanguage\":\"pt-BR\",\"@id\":\"https:\/\/www.notibras.com\/site\/caesb-da-dicas-de-consumo-de-agua-nas-ferias\/#primaryimage\",\"url\":\"https:\/\/www.notibras.com\/site\/wp-content\/uploads\/2020\/05\/agua_torneira-4216.jpg\",\"contentUrl\":\"https:\/\/www.notibras.com\/site\/wp-content\/uploads\/2020\/05\/agua_torneira-4216.jpg\",\"width\":1170,\"height\":700},{\"@type\":\"BreadcrumbList\",\"@id\":\"https:\/\/www.notibras.com\/site\/caesb-da-dicas-de-consumo-de-agua-nas-ferias\/#breadcrumb\",\"itemListElement\":[{\"@type\":\"ListItem\",\"position\":1,\"name\":\"In\u00edcio\",\"item\":\"https:\/\/www.notibras.com\/site\/\"},{\"@type\":\"ListItem\",\"position\":2,\"name\":\"Caesb d\u00e1 dicas de consumo de \u00e1gua durante f\u00e9rias\"}]},{\"@type\":\"WebSite\",\"@id\":\"https:\/\/www.notibras.com\/site\/#website\",\"url\":\"https:\/\/www.notibras.com\/site\/\",\"name\":\"Notibras\",\"description\":\"Not\u00edcias de Bras\u00edlia, do Brasil e do Mundo\",\"publisher\":{\"@id\":\"https:\/\/www.notibras.com\/site\/#organization\"},\"potentialAction\":[{\"@type\":\"SearchAction\",\"target\":{\"@type\":\"EntryPoint\",\"urlTemplate\":\"https:\/\/www.notibras.com\/site\/?s={search_term_string}\"},\"query-input\":{\"@type\":\"PropertyValueSpecification\",\"valueRequired\":true,\"valueName\":\"search_term_string\"}}],\"inLanguage\":\"pt-BR\"},{\"@type\":\"Organization\",\"@id\":\"https:\/\/www.notibras.com\/site\/#organization\",\"name\":\"Grupo Notibras de Comunica\u00e7\u00e3o\",\"url\":\"https:\/\/www.notibras.com\/site\/\",\"logo\":{\"@type\":\"ImageObject\",\"inLanguage\":\"pt-BR\",\"@id\":\"https:\/\/www.notibras.com\/site\/#\/schema\/logo\/image\/\",\"url\":\"https:\/\/www.notibras.com\/site\/wp-content\/uploads\/2023\/01\/notibras23.png\",\"contentUrl\":\"https:\/\/www.notibras.com\/site\/wp-content\/uploads\/2023\/01\/notibras23.png\",\"width\":350,\"height\":87,\"caption\":\"Grupo Notibras de Comunica\u00e7\u00e3o\"},\"image\":{\"@id\":\"https:\/\/www.notibras.com\/site\/#\/schema\/logo\/image\/\"},\"sameAs\":[\"https:\/\/www.facebook.com\/notibras\/\",\"https:\/\/x.com\/Notibras\",\"https:\/\/www.instagram.com\/notibras\/\"]},{\"@type\":\"Person\",\"@id\":\"https:\/\/www.notibras.com\/site\/#\/schema\/person\/36ab0979449956132d3e5b517ea76ac8\",\"name\":\"Reda\u00e7\u00e3o\",\"image\":{\"@type\":\"ImageObject\",\"inLanguage\":\"pt-BR\",\"@id\":\"https:\/\/secure.gravatar.com\/avatar\/e0a867bdedb85fd243eadf09663511f96fc81e0720a4a42581f334ad4303aa6b?s=96&d=mm&r=g\",\"url\":\"https:\/\/secure.gravatar.com\/avatar\/e0a867bdedb85fd243eadf09663511f96fc81e0720a4a42581f334ad4303aa6b?s=96&d=mm&r=g\",\"contentUrl\":\"https:\/\/secure.gravatar.com\/avatar\/e0a867bdedb85fd243eadf09663511f96fc81e0720a4a42581f334ad4303aa6b?s=96&d=mm&r=g\",\"caption\":\"Reda\u00e7\u00e3o\"}}]}<\/script>\n<!-- \/ Yoast SEO plugin. -->","yoast_head_json":{"title":"Caesb d\u00e1 dicas de consumo de \u00e1gua durante f\u00e9rias - Notibras","robots":{"index":"index","follow":"follow","max-snippet":"max-snippet:-1","max-image-preview":"max-image-preview:large","max-video-preview":"max-video-preview:-1"},"canonical":"https:\/\/www.notibras.com\/site\/caesb-da-dicas-de-consumo-de-agua-nas-ferias\/","og_locale":"pt_BR","og_type":"article","og_title":"Caesb d\u00e1 dicas de consumo de \u00e1gua durante f\u00e9rias - Notibras","og_description":"Neste per\u00edodo de f\u00e9rias escolares, \u00e9 comum muitos brasilienses viajarem e se ausentarem de suas resid\u00eancias. As dicas de seguran\u00e7a mais comum devem sempre ser seguidas como trancar portas e janelas, tirar os eletr\u00f4nicos das tomadas, evitar divulgar fotos em redes sociais, fechar o registro de g\u00e1s, suspender a entrega de jornais ou revistas ou [&hellip;]","og_url":"https:\/\/www.notibras.com\/site\/caesb-da-dicas-de-consumo-de-agua-nas-ferias\/","og_site_name":"Notibras","article_publisher":"https:\/\/www.facebook.com\/notibras\/","article_published_time":"2023-01-16T13:03:37+00:00","article_modified_time":"2023-01-16T13:04:24+00:00","og_image":[{"width":1170,"height":700,"url":"https:\/\/www.notibras.com\/site\/wp-content\/uploads\/2020\/05\/agua_torneira-4216.jpg","type":"image\/jpeg"}],"author":"Reda\u00e7\u00e3o","twitter_card":"summary_large_image","twitter_creator":"@Notibras","twitter_site":"@Notibras","twitter_misc":{"Escrito por":"Reda\u00e7\u00e3o","Est. tempo de leitura":"4 minutos"},"schema":{"@context":"https:\/\/schema.org","@graph":[{"@type":"Article","@id":"https:\/\/www.notibras.com\/site\/caesb-da-dicas-de-consumo-de-agua-nas-ferias\/#article","isPartOf":{"@id":"https:\/\/www.notibras.com\/site\/caesb-da-dicas-de-consumo-de-agua-nas-ferias\/"},"author":{"name":"Reda\u00e7\u00e3o","@id":"https:\/\/www.notibras.com\/site\/#\/schema\/person\/36ab0979449956132d3e5b517ea76ac8"},"headline":"Caesb d\u00e1 dicas de consumo de \u00e1gua durante f\u00e9rias","datePublished":"2023-01-16T13:03:37+00:00","dateModified":"2023-01-16T13:04:24+00:00","mainEntityOfPage":{"@id":"https:\/\/www.notibras.com\/site\/caesb-da-dicas-de-consumo-de-agua-nas-ferias\/"},"wordCount":675,"publisher":{"@id":"https:\/\/www.notibras.com\/site\/#organization"},"image":{"@id":"https:\/\/www.notibras.com\/site\/caesb-da-dicas-de-consumo-de-agua-nas-ferias\/#primaryimage"},"thumbnailUrl":"https:\/\/www.notibras.com\/site\/wp-content\/uploads\/2020\/05\/agua_torneira-4216.jpg","articleSection":["Quadradinho em Foco"],"inLanguage":"pt-BR"},{"@type":"WebPage","@id":"https:\/\/www.notibras.com\/site\/caesb-da-dicas-de-consumo-de-agua-nas-ferias\/","url":"https:\/\/www.notibras.com\/site\/caesb-da-dicas-de-consumo-de-agua-nas-ferias\/","name":"Caesb d\u00e1 dicas de consumo de \u00e1gua durante f\u00e9rias - Notibras","isPartOf":{"@id":"https:\/\/www.notibras.com\/site\/#website"},"primaryImageOfPage":{"@id":"https:\/\/www.notibras.com\/site\/caesb-da-dicas-de-consumo-de-agua-nas-ferias\/#primaryimage"},"image":{"@id":"https:\/\/www.notibras.com\/site\/caesb-da-dicas-de-consumo-de-agua-nas-ferias\/#primaryimage"},"thumbnailUrl":"https:\/\/www.notibras.com\/site\/wp-content\/uploads\/2020\/05\/agua_torneira-4216.jpg","datePublished":"2023-01-16T13:03:37+00:00","dateModified":"2023-01-16T13:04:24+00:00","breadcrumb":{"@id":"https:\/\/www.notibras.com\/site\/caesb-da-dicas-de-consumo-de-agua-nas-ferias\/#breadcrumb"},"inLanguage":"pt-BR","potentialAction":[{"@type":"ReadAction","target":["https:\/\/www.notibras.com\/site\/caesb-da-dicas-de-consumo-de-agua-nas-ferias\/"]}]},{"@type":"ImageObject","inLanguage":"pt-BR","@id":"https:\/\/www.notibras.com\/site\/caesb-da-dicas-de-consumo-de-agua-nas-ferias\/#primaryimage","url":"https:\/\/www.notibras.com\/site\/wp-content\/uploads\/2020\/05\/agua_torneira-4216.jpg","contentUrl":"https:\/\/www.notibras.com\/site\/wp-content\/uploads\/2020\/05\/agua_torneira-4216.jpg","width":1170,"height":700},{"@type":"BreadcrumbList","@id":"https:\/\/www.notibras.com\/site\/caesb-da-dicas-de-consumo-de-agua-nas-ferias\/#breadcrumb","itemListElement":[{"@type":"ListItem","position":1,"name":"In\u00edcio","item":"https:\/\/www.notibras.com\/site\/"},{"@type":"ListItem","position":2,"name":"Caesb d\u00e1 dicas de consumo de \u00e1gua durante f\u00e9rias"}]},{"@type":"WebSite","@id":"https:\/\/www.notibras.com\/site\/#website","url":"https:\/\/www.notibras.com\/site\/","name":"Notibras","description":"Not\u00edcias de Bras\u00edlia, do Brasil e do Mundo","publisher":{"@id":"https:\/\/www.notibras.com\/site\/#organization"},"potentialAction":[{"@type":"SearchAction","target":{"@type":"EntryPoint","urlTemplate":"https:\/\/www.notibras.com\/site\/?s={search_term_string}"},"query-input":{"@type":"PropertyValueSpecification","valueRequired":true,"valueName":"search_term_string"}}],"inLanguage":"pt-BR"},{"@type":"Organization","@id":"https:\/\/www.notibras.com\/site\/#organization","name":"Grupo Notibras de Comunica\u00e7\u00e3o","url":"https:\/\/www.notibras.com\/site\/","logo":{"@type":"ImageObject","inLanguage":"pt-BR","@id":"https:\/\/www.notibras.com\/site\/#\/schema\/logo\/image\/","url":"https:\/\/www.notibras.com\/site\/wp-content\/uploads\/2023\/01\/notibras23.png","contentUrl":"https:\/\/www.notibras.com\/site\/wp-content\/uploads\/2023\/01\/notibras23.png","width":350,"height":87,"caption":"Grupo Notibras de Comunica\u00e7\u00e3o"},"image":{"@id":"https:\/\/www.notibras.com\/site\/#\/schema\/logo\/image\/"},"sameAs":["https:\/\/www.facebook.com\/notibras\/","https:\/\/x.com\/Notibras","https:\/\/www.instagram.com\/notibras\/"]},{"@type":"Person","@id":"https:\/\/www.notibras.com\/site\/#\/schema\/person\/36ab0979449956132d3e5b517ea76ac8","name":"Reda\u00e7\u00e3o","image":{"@type":"ImageObject","inLanguage":"pt-BR","@id":"https:\/\/secure.gravatar.com\/avatar\/e0a867bdedb85fd243eadf09663511f96fc81e0720a4a42581f334ad4303aa6b?s=96&d=mm&r=g","url":"https:\/\/secure.gravatar.com\/avatar\/e0a867bdedb85fd243eadf09663511f96fc81e0720a4a42581f334ad4303aa6b?s=96&d=mm&r=g","contentUrl":"https:\/\/secure.gravatar.com\/avatar\/e0a867bdedb85fd243eadf09663511f96fc81e0720a4a42581f334ad4303aa6b?s=96&d=mm&r=g","caption":"Reda\u00e7\u00e3o"}}]}},"amp_enabled":true,"_links":{"self":[{"href":"https:\/\/www.notibras.com\/site\/wp-json\/wp\/v2\/posts\/297825","targetHints":{"allow":["GET"]}}],"collection":[{"href":"https:\/\/www.notibras.com\/site\/wp-json\/wp\/v2\/posts"}],"about":[{"href":"https:\/\/www.notibras.com\/site\/wp-json\/wp\/v2\/types\/post"}],"author":[{"embeddable":true,"href":"https:\/\/www.notibras.com\/site\/wp-json\/wp\/v2\/users\/2"}],"replies":[{"embeddable":true,"href":"https:\/\/www.notibras.com\/site\/wp-json\/wp\/v2\/comments?post=297825"}],"version-history":[{"count":2,"href":"https:\/\/www.notibras.com\/site\/wp-json\/wp\/v2\/posts\/297825\/revisions"}],"predecessor-version":[{"id":297827,"href":"https:\/\/www.notibras.com\/site\/wp-json\/wp\/v2\/posts\/297825\/revisions\/297827"}],"wp:featuredmedia":[{"embeddable":true,"href":"https:\/\/www.notibras.com\/site\/wp-json\/wp\/v2\/media\/230268"}],"wp:attachment":[{"href":"https:\/\/www.notibras.com\/site\/wp-json\/wp\/v2\/media?parent=297825"}],"wp:term":[{"taxonomy":"category","embeddable":true,"href":"https:\/\/www.notibras.com\/site\/wp-json\/wp\/v2\/categories?post=297825"},{"taxonomy":"post_tag","embeddable":true,"href":"https:\/\/www.notibras.com\/site\/wp-json\/wp\/v2\/tags?post=297825"}],"curies":[{"name":"wp","href":"https:\/\/api.w.org\/{rel}","templated":true}]}}