{"id":297877,"date":"2023-01-17T00:11:01","date_gmt":"2023-01-17T03:11:01","guid":{"rendered":"https:\/\/www.notibras.com\/site\/?p=297877"},"modified":"2023-01-17T08:59:09","modified_gmt":"2023-01-17T11:59:09","slug":"boa-musica-e-de-graca-todas-as-noites-ate-dia-27","status":"publish","type":"post","link":"https:\/\/www.notibras.com\/site\/boa-musica-e-de-graca-todas-as-noites-ate-dia-27\/","title":{"rendered":"Boa m\u00fasica (e de gra\u00e7a) todas as noites at\u00e9 dia 27"},"content":{"rendered":"<p>A boa m\u00fasica vai tomar conta de Bras\u00edlia pelas pr\u00f3ximas duas semanas com a 44\u00aa edi\u00e7\u00e3o do Curso Internacional de Ver\u00e3o de Bras\u00edlia (Civebra), que ser\u00e1 realizada at\u00e9 o dia 27 de janeiro na Escola de M\u00fasica de Bras\u00edlia (EMB). Todas as noites, \u00e0s 19h, haver\u00e1 apresenta\u00e7\u00f5es musicais com os artistas convidados e tamb\u00e9m do DF, com entrada gratuita.<\/p>\n<p>O concerto de abertura ocorreu no domingo (15), e contou com uma aplaudida apresenta\u00e7\u00e3o da orquestra Big Band. Formada por m\u00fasicos convidados, a maioria alunos e ex-alunos da Escola de M\u00fasica de Bras\u00edlia, e por alguns professores que v\u00e3o ministrar aulas no curso de ver\u00e3o, a Big Band conta com a presen\u00e7a de instrumentos diferentes de uma orquestra tradicional, como a bateria, e tem outro estilo musical.<\/p>\n<p>Com a reg\u00eancia do maestro Joel Barbosa, a banda tocou as dez obras que comp\u00f5em a su\u00edte Coisas, de Moacir Santana. A apresenta\u00e7\u00e3o durou cerca de uma hora e foi aplaudida de p\u00e9 pelo p\u00fablico que lotou o teatro Levino de Alc\u00e2ntara, na 602 Sul.<\/p>\n<p>\u201cInvestimento em arte \u00e9 uma obriga\u00e7\u00e3o\u201d, disse J\u00falio Moronari, em nome da secret\u00e1ria de Educa\u00e7\u00e3o, H\u00e9lvia Paranagu\u00e1.<\/p>\n<p>O Civebra \u00e9 realizado desde 1977 e j\u00e1 se tornou um evento oficial no calend\u00e1rio da cidade. Todos os anos, o curso homenageia um artista conhecido em todo o mundo. Nesta edi\u00e7\u00e3o, o homenageado \u00e9 o compositor, pianista e maestro russo Sergei Rachmaninoff, al\u00e9m do arranjador, compositor, maestro e multi-instrumentista brasileiro Moacir Santos.<\/p>\n","protected":false},"excerpt":{"rendered":"<p>A boa m\u00fasica vai tomar conta de Bras\u00edlia pelas pr\u00f3ximas duas semanas com a 44\u00aa edi\u00e7\u00e3o do Curso Internacional de Ver\u00e3o de Bras\u00edlia (Civebra), que ser\u00e1 realizada at\u00e9 o dia 27 de janeiro na Escola de M\u00fasica de Bras\u00edlia (EMB). Todas as noites, \u00e0s 19h, haver\u00e1 apresenta\u00e7\u00f5es musicais com os artistas convidados e tamb\u00e9m do [&hellip;]<\/p>\n","protected":false},"author":2,"featured_media":297878,"comment_status":"closed","ping_status":"closed","sticky":false,"template":"","format":"standard","meta":{"_acf_changed":false,"footnotes":""},"categories":[161],"tags":[],"class_list":["post-297877","post","type-post","status-publish","format-standard","has-post-thumbnail","hentry","category-quadradinho-em-foco"],"acf":[],"yoast_head":"<!-- This site is optimized with the Yoast SEO plugin v27.2 - https:\/\/yoast.com\/product\/yoast-seo-wordpress\/ -->\n<title>Boa m\u00fasica (e de gra\u00e7a) todas as noites at\u00e9 dia 27 - Notibras<\/title>\n<meta name=\"robots\" content=\"index, follow, max-snippet:-1, max-image-preview:large, max-video-preview:-1\" \/>\n<link rel=\"canonical\" href=\"https:\/\/www.notibras.com\/site\/boa-musica-e-de-graca-todas-as-noites-ate-dia-27\/\" \/>\n<meta property=\"og:locale\" content=\"pt_BR\" \/>\n<meta property=\"og:type\" content=\"article\" \/>\n<meta property=\"og:title\" content=\"Boa m\u00fasica (e de gra\u00e7a) todas as noites at\u00e9 dia 27 - Notibras\" \/>\n<meta property=\"og:description\" content=\"A boa m\u00fasica vai tomar conta de Bras\u00edlia pelas pr\u00f3ximas duas semanas com a 44\u00aa edi\u00e7\u00e3o do Curso Internacional de Ver\u00e3o de Bras\u00edlia (Civebra), que ser\u00e1 realizada at\u00e9 o dia 27 de janeiro na Escola de M\u00fasica de Bras\u00edlia (EMB). Todas as noites, \u00e0s 19h, haver\u00e1 apresenta\u00e7\u00f5es musicais com os artistas convidados e tamb\u00e9m do [&hellip;]\" \/>\n<meta property=\"og:url\" content=\"https:\/\/www.notibras.com\/site\/boa-musica-e-de-graca-todas-as-noites-ate-dia-27\/\" \/>\n<meta property=\"og:site_name\" content=\"Notibras\" \/>\n<meta property=\"article:publisher\" content=\"https:\/\/www.facebook.com\/notibras\/\" \/>\n<meta property=\"article:published_time\" content=\"2023-01-17T03:11:01+00:00\" \/>\n<meta property=\"article:modified_time\" content=\"2023-01-17T11:59:09+00:00\" \/>\n<meta property=\"og:image\" content=\"https:\/\/www.notibras.com\/site\/wp-content\/uploads\/2023\/01\/Foto-2-civebra-1536x1024-1.jpg\" \/>\n\t<meta property=\"og:image:width\" content=\"1536\" \/>\n\t<meta property=\"og:image:height\" content=\"1024\" \/>\n\t<meta property=\"og:image:type\" content=\"image\/jpeg\" \/>\n<meta name=\"author\" content=\"Reda\u00e7\u00e3o\" \/>\n<meta name=\"twitter:card\" content=\"summary_large_image\" \/>\n<meta name=\"twitter:creator\" content=\"@Notibras\" \/>\n<meta name=\"twitter:site\" content=\"@Notibras\" \/>\n<meta name=\"twitter:label1\" content=\"Escrito por\" \/>\n\t<meta name=\"twitter:data1\" content=\"Reda\u00e7\u00e3o\" \/>\n\t<meta name=\"twitter:label2\" content=\"Est. tempo de leitura\" \/>\n\t<meta name=\"twitter:data2\" content=\"2 minutos\" \/>\n<script type=\"application\/ld+json\" class=\"yoast-schema-graph\">{\"@context\":\"https:\/\/schema.org\",\"@graph\":[{\"@type\":\"Article\",\"@id\":\"https:\/\/www.notibras.com\/site\/boa-musica-e-de-graca-todas-as-noites-ate-dia-27\/#article\",\"isPartOf\":{\"@id\":\"https:\/\/www.notibras.com\/site\/boa-musica-e-de-graca-todas-as-noites-ate-dia-27\/\"},\"author\":{\"name\":\"Reda\u00e7\u00e3o\",\"@id\":\"https:\/\/www.notibras.com\/site\/#\/schema\/person\/36ab0979449956132d3e5b517ea76ac8\"},\"headline\":\"Boa m\u00fasica (e de gra\u00e7a) todas as noites at\u00e9 dia 27\",\"datePublished\":\"2023-01-17T03:11:01+00:00\",\"dateModified\":\"2023-01-17T11:59:09+00:00\",\"mainEntityOfPage\":{\"@id\":\"https:\/\/www.notibras.com\/site\/boa-musica-e-de-graca-todas-as-noites-ate-dia-27\/\"},\"wordCount\":276,\"publisher\":{\"@id\":\"https:\/\/www.notibras.com\/site\/#organization\"},\"image\":{\"@id\":\"https:\/\/www.notibras.com\/site\/boa-musica-e-de-graca-todas-as-noites-ate-dia-27\/#primaryimage\"},\"thumbnailUrl\":\"https:\/\/www.notibras.com\/site\/wp-content\/uploads\/2023\/01\/Foto-2-civebra-1536x1024-1.jpg\",\"articleSection\":[\"Quadradinho em Foco\"],\"inLanguage\":\"pt-BR\"},{\"@type\":\"WebPage\",\"@id\":\"https:\/\/www.notibras.com\/site\/boa-musica-e-de-graca-todas-as-noites-ate-dia-27\/\",\"url\":\"https:\/\/www.notibras.com\/site\/boa-musica-e-de-graca-todas-as-noites-ate-dia-27\/\",\"name\":\"Boa m\u00fasica (e de gra\u00e7a) todas as noites at\u00e9 dia 27 - Notibras\",\"isPartOf\":{\"@id\":\"https:\/\/www.notibras.com\/site\/#website\"},\"primaryImageOfPage\":{\"@id\":\"https:\/\/www.notibras.com\/site\/boa-musica-e-de-graca-todas-as-noites-ate-dia-27\/#primaryimage\"},\"image\":{\"@id\":\"https:\/\/www.notibras.com\/site\/boa-musica-e-de-graca-todas-as-noites-ate-dia-27\/#primaryimage\"},\"thumbnailUrl\":\"https:\/\/www.notibras.com\/site\/wp-content\/uploads\/2023\/01\/Foto-2-civebra-1536x1024-1.jpg\",\"datePublished\":\"2023-01-17T03:11:01+00:00\",\"dateModified\":\"2023-01-17T11:59:09+00:00\",\"breadcrumb\":{\"@id\":\"https:\/\/www.notibras.com\/site\/boa-musica-e-de-graca-todas-as-noites-ate-dia-27\/#breadcrumb\"},\"inLanguage\":\"pt-BR\",\"potentialAction\":[{\"@type\":\"ReadAction\",\"target\":[\"https:\/\/www.notibras.com\/site\/boa-musica-e-de-graca-todas-as-noites-ate-dia-27\/\"]}]},{\"@type\":\"ImageObject\",\"inLanguage\":\"pt-BR\",\"@id\":\"https:\/\/www.notibras.com\/site\/boa-musica-e-de-graca-todas-as-noites-ate-dia-27\/#primaryimage\",\"url\":\"https:\/\/www.notibras.com\/site\/wp-content\/uploads\/2023\/01\/Foto-2-civebra-1536x1024-1.jpg\",\"contentUrl\":\"https:\/\/www.notibras.com\/site\/wp-content\/uploads\/2023\/01\/Foto-2-civebra-1536x1024-1.jpg\",\"width\":1536,\"height\":1024},{\"@type\":\"BreadcrumbList\",\"@id\":\"https:\/\/www.notibras.com\/site\/boa-musica-e-de-graca-todas-as-noites-ate-dia-27\/#breadcrumb\",\"itemListElement\":[{\"@type\":\"ListItem\",\"position\":1,\"name\":\"In\u00edcio\",\"item\":\"https:\/\/www.notibras.com\/site\/\"},{\"@type\":\"ListItem\",\"position\":2,\"name\":\"Boa m\u00fasica (e de gra\u00e7a) todas as noites at\u00e9 dia 27\"}]},{\"@type\":\"WebSite\",\"@id\":\"https:\/\/www.notibras.com\/site\/#website\",\"url\":\"https:\/\/www.notibras.com\/site\/\",\"name\":\"Notibras\",\"description\":\"Not\u00edcias de Bras\u00edlia, do Brasil e do Mundo\",\"publisher\":{\"@id\":\"https:\/\/www.notibras.com\/site\/#organization\"},\"potentialAction\":[{\"@type\":\"SearchAction\",\"target\":{\"@type\":\"EntryPoint\",\"urlTemplate\":\"https:\/\/www.notibras.com\/site\/?s={search_term_string}\"},\"query-input\":{\"@type\":\"PropertyValueSpecification\",\"valueRequired\":true,\"valueName\":\"search_term_string\"}}],\"inLanguage\":\"pt-BR\"},{\"@type\":\"Organization\",\"@id\":\"https:\/\/www.notibras.com\/site\/#organization\",\"name\":\"Grupo Notibras de Comunica\u00e7\u00e3o\",\"url\":\"https:\/\/www.notibras.com\/site\/\",\"logo\":{\"@type\":\"ImageObject\",\"inLanguage\":\"pt-BR\",\"@id\":\"https:\/\/www.notibras.com\/site\/#\/schema\/logo\/image\/\",\"url\":\"https:\/\/www.notibras.com\/site\/wp-content\/uploads\/2023\/01\/notibras23.png\",\"contentUrl\":\"https:\/\/www.notibras.com\/site\/wp-content\/uploads\/2023\/01\/notibras23.png\",\"width\":350,\"height\":87,\"caption\":\"Grupo Notibras de Comunica\u00e7\u00e3o\"},\"image\":{\"@id\":\"https:\/\/www.notibras.com\/site\/#\/schema\/logo\/image\/\"},\"sameAs\":[\"https:\/\/www.facebook.com\/notibras\/\",\"https:\/\/x.com\/Notibras\",\"https:\/\/www.instagram.com\/notibras\/\"]},{\"@type\":\"Person\",\"@id\":\"https:\/\/www.notibras.com\/site\/#\/schema\/person\/36ab0979449956132d3e5b517ea76ac8\",\"name\":\"Reda\u00e7\u00e3o\",\"image\":{\"@type\":\"ImageObject\",\"inLanguage\":\"pt-BR\",\"@id\":\"https:\/\/secure.gravatar.com\/avatar\/e0a867bdedb85fd243eadf09663511f96fc81e0720a4a42581f334ad4303aa6b?s=96&d=mm&r=g\",\"url\":\"https:\/\/secure.gravatar.com\/avatar\/e0a867bdedb85fd243eadf09663511f96fc81e0720a4a42581f334ad4303aa6b?s=96&d=mm&r=g\",\"contentUrl\":\"https:\/\/secure.gravatar.com\/avatar\/e0a867bdedb85fd243eadf09663511f96fc81e0720a4a42581f334ad4303aa6b?s=96&d=mm&r=g\",\"caption\":\"Reda\u00e7\u00e3o\"}}]}<\/script>\n<!-- \/ Yoast SEO plugin. -->","yoast_head_json":{"title":"Boa m\u00fasica (e de gra\u00e7a) todas as noites at\u00e9 dia 27 - Notibras","robots":{"index":"index","follow":"follow","max-snippet":"max-snippet:-1","max-image-preview":"max-image-preview:large","max-video-preview":"max-video-preview:-1"},"canonical":"https:\/\/www.notibras.com\/site\/boa-musica-e-de-graca-todas-as-noites-ate-dia-27\/","og_locale":"pt_BR","og_type":"article","og_title":"Boa m\u00fasica (e de gra\u00e7a) todas as noites at\u00e9 dia 27 - Notibras","og_description":"A boa m\u00fasica vai tomar conta de Bras\u00edlia pelas pr\u00f3ximas duas semanas com a 44\u00aa edi\u00e7\u00e3o do Curso Internacional de Ver\u00e3o de Bras\u00edlia (Civebra), que ser\u00e1 realizada at\u00e9 o dia 27 de janeiro na Escola de M\u00fasica de Bras\u00edlia (EMB). Todas as noites, \u00e0s 19h, haver\u00e1 apresenta\u00e7\u00f5es musicais com os artistas convidados e tamb\u00e9m do [&hellip;]","og_url":"https:\/\/www.notibras.com\/site\/boa-musica-e-de-graca-todas-as-noites-ate-dia-27\/","og_site_name":"Notibras","article_publisher":"https:\/\/www.facebook.com\/notibras\/","article_published_time":"2023-01-17T03:11:01+00:00","article_modified_time":"2023-01-17T11:59:09+00:00","og_image":[{"width":1536,"height":1024,"url":"https:\/\/www.notibras.com\/site\/wp-content\/uploads\/2023\/01\/Foto-2-civebra-1536x1024-1.jpg","type":"image\/jpeg"}],"author":"Reda\u00e7\u00e3o","twitter_card":"summary_large_image","twitter_creator":"@Notibras","twitter_site":"@Notibras","twitter_misc":{"Escrito por":"Reda\u00e7\u00e3o","Est. tempo de leitura":"2 minutos"},"schema":{"@context":"https:\/\/schema.org","@graph":[{"@type":"Article","@id":"https:\/\/www.notibras.com\/site\/boa-musica-e-de-graca-todas-as-noites-ate-dia-27\/#article","isPartOf":{"@id":"https:\/\/www.notibras.com\/site\/boa-musica-e-de-graca-todas-as-noites-ate-dia-27\/"},"author":{"name":"Reda\u00e7\u00e3o","@id":"https:\/\/www.notibras.com\/site\/#\/schema\/person\/36ab0979449956132d3e5b517ea76ac8"},"headline":"Boa m\u00fasica (e de gra\u00e7a) todas as noites at\u00e9 dia 27","datePublished":"2023-01-17T03:11:01+00:00","dateModified":"2023-01-17T11:59:09+00:00","mainEntityOfPage":{"@id":"https:\/\/www.notibras.com\/site\/boa-musica-e-de-graca-todas-as-noites-ate-dia-27\/"},"wordCount":276,"publisher":{"@id":"https:\/\/www.notibras.com\/site\/#organization"},"image":{"@id":"https:\/\/www.notibras.com\/site\/boa-musica-e-de-graca-todas-as-noites-ate-dia-27\/#primaryimage"},"thumbnailUrl":"https:\/\/www.notibras.com\/site\/wp-content\/uploads\/2023\/01\/Foto-2-civebra-1536x1024-1.jpg","articleSection":["Quadradinho em Foco"],"inLanguage":"pt-BR"},{"@type":"WebPage","@id":"https:\/\/www.notibras.com\/site\/boa-musica-e-de-graca-todas-as-noites-ate-dia-27\/","url":"https:\/\/www.notibras.com\/site\/boa-musica-e-de-graca-todas-as-noites-ate-dia-27\/","name":"Boa m\u00fasica (e de gra\u00e7a) todas as noites at\u00e9 dia 27 - Notibras","isPartOf":{"@id":"https:\/\/www.notibras.com\/site\/#website"},"primaryImageOfPage":{"@id":"https:\/\/www.notibras.com\/site\/boa-musica-e-de-graca-todas-as-noites-ate-dia-27\/#primaryimage"},"image":{"@id":"https:\/\/www.notibras.com\/site\/boa-musica-e-de-graca-todas-as-noites-ate-dia-27\/#primaryimage"},"thumbnailUrl":"https:\/\/www.notibras.com\/site\/wp-content\/uploads\/2023\/01\/Foto-2-civebra-1536x1024-1.jpg","datePublished":"2023-01-17T03:11:01+00:00","dateModified":"2023-01-17T11:59:09+00:00","breadcrumb":{"@id":"https:\/\/www.notibras.com\/site\/boa-musica-e-de-graca-todas-as-noites-ate-dia-27\/#breadcrumb"},"inLanguage":"pt-BR","potentialAction":[{"@type":"ReadAction","target":["https:\/\/www.notibras.com\/site\/boa-musica-e-de-graca-todas-as-noites-ate-dia-27\/"]}]},{"@type":"ImageObject","inLanguage":"pt-BR","@id":"https:\/\/www.notibras.com\/site\/boa-musica-e-de-graca-todas-as-noites-ate-dia-27\/#primaryimage","url":"https:\/\/www.notibras.com\/site\/wp-content\/uploads\/2023\/01\/Foto-2-civebra-1536x1024-1.jpg","contentUrl":"https:\/\/www.notibras.com\/site\/wp-content\/uploads\/2023\/01\/Foto-2-civebra-1536x1024-1.jpg","width":1536,"height":1024},{"@type":"BreadcrumbList","@id":"https:\/\/www.notibras.com\/site\/boa-musica-e-de-graca-todas-as-noites-ate-dia-27\/#breadcrumb","itemListElement":[{"@type":"ListItem","position":1,"name":"In\u00edcio","item":"https:\/\/www.notibras.com\/site\/"},{"@type":"ListItem","position":2,"name":"Boa m\u00fasica (e de gra\u00e7a) todas as noites at\u00e9 dia 27"}]},{"@type":"WebSite","@id":"https:\/\/www.notibras.com\/site\/#website","url":"https:\/\/www.notibras.com\/site\/","name":"Notibras","description":"Not\u00edcias de Bras\u00edlia, do Brasil e do Mundo","publisher":{"@id":"https:\/\/www.notibras.com\/site\/#organization"},"potentialAction":[{"@type":"SearchAction","target":{"@type":"EntryPoint","urlTemplate":"https:\/\/www.notibras.com\/site\/?s={search_term_string}"},"query-input":{"@type":"PropertyValueSpecification","valueRequired":true,"valueName":"search_term_string"}}],"inLanguage":"pt-BR"},{"@type":"Organization","@id":"https:\/\/www.notibras.com\/site\/#organization","name":"Grupo Notibras de Comunica\u00e7\u00e3o","url":"https:\/\/www.notibras.com\/site\/","logo":{"@type":"ImageObject","inLanguage":"pt-BR","@id":"https:\/\/www.notibras.com\/site\/#\/schema\/logo\/image\/","url":"https:\/\/www.notibras.com\/site\/wp-content\/uploads\/2023\/01\/notibras23.png","contentUrl":"https:\/\/www.notibras.com\/site\/wp-content\/uploads\/2023\/01\/notibras23.png","width":350,"height":87,"caption":"Grupo Notibras de Comunica\u00e7\u00e3o"},"image":{"@id":"https:\/\/www.notibras.com\/site\/#\/schema\/logo\/image\/"},"sameAs":["https:\/\/www.facebook.com\/notibras\/","https:\/\/x.com\/Notibras","https:\/\/www.instagram.com\/notibras\/"]},{"@type":"Person","@id":"https:\/\/www.notibras.com\/site\/#\/schema\/person\/36ab0979449956132d3e5b517ea76ac8","name":"Reda\u00e7\u00e3o","image":{"@type":"ImageObject","inLanguage":"pt-BR","@id":"https:\/\/secure.gravatar.com\/avatar\/e0a867bdedb85fd243eadf09663511f96fc81e0720a4a42581f334ad4303aa6b?s=96&d=mm&r=g","url":"https:\/\/secure.gravatar.com\/avatar\/e0a867bdedb85fd243eadf09663511f96fc81e0720a4a42581f334ad4303aa6b?s=96&d=mm&r=g","contentUrl":"https:\/\/secure.gravatar.com\/avatar\/e0a867bdedb85fd243eadf09663511f96fc81e0720a4a42581f334ad4303aa6b?s=96&d=mm&r=g","caption":"Reda\u00e7\u00e3o"}}]}},"amp_enabled":true,"_links":{"self":[{"href":"https:\/\/www.notibras.com\/site\/wp-json\/wp\/v2\/posts\/297877","targetHints":{"allow":["GET"]}}],"collection":[{"href":"https:\/\/www.notibras.com\/site\/wp-json\/wp\/v2\/posts"}],"about":[{"href":"https:\/\/www.notibras.com\/site\/wp-json\/wp\/v2\/types\/post"}],"author":[{"embeddable":true,"href":"https:\/\/www.notibras.com\/site\/wp-json\/wp\/v2\/users\/2"}],"replies":[{"embeddable":true,"href":"https:\/\/www.notibras.com\/site\/wp-json\/wp\/v2\/comments?post=297877"}],"version-history":[{"count":1,"href":"https:\/\/www.notibras.com\/site\/wp-json\/wp\/v2\/posts\/297877\/revisions"}],"predecessor-version":[{"id":297879,"href":"https:\/\/www.notibras.com\/site\/wp-json\/wp\/v2\/posts\/297877\/revisions\/297879"}],"wp:featuredmedia":[{"embeddable":true,"href":"https:\/\/www.notibras.com\/site\/wp-json\/wp\/v2\/media\/297878"}],"wp:attachment":[{"href":"https:\/\/www.notibras.com\/site\/wp-json\/wp\/v2\/media?parent=297877"}],"wp:term":[{"taxonomy":"category","embeddable":true,"href":"https:\/\/www.notibras.com\/site\/wp-json\/wp\/v2\/categories?post=297877"},{"taxonomy":"post_tag","embeddable":true,"href":"https:\/\/www.notibras.com\/site\/wp-json\/wp\/v2\/tags?post=297877"}],"curies":[{"name":"wp","href":"https:\/\/api.w.org\/{rel}","templated":true}]}}