{"id":297886,"date":"2023-01-17T00:00:47","date_gmt":"2023-01-17T03:00:47","guid":{"rendered":"https:\/\/www.notibras.com\/site\/?p=297886"},"modified":"2023-01-17T09:16:43","modified_gmt":"2023-01-17T12:16:43","slug":"produtores-participam-de-projeto-de-criacao-de-tilapia","status":"publish","type":"post","link":"https:\/\/www.notibras.com\/site\/produtores-participam-de-projeto-de-criacao-de-tilapia\/","title":{"rendered":"Produtores participam de projeto de cria\u00e7\u00e3o de til\u00e1pia"},"content":{"rendered":"<p>Um projeto de energia fotovoltaica implantado para beneficiar com irriga\u00e7\u00e3o pequenas propriedades de um assentamento na regi\u00e3o do PAD-DF est\u00e1 proporcionando nova experi\u00eancia a quatro dos sete produtores atendidos pela Empresa de Assist\u00eancia T\u00e9cnica e Extens\u00e3o Rural do Distrito Federal (Emater): a cria\u00e7\u00e3o de til\u00e1pia.<\/p>\n<p>Acompanhada pelos t\u00e9cnicos da empresa, essa atividade representa uma nova fonte de renda para os pequenos produtores locais. O projeto de irriga\u00e7\u00e3o teve in\u00edcio em 2020 e custou R$ 150 mil, dos quais R$ 100 mil foram destinados por emenda parlamentar da deputada Arlete Sampaio.<\/p>\n<p>Uma das produtoras que est\u00e1 apostando na cria\u00e7\u00e3o de til\u00e1pia \u00e9 Ruti Urias Rosa, que desde 2009 vive na regi\u00e3o do PAD-DF. \u201cForam feitos oito tanques, um em cada uma das sete glebas, mais um comunit\u00e1rio, que distribui \u00e1gua para as propriedades\u201d, conta. Os canais de irriga\u00e7\u00e3o foram constru\u00eddos pela Secretaria de Agricultura (Seagri) e pela Emater.<\/p>\n<p>\u201cComo n\u00e3o t\u00ednhamos \u00e1gua, o projeto de energia fotovoltaica foi projetado para irriga\u00e7\u00e3o; a partir da\u00ed veio a ideia da cria\u00e7\u00e3o de til\u00e1pias\u201d, lembra Ruti. H\u00e1 quatro meses, ela adquiriu 500 alevinos (peixes que acabaram de deixar a fase de larva) e, para cuidar, conta com a consultoria da Emater. \u201cColocamos os alevinos aqui para o futuro consumo familiar, mas tenho o sonho de vender o que sobrar.\u201d<\/p>\n<p><strong>Custos<\/strong><br \/>\nNa \u00faltima avalia\u00e7\u00e3o feita na propriedade de Ruti, o extensionista da Emater Maur\u00edcio Gon\u00e7alves constatou que o maior custo na produ\u00e7\u00e3o \u00e9 com ra\u00e7\u00e3o dos peixes \u2013 pode chegar a R$ 450 por m\u00eas. Mas o neg\u00f3cio compensa, aponta ele: \u201cA cria\u00e7\u00e3o de til\u00e1pia \u00e9 uma atividade que pode ser lucrativa\u201d.<\/p>\n<p>Mauricio visita os produtores de peixes no assentamento, duas vezes por semana, para avaliar o projeto. Ele pensa agora em construir mais tanques para as propriedades que est\u00e3o cultivando til\u00e1pia e tamb\u00e9m em adquirir um aerador, que oxigena a \u00e1gua e melhora a sa\u00fade do peixe.<\/p>\n<p>Segundo o gerente substituto do escrit\u00f3rio do PAD-DF, Gilmar Batistela, as placas de energia fotovoltaicas foram instaladas para que uma bomba pudesse puxar a \u00e1gua de um afluente do C\u00f3rrego Taquari Amarelo para o assentamento, em uma dist\u00e2ncia de dois quil\u00f4metros. \u201cDesse reservat\u00f3rio, \u00e9 feita a distribui\u00e7\u00e3o para as sete propriedades\u201d, explica.<\/p>\n","protected":false},"excerpt":{"rendered":"<p>Um projeto de energia fotovoltaica implantado para beneficiar com irriga\u00e7\u00e3o pequenas propriedades de um assentamento na regi\u00e3o do PAD-DF est\u00e1 proporcionando nova experi\u00eancia a quatro dos sete produtores atendidos pela Empresa de Assist\u00eancia T\u00e9cnica e Extens\u00e3o Rural do Distrito Federal (Emater): a cria\u00e7\u00e3o de til\u00e1pia. Acompanhada pelos t\u00e9cnicos da empresa, essa atividade representa uma nova [&hellip;]<\/p>\n","protected":false},"author":2,"featured_media":297887,"comment_status":"closed","ping_status":"closed","sticky":false,"template":"","format":"standard","meta":{"_acf_changed":false,"footnotes":""},"categories":[161],"tags":[],"class_list":["post-297886","post","type-post","status-publish","format-standard","has-post-thumbnail","hentry","category-quadradinho-em-foco"],"acf":[],"yoast_head":"<!-- This site is optimized with the Yoast SEO plugin v27.2 - https:\/\/yoast.com\/product\/yoast-seo-wordpress\/ -->\n<title>Produtores participam de projeto de cria\u00e7\u00e3o de til\u00e1pia - Notibras<\/title>\n<meta name=\"robots\" content=\"index, follow, max-snippet:-1, max-image-preview:large, max-video-preview:-1\" \/>\n<link rel=\"canonical\" href=\"https:\/\/www.notibras.com\/site\/produtores-participam-de-projeto-de-criacao-de-tilapia\/\" \/>\n<meta property=\"og:locale\" content=\"pt_BR\" \/>\n<meta property=\"og:type\" content=\"article\" \/>\n<meta property=\"og:title\" content=\"Produtores participam de projeto de cria\u00e7\u00e3o de til\u00e1pia - Notibras\" \/>\n<meta property=\"og:description\" content=\"Um projeto de energia fotovoltaica implantado para beneficiar com irriga\u00e7\u00e3o pequenas propriedades de um assentamento na regi\u00e3o do PAD-DF est\u00e1 proporcionando nova experi\u00eancia a quatro dos sete produtores atendidos pela Empresa de Assist\u00eancia T\u00e9cnica e Extens\u00e3o Rural do Distrito Federal (Emater): a cria\u00e7\u00e3o de til\u00e1pia. Acompanhada pelos t\u00e9cnicos da empresa, essa atividade representa uma nova [&hellip;]\" \/>\n<meta property=\"og:url\" content=\"https:\/\/www.notibras.com\/site\/produtores-participam-de-projeto-de-criacao-de-tilapia\/\" \/>\n<meta property=\"og:site_name\" content=\"Notibras\" \/>\n<meta property=\"article:publisher\" content=\"https:\/\/www.facebook.com\/notibras\/\" \/>\n<meta property=\"article:published_time\" content=\"2023-01-17T03:00:47+00:00\" \/>\n<meta property=\"article:modified_time\" content=\"2023-01-17T12:16:43+00:00\" \/>\n<meta property=\"og:image\" content=\"https:\/\/www.notibras.com\/site\/wp-content\/uploads\/2023\/01\/dentro-Ruty-Urias-6-1536x1024-1.jpg\" \/>\n\t<meta property=\"og:image:width\" content=\"1536\" \/>\n\t<meta property=\"og:image:height\" content=\"1024\" \/>\n\t<meta property=\"og:image:type\" content=\"image\/jpeg\" \/>\n<meta name=\"author\" content=\"Reda\u00e7\u00e3o\" \/>\n<meta name=\"twitter:card\" content=\"summary_large_image\" \/>\n<meta name=\"twitter:creator\" content=\"@Notibras\" \/>\n<meta name=\"twitter:site\" content=\"@Notibras\" \/>\n<meta name=\"twitter:label1\" content=\"Escrito por\" \/>\n\t<meta name=\"twitter:data1\" content=\"Reda\u00e7\u00e3o\" \/>\n\t<meta name=\"twitter:label2\" content=\"Est. tempo de leitura\" \/>\n\t<meta name=\"twitter:data2\" content=\"3 minutos\" \/>\n<script type=\"application\/ld+json\" class=\"yoast-schema-graph\">{\"@context\":\"https:\/\/schema.org\",\"@graph\":[{\"@type\":\"Article\",\"@id\":\"https:\/\/www.notibras.com\/site\/produtores-participam-de-projeto-de-criacao-de-tilapia\/#article\",\"isPartOf\":{\"@id\":\"https:\/\/www.notibras.com\/site\/produtores-participam-de-projeto-de-criacao-de-tilapia\/\"},\"author\":{\"name\":\"Reda\u00e7\u00e3o\",\"@id\":\"https:\/\/www.notibras.com\/site\/#\/schema\/person\/36ab0979449956132d3e5b517ea76ac8\"},\"headline\":\"Produtores participam de projeto de cria\u00e7\u00e3o de til\u00e1pia\",\"datePublished\":\"2023-01-17T03:00:47+00:00\",\"dateModified\":\"2023-01-17T12:16:43+00:00\",\"mainEntityOfPage\":{\"@id\":\"https:\/\/www.notibras.com\/site\/produtores-participam-de-projeto-de-criacao-de-tilapia\/\"},\"wordCount\":405,\"publisher\":{\"@id\":\"https:\/\/www.notibras.com\/site\/#organization\"},\"image\":{\"@id\":\"https:\/\/www.notibras.com\/site\/produtores-participam-de-projeto-de-criacao-de-tilapia\/#primaryimage\"},\"thumbnailUrl\":\"https:\/\/www.notibras.com\/site\/wp-content\/uploads\/2023\/01\/dentro-Ruty-Urias-6-1536x1024-1.jpg\",\"articleSection\":[\"Quadradinho em Foco\"],\"inLanguage\":\"pt-BR\"},{\"@type\":\"WebPage\",\"@id\":\"https:\/\/www.notibras.com\/site\/produtores-participam-de-projeto-de-criacao-de-tilapia\/\",\"url\":\"https:\/\/www.notibras.com\/site\/produtores-participam-de-projeto-de-criacao-de-tilapia\/\",\"name\":\"Produtores participam de projeto de cria\u00e7\u00e3o de til\u00e1pia - Notibras\",\"isPartOf\":{\"@id\":\"https:\/\/www.notibras.com\/site\/#website\"},\"primaryImageOfPage\":{\"@id\":\"https:\/\/www.notibras.com\/site\/produtores-participam-de-projeto-de-criacao-de-tilapia\/#primaryimage\"},\"image\":{\"@id\":\"https:\/\/www.notibras.com\/site\/produtores-participam-de-projeto-de-criacao-de-tilapia\/#primaryimage\"},\"thumbnailUrl\":\"https:\/\/www.notibras.com\/site\/wp-content\/uploads\/2023\/01\/dentro-Ruty-Urias-6-1536x1024-1.jpg\",\"datePublished\":\"2023-01-17T03:00:47+00:00\",\"dateModified\":\"2023-01-17T12:16:43+00:00\",\"breadcrumb\":{\"@id\":\"https:\/\/www.notibras.com\/site\/produtores-participam-de-projeto-de-criacao-de-tilapia\/#breadcrumb\"},\"inLanguage\":\"pt-BR\",\"potentialAction\":[{\"@type\":\"ReadAction\",\"target\":[\"https:\/\/www.notibras.com\/site\/produtores-participam-de-projeto-de-criacao-de-tilapia\/\"]}]},{\"@type\":\"ImageObject\",\"inLanguage\":\"pt-BR\",\"@id\":\"https:\/\/www.notibras.com\/site\/produtores-participam-de-projeto-de-criacao-de-tilapia\/#primaryimage\",\"url\":\"https:\/\/www.notibras.com\/site\/wp-content\/uploads\/2023\/01\/dentro-Ruty-Urias-6-1536x1024-1.jpg\",\"contentUrl\":\"https:\/\/www.notibras.com\/site\/wp-content\/uploads\/2023\/01\/dentro-Ruty-Urias-6-1536x1024-1.jpg\",\"width\":1536,\"height\":1024},{\"@type\":\"BreadcrumbList\",\"@id\":\"https:\/\/www.notibras.com\/site\/produtores-participam-de-projeto-de-criacao-de-tilapia\/#breadcrumb\",\"itemListElement\":[{\"@type\":\"ListItem\",\"position\":1,\"name\":\"In\u00edcio\",\"item\":\"https:\/\/www.notibras.com\/site\/\"},{\"@type\":\"ListItem\",\"position\":2,\"name\":\"Produtores participam de projeto de cria\u00e7\u00e3o de til\u00e1pia\"}]},{\"@type\":\"WebSite\",\"@id\":\"https:\/\/www.notibras.com\/site\/#website\",\"url\":\"https:\/\/www.notibras.com\/site\/\",\"name\":\"Notibras\",\"description\":\"Not\u00edcias de Bras\u00edlia, do Brasil e do Mundo\",\"publisher\":{\"@id\":\"https:\/\/www.notibras.com\/site\/#organization\"},\"potentialAction\":[{\"@type\":\"SearchAction\",\"target\":{\"@type\":\"EntryPoint\",\"urlTemplate\":\"https:\/\/www.notibras.com\/site\/?s={search_term_string}\"},\"query-input\":{\"@type\":\"PropertyValueSpecification\",\"valueRequired\":true,\"valueName\":\"search_term_string\"}}],\"inLanguage\":\"pt-BR\"},{\"@type\":\"Organization\",\"@id\":\"https:\/\/www.notibras.com\/site\/#organization\",\"name\":\"Grupo Notibras de Comunica\u00e7\u00e3o\",\"url\":\"https:\/\/www.notibras.com\/site\/\",\"logo\":{\"@type\":\"ImageObject\",\"inLanguage\":\"pt-BR\",\"@id\":\"https:\/\/www.notibras.com\/site\/#\/schema\/logo\/image\/\",\"url\":\"https:\/\/www.notibras.com\/site\/wp-content\/uploads\/2023\/01\/notibras23.png\",\"contentUrl\":\"https:\/\/www.notibras.com\/site\/wp-content\/uploads\/2023\/01\/notibras23.png\",\"width\":350,\"height\":87,\"caption\":\"Grupo Notibras de Comunica\u00e7\u00e3o\"},\"image\":{\"@id\":\"https:\/\/www.notibras.com\/site\/#\/schema\/logo\/image\/\"},\"sameAs\":[\"https:\/\/www.facebook.com\/notibras\/\",\"https:\/\/x.com\/Notibras\",\"https:\/\/www.instagram.com\/notibras\/\"]},{\"@type\":\"Person\",\"@id\":\"https:\/\/www.notibras.com\/site\/#\/schema\/person\/36ab0979449956132d3e5b517ea76ac8\",\"name\":\"Reda\u00e7\u00e3o\",\"image\":{\"@type\":\"ImageObject\",\"inLanguage\":\"pt-BR\",\"@id\":\"https:\/\/secure.gravatar.com\/avatar\/e0a867bdedb85fd243eadf09663511f96fc81e0720a4a42581f334ad4303aa6b?s=96&d=mm&r=g\",\"url\":\"https:\/\/secure.gravatar.com\/avatar\/e0a867bdedb85fd243eadf09663511f96fc81e0720a4a42581f334ad4303aa6b?s=96&d=mm&r=g\",\"contentUrl\":\"https:\/\/secure.gravatar.com\/avatar\/e0a867bdedb85fd243eadf09663511f96fc81e0720a4a42581f334ad4303aa6b?s=96&d=mm&r=g\",\"caption\":\"Reda\u00e7\u00e3o\"}}]}<\/script>\n<!-- \/ Yoast SEO plugin. -->","yoast_head_json":{"title":"Produtores participam de projeto de cria\u00e7\u00e3o de til\u00e1pia - Notibras","robots":{"index":"index","follow":"follow","max-snippet":"max-snippet:-1","max-image-preview":"max-image-preview:large","max-video-preview":"max-video-preview:-1"},"canonical":"https:\/\/www.notibras.com\/site\/produtores-participam-de-projeto-de-criacao-de-tilapia\/","og_locale":"pt_BR","og_type":"article","og_title":"Produtores participam de projeto de cria\u00e7\u00e3o de til\u00e1pia - Notibras","og_description":"Um projeto de energia fotovoltaica implantado para beneficiar com irriga\u00e7\u00e3o pequenas propriedades de um assentamento na regi\u00e3o do PAD-DF est\u00e1 proporcionando nova experi\u00eancia a quatro dos sete produtores atendidos pela Empresa de Assist\u00eancia T\u00e9cnica e Extens\u00e3o Rural do Distrito Federal (Emater): a cria\u00e7\u00e3o de til\u00e1pia. Acompanhada pelos t\u00e9cnicos da empresa, essa atividade representa uma nova [&hellip;]","og_url":"https:\/\/www.notibras.com\/site\/produtores-participam-de-projeto-de-criacao-de-tilapia\/","og_site_name":"Notibras","article_publisher":"https:\/\/www.facebook.com\/notibras\/","article_published_time":"2023-01-17T03:00:47+00:00","article_modified_time":"2023-01-17T12:16:43+00:00","og_image":[{"width":1536,"height":1024,"url":"https:\/\/www.notibras.com\/site\/wp-content\/uploads\/2023\/01\/dentro-Ruty-Urias-6-1536x1024-1.jpg","type":"image\/jpeg"}],"author":"Reda\u00e7\u00e3o","twitter_card":"summary_large_image","twitter_creator":"@Notibras","twitter_site":"@Notibras","twitter_misc":{"Escrito por":"Reda\u00e7\u00e3o","Est. tempo de leitura":"3 minutos"},"schema":{"@context":"https:\/\/schema.org","@graph":[{"@type":"Article","@id":"https:\/\/www.notibras.com\/site\/produtores-participam-de-projeto-de-criacao-de-tilapia\/#article","isPartOf":{"@id":"https:\/\/www.notibras.com\/site\/produtores-participam-de-projeto-de-criacao-de-tilapia\/"},"author":{"name":"Reda\u00e7\u00e3o","@id":"https:\/\/www.notibras.com\/site\/#\/schema\/person\/36ab0979449956132d3e5b517ea76ac8"},"headline":"Produtores participam de projeto de cria\u00e7\u00e3o de til\u00e1pia","datePublished":"2023-01-17T03:00:47+00:00","dateModified":"2023-01-17T12:16:43+00:00","mainEntityOfPage":{"@id":"https:\/\/www.notibras.com\/site\/produtores-participam-de-projeto-de-criacao-de-tilapia\/"},"wordCount":405,"publisher":{"@id":"https:\/\/www.notibras.com\/site\/#organization"},"image":{"@id":"https:\/\/www.notibras.com\/site\/produtores-participam-de-projeto-de-criacao-de-tilapia\/#primaryimage"},"thumbnailUrl":"https:\/\/www.notibras.com\/site\/wp-content\/uploads\/2023\/01\/dentro-Ruty-Urias-6-1536x1024-1.jpg","articleSection":["Quadradinho em Foco"],"inLanguage":"pt-BR"},{"@type":"WebPage","@id":"https:\/\/www.notibras.com\/site\/produtores-participam-de-projeto-de-criacao-de-tilapia\/","url":"https:\/\/www.notibras.com\/site\/produtores-participam-de-projeto-de-criacao-de-tilapia\/","name":"Produtores participam de projeto de cria\u00e7\u00e3o de til\u00e1pia - Notibras","isPartOf":{"@id":"https:\/\/www.notibras.com\/site\/#website"},"primaryImageOfPage":{"@id":"https:\/\/www.notibras.com\/site\/produtores-participam-de-projeto-de-criacao-de-tilapia\/#primaryimage"},"image":{"@id":"https:\/\/www.notibras.com\/site\/produtores-participam-de-projeto-de-criacao-de-tilapia\/#primaryimage"},"thumbnailUrl":"https:\/\/www.notibras.com\/site\/wp-content\/uploads\/2023\/01\/dentro-Ruty-Urias-6-1536x1024-1.jpg","datePublished":"2023-01-17T03:00:47+00:00","dateModified":"2023-01-17T12:16:43+00:00","breadcrumb":{"@id":"https:\/\/www.notibras.com\/site\/produtores-participam-de-projeto-de-criacao-de-tilapia\/#breadcrumb"},"inLanguage":"pt-BR","potentialAction":[{"@type":"ReadAction","target":["https:\/\/www.notibras.com\/site\/produtores-participam-de-projeto-de-criacao-de-tilapia\/"]}]},{"@type":"ImageObject","inLanguage":"pt-BR","@id":"https:\/\/www.notibras.com\/site\/produtores-participam-de-projeto-de-criacao-de-tilapia\/#primaryimage","url":"https:\/\/www.notibras.com\/site\/wp-content\/uploads\/2023\/01\/dentro-Ruty-Urias-6-1536x1024-1.jpg","contentUrl":"https:\/\/www.notibras.com\/site\/wp-content\/uploads\/2023\/01\/dentro-Ruty-Urias-6-1536x1024-1.jpg","width":1536,"height":1024},{"@type":"BreadcrumbList","@id":"https:\/\/www.notibras.com\/site\/produtores-participam-de-projeto-de-criacao-de-tilapia\/#breadcrumb","itemListElement":[{"@type":"ListItem","position":1,"name":"In\u00edcio","item":"https:\/\/www.notibras.com\/site\/"},{"@type":"ListItem","position":2,"name":"Produtores participam de projeto de cria\u00e7\u00e3o de til\u00e1pia"}]},{"@type":"WebSite","@id":"https:\/\/www.notibras.com\/site\/#website","url":"https:\/\/www.notibras.com\/site\/","name":"Notibras","description":"Not\u00edcias de Bras\u00edlia, do Brasil e do Mundo","publisher":{"@id":"https:\/\/www.notibras.com\/site\/#organization"},"potentialAction":[{"@type":"SearchAction","target":{"@type":"EntryPoint","urlTemplate":"https:\/\/www.notibras.com\/site\/?s={search_term_string}"},"query-input":{"@type":"PropertyValueSpecification","valueRequired":true,"valueName":"search_term_string"}}],"inLanguage":"pt-BR"},{"@type":"Organization","@id":"https:\/\/www.notibras.com\/site\/#organization","name":"Grupo Notibras de Comunica\u00e7\u00e3o","url":"https:\/\/www.notibras.com\/site\/","logo":{"@type":"ImageObject","inLanguage":"pt-BR","@id":"https:\/\/www.notibras.com\/site\/#\/schema\/logo\/image\/","url":"https:\/\/www.notibras.com\/site\/wp-content\/uploads\/2023\/01\/notibras23.png","contentUrl":"https:\/\/www.notibras.com\/site\/wp-content\/uploads\/2023\/01\/notibras23.png","width":350,"height":87,"caption":"Grupo Notibras de Comunica\u00e7\u00e3o"},"image":{"@id":"https:\/\/www.notibras.com\/site\/#\/schema\/logo\/image\/"},"sameAs":["https:\/\/www.facebook.com\/notibras\/","https:\/\/x.com\/Notibras","https:\/\/www.instagram.com\/notibras\/"]},{"@type":"Person","@id":"https:\/\/www.notibras.com\/site\/#\/schema\/person\/36ab0979449956132d3e5b517ea76ac8","name":"Reda\u00e7\u00e3o","image":{"@type":"ImageObject","inLanguage":"pt-BR","@id":"https:\/\/secure.gravatar.com\/avatar\/e0a867bdedb85fd243eadf09663511f96fc81e0720a4a42581f334ad4303aa6b?s=96&d=mm&r=g","url":"https:\/\/secure.gravatar.com\/avatar\/e0a867bdedb85fd243eadf09663511f96fc81e0720a4a42581f334ad4303aa6b?s=96&d=mm&r=g","contentUrl":"https:\/\/secure.gravatar.com\/avatar\/e0a867bdedb85fd243eadf09663511f96fc81e0720a4a42581f334ad4303aa6b?s=96&d=mm&r=g","caption":"Reda\u00e7\u00e3o"}}]}},"amp_enabled":true,"_links":{"self":[{"href":"https:\/\/www.notibras.com\/site\/wp-json\/wp\/v2\/posts\/297886","targetHints":{"allow":["GET"]}}],"collection":[{"href":"https:\/\/www.notibras.com\/site\/wp-json\/wp\/v2\/posts"}],"about":[{"href":"https:\/\/www.notibras.com\/site\/wp-json\/wp\/v2\/types\/post"}],"author":[{"embeddable":true,"href":"https:\/\/www.notibras.com\/site\/wp-json\/wp\/v2\/users\/2"}],"replies":[{"embeddable":true,"href":"https:\/\/www.notibras.com\/site\/wp-json\/wp\/v2\/comments?post=297886"}],"version-history":[{"count":1,"href":"https:\/\/www.notibras.com\/site\/wp-json\/wp\/v2\/posts\/297886\/revisions"}],"predecessor-version":[{"id":297888,"href":"https:\/\/www.notibras.com\/site\/wp-json\/wp\/v2\/posts\/297886\/revisions\/297888"}],"wp:featuredmedia":[{"embeddable":true,"href":"https:\/\/www.notibras.com\/site\/wp-json\/wp\/v2\/media\/297887"}],"wp:attachment":[{"href":"https:\/\/www.notibras.com\/site\/wp-json\/wp\/v2\/media?parent=297886"}],"wp:term":[{"taxonomy":"category","embeddable":true,"href":"https:\/\/www.notibras.com\/site\/wp-json\/wp\/v2\/categories?post=297886"},{"taxonomy":"post_tag","embeddable":true,"href":"https:\/\/www.notibras.com\/site\/wp-json\/wp\/v2\/tags?post=297886"}],"curies":[{"name":"wp","href":"https:\/\/api.w.org\/{rel}","templated":true}]}}