{"id":297963,"date":"2023-01-19T00:00:12","date_gmt":"2023-01-19T03:00:12","guid":{"rendered":"https:\/\/www.notibras.com\/site\/?p=297963"},"modified":"2023-01-19T04:15:33","modified_gmt":"2023-01-19T07:15:33","slug":"saudades-da-prainha-reaproxima-pai-e-filha","status":"publish","type":"post","link":"https:\/\/www.notibras.com\/site\/saudades-da-prainha-reaproxima-pai-e-filha\/","title":{"rendered":"Saudade da Prainha reaproxima o pai e a filha"},"content":{"rendered":"<p>A filha e o pai, apesar de morarem no mesmo apartamento, j\u00e1 n\u00e3o se viam h\u00e1 dias. N\u00e3o que eles tivessem brigado, mas simplesmente os hor\u00e1rios n\u00e3o eram compat\u00edveis com encontros rotineiros. Ela, sempre ocupada com as coisas do trabalho, tentava resolver tudo pelo aparelho celular ou, no m\u00e1ximo, pelo computador, que parecia sempre ligado. O pai, no entanto, apesar de acordar bem cedo, demorava mais de hora na cama, talvez pensando nas coisas que n\u00e3o teve coragem de fazer at\u00e9 ent\u00e3o.<\/p>\n<p>Naquele domingo, entretanto, os dois se esbarraram na cozinha. O pai, com aquela mesma x\u00edcara de caf\u00e9 na m\u00e3o, olhou para os grandes olhos da filha. Aqueles c\u00edlios negros pareciam espantados com a fisionomia desgastada \u00e0 sua frente. Ela levou um tempo para perceber que era aquele mesmo homem que, h\u00e1 poucas d\u00e9cadas, a levava nos ombros para a praiinha do Parano\u00e1, logo ali. Trocaram um quase sorriso.<\/p>\n<ul>\n<li>Quer? &#8211; o pai ofereceu a x\u00edcara.<\/li>\n<\/ul>\n<p>Os dois sentaram \u00e0 mesa. Tomaram o caf\u00e9 quase em sil\u00eancio soturno, se n\u00e3o fossem os raros tilintares das x\u00edcaras com os pires. Nenhuma palavra, enquanto o pai observava a \u00e2nsia da filha em digitar cada vez mais r\u00e1pido no min\u00fasculo teclado do aparelho celular. Ele chegou a pensar como \u00e9 que ela conseguia fazer aquilo com tanta habilidade. Todavia, um estrondo, vindo l\u00e1 debaixo da rua, os tirou do aparente transe.<\/p>\n<p>J\u00e1 na janela, pai e filha observavam o formigueiro de gente curiosa. Um acidente de carro, aparentemente sem v\u00edtimas. Vozes, vozes, vozes! Nada que pudesse ser realmente distingu\u00edvel para os dois no parapeito l\u00e1 em cima do bloco. Trocaram olhares, como h\u00e1 muito n\u00e3o faziam. N\u00e3o precisaram balbuciar palavras. Abriram a porta do apartamento, pegaram o elevador e desceram. Passaram pela multid\u00e3o, como se ela n\u00e3o existisse. De m\u00e3os dadas, seguiram para o carro e de l\u00e1 para a prainha, aquela mesma praia, que continuava ali perto, talvez saudosa daqueles dois.<\/p>\n","protected":false},"excerpt":{"rendered":"<p>A filha e o pai, apesar de morarem no mesmo apartamento, j\u00e1 n\u00e3o se viam h\u00e1 dias. N\u00e3o que eles tivessem brigado, mas simplesmente os hor\u00e1rios n\u00e3o eram compat\u00edveis com encontros rotineiros. Ela, sempre ocupada com as coisas do trabalho, tentava resolver tudo pelo aparelho celular ou, no m\u00e1ximo, pelo computador, que parecia sempre ligado. [&hellip;]<\/p>\n","protected":false},"author":2,"featured_media":297964,"comment_status":"closed","ping_status":"closed","sticky":false,"template":"","format":"standard","meta":{"_acf_changed":false,"footnotes":""},"categories":[161],"tags":[],"class_list":["post-297963","post","type-post","status-publish","format-standard","has-post-thumbnail","hentry","category-quadradinho-em-foco"],"acf":[],"yoast_head":"<!-- This site is optimized with the Yoast SEO plugin v27.2 - https:\/\/yoast.com\/product\/yoast-seo-wordpress\/ -->\n<title>Saudade da Prainha reaproxima o pai e a filha - Notibras<\/title>\n<meta name=\"robots\" content=\"index, follow, max-snippet:-1, max-image-preview:large, max-video-preview:-1\" \/>\n<link rel=\"canonical\" href=\"https:\/\/www.notibras.com\/site\/saudades-da-prainha-reaproxima-pai-e-filha\/\" \/>\n<meta property=\"og:locale\" content=\"pt_BR\" \/>\n<meta property=\"og:type\" content=\"article\" \/>\n<meta property=\"og:title\" content=\"Saudade da Prainha reaproxima o pai e a filha - Notibras\" \/>\n<meta property=\"og:description\" content=\"A filha e o pai, apesar de morarem no mesmo apartamento, j\u00e1 n\u00e3o se viam h\u00e1 dias. N\u00e3o que eles tivessem brigado, mas simplesmente os hor\u00e1rios n\u00e3o eram compat\u00edveis com encontros rotineiros. Ela, sempre ocupada com as coisas do trabalho, tentava resolver tudo pelo aparelho celular ou, no m\u00e1ximo, pelo computador, que parecia sempre ligado. [&hellip;]\" \/>\n<meta property=\"og:url\" content=\"https:\/\/www.notibras.com\/site\/saudades-da-prainha-reaproxima-pai-e-filha\/\" \/>\n<meta property=\"og:site_name\" content=\"Notibras\" \/>\n<meta property=\"article:publisher\" content=\"https:\/\/www.facebook.com\/notibras\/\" \/>\n<meta property=\"article:published_time\" content=\"2023-01-19T03:00:12+00:00\" \/>\n<meta property=\"article:modified_time\" content=\"2023-01-19T07:15:33+00:00\" \/>\n<meta property=\"og:image\" content=\"https:\/\/www.notibras.com\/site\/wp-content\/uploads\/2023\/01\/b842cbcf2a46e1c6146a9586a4729fd4.jpg\" \/>\n\t<meta property=\"og:image:width\" content=\"564\" \/>\n\t<meta property=\"og:image:height\" content=\"512\" \/>\n\t<meta property=\"og:image:type\" content=\"image\/jpeg\" \/>\n<meta name=\"author\" content=\"Reda\u00e7\u00e3o\" \/>\n<meta name=\"twitter:card\" content=\"summary_large_image\" \/>\n<meta name=\"twitter:creator\" content=\"@Notibras\" \/>\n<meta name=\"twitter:site\" content=\"@Notibras\" \/>\n<meta name=\"twitter:label1\" content=\"Escrito por\" \/>\n\t<meta name=\"twitter:data1\" content=\"Reda\u00e7\u00e3o\" \/>\n\t<meta name=\"twitter:label2\" content=\"Est. tempo de leitura\" \/>\n\t<meta name=\"twitter:data2\" content=\"2 minutos\" \/>\n<script type=\"application\/ld+json\" class=\"yoast-schema-graph\">{\"@context\":\"https:\/\/schema.org\",\"@graph\":[{\"@type\":\"Article\",\"@id\":\"https:\/\/www.notibras.com\/site\/saudades-da-prainha-reaproxima-pai-e-filha\/#article\",\"isPartOf\":{\"@id\":\"https:\/\/www.notibras.com\/site\/saudades-da-prainha-reaproxima-pai-e-filha\/\"},\"author\":{\"name\":\"Reda\u00e7\u00e3o\",\"@id\":\"https:\/\/www.notibras.com\/site\/#\/schema\/person\/36ab0979449956132d3e5b517ea76ac8\"},\"headline\":\"Saudade da Prainha reaproxima o pai e a filha\",\"datePublished\":\"2023-01-19T03:00:12+00:00\",\"dateModified\":\"2023-01-19T07:15:33+00:00\",\"mainEntityOfPage\":{\"@id\":\"https:\/\/www.notibras.com\/site\/saudades-da-prainha-reaproxima-pai-e-filha\/\"},\"wordCount\":351,\"publisher\":{\"@id\":\"https:\/\/www.notibras.com\/site\/#organization\"},\"image\":{\"@id\":\"https:\/\/www.notibras.com\/site\/saudades-da-prainha-reaproxima-pai-e-filha\/#primaryimage\"},\"thumbnailUrl\":\"https:\/\/www.notibras.com\/site\/wp-content\/uploads\/2023\/01\/b842cbcf2a46e1c6146a9586a4729fd4.jpg\",\"articleSection\":[\"Quadradinho em Foco\"],\"inLanguage\":\"pt-BR\"},{\"@type\":\"WebPage\",\"@id\":\"https:\/\/www.notibras.com\/site\/saudades-da-prainha-reaproxima-pai-e-filha\/\",\"url\":\"https:\/\/www.notibras.com\/site\/saudades-da-prainha-reaproxima-pai-e-filha\/\",\"name\":\"Saudade da Prainha reaproxima o pai e a filha - Notibras\",\"isPartOf\":{\"@id\":\"https:\/\/www.notibras.com\/site\/#website\"},\"primaryImageOfPage\":{\"@id\":\"https:\/\/www.notibras.com\/site\/saudades-da-prainha-reaproxima-pai-e-filha\/#primaryimage\"},\"image\":{\"@id\":\"https:\/\/www.notibras.com\/site\/saudades-da-prainha-reaproxima-pai-e-filha\/#primaryimage\"},\"thumbnailUrl\":\"https:\/\/www.notibras.com\/site\/wp-content\/uploads\/2023\/01\/b842cbcf2a46e1c6146a9586a4729fd4.jpg\",\"datePublished\":\"2023-01-19T03:00:12+00:00\",\"dateModified\":\"2023-01-19T07:15:33+00:00\",\"breadcrumb\":{\"@id\":\"https:\/\/www.notibras.com\/site\/saudades-da-prainha-reaproxima-pai-e-filha\/#breadcrumb\"},\"inLanguage\":\"pt-BR\",\"potentialAction\":[{\"@type\":\"ReadAction\",\"target\":[\"https:\/\/www.notibras.com\/site\/saudades-da-prainha-reaproxima-pai-e-filha\/\"]}]},{\"@type\":\"ImageObject\",\"inLanguage\":\"pt-BR\",\"@id\":\"https:\/\/www.notibras.com\/site\/saudades-da-prainha-reaproxima-pai-e-filha\/#primaryimage\",\"url\":\"https:\/\/www.notibras.com\/site\/wp-content\/uploads\/2023\/01\/b842cbcf2a46e1c6146a9586a4729fd4.jpg\",\"contentUrl\":\"https:\/\/www.notibras.com\/site\/wp-content\/uploads\/2023\/01\/b842cbcf2a46e1c6146a9586a4729fd4.jpg\",\"width\":564,\"height\":512},{\"@type\":\"BreadcrumbList\",\"@id\":\"https:\/\/www.notibras.com\/site\/saudades-da-prainha-reaproxima-pai-e-filha\/#breadcrumb\",\"itemListElement\":[{\"@type\":\"ListItem\",\"position\":1,\"name\":\"In\u00edcio\",\"item\":\"https:\/\/www.notibras.com\/site\/\"},{\"@type\":\"ListItem\",\"position\":2,\"name\":\"Saudade da Prainha reaproxima o pai e a filha\"}]},{\"@type\":\"WebSite\",\"@id\":\"https:\/\/www.notibras.com\/site\/#website\",\"url\":\"https:\/\/www.notibras.com\/site\/\",\"name\":\"Notibras\",\"description\":\"Not\u00edcias de Bras\u00edlia, do Brasil e do Mundo\",\"publisher\":{\"@id\":\"https:\/\/www.notibras.com\/site\/#organization\"},\"potentialAction\":[{\"@type\":\"SearchAction\",\"target\":{\"@type\":\"EntryPoint\",\"urlTemplate\":\"https:\/\/www.notibras.com\/site\/?s={search_term_string}\"},\"query-input\":{\"@type\":\"PropertyValueSpecification\",\"valueRequired\":true,\"valueName\":\"search_term_string\"}}],\"inLanguage\":\"pt-BR\"},{\"@type\":\"Organization\",\"@id\":\"https:\/\/www.notibras.com\/site\/#organization\",\"name\":\"Grupo Notibras de Comunica\u00e7\u00e3o\",\"url\":\"https:\/\/www.notibras.com\/site\/\",\"logo\":{\"@type\":\"ImageObject\",\"inLanguage\":\"pt-BR\",\"@id\":\"https:\/\/www.notibras.com\/site\/#\/schema\/logo\/image\/\",\"url\":\"https:\/\/www.notibras.com\/site\/wp-content\/uploads\/2023\/01\/notibras23.png\",\"contentUrl\":\"https:\/\/www.notibras.com\/site\/wp-content\/uploads\/2023\/01\/notibras23.png\",\"width\":350,\"height\":87,\"caption\":\"Grupo Notibras de Comunica\u00e7\u00e3o\"},\"image\":{\"@id\":\"https:\/\/www.notibras.com\/site\/#\/schema\/logo\/image\/\"},\"sameAs\":[\"https:\/\/www.facebook.com\/notibras\/\",\"https:\/\/x.com\/Notibras\",\"https:\/\/www.instagram.com\/notibras\/\"]},{\"@type\":\"Person\",\"@id\":\"https:\/\/www.notibras.com\/site\/#\/schema\/person\/36ab0979449956132d3e5b517ea76ac8\",\"name\":\"Reda\u00e7\u00e3o\",\"image\":{\"@type\":\"ImageObject\",\"inLanguage\":\"pt-BR\",\"@id\":\"https:\/\/secure.gravatar.com\/avatar\/e0a867bdedb85fd243eadf09663511f96fc81e0720a4a42581f334ad4303aa6b?s=96&d=mm&r=g\",\"url\":\"https:\/\/secure.gravatar.com\/avatar\/e0a867bdedb85fd243eadf09663511f96fc81e0720a4a42581f334ad4303aa6b?s=96&d=mm&r=g\",\"contentUrl\":\"https:\/\/secure.gravatar.com\/avatar\/e0a867bdedb85fd243eadf09663511f96fc81e0720a4a42581f334ad4303aa6b?s=96&d=mm&r=g\",\"caption\":\"Reda\u00e7\u00e3o\"}}]}<\/script>\n<!-- \/ Yoast SEO plugin. -->","yoast_head_json":{"title":"Saudade da Prainha reaproxima o pai e a filha - Notibras","robots":{"index":"index","follow":"follow","max-snippet":"max-snippet:-1","max-image-preview":"max-image-preview:large","max-video-preview":"max-video-preview:-1"},"canonical":"https:\/\/www.notibras.com\/site\/saudades-da-prainha-reaproxima-pai-e-filha\/","og_locale":"pt_BR","og_type":"article","og_title":"Saudade da Prainha reaproxima o pai e a filha - Notibras","og_description":"A filha e o pai, apesar de morarem no mesmo apartamento, j\u00e1 n\u00e3o se viam h\u00e1 dias. N\u00e3o que eles tivessem brigado, mas simplesmente os hor\u00e1rios n\u00e3o eram compat\u00edveis com encontros rotineiros. Ela, sempre ocupada com as coisas do trabalho, tentava resolver tudo pelo aparelho celular ou, no m\u00e1ximo, pelo computador, que parecia sempre ligado. [&hellip;]","og_url":"https:\/\/www.notibras.com\/site\/saudades-da-prainha-reaproxima-pai-e-filha\/","og_site_name":"Notibras","article_publisher":"https:\/\/www.facebook.com\/notibras\/","article_published_time":"2023-01-19T03:00:12+00:00","article_modified_time":"2023-01-19T07:15:33+00:00","og_image":[{"width":564,"height":512,"url":"https:\/\/www.notibras.com\/site\/wp-content\/uploads\/2023\/01\/b842cbcf2a46e1c6146a9586a4729fd4.jpg","type":"image\/jpeg"}],"author":"Reda\u00e7\u00e3o","twitter_card":"summary_large_image","twitter_creator":"@Notibras","twitter_site":"@Notibras","twitter_misc":{"Escrito por":"Reda\u00e7\u00e3o","Est. tempo de leitura":"2 minutos"},"schema":{"@context":"https:\/\/schema.org","@graph":[{"@type":"Article","@id":"https:\/\/www.notibras.com\/site\/saudades-da-prainha-reaproxima-pai-e-filha\/#article","isPartOf":{"@id":"https:\/\/www.notibras.com\/site\/saudades-da-prainha-reaproxima-pai-e-filha\/"},"author":{"name":"Reda\u00e7\u00e3o","@id":"https:\/\/www.notibras.com\/site\/#\/schema\/person\/36ab0979449956132d3e5b517ea76ac8"},"headline":"Saudade da Prainha reaproxima o pai e a filha","datePublished":"2023-01-19T03:00:12+00:00","dateModified":"2023-01-19T07:15:33+00:00","mainEntityOfPage":{"@id":"https:\/\/www.notibras.com\/site\/saudades-da-prainha-reaproxima-pai-e-filha\/"},"wordCount":351,"publisher":{"@id":"https:\/\/www.notibras.com\/site\/#organization"},"image":{"@id":"https:\/\/www.notibras.com\/site\/saudades-da-prainha-reaproxima-pai-e-filha\/#primaryimage"},"thumbnailUrl":"https:\/\/www.notibras.com\/site\/wp-content\/uploads\/2023\/01\/b842cbcf2a46e1c6146a9586a4729fd4.jpg","articleSection":["Quadradinho em Foco"],"inLanguage":"pt-BR"},{"@type":"WebPage","@id":"https:\/\/www.notibras.com\/site\/saudades-da-prainha-reaproxima-pai-e-filha\/","url":"https:\/\/www.notibras.com\/site\/saudades-da-prainha-reaproxima-pai-e-filha\/","name":"Saudade da Prainha reaproxima o pai e a filha - Notibras","isPartOf":{"@id":"https:\/\/www.notibras.com\/site\/#website"},"primaryImageOfPage":{"@id":"https:\/\/www.notibras.com\/site\/saudades-da-prainha-reaproxima-pai-e-filha\/#primaryimage"},"image":{"@id":"https:\/\/www.notibras.com\/site\/saudades-da-prainha-reaproxima-pai-e-filha\/#primaryimage"},"thumbnailUrl":"https:\/\/www.notibras.com\/site\/wp-content\/uploads\/2023\/01\/b842cbcf2a46e1c6146a9586a4729fd4.jpg","datePublished":"2023-01-19T03:00:12+00:00","dateModified":"2023-01-19T07:15:33+00:00","breadcrumb":{"@id":"https:\/\/www.notibras.com\/site\/saudades-da-prainha-reaproxima-pai-e-filha\/#breadcrumb"},"inLanguage":"pt-BR","potentialAction":[{"@type":"ReadAction","target":["https:\/\/www.notibras.com\/site\/saudades-da-prainha-reaproxima-pai-e-filha\/"]}]},{"@type":"ImageObject","inLanguage":"pt-BR","@id":"https:\/\/www.notibras.com\/site\/saudades-da-prainha-reaproxima-pai-e-filha\/#primaryimage","url":"https:\/\/www.notibras.com\/site\/wp-content\/uploads\/2023\/01\/b842cbcf2a46e1c6146a9586a4729fd4.jpg","contentUrl":"https:\/\/www.notibras.com\/site\/wp-content\/uploads\/2023\/01\/b842cbcf2a46e1c6146a9586a4729fd4.jpg","width":564,"height":512},{"@type":"BreadcrumbList","@id":"https:\/\/www.notibras.com\/site\/saudades-da-prainha-reaproxima-pai-e-filha\/#breadcrumb","itemListElement":[{"@type":"ListItem","position":1,"name":"In\u00edcio","item":"https:\/\/www.notibras.com\/site\/"},{"@type":"ListItem","position":2,"name":"Saudade da Prainha reaproxima o pai e a filha"}]},{"@type":"WebSite","@id":"https:\/\/www.notibras.com\/site\/#website","url":"https:\/\/www.notibras.com\/site\/","name":"Notibras","description":"Not\u00edcias de Bras\u00edlia, do Brasil e do Mundo","publisher":{"@id":"https:\/\/www.notibras.com\/site\/#organization"},"potentialAction":[{"@type":"SearchAction","target":{"@type":"EntryPoint","urlTemplate":"https:\/\/www.notibras.com\/site\/?s={search_term_string}"},"query-input":{"@type":"PropertyValueSpecification","valueRequired":true,"valueName":"search_term_string"}}],"inLanguage":"pt-BR"},{"@type":"Organization","@id":"https:\/\/www.notibras.com\/site\/#organization","name":"Grupo Notibras de Comunica\u00e7\u00e3o","url":"https:\/\/www.notibras.com\/site\/","logo":{"@type":"ImageObject","inLanguage":"pt-BR","@id":"https:\/\/www.notibras.com\/site\/#\/schema\/logo\/image\/","url":"https:\/\/www.notibras.com\/site\/wp-content\/uploads\/2023\/01\/notibras23.png","contentUrl":"https:\/\/www.notibras.com\/site\/wp-content\/uploads\/2023\/01\/notibras23.png","width":350,"height":87,"caption":"Grupo Notibras de Comunica\u00e7\u00e3o"},"image":{"@id":"https:\/\/www.notibras.com\/site\/#\/schema\/logo\/image\/"},"sameAs":["https:\/\/www.facebook.com\/notibras\/","https:\/\/x.com\/Notibras","https:\/\/www.instagram.com\/notibras\/"]},{"@type":"Person","@id":"https:\/\/www.notibras.com\/site\/#\/schema\/person\/36ab0979449956132d3e5b517ea76ac8","name":"Reda\u00e7\u00e3o","image":{"@type":"ImageObject","inLanguage":"pt-BR","@id":"https:\/\/secure.gravatar.com\/avatar\/e0a867bdedb85fd243eadf09663511f96fc81e0720a4a42581f334ad4303aa6b?s=96&d=mm&r=g","url":"https:\/\/secure.gravatar.com\/avatar\/e0a867bdedb85fd243eadf09663511f96fc81e0720a4a42581f334ad4303aa6b?s=96&d=mm&r=g","contentUrl":"https:\/\/secure.gravatar.com\/avatar\/e0a867bdedb85fd243eadf09663511f96fc81e0720a4a42581f334ad4303aa6b?s=96&d=mm&r=g","caption":"Reda\u00e7\u00e3o"}}]}},"amp_enabled":true,"_links":{"self":[{"href":"https:\/\/www.notibras.com\/site\/wp-json\/wp\/v2\/posts\/297963","targetHints":{"allow":["GET"]}}],"collection":[{"href":"https:\/\/www.notibras.com\/site\/wp-json\/wp\/v2\/posts"}],"about":[{"href":"https:\/\/www.notibras.com\/site\/wp-json\/wp\/v2\/types\/post"}],"author":[{"embeddable":true,"href":"https:\/\/www.notibras.com\/site\/wp-json\/wp\/v2\/users\/2"}],"replies":[{"embeddable":true,"href":"https:\/\/www.notibras.com\/site\/wp-json\/wp\/v2\/comments?post=297963"}],"version-history":[{"count":2,"href":"https:\/\/www.notibras.com\/site\/wp-json\/wp\/v2\/posts\/297963\/revisions"}],"predecessor-version":[{"id":297966,"href":"https:\/\/www.notibras.com\/site\/wp-json\/wp\/v2\/posts\/297963\/revisions\/297966"}],"wp:featuredmedia":[{"embeddable":true,"href":"https:\/\/www.notibras.com\/site\/wp-json\/wp\/v2\/media\/297964"}],"wp:attachment":[{"href":"https:\/\/www.notibras.com\/site\/wp-json\/wp\/v2\/media?parent=297963"}],"wp:term":[{"taxonomy":"category","embeddable":true,"href":"https:\/\/www.notibras.com\/site\/wp-json\/wp\/v2\/categories?post=297963"},{"taxonomy":"post_tag","embeddable":true,"href":"https:\/\/www.notibras.com\/site\/wp-json\/wp\/v2\/tags?post=297963"}],"curies":[{"name":"wp","href":"https:\/\/api.w.org\/{rel}","templated":true}]}}