{"id":297967,"date":"2023-01-19T00:18:00","date_gmt":"2023-01-19T03:18:00","guid":{"rendered":"https:\/\/www.notibras.com\/site\/?p=297967"},"modified":"2023-01-19T04:21:20","modified_gmt":"2023-01-19T07:21:20","slug":"pais-esquecidinhos-deixam-filhos-sem-vacinar","status":"publish","type":"post","link":"https:\/\/www.notibras.com\/site\/pais-esquecidinhos-deixam-filhos-sem-vacinar\/","title":{"rendered":"Pais esquecidinhos deixam filhos sem vacinar"},"content":{"rendered":"<p>Equipes das unidades b\u00e1sicas de sa\u00fade do Distrito Federal (DF) iniciaram nesta semana um trabalho de busca ativa pelas fam\u00edlias de crian\u00e7as que receberam a primeira dose do imunizante Pfizer Baby contra a covid-19, mas ainda n\u00e3o retornaram para a segunda dose. A vacina \u00e9 aplicada em beb\u00eas a partir de 6 meses e crian\u00e7as de 3 anos de idade. At\u00e9 o momento, cerca de 600 crian\u00e7as desta faixa et\u00e1ria est\u00e3o com atraso no esquema vacinal.<\/p>\n<p>Ao todo, mais de 2,7 mil iniciaram a vacina\u00e7\u00e3o, mas apenas 440 receberam a segunda dose, informou a Secretaria de Sa\u00fade. No fim de janeiro, deve ser iniciada a aplica\u00e7\u00e3o da segunda dose da vacina em crian\u00e7as sem comorbidades, que j\u00e1 poderiam se vacinar desde 28 de dezembro.<\/p>\n<p>Com base nos dados de registro disponibilizados, cada unidade b\u00e1sica de sa\u00fade mobiliza suas equipes para tentar identificar as \u00e1reas onde vivem crian\u00e7as que est\u00e3o com a vacina\u00e7\u00e3o em atraso.<\/p>\n<p>O esquema vacinal da Pfizer Baby \u00e9 composto por tr\u00eas doses, com intervalo de quatro semanas entre as duas primeiras e de oito semanas entre a segunda e a terceira.<\/p>\n<p>A orienta\u00e7\u00e3o da pasta \u00e9 que as fam\u00edlias fiquem atentas ao cart\u00e3o de vacina das crian\u00e7as para n\u00e3o perder os prazos. Atualmente, 12 unidades b\u00e1sicas de sa\u00fade oferecem a segunda dose do imunizante Pfizer Baby. \u00c9 necess\u00e1rio levar cart\u00e3o de vacina e documento de identifica\u00e7\u00e3o da crian\u00e7a. A lista completa com os endere\u00e7os e hor\u00e1rios de funcionamento est\u00e1 dispon\u00edvel no site da Secretaria de Sa\u00fade.<\/p>\n<p>O Distrito Federal tamb\u00e9m iniciou, nesta semana, a distribui\u00e7\u00e3o de 6.740 imunizantes da CoronaVac que ser\u00e3o usados como segunda dose para o p\u00fablico infantil.<\/p>\n","protected":false},"excerpt":{"rendered":"<p>Equipes das unidades b\u00e1sicas de sa\u00fade do Distrito Federal (DF) iniciaram nesta semana um trabalho de busca ativa pelas fam\u00edlias de crian\u00e7as que receberam a primeira dose do imunizante Pfizer Baby contra a covid-19, mas ainda n\u00e3o retornaram para a segunda dose. A vacina \u00e9 aplicada em beb\u00eas a partir de 6 meses e crian\u00e7as [&hellip;]<\/p>\n","protected":false},"author":2,"featured_media":297968,"comment_status":"closed","ping_status":"closed","sticky":false,"template":"","format":"standard","meta":{"_acf_changed":false,"footnotes":""},"categories":[161],"tags":[],"class_list":["post-297967","post","type-post","status-publish","format-standard","has-post-thumbnail","hentry","category-quadradinho-em-foco"],"acf":[],"yoast_head":"<!-- This site is optimized with the Yoast SEO plugin v27.2 - https:\/\/yoast.com\/product\/yoast-seo-wordpress\/ -->\n<title>Pais esquecidinhos deixam filhos sem vacinar - Notibras<\/title>\n<meta name=\"robots\" content=\"index, follow, max-snippet:-1, max-image-preview:large, max-video-preview:-1\" \/>\n<link rel=\"canonical\" href=\"https:\/\/www.notibras.com\/site\/pais-esquecidinhos-deixam-filhos-sem-vacinar\/\" \/>\n<meta property=\"og:locale\" content=\"pt_BR\" \/>\n<meta property=\"og:type\" content=\"article\" \/>\n<meta property=\"og:title\" content=\"Pais esquecidinhos deixam filhos sem vacinar - Notibras\" \/>\n<meta property=\"og:description\" content=\"Equipes das unidades b\u00e1sicas de sa\u00fade do Distrito Federal (DF) iniciaram nesta semana um trabalho de busca ativa pelas fam\u00edlias de crian\u00e7as que receberam a primeira dose do imunizante Pfizer Baby contra a covid-19, mas ainda n\u00e3o retornaram para a segunda dose. A vacina \u00e9 aplicada em beb\u00eas a partir de 6 meses e crian\u00e7as [&hellip;]\" \/>\n<meta property=\"og:url\" content=\"https:\/\/www.notibras.com\/site\/pais-esquecidinhos-deixam-filhos-sem-vacinar\/\" \/>\n<meta property=\"og:site_name\" content=\"Notibras\" \/>\n<meta property=\"article:publisher\" content=\"https:\/\/www.facebook.com\/notibras\/\" \/>\n<meta property=\"article:published_time\" content=\"2023-01-19T03:18:00+00:00\" \/>\n<meta property=\"article:modified_time\" content=\"2023-01-19T07:21:20+00:00\" \/>\n<meta property=\"og:image\" content=\"https:\/\/www.notibras.com\/site\/wp-content\/uploads\/2023\/01\/pzzb5154.jpg\" \/>\n\t<meta property=\"og:image:width\" content=\"1170\" \/>\n\t<meta property=\"og:image:height\" content=\"700\" \/>\n\t<meta property=\"og:image:type\" content=\"image\/jpeg\" \/>\n<meta name=\"author\" content=\"Reda\u00e7\u00e3o\" \/>\n<meta name=\"twitter:card\" content=\"summary_large_image\" \/>\n<meta name=\"twitter:creator\" content=\"@Notibras\" \/>\n<meta name=\"twitter:site\" content=\"@Notibras\" \/>\n<meta name=\"twitter:label1\" content=\"Escrito por\" \/>\n\t<meta name=\"twitter:data1\" content=\"Reda\u00e7\u00e3o\" \/>\n\t<meta name=\"twitter:label2\" content=\"Est. tempo de leitura\" \/>\n\t<meta name=\"twitter:data2\" content=\"2 minutos\" \/>\n<script type=\"application\/ld+json\" class=\"yoast-schema-graph\">{\"@context\":\"https:\/\/schema.org\",\"@graph\":[{\"@type\":\"Article\",\"@id\":\"https:\/\/www.notibras.com\/site\/pais-esquecidinhos-deixam-filhos-sem-vacinar\/#article\",\"isPartOf\":{\"@id\":\"https:\/\/www.notibras.com\/site\/pais-esquecidinhos-deixam-filhos-sem-vacinar\/\"},\"author\":{\"name\":\"Reda\u00e7\u00e3o\",\"@id\":\"https:\/\/www.notibras.com\/site\/#\/schema\/person\/36ab0979449956132d3e5b517ea76ac8\"},\"headline\":\"Pais esquecidinhos deixam filhos sem vacinar\",\"datePublished\":\"2023-01-19T03:18:00+00:00\",\"dateModified\":\"2023-01-19T07:21:20+00:00\",\"mainEntityOfPage\":{\"@id\":\"https:\/\/www.notibras.com\/site\/pais-esquecidinhos-deixam-filhos-sem-vacinar\/\"},\"wordCount\":306,\"publisher\":{\"@id\":\"https:\/\/www.notibras.com\/site\/#organization\"},\"image\":{\"@id\":\"https:\/\/www.notibras.com\/site\/pais-esquecidinhos-deixam-filhos-sem-vacinar\/#primaryimage\"},\"thumbnailUrl\":\"https:\/\/www.notibras.com\/site\/wp-content\/uploads\/2023\/01\/pzzb5154.jpg\",\"articleSection\":[\"Quadradinho em Foco\"],\"inLanguage\":\"pt-BR\"},{\"@type\":\"WebPage\",\"@id\":\"https:\/\/www.notibras.com\/site\/pais-esquecidinhos-deixam-filhos-sem-vacinar\/\",\"url\":\"https:\/\/www.notibras.com\/site\/pais-esquecidinhos-deixam-filhos-sem-vacinar\/\",\"name\":\"Pais esquecidinhos deixam filhos sem vacinar - Notibras\",\"isPartOf\":{\"@id\":\"https:\/\/www.notibras.com\/site\/#website\"},\"primaryImageOfPage\":{\"@id\":\"https:\/\/www.notibras.com\/site\/pais-esquecidinhos-deixam-filhos-sem-vacinar\/#primaryimage\"},\"image\":{\"@id\":\"https:\/\/www.notibras.com\/site\/pais-esquecidinhos-deixam-filhos-sem-vacinar\/#primaryimage\"},\"thumbnailUrl\":\"https:\/\/www.notibras.com\/site\/wp-content\/uploads\/2023\/01\/pzzb5154.jpg\",\"datePublished\":\"2023-01-19T03:18:00+00:00\",\"dateModified\":\"2023-01-19T07:21:20+00:00\",\"breadcrumb\":{\"@id\":\"https:\/\/www.notibras.com\/site\/pais-esquecidinhos-deixam-filhos-sem-vacinar\/#breadcrumb\"},\"inLanguage\":\"pt-BR\",\"potentialAction\":[{\"@type\":\"ReadAction\",\"target\":[\"https:\/\/www.notibras.com\/site\/pais-esquecidinhos-deixam-filhos-sem-vacinar\/\"]}]},{\"@type\":\"ImageObject\",\"inLanguage\":\"pt-BR\",\"@id\":\"https:\/\/www.notibras.com\/site\/pais-esquecidinhos-deixam-filhos-sem-vacinar\/#primaryimage\",\"url\":\"https:\/\/www.notibras.com\/site\/wp-content\/uploads\/2023\/01\/pzzb5154.jpg\",\"contentUrl\":\"https:\/\/www.notibras.com\/site\/wp-content\/uploads\/2023\/01\/pzzb5154.jpg\",\"width\":1170,\"height\":700,\"caption\":\"No intuito de ampliar a cobertura vacinal, o Jardim Zool\u00f3gico de Bras\u00edlia e a Secretaria de Sa\u00fade do Distrito Federal promovem neste imuniza\u00e7\u00e3o de crian\u00e7as e adultos que forem visitar o local\"},{\"@type\":\"BreadcrumbList\",\"@id\":\"https:\/\/www.notibras.com\/site\/pais-esquecidinhos-deixam-filhos-sem-vacinar\/#breadcrumb\",\"itemListElement\":[{\"@type\":\"ListItem\",\"position\":1,\"name\":\"In\u00edcio\",\"item\":\"https:\/\/www.notibras.com\/site\/\"},{\"@type\":\"ListItem\",\"position\":2,\"name\":\"Pais esquecidinhos deixam filhos sem vacinar\"}]},{\"@type\":\"WebSite\",\"@id\":\"https:\/\/www.notibras.com\/site\/#website\",\"url\":\"https:\/\/www.notibras.com\/site\/\",\"name\":\"Notibras\",\"description\":\"Not\u00edcias de Bras\u00edlia, do Brasil e do Mundo\",\"publisher\":{\"@id\":\"https:\/\/www.notibras.com\/site\/#organization\"},\"potentialAction\":[{\"@type\":\"SearchAction\",\"target\":{\"@type\":\"EntryPoint\",\"urlTemplate\":\"https:\/\/www.notibras.com\/site\/?s={search_term_string}\"},\"query-input\":{\"@type\":\"PropertyValueSpecification\",\"valueRequired\":true,\"valueName\":\"search_term_string\"}}],\"inLanguage\":\"pt-BR\"},{\"@type\":\"Organization\",\"@id\":\"https:\/\/www.notibras.com\/site\/#organization\",\"name\":\"Grupo Notibras de Comunica\u00e7\u00e3o\",\"url\":\"https:\/\/www.notibras.com\/site\/\",\"logo\":{\"@type\":\"ImageObject\",\"inLanguage\":\"pt-BR\",\"@id\":\"https:\/\/www.notibras.com\/site\/#\/schema\/logo\/image\/\",\"url\":\"https:\/\/www.notibras.com\/site\/wp-content\/uploads\/2023\/01\/notibras23.png\",\"contentUrl\":\"https:\/\/www.notibras.com\/site\/wp-content\/uploads\/2023\/01\/notibras23.png\",\"width\":350,\"height\":87,\"caption\":\"Grupo Notibras de Comunica\u00e7\u00e3o\"},\"image\":{\"@id\":\"https:\/\/www.notibras.com\/site\/#\/schema\/logo\/image\/\"},\"sameAs\":[\"https:\/\/www.facebook.com\/notibras\/\",\"https:\/\/x.com\/Notibras\",\"https:\/\/www.instagram.com\/notibras\/\"]},{\"@type\":\"Person\",\"@id\":\"https:\/\/www.notibras.com\/site\/#\/schema\/person\/36ab0979449956132d3e5b517ea76ac8\",\"name\":\"Reda\u00e7\u00e3o\",\"image\":{\"@type\":\"ImageObject\",\"inLanguage\":\"pt-BR\",\"@id\":\"https:\/\/secure.gravatar.com\/avatar\/e0a867bdedb85fd243eadf09663511f96fc81e0720a4a42581f334ad4303aa6b?s=96&d=mm&r=g\",\"url\":\"https:\/\/secure.gravatar.com\/avatar\/e0a867bdedb85fd243eadf09663511f96fc81e0720a4a42581f334ad4303aa6b?s=96&d=mm&r=g\",\"contentUrl\":\"https:\/\/secure.gravatar.com\/avatar\/e0a867bdedb85fd243eadf09663511f96fc81e0720a4a42581f334ad4303aa6b?s=96&d=mm&r=g\",\"caption\":\"Reda\u00e7\u00e3o\"}}]}<\/script>\n<!-- \/ Yoast SEO plugin. -->","yoast_head_json":{"title":"Pais esquecidinhos deixam filhos sem vacinar - Notibras","robots":{"index":"index","follow":"follow","max-snippet":"max-snippet:-1","max-image-preview":"max-image-preview:large","max-video-preview":"max-video-preview:-1"},"canonical":"https:\/\/www.notibras.com\/site\/pais-esquecidinhos-deixam-filhos-sem-vacinar\/","og_locale":"pt_BR","og_type":"article","og_title":"Pais esquecidinhos deixam filhos sem vacinar - Notibras","og_description":"Equipes das unidades b\u00e1sicas de sa\u00fade do Distrito Federal (DF) iniciaram nesta semana um trabalho de busca ativa pelas fam\u00edlias de crian\u00e7as que receberam a primeira dose do imunizante Pfizer Baby contra a covid-19, mas ainda n\u00e3o retornaram para a segunda dose. A vacina \u00e9 aplicada em beb\u00eas a partir de 6 meses e crian\u00e7as [&hellip;]","og_url":"https:\/\/www.notibras.com\/site\/pais-esquecidinhos-deixam-filhos-sem-vacinar\/","og_site_name":"Notibras","article_publisher":"https:\/\/www.facebook.com\/notibras\/","article_published_time":"2023-01-19T03:18:00+00:00","article_modified_time":"2023-01-19T07:21:20+00:00","og_image":[{"width":1170,"height":700,"url":"https:\/\/www.notibras.com\/site\/wp-content\/uploads\/2023\/01\/pzzb5154.jpg","type":"image\/jpeg"}],"author":"Reda\u00e7\u00e3o","twitter_card":"summary_large_image","twitter_creator":"@Notibras","twitter_site":"@Notibras","twitter_misc":{"Escrito por":"Reda\u00e7\u00e3o","Est. tempo de leitura":"2 minutos"},"schema":{"@context":"https:\/\/schema.org","@graph":[{"@type":"Article","@id":"https:\/\/www.notibras.com\/site\/pais-esquecidinhos-deixam-filhos-sem-vacinar\/#article","isPartOf":{"@id":"https:\/\/www.notibras.com\/site\/pais-esquecidinhos-deixam-filhos-sem-vacinar\/"},"author":{"name":"Reda\u00e7\u00e3o","@id":"https:\/\/www.notibras.com\/site\/#\/schema\/person\/36ab0979449956132d3e5b517ea76ac8"},"headline":"Pais esquecidinhos deixam filhos sem vacinar","datePublished":"2023-01-19T03:18:00+00:00","dateModified":"2023-01-19T07:21:20+00:00","mainEntityOfPage":{"@id":"https:\/\/www.notibras.com\/site\/pais-esquecidinhos-deixam-filhos-sem-vacinar\/"},"wordCount":306,"publisher":{"@id":"https:\/\/www.notibras.com\/site\/#organization"},"image":{"@id":"https:\/\/www.notibras.com\/site\/pais-esquecidinhos-deixam-filhos-sem-vacinar\/#primaryimage"},"thumbnailUrl":"https:\/\/www.notibras.com\/site\/wp-content\/uploads\/2023\/01\/pzzb5154.jpg","articleSection":["Quadradinho em Foco"],"inLanguage":"pt-BR"},{"@type":"WebPage","@id":"https:\/\/www.notibras.com\/site\/pais-esquecidinhos-deixam-filhos-sem-vacinar\/","url":"https:\/\/www.notibras.com\/site\/pais-esquecidinhos-deixam-filhos-sem-vacinar\/","name":"Pais esquecidinhos deixam filhos sem vacinar - Notibras","isPartOf":{"@id":"https:\/\/www.notibras.com\/site\/#website"},"primaryImageOfPage":{"@id":"https:\/\/www.notibras.com\/site\/pais-esquecidinhos-deixam-filhos-sem-vacinar\/#primaryimage"},"image":{"@id":"https:\/\/www.notibras.com\/site\/pais-esquecidinhos-deixam-filhos-sem-vacinar\/#primaryimage"},"thumbnailUrl":"https:\/\/www.notibras.com\/site\/wp-content\/uploads\/2023\/01\/pzzb5154.jpg","datePublished":"2023-01-19T03:18:00+00:00","dateModified":"2023-01-19T07:21:20+00:00","breadcrumb":{"@id":"https:\/\/www.notibras.com\/site\/pais-esquecidinhos-deixam-filhos-sem-vacinar\/#breadcrumb"},"inLanguage":"pt-BR","potentialAction":[{"@type":"ReadAction","target":["https:\/\/www.notibras.com\/site\/pais-esquecidinhos-deixam-filhos-sem-vacinar\/"]}]},{"@type":"ImageObject","inLanguage":"pt-BR","@id":"https:\/\/www.notibras.com\/site\/pais-esquecidinhos-deixam-filhos-sem-vacinar\/#primaryimage","url":"https:\/\/www.notibras.com\/site\/wp-content\/uploads\/2023\/01\/pzzb5154.jpg","contentUrl":"https:\/\/www.notibras.com\/site\/wp-content\/uploads\/2023\/01\/pzzb5154.jpg","width":1170,"height":700,"caption":"No intuito de ampliar a cobertura vacinal, o Jardim Zool\u00f3gico de Bras\u00edlia e a Secretaria de Sa\u00fade do Distrito Federal promovem neste imuniza\u00e7\u00e3o de crian\u00e7as e adultos que forem visitar o local"},{"@type":"BreadcrumbList","@id":"https:\/\/www.notibras.com\/site\/pais-esquecidinhos-deixam-filhos-sem-vacinar\/#breadcrumb","itemListElement":[{"@type":"ListItem","position":1,"name":"In\u00edcio","item":"https:\/\/www.notibras.com\/site\/"},{"@type":"ListItem","position":2,"name":"Pais esquecidinhos deixam filhos sem vacinar"}]},{"@type":"WebSite","@id":"https:\/\/www.notibras.com\/site\/#website","url":"https:\/\/www.notibras.com\/site\/","name":"Notibras","description":"Not\u00edcias de Bras\u00edlia, do Brasil e do Mundo","publisher":{"@id":"https:\/\/www.notibras.com\/site\/#organization"},"potentialAction":[{"@type":"SearchAction","target":{"@type":"EntryPoint","urlTemplate":"https:\/\/www.notibras.com\/site\/?s={search_term_string}"},"query-input":{"@type":"PropertyValueSpecification","valueRequired":true,"valueName":"search_term_string"}}],"inLanguage":"pt-BR"},{"@type":"Organization","@id":"https:\/\/www.notibras.com\/site\/#organization","name":"Grupo Notibras de Comunica\u00e7\u00e3o","url":"https:\/\/www.notibras.com\/site\/","logo":{"@type":"ImageObject","inLanguage":"pt-BR","@id":"https:\/\/www.notibras.com\/site\/#\/schema\/logo\/image\/","url":"https:\/\/www.notibras.com\/site\/wp-content\/uploads\/2023\/01\/notibras23.png","contentUrl":"https:\/\/www.notibras.com\/site\/wp-content\/uploads\/2023\/01\/notibras23.png","width":350,"height":87,"caption":"Grupo Notibras de Comunica\u00e7\u00e3o"},"image":{"@id":"https:\/\/www.notibras.com\/site\/#\/schema\/logo\/image\/"},"sameAs":["https:\/\/www.facebook.com\/notibras\/","https:\/\/x.com\/Notibras","https:\/\/www.instagram.com\/notibras\/"]},{"@type":"Person","@id":"https:\/\/www.notibras.com\/site\/#\/schema\/person\/36ab0979449956132d3e5b517ea76ac8","name":"Reda\u00e7\u00e3o","image":{"@type":"ImageObject","inLanguage":"pt-BR","@id":"https:\/\/secure.gravatar.com\/avatar\/e0a867bdedb85fd243eadf09663511f96fc81e0720a4a42581f334ad4303aa6b?s=96&d=mm&r=g","url":"https:\/\/secure.gravatar.com\/avatar\/e0a867bdedb85fd243eadf09663511f96fc81e0720a4a42581f334ad4303aa6b?s=96&d=mm&r=g","contentUrl":"https:\/\/secure.gravatar.com\/avatar\/e0a867bdedb85fd243eadf09663511f96fc81e0720a4a42581f334ad4303aa6b?s=96&d=mm&r=g","caption":"Reda\u00e7\u00e3o"}}]}},"amp_enabled":true,"_links":{"self":[{"href":"https:\/\/www.notibras.com\/site\/wp-json\/wp\/v2\/posts\/297967","targetHints":{"allow":["GET"]}}],"collection":[{"href":"https:\/\/www.notibras.com\/site\/wp-json\/wp\/v2\/posts"}],"about":[{"href":"https:\/\/www.notibras.com\/site\/wp-json\/wp\/v2\/types\/post"}],"author":[{"embeddable":true,"href":"https:\/\/www.notibras.com\/site\/wp-json\/wp\/v2\/users\/2"}],"replies":[{"embeddable":true,"href":"https:\/\/www.notibras.com\/site\/wp-json\/wp\/v2\/comments?post=297967"}],"version-history":[{"count":1,"href":"https:\/\/www.notibras.com\/site\/wp-json\/wp\/v2\/posts\/297967\/revisions"}],"predecessor-version":[{"id":297969,"href":"https:\/\/www.notibras.com\/site\/wp-json\/wp\/v2\/posts\/297967\/revisions\/297969"}],"wp:featuredmedia":[{"embeddable":true,"href":"https:\/\/www.notibras.com\/site\/wp-json\/wp\/v2\/media\/297968"}],"wp:attachment":[{"href":"https:\/\/www.notibras.com\/site\/wp-json\/wp\/v2\/media?parent=297967"}],"wp:term":[{"taxonomy":"category","embeddable":true,"href":"https:\/\/www.notibras.com\/site\/wp-json\/wp\/v2\/categories?post=297967"},{"taxonomy":"post_tag","embeddable":true,"href":"https:\/\/www.notibras.com\/site\/wp-json\/wp\/v2\/tags?post=297967"}],"curies":[{"name":"wp","href":"https:\/\/api.w.org\/{rel}","templated":true}]}}