{"id":297970,"date":"2023-01-19T00:02:31","date_gmt":"2023-01-19T03:02:31","guid":{"rendered":"https:\/\/www.notibras.com\/site\/?p=297970"},"modified":"2023-01-19T04:27:57","modified_gmt":"2023-01-19T07:27:57","slug":"feminicidio-e-discutido-em-encontro-de-coletivo-de-mulheres","status":"publish","type":"post","link":"https:\/\/www.notibras.com\/site\/feminicidio-e-discutido-em-encontro-de-coletivo-de-mulheres\/","title":{"rendered":"Feminic\u00eddio \u00e9 discutido em encontro de coletivo de mulheres"},"content":{"rendered":"<p>Formas de enfrentamento ao feminic\u00eddio no Distrito Federal foram discutidas nesta quarta-feira (18). De acordo com dados da Secretaria de Seguran\u00e7a P\u00fablica do DF (SSP-DF), apenas na primeira semana de 2023, foram registrados quatro casos de feminic\u00eddios. O n\u00famero \u00e9 o mesmo registrado durante todo o m\u00eas de janeiro em 2022. Durante todo o ano passado, 17 mulheres foram assassinadas no DF, v\u00edtimas de feminic\u00eddio.<\/p>\n<p>&#8220;Estamos em clima de escuta. Nossa ideia \u00e9 ouvir a perspectiva dessas mulheres que est\u00e3o ocupando espa\u00e7os de poder para essa quest\u00e3o referente ao combate \u00e0 viol\u00eancia contra as mulheres&#8221;, disse a conselheira Nacional de Cultura e militante do Levante Feminista Contra o Feminic\u00eddio &#8211; DF Entorno, Rita Andrade.<\/p>\n<p>Na abertura do encontro promovido pelo coletivo Levante Feminista, foi apresentado um jogral com casos de mulheres assassinadas v\u00edtimas de feminic\u00eddio no Distrito Federal. No primeiro semestre de 2022, o Brasil bateu recorde de feminic\u00eddios, registrando cerca de 700 casos no per\u00edodo. Em 2021, mais de 66 mil mulheres foram v\u00edtimas de estupro; mais de 230 mil brasileiras sofreram agress\u00f5es f\u00edsicas por viol\u00eancia dom\u00e9stica. Os dados est\u00e3o no mais recente Anu\u00e1rio Brasileiro de Seguran\u00e7a P\u00fablica.<\/p>\n<p>Para a advogada popular, Ingrid Martins, \u00e9 necess\u00e1rio haver um \u201crevoga\u00e7o\u201d em rela\u00e7\u00e3o \u00e0s pol\u00edticas p\u00fablicas de g\u00eanero editadas pelo governo do ex-presidente Jair Bolsonaro.<\/p>\n<p>\u201cHouve uma pol\u00edtica estatal nos \u00faltimos quatro anos que era justamente de manuten\u00e7\u00e3o a todo custo desse n\u00facleo familiar, destituindo as mulheres, as crian\u00e7as, os adolescentes, da titularidade de direitos. N\u00e3o \u00e9 exclusivamente no ambiente dom\u00e9stico que a gente sofre viol\u00eancia, mas nesse espa\u00e7o \u00e9 onde primordialmente mulheres e meninas sofrem viol\u00eancias sexuais, de g\u00eanero e feminic\u00eddio&#8221;, disse Ingrid.<\/p>\n<p>A ativista LGBTQIAP+ (L\u00e9sbicas, Gays, Bissexuais, Transexuais\/Transg\u00eaneros\/Travestis, Queer, Intersexual, Assexual, Pansexual), Ludmilla Santiago, falou sobre simbolismos e conceitua\u00e7\u00e3o do valor feminino. Para ela, esse debate mostra que cada vez mais as mulheres est\u00e3o sendo violentadas, marginalizadas e sacrificadas.<\/p>\n<p>&#8220;Os nossos corpos, as nossas viv\u00eancias, as nossas trajet\u00f3rias, nunca foram respeitadas dentro de v\u00e1rias quest\u00f5es e a\u00ed n\u00e3o s\u00f3 dentro desse sistema sexista, patriarcal, racista, mis\u00f3gino. Porque at\u00e9 mesmo dentro do nosso feminismo, se a gente n\u00e3o prestar, sucumbimos por algum discurso que s\u00f3 querem levantar o \u00f3dio, a separa\u00e7\u00e3o, a exclus\u00e3o de um determinado modelo de grupo, de pessoas, dessa constru\u00e7\u00e3o que \u00e9 ser mulher&#8221;, afirmou.<\/p>\n<p>A diretora da Casa da Mulher Brasileira do DF, Rosilene Machado, falou sobre a institui\u00e7\u00e3o, que atua com rede de prote\u00e7\u00e3o e atendimento \u00e0 mulheres em situa\u00e7\u00e3o de viol\u00eancia no Distrito Federal. Para ela, a informa\u00e7\u00e3o, o esclarecimento, \u00e9 capaz de salvar vidas.<\/p>\n<p>&#8220;Eu lido com mulheres que, por uma diversidade de situa\u00e7\u00f5es, pedem para ir embora. Muitas vezes, eu imploro: n\u00e3o vai, preserve a sua vida. Existem outras situa\u00e7\u00f5es tamb\u00e9m em que as mulheres, ao sa\u00edrem, agradecem pela oportunidade de acolhida que deu a elas a oportunidade de permanecerem vivas e caminhando para uma nova din\u00e2mica&#8221;, disse.<\/p>\n","protected":false},"excerpt":{"rendered":"<p>Formas de enfrentamento ao feminic\u00eddio no Distrito Federal foram discutidas nesta quarta-feira (18). De acordo com dados da Secretaria de Seguran\u00e7a P\u00fablica do DF (SSP-DF), apenas na primeira semana de 2023, foram registrados quatro casos de feminic\u00eddios. O n\u00famero \u00e9 o mesmo registrado durante todo o m\u00eas de janeiro em 2022. Durante todo o ano [&hellip;]<\/p>\n","protected":false},"author":2,"featured_media":297971,"comment_status":"closed","ping_status":"closed","sticky":false,"template":"","format":"standard","meta":{"_acf_changed":false,"footnotes":""},"categories":[161],"tags":[],"class_list":["post-297970","post","type-post","status-publish","format-standard","has-post-thumbnail","hentry","category-quadradinho-em-foco"],"acf":[],"yoast_head":"<!-- This site is optimized with the Yoast SEO plugin v27.2 - https:\/\/yoast.com\/product\/yoast-seo-wordpress\/ -->\n<title>Feminic\u00eddio \u00e9 discutido em encontro de coletivo de mulheres - Notibras<\/title>\n<meta name=\"robots\" content=\"index, follow, max-snippet:-1, max-image-preview:large, max-video-preview:-1\" \/>\n<link rel=\"canonical\" href=\"https:\/\/www.notibras.com\/site\/feminicidio-e-discutido-em-encontro-de-coletivo-de-mulheres\/\" \/>\n<meta property=\"og:locale\" content=\"pt_BR\" \/>\n<meta property=\"og:type\" content=\"article\" \/>\n<meta property=\"og:title\" content=\"Feminic\u00eddio \u00e9 discutido em encontro de coletivo de mulheres - Notibras\" \/>\n<meta property=\"og:description\" content=\"Formas de enfrentamento ao feminic\u00eddio no Distrito Federal foram discutidas nesta quarta-feira (18). De acordo com dados da Secretaria de Seguran\u00e7a P\u00fablica do DF (SSP-DF), apenas na primeira semana de 2023, foram registrados quatro casos de feminic\u00eddios. O n\u00famero \u00e9 o mesmo registrado durante todo o m\u00eas de janeiro em 2022. Durante todo o ano [&hellip;]\" \/>\n<meta property=\"og:url\" content=\"https:\/\/www.notibras.com\/site\/feminicidio-e-discutido-em-encontro-de-coletivo-de-mulheres\/\" \/>\n<meta property=\"og:site_name\" content=\"Notibras\" \/>\n<meta property=\"article:publisher\" content=\"https:\/\/www.facebook.com\/notibras\/\" \/>\n<meta property=\"article:published_time\" content=\"2023-01-19T03:02:31+00:00\" \/>\n<meta property=\"article:modified_time\" content=\"2023-01-19T07:27:57+00:00\" \/>\n<meta property=\"og:image\" content=\"https:\/\/www.notibras.com\/site\/wp-content\/uploads\/2023\/01\/violencia_contra_a_mulher.jpeg\" \/>\n\t<meta property=\"og:image:width\" content=\"1170\" \/>\n\t<meta property=\"og:image:height\" content=\"700\" \/>\n\t<meta property=\"og:image:type\" content=\"image\/jpeg\" \/>\n<meta name=\"author\" content=\"Reda\u00e7\u00e3o\" \/>\n<meta name=\"twitter:card\" content=\"summary_large_image\" \/>\n<meta name=\"twitter:creator\" content=\"@Notibras\" \/>\n<meta name=\"twitter:site\" content=\"@Notibras\" \/>\n<meta name=\"twitter:label1\" content=\"Escrito por\" \/>\n\t<meta name=\"twitter:data1\" content=\"Reda\u00e7\u00e3o\" \/>\n\t<meta name=\"twitter:label2\" content=\"Est. tempo de leitura\" \/>\n\t<meta name=\"twitter:data2\" content=\"3 minutos\" \/>\n<script type=\"application\/ld+json\" class=\"yoast-schema-graph\">{\"@context\":\"https:\/\/schema.org\",\"@graph\":[{\"@type\":\"Article\",\"@id\":\"https:\/\/www.notibras.com\/site\/feminicidio-e-discutido-em-encontro-de-coletivo-de-mulheres\/#article\",\"isPartOf\":{\"@id\":\"https:\/\/www.notibras.com\/site\/feminicidio-e-discutido-em-encontro-de-coletivo-de-mulheres\/\"},\"author\":{\"name\":\"Reda\u00e7\u00e3o\",\"@id\":\"https:\/\/www.notibras.com\/site\/#\/schema\/person\/36ab0979449956132d3e5b517ea76ac8\"},\"headline\":\"Feminic\u00eddio \u00e9 discutido em encontro de coletivo de mulheres\",\"datePublished\":\"2023-01-19T03:02:31+00:00\",\"dateModified\":\"2023-01-19T07:27:57+00:00\",\"mainEntityOfPage\":{\"@id\":\"https:\/\/www.notibras.com\/site\/feminicidio-e-discutido-em-encontro-de-coletivo-de-mulheres\/\"},\"wordCount\":538,\"publisher\":{\"@id\":\"https:\/\/www.notibras.com\/site\/#organization\"},\"image\":{\"@id\":\"https:\/\/www.notibras.com\/site\/feminicidio-e-discutido-em-encontro-de-coletivo-de-mulheres\/#primaryimage\"},\"thumbnailUrl\":\"https:\/\/www.notibras.com\/site\/wp-content\/uploads\/2023\/01\/violencia_contra_a_mulher.jpeg\",\"articleSection\":[\"Quadradinho em Foco\"],\"inLanguage\":\"pt-BR\"},{\"@type\":\"WebPage\",\"@id\":\"https:\/\/www.notibras.com\/site\/feminicidio-e-discutido-em-encontro-de-coletivo-de-mulheres\/\",\"url\":\"https:\/\/www.notibras.com\/site\/feminicidio-e-discutido-em-encontro-de-coletivo-de-mulheres\/\",\"name\":\"Feminic\u00eddio \u00e9 discutido em encontro de coletivo de mulheres - Notibras\",\"isPartOf\":{\"@id\":\"https:\/\/www.notibras.com\/site\/#website\"},\"primaryImageOfPage\":{\"@id\":\"https:\/\/www.notibras.com\/site\/feminicidio-e-discutido-em-encontro-de-coletivo-de-mulheres\/#primaryimage\"},\"image\":{\"@id\":\"https:\/\/www.notibras.com\/site\/feminicidio-e-discutido-em-encontro-de-coletivo-de-mulheres\/#primaryimage\"},\"thumbnailUrl\":\"https:\/\/www.notibras.com\/site\/wp-content\/uploads\/2023\/01\/violencia_contra_a_mulher.jpeg\",\"datePublished\":\"2023-01-19T03:02:31+00:00\",\"dateModified\":\"2023-01-19T07:27:57+00:00\",\"breadcrumb\":{\"@id\":\"https:\/\/www.notibras.com\/site\/feminicidio-e-discutido-em-encontro-de-coletivo-de-mulheres\/#breadcrumb\"},\"inLanguage\":\"pt-BR\",\"potentialAction\":[{\"@type\":\"ReadAction\",\"target\":[\"https:\/\/www.notibras.com\/site\/feminicidio-e-discutido-em-encontro-de-coletivo-de-mulheres\/\"]}]},{\"@type\":\"ImageObject\",\"inLanguage\":\"pt-BR\",\"@id\":\"https:\/\/www.notibras.com\/site\/feminicidio-e-discutido-em-encontro-de-coletivo-de-mulheres\/#primaryimage\",\"url\":\"https:\/\/www.notibras.com\/site\/wp-content\/uploads\/2023\/01\/violencia_contra_a_mulher.jpeg\",\"contentUrl\":\"https:\/\/www.notibras.com\/site\/wp-content\/uploads\/2023\/01\/violencia_contra_a_mulher.jpeg\",\"width\":1170,\"height\":700},{\"@type\":\"BreadcrumbList\",\"@id\":\"https:\/\/www.notibras.com\/site\/feminicidio-e-discutido-em-encontro-de-coletivo-de-mulheres\/#breadcrumb\",\"itemListElement\":[{\"@type\":\"ListItem\",\"position\":1,\"name\":\"In\u00edcio\",\"item\":\"https:\/\/www.notibras.com\/site\/\"},{\"@type\":\"ListItem\",\"position\":2,\"name\":\"Feminic\u00eddio \u00e9 discutido em encontro de coletivo de mulheres\"}]},{\"@type\":\"WebSite\",\"@id\":\"https:\/\/www.notibras.com\/site\/#website\",\"url\":\"https:\/\/www.notibras.com\/site\/\",\"name\":\"Notibras\",\"description\":\"Not\u00edcias de Bras\u00edlia, do Brasil e do Mundo\",\"publisher\":{\"@id\":\"https:\/\/www.notibras.com\/site\/#organization\"},\"potentialAction\":[{\"@type\":\"SearchAction\",\"target\":{\"@type\":\"EntryPoint\",\"urlTemplate\":\"https:\/\/www.notibras.com\/site\/?s={search_term_string}\"},\"query-input\":{\"@type\":\"PropertyValueSpecification\",\"valueRequired\":true,\"valueName\":\"search_term_string\"}}],\"inLanguage\":\"pt-BR\"},{\"@type\":\"Organization\",\"@id\":\"https:\/\/www.notibras.com\/site\/#organization\",\"name\":\"Grupo Notibras de Comunica\u00e7\u00e3o\",\"url\":\"https:\/\/www.notibras.com\/site\/\",\"logo\":{\"@type\":\"ImageObject\",\"inLanguage\":\"pt-BR\",\"@id\":\"https:\/\/www.notibras.com\/site\/#\/schema\/logo\/image\/\",\"url\":\"https:\/\/www.notibras.com\/site\/wp-content\/uploads\/2023\/01\/notibras23.png\",\"contentUrl\":\"https:\/\/www.notibras.com\/site\/wp-content\/uploads\/2023\/01\/notibras23.png\",\"width\":350,\"height\":87,\"caption\":\"Grupo Notibras de Comunica\u00e7\u00e3o\"},\"image\":{\"@id\":\"https:\/\/www.notibras.com\/site\/#\/schema\/logo\/image\/\"},\"sameAs\":[\"https:\/\/www.facebook.com\/notibras\/\",\"https:\/\/x.com\/Notibras\",\"https:\/\/www.instagram.com\/notibras\/\"]},{\"@type\":\"Person\",\"@id\":\"https:\/\/www.notibras.com\/site\/#\/schema\/person\/36ab0979449956132d3e5b517ea76ac8\",\"name\":\"Reda\u00e7\u00e3o\",\"image\":{\"@type\":\"ImageObject\",\"inLanguage\":\"pt-BR\",\"@id\":\"https:\/\/secure.gravatar.com\/avatar\/e0a867bdedb85fd243eadf09663511f96fc81e0720a4a42581f334ad4303aa6b?s=96&d=mm&r=g\",\"url\":\"https:\/\/secure.gravatar.com\/avatar\/e0a867bdedb85fd243eadf09663511f96fc81e0720a4a42581f334ad4303aa6b?s=96&d=mm&r=g\",\"contentUrl\":\"https:\/\/secure.gravatar.com\/avatar\/e0a867bdedb85fd243eadf09663511f96fc81e0720a4a42581f334ad4303aa6b?s=96&d=mm&r=g\",\"caption\":\"Reda\u00e7\u00e3o\"}}]}<\/script>\n<!-- \/ Yoast SEO plugin. -->","yoast_head_json":{"title":"Feminic\u00eddio \u00e9 discutido em encontro de coletivo de mulheres - Notibras","robots":{"index":"index","follow":"follow","max-snippet":"max-snippet:-1","max-image-preview":"max-image-preview:large","max-video-preview":"max-video-preview:-1"},"canonical":"https:\/\/www.notibras.com\/site\/feminicidio-e-discutido-em-encontro-de-coletivo-de-mulheres\/","og_locale":"pt_BR","og_type":"article","og_title":"Feminic\u00eddio \u00e9 discutido em encontro de coletivo de mulheres - Notibras","og_description":"Formas de enfrentamento ao feminic\u00eddio no Distrito Federal foram discutidas nesta quarta-feira (18). De acordo com dados da Secretaria de Seguran\u00e7a P\u00fablica do DF (SSP-DF), apenas na primeira semana de 2023, foram registrados quatro casos de feminic\u00eddios. O n\u00famero \u00e9 o mesmo registrado durante todo o m\u00eas de janeiro em 2022. Durante todo o ano [&hellip;]","og_url":"https:\/\/www.notibras.com\/site\/feminicidio-e-discutido-em-encontro-de-coletivo-de-mulheres\/","og_site_name":"Notibras","article_publisher":"https:\/\/www.facebook.com\/notibras\/","article_published_time":"2023-01-19T03:02:31+00:00","article_modified_time":"2023-01-19T07:27:57+00:00","og_image":[{"width":1170,"height":700,"url":"https:\/\/www.notibras.com\/site\/wp-content\/uploads\/2023\/01\/violencia_contra_a_mulher.jpeg","type":"image\/jpeg"}],"author":"Reda\u00e7\u00e3o","twitter_card":"summary_large_image","twitter_creator":"@Notibras","twitter_site":"@Notibras","twitter_misc":{"Escrito por":"Reda\u00e7\u00e3o","Est. tempo de leitura":"3 minutos"},"schema":{"@context":"https:\/\/schema.org","@graph":[{"@type":"Article","@id":"https:\/\/www.notibras.com\/site\/feminicidio-e-discutido-em-encontro-de-coletivo-de-mulheres\/#article","isPartOf":{"@id":"https:\/\/www.notibras.com\/site\/feminicidio-e-discutido-em-encontro-de-coletivo-de-mulheres\/"},"author":{"name":"Reda\u00e7\u00e3o","@id":"https:\/\/www.notibras.com\/site\/#\/schema\/person\/36ab0979449956132d3e5b517ea76ac8"},"headline":"Feminic\u00eddio \u00e9 discutido em encontro de coletivo de mulheres","datePublished":"2023-01-19T03:02:31+00:00","dateModified":"2023-01-19T07:27:57+00:00","mainEntityOfPage":{"@id":"https:\/\/www.notibras.com\/site\/feminicidio-e-discutido-em-encontro-de-coletivo-de-mulheres\/"},"wordCount":538,"publisher":{"@id":"https:\/\/www.notibras.com\/site\/#organization"},"image":{"@id":"https:\/\/www.notibras.com\/site\/feminicidio-e-discutido-em-encontro-de-coletivo-de-mulheres\/#primaryimage"},"thumbnailUrl":"https:\/\/www.notibras.com\/site\/wp-content\/uploads\/2023\/01\/violencia_contra_a_mulher.jpeg","articleSection":["Quadradinho em Foco"],"inLanguage":"pt-BR"},{"@type":"WebPage","@id":"https:\/\/www.notibras.com\/site\/feminicidio-e-discutido-em-encontro-de-coletivo-de-mulheres\/","url":"https:\/\/www.notibras.com\/site\/feminicidio-e-discutido-em-encontro-de-coletivo-de-mulheres\/","name":"Feminic\u00eddio \u00e9 discutido em encontro de coletivo de mulheres - Notibras","isPartOf":{"@id":"https:\/\/www.notibras.com\/site\/#website"},"primaryImageOfPage":{"@id":"https:\/\/www.notibras.com\/site\/feminicidio-e-discutido-em-encontro-de-coletivo-de-mulheres\/#primaryimage"},"image":{"@id":"https:\/\/www.notibras.com\/site\/feminicidio-e-discutido-em-encontro-de-coletivo-de-mulheres\/#primaryimage"},"thumbnailUrl":"https:\/\/www.notibras.com\/site\/wp-content\/uploads\/2023\/01\/violencia_contra_a_mulher.jpeg","datePublished":"2023-01-19T03:02:31+00:00","dateModified":"2023-01-19T07:27:57+00:00","breadcrumb":{"@id":"https:\/\/www.notibras.com\/site\/feminicidio-e-discutido-em-encontro-de-coletivo-de-mulheres\/#breadcrumb"},"inLanguage":"pt-BR","potentialAction":[{"@type":"ReadAction","target":["https:\/\/www.notibras.com\/site\/feminicidio-e-discutido-em-encontro-de-coletivo-de-mulheres\/"]}]},{"@type":"ImageObject","inLanguage":"pt-BR","@id":"https:\/\/www.notibras.com\/site\/feminicidio-e-discutido-em-encontro-de-coletivo-de-mulheres\/#primaryimage","url":"https:\/\/www.notibras.com\/site\/wp-content\/uploads\/2023\/01\/violencia_contra_a_mulher.jpeg","contentUrl":"https:\/\/www.notibras.com\/site\/wp-content\/uploads\/2023\/01\/violencia_contra_a_mulher.jpeg","width":1170,"height":700},{"@type":"BreadcrumbList","@id":"https:\/\/www.notibras.com\/site\/feminicidio-e-discutido-em-encontro-de-coletivo-de-mulheres\/#breadcrumb","itemListElement":[{"@type":"ListItem","position":1,"name":"In\u00edcio","item":"https:\/\/www.notibras.com\/site\/"},{"@type":"ListItem","position":2,"name":"Feminic\u00eddio \u00e9 discutido em encontro de coletivo de mulheres"}]},{"@type":"WebSite","@id":"https:\/\/www.notibras.com\/site\/#website","url":"https:\/\/www.notibras.com\/site\/","name":"Notibras","description":"Not\u00edcias de Bras\u00edlia, do Brasil e do Mundo","publisher":{"@id":"https:\/\/www.notibras.com\/site\/#organization"},"potentialAction":[{"@type":"SearchAction","target":{"@type":"EntryPoint","urlTemplate":"https:\/\/www.notibras.com\/site\/?s={search_term_string}"},"query-input":{"@type":"PropertyValueSpecification","valueRequired":true,"valueName":"search_term_string"}}],"inLanguage":"pt-BR"},{"@type":"Organization","@id":"https:\/\/www.notibras.com\/site\/#organization","name":"Grupo Notibras de Comunica\u00e7\u00e3o","url":"https:\/\/www.notibras.com\/site\/","logo":{"@type":"ImageObject","inLanguage":"pt-BR","@id":"https:\/\/www.notibras.com\/site\/#\/schema\/logo\/image\/","url":"https:\/\/www.notibras.com\/site\/wp-content\/uploads\/2023\/01\/notibras23.png","contentUrl":"https:\/\/www.notibras.com\/site\/wp-content\/uploads\/2023\/01\/notibras23.png","width":350,"height":87,"caption":"Grupo Notibras de Comunica\u00e7\u00e3o"},"image":{"@id":"https:\/\/www.notibras.com\/site\/#\/schema\/logo\/image\/"},"sameAs":["https:\/\/www.facebook.com\/notibras\/","https:\/\/x.com\/Notibras","https:\/\/www.instagram.com\/notibras\/"]},{"@type":"Person","@id":"https:\/\/www.notibras.com\/site\/#\/schema\/person\/36ab0979449956132d3e5b517ea76ac8","name":"Reda\u00e7\u00e3o","image":{"@type":"ImageObject","inLanguage":"pt-BR","@id":"https:\/\/secure.gravatar.com\/avatar\/e0a867bdedb85fd243eadf09663511f96fc81e0720a4a42581f334ad4303aa6b?s=96&d=mm&r=g","url":"https:\/\/secure.gravatar.com\/avatar\/e0a867bdedb85fd243eadf09663511f96fc81e0720a4a42581f334ad4303aa6b?s=96&d=mm&r=g","contentUrl":"https:\/\/secure.gravatar.com\/avatar\/e0a867bdedb85fd243eadf09663511f96fc81e0720a4a42581f334ad4303aa6b?s=96&d=mm&r=g","caption":"Reda\u00e7\u00e3o"}}]}},"amp_enabled":true,"_links":{"self":[{"href":"https:\/\/www.notibras.com\/site\/wp-json\/wp\/v2\/posts\/297970","targetHints":{"allow":["GET"]}}],"collection":[{"href":"https:\/\/www.notibras.com\/site\/wp-json\/wp\/v2\/posts"}],"about":[{"href":"https:\/\/www.notibras.com\/site\/wp-json\/wp\/v2\/types\/post"}],"author":[{"embeddable":true,"href":"https:\/\/www.notibras.com\/site\/wp-json\/wp\/v2\/users\/2"}],"replies":[{"embeddable":true,"href":"https:\/\/www.notibras.com\/site\/wp-json\/wp\/v2\/comments?post=297970"}],"version-history":[{"count":1,"href":"https:\/\/www.notibras.com\/site\/wp-json\/wp\/v2\/posts\/297970\/revisions"}],"predecessor-version":[{"id":297972,"href":"https:\/\/www.notibras.com\/site\/wp-json\/wp\/v2\/posts\/297970\/revisions\/297972"}],"wp:featuredmedia":[{"embeddable":true,"href":"https:\/\/www.notibras.com\/site\/wp-json\/wp\/v2\/media\/297971"}],"wp:attachment":[{"href":"https:\/\/www.notibras.com\/site\/wp-json\/wp\/v2\/media?parent=297970"}],"wp:term":[{"taxonomy":"category","embeddable":true,"href":"https:\/\/www.notibras.com\/site\/wp-json\/wp\/v2\/categories?post=297970"},{"taxonomy":"post_tag","embeddable":true,"href":"https:\/\/www.notibras.com\/site\/wp-json\/wp\/v2\/tags?post=297970"}],"curies":[{"name":"wp","href":"https:\/\/api.w.org\/{rel}","templated":true}]}}