{"id":298084,"date":"2023-01-22T00:35:22","date_gmt":"2023-01-22T03:35:22","guid":{"rendered":"https:\/\/www.notibras.com\/site\/?p=298084"},"modified":"2023-01-22T12:40:53","modified_gmt":"2023-01-22T15:40:53","slug":"parque-ecologico-abriga-plantas-ameacadas-de-extincao","status":"publish","type":"post","link":"https:\/\/www.notibras.com\/site\/parque-ecologico-abriga-plantas-ameacadas-de-extincao\/","title":{"rendered":"Parque Ecol\u00f3gico abriga plantas amea\u00e7adas de extin\u00e7\u00e3o"},"content":{"rendered":"<p>Esp\u00e9cies da flora do Cerrado, Lobelia braziliensis e Anemopaegma arvense, conhecida como catuaba, ambas amea\u00e7adas de extin\u00e7\u00e3o, foram encontradas no Parque Ecol\u00f3gico do Areal, em Arniqueira. O fato causou surpresa na \u00e1rea t\u00e9cnica do Instituto Bras\u00edlia Ambiental e as descobertas constam do plano de manejo da unidade de conserva\u00e7\u00e3o (UC). O plano de manejo \u00e9 um documento t\u00e9cnico que, a partir dos objetivos definidos no ato da cria\u00e7\u00e3o de uma UC, estabelece o zoneamento e as normas que norteiam seu uso.<\/p>\n<p>Al\u00e9m da amea\u00e7a de extin\u00e7\u00e3o \u2013 o que as tornam esp\u00e9cies raras \u2013, a curiosidade do achado das flores se deu por n\u00e3o haver registros delas nos poucos estudos j\u00e1 existentes sobre a \u00e1rea. \u201cN\u00e3o t\u00ednhamos expectativa de encontr\u00e1-las\u201d, ressalta a diretora de Implanta\u00e7\u00e3o de Unidades de Conserva\u00e7\u00e3o (Dipuc) do Bras\u00edlia Ambiental, Carolina Lepsch.<\/p>\n<p>Por\u00e9m, Lepsch destaca que o nome de um dos c\u00f3rregos existentes no parque ecol\u00f3gico, o Vereda da Cruz, d\u00e1 sentido \u00e0 descoberta. \u201cAs veredas s\u00e3o o habitat natural da Lobelia braziliensis. N\u00e3o temos registro de quando o c\u00f3rrego recebeu este nome, mas ele consta em estudos antigos. \u00c9 sempre bom acreditarmos em nomes j\u00e1 concedidos a elementos das unidades de conserva\u00e7\u00e3o\u201d, afirma.<\/p>\n<p>A Lobelia braziliensis, que \u00e9 uma esp\u00e9cie end\u00eamica do Distrito Federal, foi encontrada tanto no m\u00f3dulo 1 quanto no m\u00f3dulo 2 do Parque Ecol\u00f3gico do Areal. Sua amea\u00e7a de extin\u00e7\u00e3o ocorre porque ela est\u00e1 perdendo seu habitat. \u201cCom a expans\u00e3o das cidades, as veredas est\u00e3o se acabando. Os terrenos s\u00e3o drenados e desmatados, ent\u00e3o elas desaparecem\u201d, explica a diretora.<\/p>\n<p>Por sua vez, a amea\u00e7a de extin\u00e7\u00e3o da Anemopaegma arvense ocorre porque ela sofre muita preda\u00e7\u00e3o. \u201cAs pessoas fazem a coleta indiscriminada dessa esp\u00e9cie para a produ\u00e7\u00e3o da catuaba. Foram encontrados dois indiv\u00edduos dessa esp\u00e9cie em uma \u00e1rea de Cerrado ainda bem preservado do Areal\u201d, informa Lepsch.<\/p>\n","protected":false},"excerpt":{"rendered":"<p>Esp\u00e9cies da flora do Cerrado, Lobelia braziliensis e Anemopaegma arvense, conhecida como catuaba, ambas amea\u00e7adas de extin\u00e7\u00e3o, foram encontradas no Parque Ecol\u00f3gico do Areal, em Arniqueira. O fato causou surpresa na \u00e1rea t\u00e9cnica do Instituto Bras\u00edlia Ambiental e as descobertas constam do plano de manejo da unidade de conserva\u00e7\u00e3o (UC). O plano de manejo \u00e9 [&hellip;]<\/p>\n","protected":false},"author":2,"featured_media":298085,"comment_status":"closed","ping_status":"closed","sticky":false,"template":"","format":"standard","meta":{"_acf_changed":false,"footnotes":""},"categories":[161],"tags":[],"class_list":["post-298084","post","type-post","status-publish","format-standard","has-post-thumbnail","hentry","category-quadradinho-em-foco"],"acf":[],"yoast_head":"<!-- This site is optimized with the Yoast SEO plugin v27.2 - https:\/\/yoast.com\/product\/yoast-seo-wordpress\/ -->\n<title>Parque Ecol\u00f3gico abriga plantas amea\u00e7adas de extin\u00e7\u00e3o - Notibras<\/title>\n<meta name=\"robots\" content=\"index, follow, max-snippet:-1, max-image-preview:large, max-video-preview:-1\" \/>\n<link rel=\"canonical\" href=\"https:\/\/www.notibras.com\/site\/parque-ecologico-abriga-plantas-ameacadas-de-extincao\/\" \/>\n<meta property=\"og:locale\" content=\"pt_BR\" \/>\n<meta property=\"og:type\" content=\"article\" \/>\n<meta property=\"og:title\" content=\"Parque Ecol\u00f3gico abriga plantas amea\u00e7adas de extin\u00e7\u00e3o - Notibras\" \/>\n<meta property=\"og:description\" content=\"Esp\u00e9cies da flora do Cerrado, Lobelia braziliensis e Anemopaegma arvense, conhecida como catuaba, ambas amea\u00e7adas de extin\u00e7\u00e3o, foram encontradas no Parque Ecol\u00f3gico do Areal, em Arniqueira. O fato causou surpresa na \u00e1rea t\u00e9cnica do Instituto Bras\u00edlia Ambiental e as descobertas constam do plano de manejo da unidade de conserva\u00e7\u00e3o (UC). O plano de manejo \u00e9 [&hellip;]\" \/>\n<meta property=\"og:url\" content=\"https:\/\/www.notibras.com\/site\/parque-ecologico-abriga-plantas-ameacadas-de-extincao\/\" \/>\n<meta property=\"og:site_name\" content=\"Notibras\" \/>\n<meta property=\"article:publisher\" content=\"https:\/\/www.facebook.com\/notibras\/\" \/>\n<meta property=\"article:published_time\" content=\"2023-01-22T03:35:22+00:00\" \/>\n<meta property=\"article:modified_time\" content=\"2023-01-22T15:40:53+00:00\" \/>\n<meta property=\"og:image\" content=\"https:\/\/www.notibras.com\/site\/wp-content\/uploads\/2023\/01\/8943381859_a4786b0bf9_c.jpg\" \/>\n\t<meta property=\"og:image:width\" content=\"800\" \/>\n\t<meta property=\"og:image:height\" content=\"599\" \/>\n\t<meta property=\"og:image:type\" content=\"image\/jpeg\" \/>\n<meta name=\"author\" content=\"Reda\u00e7\u00e3o\" \/>\n<meta name=\"twitter:card\" content=\"summary_large_image\" \/>\n<meta name=\"twitter:creator\" content=\"@Notibras\" \/>\n<meta name=\"twitter:site\" content=\"@Notibras\" \/>\n<meta name=\"twitter:label1\" content=\"Escrito por\" \/>\n\t<meta name=\"twitter:data1\" content=\"Reda\u00e7\u00e3o\" \/>\n\t<meta name=\"twitter:label2\" content=\"Est. tempo de leitura\" \/>\n\t<meta name=\"twitter:data2\" content=\"2 minutos\" \/>\n<script type=\"application\/ld+json\" class=\"yoast-schema-graph\">{\"@context\":\"https:\/\/schema.org\",\"@graph\":[{\"@type\":\"Article\",\"@id\":\"https:\/\/www.notibras.com\/site\/parque-ecologico-abriga-plantas-ameacadas-de-extincao\/#article\",\"isPartOf\":{\"@id\":\"https:\/\/www.notibras.com\/site\/parque-ecologico-abriga-plantas-ameacadas-de-extincao\/\"},\"author\":{\"name\":\"Reda\u00e7\u00e3o\",\"@id\":\"https:\/\/www.notibras.com\/site\/#\/schema\/person\/36ab0979449956132d3e5b517ea76ac8\"},\"headline\":\"Parque Ecol\u00f3gico abriga plantas amea\u00e7adas de extin\u00e7\u00e3o\",\"datePublished\":\"2023-01-22T03:35:22+00:00\",\"dateModified\":\"2023-01-22T15:40:53+00:00\",\"mainEntityOfPage\":{\"@id\":\"https:\/\/www.notibras.com\/site\/parque-ecologico-abriga-plantas-ameacadas-de-extincao\/\"},\"wordCount\":350,\"publisher\":{\"@id\":\"https:\/\/www.notibras.com\/site\/#organization\"},\"image\":{\"@id\":\"https:\/\/www.notibras.com\/site\/parque-ecologico-abriga-plantas-ameacadas-de-extincao\/#primaryimage\"},\"thumbnailUrl\":\"https:\/\/www.notibras.com\/site\/wp-content\/uploads\/2023\/01\/8943381859_a4786b0bf9_c.jpg\",\"articleSection\":[\"Quadradinho em Foco\"],\"inLanguage\":\"pt-BR\"},{\"@type\":\"WebPage\",\"@id\":\"https:\/\/www.notibras.com\/site\/parque-ecologico-abriga-plantas-ameacadas-de-extincao\/\",\"url\":\"https:\/\/www.notibras.com\/site\/parque-ecologico-abriga-plantas-ameacadas-de-extincao\/\",\"name\":\"Parque Ecol\u00f3gico abriga plantas amea\u00e7adas de extin\u00e7\u00e3o - Notibras\",\"isPartOf\":{\"@id\":\"https:\/\/www.notibras.com\/site\/#website\"},\"primaryImageOfPage\":{\"@id\":\"https:\/\/www.notibras.com\/site\/parque-ecologico-abriga-plantas-ameacadas-de-extincao\/#primaryimage\"},\"image\":{\"@id\":\"https:\/\/www.notibras.com\/site\/parque-ecologico-abriga-plantas-ameacadas-de-extincao\/#primaryimage\"},\"thumbnailUrl\":\"https:\/\/www.notibras.com\/site\/wp-content\/uploads\/2023\/01\/8943381859_a4786b0bf9_c.jpg\",\"datePublished\":\"2023-01-22T03:35:22+00:00\",\"dateModified\":\"2023-01-22T15:40:53+00:00\",\"breadcrumb\":{\"@id\":\"https:\/\/www.notibras.com\/site\/parque-ecologico-abriga-plantas-ameacadas-de-extincao\/#breadcrumb\"},\"inLanguage\":\"pt-BR\",\"potentialAction\":[{\"@type\":\"ReadAction\",\"target\":[\"https:\/\/www.notibras.com\/site\/parque-ecologico-abriga-plantas-ameacadas-de-extincao\/\"]}]},{\"@type\":\"ImageObject\",\"inLanguage\":\"pt-BR\",\"@id\":\"https:\/\/www.notibras.com\/site\/parque-ecologico-abriga-plantas-ameacadas-de-extincao\/#primaryimage\",\"url\":\"https:\/\/www.notibras.com\/site\/wp-content\/uploads\/2023\/01\/8943381859_a4786b0bf9_c.jpg\",\"contentUrl\":\"https:\/\/www.notibras.com\/site\/wp-content\/uploads\/2023\/01\/8943381859_a4786b0bf9_c.jpg\",\"width\":800,\"height\":599},{\"@type\":\"BreadcrumbList\",\"@id\":\"https:\/\/www.notibras.com\/site\/parque-ecologico-abriga-plantas-ameacadas-de-extincao\/#breadcrumb\",\"itemListElement\":[{\"@type\":\"ListItem\",\"position\":1,\"name\":\"In\u00edcio\",\"item\":\"https:\/\/www.notibras.com\/site\/\"},{\"@type\":\"ListItem\",\"position\":2,\"name\":\"Parque Ecol\u00f3gico abriga plantas amea\u00e7adas de extin\u00e7\u00e3o\"}]},{\"@type\":\"WebSite\",\"@id\":\"https:\/\/www.notibras.com\/site\/#website\",\"url\":\"https:\/\/www.notibras.com\/site\/\",\"name\":\"Notibras\",\"description\":\"Not\u00edcias de Bras\u00edlia, do Brasil e do Mundo\",\"publisher\":{\"@id\":\"https:\/\/www.notibras.com\/site\/#organization\"},\"potentialAction\":[{\"@type\":\"SearchAction\",\"target\":{\"@type\":\"EntryPoint\",\"urlTemplate\":\"https:\/\/www.notibras.com\/site\/?s={search_term_string}\"},\"query-input\":{\"@type\":\"PropertyValueSpecification\",\"valueRequired\":true,\"valueName\":\"search_term_string\"}}],\"inLanguage\":\"pt-BR\"},{\"@type\":\"Organization\",\"@id\":\"https:\/\/www.notibras.com\/site\/#organization\",\"name\":\"Grupo Notibras de Comunica\u00e7\u00e3o\",\"url\":\"https:\/\/www.notibras.com\/site\/\",\"logo\":{\"@type\":\"ImageObject\",\"inLanguage\":\"pt-BR\",\"@id\":\"https:\/\/www.notibras.com\/site\/#\/schema\/logo\/image\/\",\"url\":\"https:\/\/www.notibras.com\/site\/wp-content\/uploads\/2023\/01\/notibras23.png\",\"contentUrl\":\"https:\/\/www.notibras.com\/site\/wp-content\/uploads\/2023\/01\/notibras23.png\",\"width\":350,\"height\":87,\"caption\":\"Grupo Notibras de Comunica\u00e7\u00e3o\"},\"image\":{\"@id\":\"https:\/\/www.notibras.com\/site\/#\/schema\/logo\/image\/\"},\"sameAs\":[\"https:\/\/www.facebook.com\/notibras\/\",\"https:\/\/x.com\/Notibras\",\"https:\/\/www.instagram.com\/notibras\/\"]},{\"@type\":\"Person\",\"@id\":\"https:\/\/www.notibras.com\/site\/#\/schema\/person\/36ab0979449956132d3e5b517ea76ac8\",\"name\":\"Reda\u00e7\u00e3o\",\"image\":{\"@type\":\"ImageObject\",\"inLanguage\":\"pt-BR\",\"@id\":\"https:\/\/secure.gravatar.com\/avatar\/e0a867bdedb85fd243eadf09663511f96fc81e0720a4a42581f334ad4303aa6b?s=96&d=mm&r=g\",\"url\":\"https:\/\/secure.gravatar.com\/avatar\/e0a867bdedb85fd243eadf09663511f96fc81e0720a4a42581f334ad4303aa6b?s=96&d=mm&r=g\",\"contentUrl\":\"https:\/\/secure.gravatar.com\/avatar\/e0a867bdedb85fd243eadf09663511f96fc81e0720a4a42581f334ad4303aa6b?s=96&d=mm&r=g\",\"caption\":\"Reda\u00e7\u00e3o\"}}]}<\/script>\n<!-- \/ Yoast SEO plugin. -->","yoast_head_json":{"title":"Parque Ecol\u00f3gico abriga plantas amea\u00e7adas de extin\u00e7\u00e3o - Notibras","robots":{"index":"index","follow":"follow","max-snippet":"max-snippet:-1","max-image-preview":"max-image-preview:large","max-video-preview":"max-video-preview:-1"},"canonical":"https:\/\/www.notibras.com\/site\/parque-ecologico-abriga-plantas-ameacadas-de-extincao\/","og_locale":"pt_BR","og_type":"article","og_title":"Parque Ecol\u00f3gico abriga plantas amea\u00e7adas de extin\u00e7\u00e3o - Notibras","og_description":"Esp\u00e9cies da flora do Cerrado, Lobelia braziliensis e Anemopaegma arvense, conhecida como catuaba, ambas amea\u00e7adas de extin\u00e7\u00e3o, foram encontradas no Parque Ecol\u00f3gico do Areal, em Arniqueira. O fato causou surpresa na \u00e1rea t\u00e9cnica do Instituto Bras\u00edlia Ambiental e as descobertas constam do plano de manejo da unidade de conserva\u00e7\u00e3o (UC). O plano de manejo \u00e9 [&hellip;]","og_url":"https:\/\/www.notibras.com\/site\/parque-ecologico-abriga-plantas-ameacadas-de-extincao\/","og_site_name":"Notibras","article_publisher":"https:\/\/www.facebook.com\/notibras\/","article_published_time":"2023-01-22T03:35:22+00:00","article_modified_time":"2023-01-22T15:40:53+00:00","og_image":[{"width":800,"height":599,"url":"https:\/\/www.notibras.com\/site\/wp-content\/uploads\/2023\/01\/8943381859_a4786b0bf9_c.jpg","type":"image\/jpeg"}],"author":"Reda\u00e7\u00e3o","twitter_card":"summary_large_image","twitter_creator":"@Notibras","twitter_site":"@Notibras","twitter_misc":{"Escrito por":"Reda\u00e7\u00e3o","Est. tempo de leitura":"2 minutos"},"schema":{"@context":"https:\/\/schema.org","@graph":[{"@type":"Article","@id":"https:\/\/www.notibras.com\/site\/parque-ecologico-abriga-plantas-ameacadas-de-extincao\/#article","isPartOf":{"@id":"https:\/\/www.notibras.com\/site\/parque-ecologico-abriga-plantas-ameacadas-de-extincao\/"},"author":{"name":"Reda\u00e7\u00e3o","@id":"https:\/\/www.notibras.com\/site\/#\/schema\/person\/36ab0979449956132d3e5b517ea76ac8"},"headline":"Parque Ecol\u00f3gico abriga plantas amea\u00e7adas de extin\u00e7\u00e3o","datePublished":"2023-01-22T03:35:22+00:00","dateModified":"2023-01-22T15:40:53+00:00","mainEntityOfPage":{"@id":"https:\/\/www.notibras.com\/site\/parque-ecologico-abriga-plantas-ameacadas-de-extincao\/"},"wordCount":350,"publisher":{"@id":"https:\/\/www.notibras.com\/site\/#organization"},"image":{"@id":"https:\/\/www.notibras.com\/site\/parque-ecologico-abriga-plantas-ameacadas-de-extincao\/#primaryimage"},"thumbnailUrl":"https:\/\/www.notibras.com\/site\/wp-content\/uploads\/2023\/01\/8943381859_a4786b0bf9_c.jpg","articleSection":["Quadradinho em Foco"],"inLanguage":"pt-BR"},{"@type":"WebPage","@id":"https:\/\/www.notibras.com\/site\/parque-ecologico-abriga-plantas-ameacadas-de-extincao\/","url":"https:\/\/www.notibras.com\/site\/parque-ecologico-abriga-plantas-ameacadas-de-extincao\/","name":"Parque Ecol\u00f3gico abriga plantas amea\u00e7adas de extin\u00e7\u00e3o - Notibras","isPartOf":{"@id":"https:\/\/www.notibras.com\/site\/#website"},"primaryImageOfPage":{"@id":"https:\/\/www.notibras.com\/site\/parque-ecologico-abriga-plantas-ameacadas-de-extincao\/#primaryimage"},"image":{"@id":"https:\/\/www.notibras.com\/site\/parque-ecologico-abriga-plantas-ameacadas-de-extincao\/#primaryimage"},"thumbnailUrl":"https:\/\/www.notibras.com\/site\/wp-content\/uploads\/2023\/01\/8943381859_a4786b0bf9_c.jpg","datePublished":"2023-01-22T03:35:22+00:00","dateModified":"2023-01-22T15:40:53+00:00","breadcrumb":{"@id":"https:\/\/www.notibras.com\/site\/parque-ecologico-abriga-plantas-ameacadas-de-extincao\/#breadcrumb"},"inLanguage":"pt-BR","potentialAction":[{"@type":"ReadAction","target":["https:\/\/www.notibras.com\/site\/parque-ecologico-abriga-plantas-ameacadas-de-extincao\/"]}]},{"@type":"ImageObject","inLanguage":"pt-BR","@id":"https:\/\/www.notibras.com\/site\/parque-ecologico-abriga-plantas-ameacadas-de-extincao\/#primaryimage","url":"https:\/\/www.notibras.com\/site\/wp-content\/uploads\/2023\/01\/8943381859_a4786b0bf9_c.jpg","contentUrl":"https:\/\/www.notibras.com\/site\/wp-content\/uploads\/2023\/01\/8943381859_a4786b0bf9_c.jpg","width":800,"height":599},{"@type":"BreadcrumbList","@id":"https:\/\/www.notibras.com\/site\/parque-ecologico-abriga-plantas-ameacadas-de-extincao\/#breadcrumb","itemListElement":[{"@type":"ListItem","position":1,"name":"In\u00edcio","item":"https:\/\/www.notibras.com\/site\/"},{"@type":"ListItem","position":2,"name":"Parque Ecol\u00f3gico abriga plantas amea\u00e7adas de extin\u00e7\u00e3o"}]},{"@type":"WebSite","@id":"https:\/\/www.notibras.com\/site\/#website","url":"https:\/\/www.notibras.com\/site\/","name":"Notibras","description":"Not\u00edcias de Bras\u00edlia, do Brasil e do Mundo","publisher":{"@id":"https:\/\/www.notibras.com\/site\/#organization"},"potentialAction":[{"@type":"SearchAction","target":{"@type":"EntryPoint","urlTemplate":"https:\/\/www.notibras.com\/site\/?s={search_term_string}"},"query-input":{"@type":"PropertyValueSpecification","valueRequired":true,"valueName":"search_term_string"}}],"inLanguage":"pt-BR"},{"@type":"Organization","@id":"https:\/\/www.notibras.com\/site\/#organization","name":"Grupo Notibras de Comunica\u00e7\u00e3o","url":"https:\/\/www.notibras.com\/site\/","logo":{"@type":"ImageObject","inLanguage":"pt-BR","@id":"https:\/\/www.notibras.com\/site\/#\/schema\/logo\/image\/","url":"https:\/\/www.notibras.com\/site\/wp-content\/uploads\/2023\/01\/notibras23.png","contentUrl":"https:\/\/www.notibras.com\/site\/wp-content\/uploads\/2023\/01\/notibras23.png","width":350,"height":87,"caption":"Grupo Notibras de Comunica\u00e7\u00e3o"},"image":{"@id":"https:\/\/www.notibras.com\/site\/#\/schema\/logo\/image\/"},"sameAs":["https:\/\/www.facebook.com\/notibras\/","https:\/\/x.com\/Notibras","https:\/\/www.instagram.com\/notibras\/"]},{"@type":"Person","@id":"https:\/\/www.notibras.com\/site\/#\/schema\/person\/36ab0979449956132d3e5b517ea76ac8","name":"Reda\u00e7\u00e3o","image":{"@type":"ImageObject","inLanguage":"pt-BR","@id":"https:\/\/secure.gravatar.com\/avatar\/e0a867bdedb85fd243eadf09663511f96fc81e0720a4a42581f334ad4303aa6b?s=96&d=mm&r=g","url":"https:\/\/secure.gravatar.com\/avatar\/e0a867bdedb85fd243eadf09663511f96fc81e0720a4a42581f334ad4303aa6b?s=96&d=mm&r=g","contentUrl":"https:\/\/secure.gravatar.com\/avatar\/e0a867bdedb85fd243eadf09663511f96fc81e0720a4a42581f334ad4303aa6b?s=96&d=mm&r=g","caption":"Reda\u00e7\u00e3o"}}]}},"amp_enabled":true,"_links":{"self":[{"href":"https:\/\/www.notibras.com\/site\/wp-json\/wp\/v2\/posts\/298084","targetHints":{"allow":["GET"]}}],"collection":[{"href":"https:\/\/www.notibras.com\/site\/wp-json\/wp\/v2\/posts"}],"about":[{"href":"https:\/\/www.notibras.com\/site\/wp-json\/wp\/v2\/types\/post"}],"author":[{"embeddable":true,"href":"https:\/\/www.notibras.com\/site\/wp-json\/wp\/v2\/users\/2"}],"replies":[{"embeddable":true,"href":"https:\/\/www.notibras.com\/site\/wp-json\/wp\/v2\/comments?post=298084"}],"version-history":[{"count":1,"href":"https:\/\/www.notibras.com\/site\/wp-json\/wp\/v2\/posts\/298084\/revisions"}],"predecessor-version":[{"id":298086,"href":"https:\/\/www.notibras.com\/site\/wp-json\/wp\/v2\/posts\/298084\/revisions\/298086"}],"wp:featuredmedia":[{"embeddable":true,"href":"https:\/\/www.notibras.com\/site\/wp-json\/wp\/v2\/media\/298085"}],"wp:attachment":[{"href":"https:\/\/www.notibras.com\/site\/wp-json\/wp\/v2\/media?parent=298084"}],"wp:term":[{"taxonomy":"category","embeddable":true,"href":"https:\/\/www.notibras.com\/site\/wp-json\/wp\/v2\/categories?post=298084"},{"taxonomy":"post_tag","embeddable":true,"href":"https:\/\/www.notibras.com\/site\/wp-json\/wp\/v2\/tags?post=298084"}],"curies":[{"name":"wp","href":"https:\/\/api.w.org\/{rel}","templated":true}]}}