{"id":298087,"date":"2023-01-22T00:00:35","date_gmt":"2023-01-22T03:00:35","guid":{"rendered":"https:\/\/www.notibras.com\/site\/?p=298087"},"modified":"2023-01-22T12:47:16","modified_gmt":"2023-01-22T15:47:16","slug":"queimada-resgata-velhos-tempos-de-esporte-popular","status":"publish","type":"post","link":"https:\/\/www.notibras.com\/site\/queimada-resgata-velhos-tempos-de-esporte-popular\/","title":{"rendered":"Queimada resgata velhos tempos de esporte popular"},"content":{"rendered":"<p>Engana-se quem pensa que a queimada \u00e9 somente aquela velha brincadeira de inf\u00e2ncia. Aqui no Distrito Federal, o jogo se tornou uma modalidade esportiva em 2020, j\u00e1 est\u00e1 com a sua segunda competi\u00e7\u00e3o regional em andamento e \u00e9 apreciado por homens e mulheres. A final do 2\u00ba Campeonato Brasiliense de Queimada acontece neste domingo (22), \u00e0s 11h, no gin\u00e1sio do Sest\/Senat, em Samambaia. O torneio come\u00e7ou no dia 14, com 24 equipes inscritas e cerca de 560 praticantes.<\/p>\n<p>De car\u00e1ter inclusivo, a atividade re\u00fane jogadores de 10 a 60 anos em m\u00e9dia e conta com equipes organizadas na capital federal, caminhando para se tornar uma modalidade reconhecida em todo o pa\u00eds. Projetos de lei da governadora em exerc\u00edcio Celina Le\u00e3o e do secret\u00e1rio de Esporte e Lazer, J\u00falio C\u00e9sar Ribeiro, prop\u00f5em a oficializa\u00e7\u00e3o da queimada por todo o territ\u00f3rio nacional.<\/p>\n<p>\u201cQuando se torna, de fato, um esporte, \u00e9 bem melhor para se atrair investimentos, promover campeonatos aqui no DF\u201d, pontua J\u00falio C\u00e9sar. \u201cNas nossas andan\u00e7as pelas cidades do DF, reparei que tem crescido muito o n\u00famero de praticantes da queimada. Nas quadras de Ceil\u00e2ndia, Samambaia, Santa Maria, \u00e9 poss\u00edvel ver gente jogando. E, hoje, j\u00e1 estamos no segundo torneio local, com o apoio da Secretaria de Esporte e Lazer [SEL].\u201d<\/p>\n<p>No primeiro CBQ, realizado em 2021, a SEL investiu R$ 152,3 mil, por meio de um termo de fomento, para apoiar o evento in\u00e9dito no DF. No campeonato atual, s\u00e3o mais R$ 168,6 mil investidos. Segundo o \u00e1rbitro Daniel Ara\u00fajo, que tamb\u00e9m atua como um dos organizadores dos torneios, o objetivo agora \u00e9 constituir uma federa\u00e7\u00e3o para alavancar a pr\u00e1tica.<\/p>\n<p>\u201c\u00c9 fundamental uma federa\u00e7\u00e3o n\u00e3o s\u00f3 para os times, como tamb\u00e9m para a arbitragem\u201d, aponta. \u201cAssim, podemos levar o esporte para outro patamar, com interc\u00e2mbio com outras pra\u00e7as, jogos interestaduais. Hoje temos equipes fortes, como as Felinas, do Guar\u00e1, e Baleado, de Taguatinga, com times masculino e feminino, em plena atividade\u201d. Segundo Daniel, o grande diferencial da queimada \u00e9 a flexibilidade: \u201cPercebemos que uma adolescente de 14 anos e uma senhora de 55 anos podem jogar no mesmo time, com bom n\u00edvel\u201d.<\/p>\n<p><strong>Tradi\u00e7\u00e3o<\/strong><br \/>\nMuito popular em todo o Brasil, a queimada j\u00e1 se tornou esporte na Bahia, onde \u00e9 conhecida como baleado. \u00c9 praticada tamb\u00e9m em alguns outros pa\u00edses, como Estados Unidos \u2013 onde se chama dodgeball \u2013 e Portugal.<\/p>\n<p>No DF, o esporte \u00e9 usualmente jogado com uma bola de futsal, mas com a calibragem mais baixa. No entanto, ganhou em 2021 uma bola pr\u00f3pria tamb\u00e9m para \u201cqueimar\u201d os advers\u00e1rios. As partidas s\u00e3o disputadas em quadras de voleibol de concreto com dimens\u00f5es de 9 m x 9 m. Cada equipe conta com dez jogadores para cada lado, e divers\u00e3o \u00e9 o que n\u00e3o falta.<\/p>\n","protected":false},"excerpt":{"rendered":"<p>Engana-se quem pensa que a queimada \u00e9 somente aquela velha brincadeira de inf\u00e2ncia. Aqui no Distrito Federal, o jogo se tornou uma modalidade esportiva em 2020, j\u00e1 est\u00e1 com a sua segunda competi\u00e7\u00e3o regional em andamento e \u00e9 apreciado por homens e mulheres. A final do 2\u00ba Campeonato Brasiliense de Queimada acontece neste domingo (22), [&hellip;]<\/p>\n","protected":false},"author":2,"featured_media":298088,"comment_status":"closed","ping_status":"closed","sticky":false,"template":"","format":"standard","meta":{"_acf_changed":false,"footnotes":""},"categories":[161],"tags":[],"class_list":["post-298087","post","type-post","status-publish","format-standard","has-post-thumbnail","hentry","category-quadradinho-em-foco"],"acf":[],"yoast_head":"<!-- This site is optimized with the Yoast SEO plugin v27.2 - https:\/\/yoast.com\/product\/yoast-seo-wordpress\/ -->\n<title>Queimada resgata velhos tempos de esporte popular - Notibras<\/title>\n<meta name=\"robots\" content=\"index, follow, max-snippet:-1, max-image-preview:large, max-video-preview:-1\" \/>\n<link rel=\"canonical\" href=\"https:\/\/www.notibras.com\/site\/queimada-resgata-velhos-tempos-de-esporte-popular\/\" \/>\n<meta property=\"og:locale\" content=\"pt_BR\" \/>\n<meta property=\"og:type\" content=\"article\" \/>\n<meta property=\"og:title\" content=\"Queimada resgata velhos tempos de esporte popular - Notibras\" \/>\n<meta property=\"og:description\" content=\"Engana-se quem pensa que a queimada \u00e9 somente aquela velha brincadeira de inf\u00e2ncia. Aqui no Distrito Federal, o jogo se tornou uma modalidade esportiva em 2020, j\u00e1 est\u00e1 com a sua segunda competi\u00e7\u00e3o regional em andamento e \u00e9 apreciado por homens e mulheres. A final do 2\u00ba Campeonato Brasiliense de Queimada acontece neste domingo (22), [&hellip;]\" \/>\n<meta property=\"og:url\" content=\"https:\/\/www.notibras.com\/site\/queimada-resgata-velhos-tempos-de-esporte-popular\/\" \/>\n<meta property=\"og:site_name\" content=\"Notibras\" \/>\n<meta property=\"article:publisher\" content=\"https:\/\/www.facebook.com\/notibras\/\" \/>\n<meta property=\"article:published_time\" content=\"2023-01-22T03:00:35+00:00\" \/>\n<meta property=\"article:modified_time\" content=\"2023-01-22T15:47:16+00:00\" \/>\n<meta property=\"og:image\" content=\"https:\/\/www.notibras.com\/site\/wp-content\/uploads\/2023\/01\/queimada.jpg\" \/>\n\t<meta property=\"og:image:width\" content=\"1536\" \/>\n\t<meta property=\"og:image:height\" content=\"1023\" \/>\n\t<meta property=\"og:image:type\" content=\"image\/jpeg\" \/>\n<meta name=\"author\" content=\"Reda\u00e7\u00e3o\" \/>\n<meta name=\"twitter:card\" content=\"summary_large_image\" \/>\n<meta name=\"twitter:creator\" content=\"@Notibras\" \/>\n<meta name=\"twitter:site\" content=\"@Notibras\" \/>\n<meta name=\"twitter:label1\" content=\"Escrito por\" \/>\n\t<meta name=\"twitter:data1\" content=\"Reda\u00e7\u00e3o\" \/>\n\t<meta name=\"twitter:label2\" content=\"Est. tempo de leitura\" \/>\n\t<meta name=\"twitter:data2\" content=\"3 minutos\" \/>\n<script type=\"application\/ld+json\" class=\"yoast-schema-graph\">{\"@context\":\"https:\/\/schema.org\",\"@graph\":[{\"@type\":\"Article\",\"@id\":\"https:\/\/www.notibras.com\/site\/queimada-resgata-velhos-tempos-de-esporte-popular\/#article\",\"isPartOf\":{\"@id\":\"https:\/\/www.notibras.com\/site\/queimada-resgata-velhos-tempos-de-esporte-popular\/\"},\"author\":{\"name\":\"Reda\u00e7\u00e3o\",\"@id\":\"https:\/\/www.notibras.com\/site\/#\/schema\/person\/36ab0979449956132d3e5b517ea76ac8\"},\"headline\":\"Queimada resgata velhos tempos de esporte popular\",\"datePublished\":\"2023-01-22T03:00:35+00:00\",\"dateModified\":\"2023-01-22T15:47:16+00:00\",\"mainEntityOfPage\":{\"@id\":\"https:\/\/www.notibras.com\/site\/queimada-resgata-velhos-tempos-de-esporte-popular\/\"},\"wordCount\":478,\"publisher\":{\"@id\":\"https:\/\/www.notibras.com\/site\/#organization\"},\"image\":{\"@id\":\"https:\/\/www.notibras.com\/site\/queimada-resgata-velhos-tempos-de-esporte-popular\/#primaryimage\"},\"thumbnailUrl\":\"https:\/\/www.notibras.com\/site\/wp-content\/uploads\/2023\/01\/queimada.jpg\",\"articleSection\":[\"Quadradinho em Foco\"],\"inLanguage\":\"pt-BR\"},{\"@type\":\"WebPage\",\"@id\":\"https:\/\/www.notibras.com\/site\/queimada-resgata-velhos-tempos-de-esporte-popular\/\",\"url\":\"https:\/\/www.notibras.com\/site\/queimada-resgata-velhos-tempos-de-esporte-popular\/\",\"name\":\"Queimada resgata velhos tempos de esporte popular - Notibras\",\"isPartOf\":{\"@id\":\"https:\/\/www.notibras.com\/site\/#website\"},\"primaryImageOfPage\":{\"@id\":\"https:\/\/www.notibras.com\/site\/queimada-resgata-velhos-tempos-de-esporte-popular\/#primaryimage\"},\"image\":{\"@id\":\"https:\/\/www.notibras.com\/site\/queimada-resgata-velhos-tempos-de-esporte-popular\/#primaryimage\"},\"thumbnailUrl\":\"https:\/\/www.notibras.com\/site\/wp-content\/uploads\/2023\/01\/queimada.jpg\",\"datePublished\":\"2023-01-22T03:00:35+00:00\",\"dateModified\":\"2023-01-22T15:47:16+00:00\",\"breadcrumb\":{\"@id\":\"https:\/\/www.notibras.com\/site\/queimada-resgata-velhos-tempos-de-esporte-popular\/#breadcrumb\"},\"inLanguage\":\"pt-BR\",\"potentialAction\":[{\"@type\":\"ReadAction\",\"target\":[\"https:\/\/www.notibras.com\/site\/queimada-resgata-velhos-tempos-de-esporte-popular\/\"]}]},{\"@type\":\"ImageObject\",\"inLanguage\":\"pt-BR\",\"@id\":\"https:\/\/www.notibras.com\/site\/queimada-resgata-velhos-tempos-de-esporte-popular\/#primaryimage\",\"url\":\"https:\/\/www.notibras.com\/site\/wp-content\/uploads\/2023\/01\/queimada.jpg\",\"contentUrl\":\"https:\/\/www.notibras.com\/site\/wp-content\/uploads\/2023\/01\/queimada.jpg\",\"width\":1536,\"height\":1023},{\"@type\":\"BreadcrumbList\",\"@id\":\"https:\/\/www.notibras.com\/site\/queimada-resgata-velhos-tempos-de-esporte-popular\/#breadcrumb\",\"itemListElement\":[{\"@type\":\"ListItem\",\"position\":1,\"name\":\"In\u00edcio\",\"item\":\"https:\/\/www.notibras.com\/site\/\"},{\"@type\":\"ListItem\",\"position\":2,\"name\":\"Queimada resgata velhos tempos de esporte popular\"}]},{\"@type\":\"WebSite\",\"@id\":\"https:\/\/www.notibras.com\/site\/#website\",\"url\":\"https:\/\/www.notibras.com\/site\/\",\"name\":\"Notibras\",\"description\":\"Not\u00edcias de Bras\u00edlia, do Brasil e do Mundo\",\"publisher\":{\"@id\":\"https:\/\/www.notibras.com\/site\/#organization\"},\"potentialAction\":[{\"@type\":\"SearchAction\",\"target\":{\"@type\":\"EntryPoint\",\"urlTemplate\":\"https:\/\/www.notibras.com\/site\/?s={search_term_string}\"},\"query-input\":{\"@type\":\"PropertyValueSpecification\",\"valueRequired\":true,\"valueName\":\"search_term_string\"}}],\"inLanguage\":\"pt-BR\"},{\"@type\":\"Organization\",\"@id\":\"https:\/\/www.notibras.com\/site\/#organization\",\"name\":\"Grupo Notibras de Comunica\u00e7\u00e3o\",\"url\":\"https:\/\/www.notibras.com\/site\/\",\"logo\":{\"@type\":\"ImageObject\",\"inLanguage\":\"pt-BR\",\"@id\":\"https:\/\/www.notibras.com\/site\/#\/schema\/logo\/image\/\",\"url\":\"https:\/\/www.notibras.com\/site\/wp-content\/uploads\/2023\/01\/notibras23.png\",\"contentUrl\":\"https:\/\/www.notibras.com\/site\/wp-content\/uploads\/2023\/01\/notibras23.png\",\"width\":350,\"height\":87,\"caption\":\"Grupo Notibras de Comunica\u00e7\u00e3o\"},\"image\":{\"@id\":\"https:\/\/www.notibras.com\/site\/#\/schema\/logo\/image\/\"},\"sameAs\":[\"https:\/\/www.facebook.com\/notibras\/\",\"https:\/\/x.com\/Notibras\",\"https:\/\/www.instagram.com\/notibras\/\"]},{\"@type\":\"Person\",\"@id\":\"https:\/\/www.notibras.com\/site\/#\/schema\/person\/36ab0979449956132d3e5b517ea76ac8\",\"name\":\"Reda\u00e7\u00e3o\",\"image\":{\"@type\":\"ImageObject\",\"inLanguage\":\"pt-BR\",\"@id\":\"https:\/\/secure.gravatar.com\/avatar\/e0a867bdedb85fd243eadf09663511f96fc81e0720a4a42581f334ad4303aa6b?s=96&d=mm&r=g\",\"url\":\"https:\/\/secure.gravatar.com\/avatar\/e0a867bdedb85fd243eadf09663511f96fc81e0720a4a42581f334ad4303aa6b?s=96&d=mm&r=g\",\"contentUrl\":\"https:\/\/secure.gravatar.com\/avatar\/e0a867bdedb85fd243eadf09663511f96fc81e0720a4a42581f334ad4303aa6b?s=96&d=mm&r=g\",\"caption\":\"Reda\u00e7\u00e3o\"}}]}<\/script>\n<!-- \/ Yoast SEO plugin. -->","yoast_head_json":{"title":"Queimada resgata velhos tempos de esporte popular - Notibras","robots":{"index":"index","follow":"follow","max-snippet":"max-snippet:-1","max-image-preview":"max-image-preview:large","max-video-preview":"max-video-preview:-1"},"canonical":"https:\/\/www.notibras.com\/site\/queimada-resgata-velhos-tempos-de-esporte-popular\/","og_locale":"pt_BR","og_type":"article","og_title":"Queimada resgata velhos tempos de esporte popular - Notibras","og_description":"Engana-se quem pensa que a queimada \u00e9 somente aquela velha brincadeira de inf\u00e2ncia. Aqui no Distrito Federal, o jogo se tornou uma modalidade esportiva em 2020, j\u00e1 est\u00e1 com a sua segunda competi\u00e7\u00e3o regional em andamento e \u00e9 apreciado por homens e mulheres. A final do 2\u00ba Campeonato Brasiliense de Queimada acontece neste domingo (22), [&hellip;]","og_url":"https:\/\/www.notibras.com\/site\/queimada-resgata-velhos-tempos-de-esporte-popular\/","og_site_name":"Notibras","article_publisher":"https:\/\/www.facebook.com\/notibras\/","article_published_time":"2023-01-22T03:00:35+00:00","article_modified_time":"2023-01-22T15:47:16+00:00","og_image":[{"width":1536,"height":1023,"url":"https:\/\/www.notibras.com\/site\/wp-content\/uploads\/2023\/01\/queimada.jpg","type":"image\/jpeg"}],"author":"Reda\u00e7\u00e3o","twitter_card":"summary_large_image","twitter_creator":"@Notibras","twitter_site":"@Notibras","twitter_misc":{"Escrito por":"Reda\u00e7\u00e3o","Est. tempo de leitura":"3 minutos"},"schema":{"@context":"https:\/\/schema.org","@graph":[{"@type":"Article","@id":"https:\/\/www.notibras.com\/site\/queimada-resgata-velhos-tempos-de-esporte-popular\/#article","isPartOf":{"@id":"https:\/\/www.notibras.com\/site\/queimada-resgata-velhos-tempos-de-esporte-popular\/"},"author":{"name":"Reda\u00e7\u00e3o","@id":"https:\/\/www.notibras.com\/site\/#\/schema\/person\/36ab0979449956132d3e5b517ea76ac8"},"headline":"Queimada resgata velhos tempos de esporte popular","datePublished":"2023-01-22T03:00:35+00:00","dateModified":"2023-01-22T15:47:16+00:00","mainEntityOfPage":{"@id":"https:\/\/www.notibras.com\/site\/queimada-resgata-velhos-tempos-de-esporte-popular\/"},"wordCount":478,"publisher":{"@id":"https:\/\/www.notibras.com\/site\/#organization"},"image":{"@id":"https:\/\/www.notibras.com\/site\/queimada-resgata-velhos-tempos-de-esporte-popular\/#primaryimage"},"thumbnailUrl":"https:\/\/www.notibras.com\/site\/wp-content\/uploads\/2023\/01\/queimada.jpg","articleSection":["Quadradinho em Foco"],"inLanguage":"pt-BR"},{"@type":"WebPage","@id":"https:\/\/www.notibras.com\/site\/queimada-resgata-velhos-tempos-de-esporte-popular\/","url":"https:\/\/www.notibras.com\/site\/queimada-resgata-velhos-tempos-de-esporte-popular\/","name":"Queimada resgata velhos tempos de esporte popular - Notibras","isPartOf":{"@id":"https:\/\/www.notibras.com\/site\/#website"},"primaryImageOfPage":{"@id":"https:\/\/www.notibras.com\/site\/queimada-resgata-velhos-tempos-de-esporte-popular\/#primaryimage"},"image":{"@id":"https:\/\/www.notibras.com\/site\/queimada-resgata-velhos-tempos-de-esporte-popular\/#primaryimage"},"thumbnailUrl":"https:\/\/www.notibras.com\/site\/wp-content\/uploads\/2023\/01\/queimada.jpg","datePublished":"2023-01-22T03:00:35+00:00","dateModified":"2023-01-22T15:47:16+00:00","breadcrumb":{"@id":"https:\/\/www.notibras.com\/site\/queimada-resgata-velhos-tempos-de-esporte-popular\/#breadcrumb"},"inLanguage":"pt-BR","potentialAction":[{"@type":"ReadAction","target":["https:\/\/www.notibras.com\/site\/queimada-resgata-velhos-tempos-de-esporte-popular\/"]}]},{"@type":"ImageObject","inLanguage":"pt-BR","@id":"https:\/\/www.notibras.com\/site\/queimada-resgata-velhos-tempos-de-esporte-popular\/#primaryimage","url":"https:\/\/www.notibras.com\/site\/wp-content\/uploads\/2023\/01\/queimada.jpg","contentUrl":"https:\/\/www.notibras.com\/site\/wp-content\/uploads\/2023\/01\/queimada.jpg","width":1536,"height":1023},{"@type":"BreadcrumbList","@id":"https:\/\/www.notibras.com\/site\/queimada-resgata-velhos-tempos-de-esporte-popular\/#breadcrumb","itemListElement":[{"@type":"ListItem","position":1,"name":"In\u00edcio","item":"https:\/\/www.notibras.com\/site\/"},{"@type":"ListItem","position":2,"name":"Queimada resgata velhos tempos de esporte popular"}]},{"@type":"WebSite","@id":"https:\/\/www.notibras.com\/site\/#website","url":"https:\/\/www.notibras.com\/site\/","name":"Notibras","description":"Not\u00edcias de Bras\u00edlia, do Brasil e do Mundo","publisher":{"@id":"https:\/\/www.notibras.com\/site\/#organization"},"potentialAction":[{"@type":"SearchAction","target":{"@type":"EntryPoint","urlTemplate":"https:\/\/www.notibras.com\/site\/?s={search_term_string}"},"query-input":{"@type":"PropertyValueSpecification","valueRequired":true,"valueName":"search_term_string"}}],"inLanguage":"pt-BR"},{"@type":"Organization","@id":"https:\/\/www.notibras.com\/site\/#organization","name":"Grupo Notibras de Comunica\u00e7\u00e3o","url":"https:\/\/www.notibras.com\/site\/","logo":{"@type":"ImageObject","inLanguage":"pt-BR","@id":"https:\/\/www.notibras.com\/site\/#\/schema\/logo\/image\/","url":"https:\/\/www.notibras.com\/site\/wp-content\/uploads\/2023\/01\/notibras23.png","contentUrl":"https:\/\/www.notibras.com\/site\/wp-content\/uploads\/2023\/01\/notibras23.png","width":350,"height":87,"caption":"Grupo Notibras de Comunica\u00e7\u00e3o"},"image":{"@id":"https:\/\/www.notibras.com\/site\/#\/schema\/logo\/image\/"},"sameAs":["https:\/\/www.facebook.com\/notibras\/","https:\/\/x.com\/Notibras","https:\/\/www.instagram.com\/notibras\/"]},{"@type":"Person","@id":"https:\/\/www.notibras.com\/site\/#\/schema\/person\/36ab0979449956132d3e5b517ea76ac8","name":"Reda\u00e7\u00e3o","image":{"@type":"ImageObject","inLanguage":"pt-BR","@id":"https:\/\/secure.gravatar.com\/avatar\/e0a867bdedb85fd243eadf09663511f96fc81e0720a4a42581f334ad4303aa6b?s=96&d=mm&r=g","url":"https:\/\/secure.gravatar.com\/avatar\/e0a867bdedb85fd243eadf09663511f96fc81e0720a4a42581f334ad4303aa6b?s=96&d=mm&r=g","contentUrl":"https:\/\/secure.gravatar.com\/avatar\/e0a867bdedb85fd243eadf09663511f96fc81e0720a4a42581f334ad4303aa6b?s=96&d=mm&r=g","caption":"Reda\u00e7\u00e3o"}}]}},"amp_enabled":true,"_links":{"self":[{"href":"https:\/\/www.notibras.com\/site\/wp-json\/wp\/v2\/posts\/298087","targetHints":{"allow":["GET"]}}],"collection":[{"href":"https:\/\/www.notibras.com\/site\/wp-json\/wp\/v2\/posts"}],"about":[{"href":"https:\/\/www.notibras.com\/site\/wp-json\/wp\/v2\/types\/post"}],"author":[{"embeddable":true,"href":"https:\/\/www.notibras.com\/site\/wp-json\/wp\/v2\/users\/2"}],"replies":[{"embeddable":true,"href":"https:\/\/www.notibras.com\/site\/wp-json\/wp\/v2\/comments?post=298087"}],"version-history":[{"count":1,"href":"https:\/\/www.notibras.com\/site\/wp-json\/wp\/v2\/posts\/298087\/revisions"}],"predecessor-version":[{"id":298089,"href":"https:\/\/www.notibras.com\/site\/wp-json\/wp\/v2\/posts\/298087\/revisions\/298089"}],"wp:featuredmedia":[{"embeddable":true,"href":"https:\/\/www.notibras.com\/site\/wp-json\/wp\/v2\/media\/298088"}],"wp:attachment":[{"href":"https:\/\/www.notibras.com\/site\/wp-json\/wp\/v2\/media?parent=298087"}],"wp:term":[{"taxonomy":"category","embeddable":true,"href":"https:\/\/www.notibras.com\/site\/wp-json\/wp\/v2\/categories?post=298087"},{"taxonomy":"post_tag","embeddable":true,"href":"https:\/\/www.notibras.com\/site\/wp-json\/wp\/v2\/tags?post=298087"}],"curies":[{"name":"wp","href":"https:\/\/api.w.org\/{rel}","templated":true}]}}