{"id":298093,"date":"2023-01-22T13:07:15","date_gmt":"2023-01-22T16:07:15","guid":{"rendered":"https:\/\/www.notibras.com\/site\/?p=298093"},"modified":"2023-01-22T13:08:09","modified_gmt":"2023-01-22T16:08:09","slug":"futuro-antecipado-das-nossas-criancas-sem-teto","status":"publish","type":"post","link":"https:\/\/www.notibras.com\/site\/futuro-antecipado-das-nossas-criancas-sem-teto\/","title":{"rendered":"Futuro antecipado das nossas crian\u00e7as sem-teto"},"content":{"rendered":"<p>Meninas e meninos, todos com n\u00e3o mais de dez anos, corriam de um lado para outro naquele beco mal iluminado nos subterr\u00e2neos do Setor Comercial Sul. N\u00e3o raro, alguns ratos pareciam querer entrar na brincadeira, tamanha a euforia da molecada. As moscas, no entanto, demonstravam maior interesse em sobrevoar as ca\u00e7ambas de lixo, que se amontoavam exalando um cheiro horr\u00edvel.<\/p>\n<p>As paredes ao redor eram cobertas por tintas e mais tintas de grafites esquecidos pelos olhares dos que por ali haviam passado. Lojas praticamente abandonadas circundavam aquele beco. Todas com as mesmas cores, como se combinassem at\u00e9 as falhas rudemente encobertas por um reboco sem pintura, tijolos que se sobressa\u00edam como espinhos que machucam a carne.<\/p>\n<p>Os poucos moradores eram os esquecidos da cidade, que cada vez mais havia crescido para o lado oposto. Sim, o lado oposto! O lado onde tudo parecia florescer, a despeito da mis\u00e9ria que ficava cada vez mais para tr\u00e1s. Todas as mazelas cada vez mais encrustadas naquele beco.<\/p>\n<p>Entretanto, aquelas crian\u00e7as pareciam n\u00e3o se importar com a pr\u00f3pria situa\u00e7\u00e3o de pen\u00faria. A gritaria chegava a ser ensurdecedora. Seja como for, os raros transeuntes n\u00e3o demonstravam qualquer interesse naqueles pirralhos.<\/p>\n<p>A manh\u00e3 passou como um sopro. Ningu\u00e9m queria deixar de participar do pega-pega, do pique-esconde, da queimada. As brincadeiras se sucediam, se sobrepunham, se misturavam como se tudo fosse uma coisa s\u00f3. Todas aquelas criaturas mi\u00fadas sorriam seus sorrisos infantis, algumas sem os dent\u00f5es da frente, que h\u00e1 pouco haviam ca\u00eddo.<\/p>\n<p>Logo chegou a tarde, que correu ligeira com aquelas pernas curtas, que cismavam em permanecer naquele beco imundo. O sol a pino fez os ratos desistirem de acompanhar tamanha balb\u00fardia, que parecia n\u00e3o ter fim. Cada moleque tentava gritar mais algo que o outro, como se disputassem a aten\u00e7\u00e3o de todos os presentes.<\/p>\n<p>Aos primeiros sinais da noite, os poucos moradores do local come\u00e7aram a retornar para os seus paup\u00e9rrimos lares. As horas se adiantaram, enquanto o sono come\u00e7ou a tomar aqueles seres sem-teto. E foi o que aconteceu, at\u00e9 que todos os ocupantes adormeciam em suas camas pu\u00eddas.\u00a0 J\u00e1 no beco, as crian\u00e7as ainda guardavam energia para v\u00e1rias horas.<\/p>\n<p>A madrugada veio e, com ela, o ranger das rodas enferrujadas de uma velha carro\u00e7a, puxada por um cambaleante cavalo. O animal arfava, enquanto era chicoteado por um homem de chap\u00e9u de palha. E antes que esse ser repugnante pudesse perceber a movimenta\u00e7\u00e3o no beco, todas as crian\u00e7as correram para detr\u00e1s de uma daquelas enormes lixeiras.<\/p>\n<p>O homem parou a carro\u00e7a bem perto de uma das ca\u00e7ambas. Observou para todos os cantos. Nada! Nem uma alma viva! Ele soltou o chicote e desceu da carro\u00e7a. Era mais alto do que se supunha, apesar das costas arqueadas. O rosto encovado talvez fossem marcas de uma vida sofrida.<\/p>\n<p>Abriu a enorme tampa do cont\u00eainer de lixo. Deu mais uma olhada ao redor, em seguida se dirigiu at\u00e9 a traseira da carro\u00e7a, arriou a tampa, puxou um saco encardido. Com um pouco de esfor\u00e7o, o colocou sobre o ombro direito. Aproximou-se o m\u00e1ximo poss\u00edvel e, ent\u00e3o, deixou que o volume ca\u00edsse direto na ca\u00e7amba. Um som surdo se fez notar. Novo olhar ao redor. Ningu\u00e9m! Nenhuma alma perdida.<\/p>\n<p>Fechou a tampa, subiu na carro\u00e7a, pegou o chicote. O cavalo, talvez percebendo o que lhe iria acontecer, adiantou o passo e logo a carro\u00e7a desapareceu daquele beco escuro. O sil\u00eancio permaneceu naquele local, pois as crian\u00e7as n\u00e3o se atreviam nem a respirar, tamanho o medo que lhes tomou por completo.<\/p>\n<p>Alguns minutos depois, no entanto, um dos mi\u00fados saiu detr\u00e1s da lixeira. N\u00e3o que fosse o mais corajoso, mas era o que possu\u00eda o maior sentimento de curiosidade. Um a um foram ao seu encal\u00e7o, at\u00e9 que chegaram \u00e0 outra ca\u00e7amba de lixo, justamente aquela onde o homem havia jogado o tal saco encardido.<\/p>\n<p>Com certo esfor\u00e7o, conseguiram suspender a tampa. Abriram o saco e, ent\u00e3o, perceberam que ali havia o corpo de uma menina. Mas n\u00e3o era apenas isso que estava naquela enorme caixa de metal enferrujada. Outros corpos jaziam ali. As crian\u00e7as, olhos arregalados, se reconheceram, uma a uma, naqueles cad\u00e1veres em avan\u00e7ado estado de decomposi\u00e7\u00e3o.<\/p>\n","protected":false},"excerpt":{"rendered":"<p>Meninas e meninos, todos com n\u00e3o mais de dez anos, corriam de um lado para outro naquele beco mal iluminado nos subterr\u00e2neos do Setor Comercial Sul. N\u00e3o raro, alguns ratos pareciam querer entrar na brincadeira, tamanha a euforia da molecada. As moscas, no entanto, demonstravam maior interesse em sobrevoar as ca\u00e7ambas de lixo, que se [&hellip;]<\/p>\n","protected":false},"author":2,"featured_media":298097,"comment_status":"closed","ping_status":"closed","sticky":false,"template":"","format":"standard","meta":{"_acf_changed":false,"footnotes":""},"categories":[161],"tags":[],"class_list":["post-298093","post","type-post","status-publish","format-standard","has-post-thumbnail","hentry","category-quadradinho-em-foco"],"acf":[],"yoast_head":"<!-- This site is optimized with the Yoast SEO plugin v27.2 - https:\/\/yoast.com\/product\/yoast-seo-wordpress\/ -->\n<title>Futuro antecipado das nossas crian\u00e7as sem-teto - Notibras<\/title>\n<meta name=\"robots\" content=\"index, follow, max-snippet:-1, max-image-preview:large, max-video-preview:-1\" \/>\n<link rel=\"canonical\" href=\"https:\/\/www.notibras.com\/site\/futuro-antecipado-das-nossas-criancas-sem-teto\/\" \/>\n<meta property=\"og:locale\" content=\"pt_BR\" \/>\n<meta property=\"og:type\" content=\"article\" \/>\n<meta property=\"og:title\" content=\"Futuro antecipado das nossas crian\u00e7as sem-teto - Notibras\" \/>\n<meta property=\"og:description\" content=\"Meninas e meninos, todos com n\u00e3o mais de dez anos, corriam de um lado para outro naquele beco mal iluminado nos subterr\u00e2neos do Setor Comercial Sul. N\u00e3o raro, alguns ratos pareciam querer entrar na brincadeira, tamanha a euforia da molecada. As moscas, no entanto, demonstravam maior interesse em sobrevoar as ca\u00e7ambas de lixo, que se [&hellip;]\" \/>\n<meta property=\"og:url\" content=\"https:\/\/www.notibras.com\/site\/futuro-antecipado-das-nossas-criancas-sem-teto\/\" \/>\n<meta property=\"og:site_name\" content=\"Notibras\" \/>\n<meta property=\"article:publisher\" content=\"https:\/\/www.facebook.com\/notibras\/\" \/>\n<meta property=\"article:published_time\" content=\"2023-01-22T16:07:15+00:00\" \/>\n<meta property=\"article:modified_time\" content=\"2023-01-22T16:08:09+00:00\" \/>\n<meta property=\"og:image\" content=\"https:\/\/www.notibras.com\/site\/wp-content\/uploads\/2023\/01\/crianca.rua_.webp\" \/>\n\t<meta property=\"og:image:width\" content=\"1920\" \/>\n\t<meta property=\"og:image:height\" content=\"1080\" \/>\n\t<meta property=\"og:image:type\" content=\"image\/webp\" \/>\n<meta name=\"author\" content=\"Reda\u00e7\u00e3o\" \/>\n<meta name=\"twitter:card\" content=\"summary_large_image\" \/>\n<meta name=\"twitter:creator\" content=\"@Notibras\" \/>\n<meta name=\"twitter:site\" content=\"@Notibras\" \/>\n<meta name=\"twitter:label1\" content=\"Escrito por\" \/>\n\t<meta name=\"twitter:data1\" content=\"Reda\u00e7\u00e3o\" \/>\n\t<meta name=\"twitter:label2\" content=\"Est. tempo de leitura\" \/>\n\t<meta name=\"twitter:data2\" content=\"4 minutos\" \/>\n<script type=\"application\/ld+json\" class=\"yoast-schema-graph\">{\"@context\":\"https:\/\/schema.org\",\"@graph\":[{\"@type\":\"Article\",\"@id\":\"https:\/\/www.notibras.com\/site\/futuro-antecipado-das-nossas-criancas-sem-teto\/#article\",\"isPartOf\":{\"@id\":\"https:\/\/www.notibras.com\/site\/futuro-antecipado-das-nossas-criancas-sem-teto\/\"},\"author\":{\"name\":\"Reda\u00e7\u00e3o\",\"@id\":\"https:\/\/www.notibras.com\/site\/#\/schema\/person\/36ab0979449956132d3e5b517ea76ac8\"},\"headline\":\"Futuro antecipado das nossas crian\u00e7as sem-teto\",\"datePublished\":\"2023-01-22T16:07:15+00:00\",\"dateModified\":\"2023-01-22T16:08:09+00:00\",\"mainEntityOfPage\":{\"@id\":\"https:\/\/www.notibras.com\/site\/futuro-antecipado-das-nossas-criancas-sem-teto\/\"},\"wordCount\":758,\"publisher\":{\"@id\":\"https:\/\/www.notibras.com\/site\/#organization\"},\"image\":{\"@id\":\"https:\/\/www.notibras.com\/site\/futuro-antecipado-das-nossas-criancas-sem-teto\/#primaryimage\"},\"thumbnailUrl\":\"https:\/\/www.notibras.com\/site\/wp-content\/uploads\/2023\/01\/crianca.rua_.webp\",\"articleSection\":[\"Quadradinho em Foco\"],\"inLanguage\":\"pt-BR\"},{\"@type\":\"WebPage\",\"@id\":\"https:\/\/www.notibras.com\/site\/futuro-antecipado-das-nossas-criancas-sem-teto\/\",\"url\":\"https:\/\/www.notibras.com\/site\/futuro-antecipado-das-nossas-criancas-sem-teto\/\",\"name\":\"Futuro antecipado das nossas crian\u00e7as sem-teto - Notibras\",\"isPartOf\":{\"@id\":\"https:\/\/www.notibras.com\/site\/#website\"},\"primaryImageOfPage\":{\"@id\":\"https:\/\/www.notibras.com\/site\/futuro-antecipado-das-nossas-criancas-sem-teto\/#primaryimage\"},\"image\":{\"@id\":\"https:\/\/www.notibras.com\/site\/futuro-antecipado-das-nossas-criancas-sem-teto\/#primaryimage\"},\"thumbnailUrl\":\"https:\/\/www.notibras.com\/site\/wp-content\/uploads\/2023\/01\/crianca.rua_.webp\",\"datePublished\":\"2023-01-22T16:07:15+00:00\",\"dateModified\":\"2023-01-22T16:08:09+00:00\",\"breadcrumb\":{\"@id\":\"https:\/\/www.notibras.com\/site\/futuro-antecipado-das-nossas-criancas-sem-teto\/#breadcrumb\"},\"inLanguage\":\"pt-BR\",\"potentialAction\":[{\"@type\":\"ReadAction\",\"target\":[\"https:\/\/www.notibras.com\/site\/futuro-antecipado-das-nossas-criancas-sem-teto\/\"]}]},{\"@type\":\"ImageObject\",\"inLanguage\":\"pt-BR\",\"@id\":\"https:\/\/www.notibras.com\/site\/futuro-antecipado-das-nossas-criancas-sem-teto\/#primaryimage\",\"url\":\"https:\/\/www.notibras.com\/site\/wp-content\/uploads\/2023\/01\/crianca.rua_.webp\",\"contentUrl\":\"https:\/\/www.notibras.com\/site\/wp-content\/uploads\/2023\/01\/crianca.rua_.webp\",\"width\":1920,\"height\":1080},{\"@type\":\"BreadcrumbList\",\"@id\":\"https:\/\/www.notibras.com\/site\/futuro-antecipado-das-nossas-criancas-sem-teto\/#breadcrumb\",\"itemListElement\":[{\"@type\":\"ListItem\",\"position\":1,\"name\":\"In\u00edcio\",\"item\":\"https:\/\/www.notibras.com\/site\/\"},{\"@type\":\"ListItem\",\"position\":2,\"name\":\"Futuro antecipado das nossas crian\u00e7as sem-teto\"}]},{\"@type\":\"WebSite\",\"@id\":\"https:\/\/www.notibras.com\/site\/#website\",\"url\":\"https:\/\/www.notibras.com\/site\/\",\"name\":\"Notibras\",\"description\":\"Not\u00edcias de Bras\u00edlia, do Brasil e do Mundo\",\"publisher\":{\"@id\":\"https:\/\/www.notibras.com\/site\/#organization\"},\"potentialAction\":[{\"@type\":\"SearchAction\",\"target\":{\"@type\":\"EntryPoint\",\"urlTemplate\":\"https:\/\/www.notibras.com\/site\/?s={search_term_string}\"},\"query-input\":{\"@type\":\"PropertyValueSpecification\",\"valueRequired\":true,\"valueName\":\"search_term_string\"}}],\"inLanguage\":\"pt-BR\"},{\"@type\":\"Organization\",\"@id\":\"https:\/\/www.notibras.com\/site\/#organization\",\"name\":\"Grupo Notibras de Comunica\u00e7\u00e3o\",\"url\":\"https:\/\/www.notibras.com\/site\/\",\"logo\":{\"@type\":\"ImageObject\",\"inLanguage\":\"pt-BR\",\"@id\":\"https:\/\/www.notibras.com\/site\/#\/schema\/logo\/image\/\",\"url\":\"https:\/\/www.notibras.com\/site\/wp-content\/uploads\/2023\/01\/notibras23.png\",\"contentUrl\":\"https:\/\/www.notibras.com\/site\/wp-content\/uploads\/2023\/01\/notibras23.png\",\"width\":350,\"height\":87,\"caption\":\"Grupo Notibras de Comunica\u00e7\u00e3o\"},\"image\":{\"@id\":\"https:\/\/www.notibras.com\/site\/#\/schema\/logo\/image\/\"},\"sameAs\":[\"https:\/\/www.facebook.com\/notibras\/\",\"https:\/\/x.com\/Notibras\",\"https:\/\/www.instagram.com\/notibras\/\"]},{\"@type\":\"Person\",\"@id\":\"https:\/\/www.notibras.com\/site\/#\/schema\/person\/36ab0979449956132d3e5b517ea76ac8\",\"name\":\"Reda\u00e7\u00e3o\",\"image\":{\"@type\":\"ImageObject\",\"inLanguage\":\"pt-BR\",\"@id\":\"https:\/\/secure.gravatar.com\/avatar\/e0a867bdedb85fd243eadf09663511f96fc81e0720a4a42581f334ad4303aa6b?s=96&d=mm&r=g\",\"url\":\"https:\/\/secure.gravatar.com\/avatar\/e0a867bdedb85fd243eadf09663511f96fc81e0720a4a42581f334ad4303aa6b?s=96&d=mm&r=g\",\"contentUrl\":\"https:\/\/secure.gravatar.com\/avatar\/e0a867bdedb85fd243eadf09663511f96fc81e0720a4a42581f334ad4303aa6b?s=96&d=mm&r=g\",\"caption\":\"Reda\u00e7\u00e3o\"}}]}<\/script>\n<!-- \/ Yoast SEO plugin. -->","yoast_head_json":{"title":"Futuro antecipado das nossas crian\u00e7as sem-teto - Notibras","robots":{"index":"index","follow":"follow","max-snippet":"max-snippet:-1","max-image-preview":"max-image-preview:large","max-video-preview":"max-video-preview:-1"},"canonical":"https:\/\/www.notibras.com\/site\/futuro-antecipado-das-nossas-criancas-sem-teto\/","og_locale":"pt_BR","og_type":"article","og_title":"Futuro antecipado das nossas crian\u00e7as sem-teto - Notibras","og_description":"Meninas e meninos, todos com n\u00e3o mais de dez anos, corriam de um lado para outro naquele beco mal iluminado nos subterr\u00e2neos do Setor Comercial Sul. N\u00e3o raro, alguns ratos pareciam querer entrar na brincadeira, tamanha a euforia da molecada. As moscas, no entanto, demonstravam maior interesse em sobrevoar as ca\u00e7ambas de lixo, que se [&hellip;]","og_url":"https:\/\/www.notibras.com\/site\/futuro-antecipado-das-nossas-criancas-sem-teto\/","og_site_name":"Notibras","article_publisher":"https:\/\/www.facebook.com\/notibras\/","article_published_time":"2023-01-22T16:07:15+00:00","article_modified_time":"2023-01-22T16:08:09+00:00","og_image":[{"width":1920,"height":1080,"url":"https:\/\/www.notibras.com\/site\/wp-content\/uploads\/2023\/01\/crianca.rua_.webp","type":"image\/webp"}],"author":"Reda\u00e7\u00e3o","twitter_card":"summary_large_image","twitter_creator":"@Notibras","twitter_site":"@Notibras","twitter_misc":{"Escrito por":"Reda\u00e7\u00e3o","Est. tempo de leitura":"4 minutos"},"schema":{"@context":"https:\/\/schema.org","@graph":[{"@type":"Article","@id":"https:\/\/www.notibras.com\/site\/futuro-antecipado-das-nossas-criancas-sem-teto\/#article","isPartOf":{"@id":"https:\/\/www.notibras.com\/site\/futuro-antecipado-das-nossas-criancas-sem-teto\/"},"author":{"name":"Reda\u00e7\u00e3o","@id":"https:\/\/www.notibras.com\/site\/#\/schema\/person\/36ab0979449956132d3e5b517ea76ac8"},"headline":"Futuro antecipado das nossas crian\u00e7as sem-teto","datePublished":"2023-01-22T16:07:15+00:00","dateModified":"2023-01-22T16:08:09+00:00","mainEntityOfPage":{"@id":"https:\/\/www.notibras.com\/site\/futuro-antecipado-das-nossas-criancas-sem-teto\/"},"wordCount":758,"publisher":{"@id":"https:\/\/www.notibras.com\/site\/#organization"},"image":{"@id":"https:\/\/www.notibras.com\/site\/futuro-antecipado-das-nossas-criancas-sem-teto\/#primaryimage"},"thumbnailUrl":"https:\/\/www.notibras.com\/site\/wp-content\/uploads\/2023\/01\/crianca.rua_.webp","articleSection":["Quadradinho em Foco"],"inLanguage":"pt-BR"},{"@type":"WebPage","@id":"https:\/\/www.notibras.com\/site\/futuro-antecipado-das-nossas-criancas-sem-teto\/","url":"https:\/\/www.notibras.com\/site\/futuro-antecipado-das-nossas-criancas-sem-teto\/","name":"Futuro antecipado das nossas crian\u00e7as sem-teto - Notibras","isPartOf":{"@id":"https:\/\/www.notibras.com\/site\/#website"},"primaryImageOfPage":{"@id":"https:\/\/www.notibras.com\/site\/futuro-antecipado-das-nossas-criancas-sem-teto\/#primaryimage"},"image":{"@id":"https:\/\/www.notibras.com\/site\/futuro-antecipado-das-nossas-criancas-sem-teto\/#primaryimage"},"thumbnailUrl":"https:\/\/www.notibras.com\/site\/wp-content\/uploads\/2023\/01\/crianca.rua_.webp","datePublished":"2023-01-22T16:07:15+00:00","dateModified":"2023-01-22T16:08:09+00:00","breadcrumb":{"@id":"https:\/\/www.notibras.com\/site\/futuro-antecipado-das-nossas-criancas-sem-teto\/#breadcrumb"},"inLanguage":"pt-BR","potentialAction":[{"@type":"ReadAction","target":["https:\/\/www.notibras.com\/site\/futuro-antecipado-das-nossas-criancas-sem-teto\/"]}]},{"@type":"ImageObject","inLanguage":"pt-BR","@id":"https:\/\/www.notibras.com\/site\/futuro-antecipado-das-nossas-criancas-sem-teto\/#primaryimage","url":"https:\/\/www.notibras.com\/site\/wp-content\/uploads\/2023\/01\/crianca.rua_.webp","contentUrl":"https:\/\/www.notibras.com\/site\/wp-content\/uploads\/2023\/01\/crianca.rua_.webp","width":1920,"height":1080},{"@type":"BreadcrumbList","@id":"https:\/\/www.notibras.com\/site\/futuro-antecipado-das-nossas-criancas-sem-teto\/#breadcrumb","itemListElement":[{"@type":"ListItem","position":1,"name":"In\u00edcio","item":"https:\/\/www.notibras.com\/site\/"},{"@type":"ListItem","position":2,"name":"Futuro antecipado das nossas crian\u00e7as sem-teto"}]},{"@type":"WebSite","@id":"https:\/\/www.notibras.com\/site\/#website","url":"https:\/\/www.notibras.com\/site\/","name":"Notibras","description":"Not\u00edcias de Bras\u00edlia, do Brasil e do Mundo","publisher":{"@id":"https:\/\/www.notibras.com\/site\/#organization"},"potentialAction":[{"@type":"SearchAction","target":{"@type":"EntryPoint","urlTemplate":"https:\/\/www.notibras.com\/site\/?s={search_term_string}"},"query-input":{"@type":"PropertyValueSpecification","valueRequired":true,"valueName":"search_term_string"}}],"inLanguage":"pt-BR"},{"@type":"Organization","@id":"https:\/\/www.notibras.com\/site\/#organization","name":"Grupo Notibras de Comunica\u00e7\u00e3o","url":"https:\/\/www.notibras.com\/site\/","logo":{"@type":"ImageObject","inLanguage":"pt-BR","@id":"https:\/\/www.notibras.com\/site\/#\/schema\/logo\/image\/","url":"https:\/\/www.notibras.com\/site\/wp-content\/uploads\/2023\/01\/notibras23.png","contentUrl":"https:\/\/www.notibras.com\/site\/wp-content\/uploads\/2023\/01\/notibras23.png","width":350,"height":87,"caption":"Grupo Notibras de Comunica\u00e7\u00e3o"},"image":{"@id":"https:\/\/www.notibras.com\/site\/#\/schema\/logo\/image\/"},"sameAs":["https:\/\/www.facebook.com\/notibras\/","https:\/\/x.com\/Notibras","https:\/\/www.instagram.com\/notibras\/"]},{"@type":"Person","@id":"https:\/\/www.notibras.com\/site\/#\/schema\/person\/36ab0979449956132d3e5b517ea76ac8","name":"Reda\u00e7\u00e3o","image":{"@type":"ImageObject","inLanguage":"pt-BR","@id":"https:\/\/secure.gravatar.com\/avatar\/e0a867bdedb85fd243eadf09663511f96fc81e0720a4a42581f334ad4303aa6b?s=96&d=mm&r=g","url":"https:\/\/secure.gravatar.com\/avatar\/e0a867bdedb85fd243eadf09663511f96fc81e0720a4a42581f334ad4303aa6b?s=96&d=mm&r=g","contentUrl":"https:\/\/secure.gravatar.com\/avatar\/e0a867bdedb85fd243eadf09663511f96fc81e0720a4a42581f334ad4303aa6b?s=96&d=mm&r=g","caption":"Reda\u00e7\u00e3o"}}]}},"amp_enabled":true,"_links":{"self":[{"href":"https:\/\/www.notibras.com\/site\/wp-json\/wp\/v2\/posts\/298093","targetHints":{"allow":["GET"]}}],"collection":[{"href":"https:\/\/www.notibras.com\/site\/wp-json\/wp\/v2\/posts"}],"about":[{"href":"https:\/\/www.notibras.com\/site\/wp-json\/wp\/v2\/types\/post"}],"author":[{"embeddable":true,"href":"https:\/\/www.notibras.com\/site\/wp-json\/wp\/v2\/users\/2"}],"replies":[{"embeddable":true,"href":"https:\/\/www.notibras.com\/site\/wp-json\/wp\/v2\/comments?post=298093"}],"version-history":[{"count":2,"href":"https:\/\/www.notibras.com\/site\/wp-json\/wp\/v2\/posts\/298093\/revisions"}],"predecessor-version":[{"id":298096,"href":"https:\/\/www.notibras.com\/site\/wp-json\/wp\/v2\/posts\/298093\/revisions\/298096"}],"wp:featuredmedia":[{"embeddable":true,"href":"https:\/\/www.notibras.com\/site\/wp-json\/wp\/v2\/media\/298097"}],"wp:attachment":[{"href":"https:\/\/www.notibras.com\/site\/wp-json\/wp\/v2\/media?parent=298093"}],"wp:term":[{"taxonomy":"category","embeddable":true,"href":"https:\/\/www.notibras.com\/site\/wp-json\/wp\/v2\/categories?post=298093"},{"taxonomy":"post_tag","embeddable":true,"href":"https:\/\/www.notibras.com\/site\/wp-json\/wp\/v2\/tags?post=298093"}],"curies":[{"name":"wp","href":"https:\/\/api.w.org\/{rel}","templated":true}]}}