{"id":298145,"date":"2023-01-23T10:19:34","date_gmt":"2023-01-23T13:19:34","guid":{"rendered":"https:\/\/www.notibras.com\/site\/?p=298145"},"modified":"2023-01-23T12:24:03","modified_gmt":"2023-01-23T15:24:03","slug":"chuvas-aceleram-o-plantio-de-mais-arvores-nas-cidades","status":"publish","type":"post","link":"https:\/\/www.notibras.com\/site\/chuvas-aceleram-o-plantio-de-mais-arvores-nas-cidades\/","title":{"rendered":"Chuvas aceleram o plantio de mais \u00e1rvores nas cidades"},"content":{"rendered":"<p>Cem mil \u00e1rvores de diferentes esp\u00e9cies ser\u00e3o plantadas em todo o Distrito Federal at\u00e9 o fim de 2023. A medida faz parte do plano de arboriza\u00e7\u00e3o do governo local e vai levar in\u00fameras mudas de ip\u00ea, jacarand\u00e1, fisocalima, sapucaia, flamboyant e jequitib\u00e1 para as ruas das cidades. At\u00e9 o momento, 25 mil mudas j\u00e1 deixaram o DF mais verde, e as demais 75 mil ser\u00e3o plantadas at\u00e9 dezembro.<\/p>\n<p>Do total de mudas a serem plantadas neste ano, 40 mil s\u00e3o de ip\u00eas, nas cores roxa, amarela, rosa e verde<br \/>\nA inten\u00e7\u00e3o do governo, por meio da Novacap, respons\u00e1vel pelo plantio, \u00e9 finalizar o trabalho a partir de outubro, com o retorno das chuvas. Est\u00e1 previsto o plantio de mais 35 mil mudas at\u00e9 o fim de mar\u00e7o; o restante, no segundo semestre.<\/p>\n<p>A prioridade de plantio t\u00eam sido cidades que passaram por urbaniza\u00e7\u00e3o ou altera\u00e7\u00f5es recentemente, a exemplo de Vicente Pires e Planaltina. Assim como nessas duas regi\u00f5es, o trabalho foi finalizado, a partir das demandas das regi\u00f5es administrativas, em Sobradinho e no Park Way. Trabalho este que vem sendo executado por 200 profissionais.<\/p>\n<p>Considerado o cart\u00e3o-postal da capital do pa\u00eds, o ip\u00ea ter\u00e1 40 mil exemplares plantados, nas cores branca, amarela, roxa, rosa e verde. Os outros 60 mil exemplares s\u00e3o de outras esp\u00e9cies nativas do cerrado.<\/p>\n<p>\u201c\u00c9 um plantio tecnicamente executado. Nesse primeiro momento, fizemos levantamento da necessidade de cada cidade. No caso do Plano Piloto, por exemplo, onde h\u00e1 vegeta\u00e7\u00e3o consolidada, estamos fazendo replantio por fatores clim\u00e1ticos ou por podrid\u00e3o, \u00e9 um caso de reposi\u00e7\u00e3o. Nas outras regi\u00f5es administrativas, foram criadas novas vias e bairros, que est\u00e3o sendo contemplados\u201d, explica o diretor do Departamento de Parques e Jardins (DPJ) da Novacap, Raimundo Oliveira Silva.<\/p>\n<p>Segundo a companhia, as obras tocadas pelo GDF passam pela an\u00e1lise de paisagismo da Novacap, faz o levantamento das necessidades de plantio de \u00e1rvores. \u201cEstamos plantando nas vias esp\u00e9cies variadas para n\u00e3o ter uma monocultura e, no caso de praga, n\u00e3o ocorrer a perda das \u00e1rvores. O ideal para criar um cintur\u00e3o de prote\u00e7\u00e3o \u00e9 n\u00e3o fazer o plantio de uma \u00fanica esp\u00e9cie, por isso estamos diversificando\u201d, acrescenta Raimundo Silva.<\/p>\n<p>Para o administrador de Planaltina, Wesley Fonseca, o plantio \u00e9 essencial na manuten\u00e7\u00e3o da hist\u00f3ria da cidade. \u201cNossa cidade \u00e9 hist\u00f3rica, vai fazer 164 anos. Aqui foi lan\u00e7ada a Pedra Fundamental, ela tem um contexto hist\u00f3rico e tem \u00e1rvores centen\u00e1rias. As novas \u00e1rvores v\u00e3o ser extremamente importantes para a nossa cidade, porque com o plantio n\u00f3s educamos nossas crian\u00e7as e incentivamos as comunidades a cuidarem delas\u201d, afirma.<\/p>\n<p>A Novacap \u00e9 o \u00fanico \u00f3rg\u00e3o autorizado a plantar \u00e1rvores no DF. \u201cA popula\u00e7\u00e3o n\u00e3o deve fazer o plantio sem a orienta\u00e7\u00e3o t\u00e9cnica da Novacap, porque 90% das \u00e1rvores que caem no DF foram plantadas indevidamente. E isso termina causando quedas sobre resid\u00eancias e at\u00e9 v\u00edtimas fatais\u201d, afirma Raimundo Silva. A popula\u00e7\u00e3o pode solicitar orienta\u00e7\u00e3o t\u00e9cnica sobre o plantio de \u00e1rvores pelo site da Ouvidoria ou no telefone 162.<\/p>\n","protected":false},"excerpt":{"rendered":"<p>Cem mil \u00e1rvores de diferentes esp\u00e9cies ser\u00e3o plantadas em todo o Distrito Federal at\u00e9 o fim de 2023. A medida faz parte do plano de arboriza\u00e7\u00e3o do governo local e vai levar in\u00fameras mudas de ip\u00ea, jacarand\u00e1, fisocalima, sapucaia, flamboyant e jequitib\u00e1 para as ruas das cidades. At\u00e9 o momento, 25 mil mudas j\u00e1 deixaram [&hellip;]<\/p>\n","protected":false},"author":2,"featured_media":298146,"comment_status":"closed","ping_status":"closed","sticky":false,"template":"","format":"standard","meta":{"_acf_changed":false,"footnotes":""},"categories":[161],"tags":[],"class_list":["post-298145","post","type-post","status-publish","format-standard","has-post-thumbnail","hentry","category-quadradinho-em-foco"],"acf":[],"yoast_head":"<!-- This site is optimized with the Yoast SEO plugin v27.2 - https:\/\/yoast.com\/product\/yoast-seo-wordpress\/ -->\n<title>Chuvas aceleram o plantio de mais \u00e1rvores nas cidades - Notibras<\/title>\n<meta name=\"robots\" content=\"index, follow, max-snippet:-1, max-image-preview:large, max-video-preview:-1\" \/>\n<link rel=\"canonical\" href=\"https:\/\/www.notibras.com\/site\/chuvas-aceleram-o-plantio-de-mais-arvores-nas-cidades\/\" \/>\n<meta property=\"og:locale\" content=\"pt_BR\" \/>\n<meta property=\"og:type\" content=\"article\" \/>\n<meta property=\"og:title\" content=\"Chuvas aceleram o plantio de mais \u00e1rvores nas cidades - Notibras\" \/>\n<meta property=\"og:description\" content=\"Cem mil \u00e1rvores de diferentes esp\u00e9cies ser\u00e3o plantadas em todo o Distrito Federal at\u00e9 o fim de 2023. A medida faz parte do plano de arboriza\u00e7\u00e3o do governo local e vai levar in\u00fameras mudas de ip\u00ea, jacarand\u00e1, fisocalima, sapucaia, flamboyant e jequitib\u00e1 para as ruas das cidades. At\u00e9 o momento, 25 mil mudas j\u00e1 deixaram [&hellip;]\" \/>\n<meta property=\"og:url\" content=\"https:\/\/www.notibras.com\/site\/chuvas-aceleram-o-plantio-de-mais-arvores-nas-cidades\/\" \/>\n<meta property=\"og:site_name\" content=\"Notibras\" \/>\n<meta property=\"article:publisher\" content=\"https:\/\/www.facebook.com\/notibras\/\" \/>\n<meta property=\"article:published_time\" content=\"2023-01-23T13:19:34+00:00\" \/>\n<meta property=\"article:modified_time\" content=\"2023-01-23T15:24:03+00:00\" \/>\n<meta property=\"og:image\" content=\"https:\/\/www.notibras.com\/site\/wp-content\/uploads\/2023\/01\/arvores.chuvas.jpg\" \/>\n\t<meta property=\"og:image:width\" content=\"1280\" \/>\n\t<meta property=\"og:image:height\" content=\"850\" \/>\n\t<meta property=\"og:image:type\" content=\"image\/jpeg\" \/>\n<meta name=\"author\" content=\"Reda\u00e7\u00e3o\" \/>\n<meta name=\"twitter:card\" content=\"summary_large_image\" \/>\n<meta name=\"twitter:creator\" content=\"@Notibras\" \/>\n<meta name=\"twitter:site\" content=\"@Notibras\" \/>\n<meta name=\"twitter:label1\" content=\"Escrito por\" \/>\n\t<meta name=\"twitter:data1\" content=\"Reda\u00e7\u00e3o\" \/>\n\t<meta name=\"twitter:label2\" content=\"Est. tempo de leitura\" \/>\n\t<meta name=\"twitter:data2\" content=\"3 minutos\" \/>\n<script type=\"application\/ld+json\" class=\"yoast-schema-graph\">{\"@context\":\"https:\/\/schema.org\",\"@graph\":[{\"@type\":\"Article\",\"@id\":\"https:\/\/www.notibras.com\/site\/chuvas-aceleram-o-plantio-de-mais-arvores-nas-cidades\/#article\",\"isPartOf\":{\"@id\":\"https:\/\/www.notibras.com\/site\/chuvas-aceleram-o-plantio-de-mais-arvores-nas-cidades\/\"},\"author\":{\"name\":\"Reda\u00e7\u00e3o\",\"@id\":\"https:\/\/www.notibras.com\/site\/#\/schema\/person\/36ab0979449956132d3e5b517ea76ac8\"},\"headline\":\"Chuvas aceleram o plantio de mais \u00e1rvores nas cidades\",\"datePublished\":\"2023-01-23T13:19:34+00:00\",\"dateModified\":\"2023-01-23T15:24:03+00:00\",\"mainEntityOfPage\":{\"@id\":\"https:\/\/www.notibras.com\/site\/chuvas-aceleram-o-plantio-de-mais-arvores-nas-cidades\/\"},\"wordCount\":536,\"publisher\":{\"@id\":\"https:\/\/www.notibras.com\/site\/#organization\"},\"image\":{\"@id\":\"https:\/\/www.notibras.com\/site\/chuvas-aceleram-o-plantio-de-mais-arvores-nas-cidades\/#primaryimage\"},\"thumbnailUrl\":\"https:\/\/www.notibras.com\/site\/wp-content\/uploads\/2023\/01\/arvores.chuvas.jpg\",\"articleSection\":[\"Quadradinho em Foco\"],\"inLanguage\":\"pt-BR\"},{\"@type\":\"WebPage\",\"@id\":\"https:\/\/www.notibras.com\/site\/chuvas-aceleram-o-plantio-de-mais-arvores-nas-cidades\/\",\"url\":\"https:\/\/www.notibras.com\/site\/chuvas-aceleram-o-plantio-de-mais-arvores-nas-cidades\/\",\"name\":\"Chuvas aceleram o plantio de mais \u00e1rvores nas cidades - Notibras\",\"isPartOf\":{\"@id\":\"https:\/\/www.notibras.com\/site\/#website\"},\"primaryImageOfPage\":{\"@id\":\"https:\/\/www.notibras.com\/site\/chuvas-aceleram-o-plantio-de-mais-arvores-nas-cidades\/#primaryimage\"},\"image\":{\"@id\":\"https:\/\/www.notibras.com\/site\/chuvas-aceleram-o-plantio-de-mais-arvores-nas-cidades\/#primaryimage\"},\"thumbnailUrl\":\"https:\/\/www.notibras.com\/site\/wp-content\/uploads\/2023\/01\/arvores.chuvas.jpg\",\"datePublished\":\"2023-01-23T13:19:34+00:00\",\"dateModified\":\"2023-01-23T15:24:03+00:00\",\"breadcrumb\":{\"@id\":\"https:\/\/www.notibras.com\/site\/chuvas-aceleram-o-plantio-de-mais-arvores-nas-cidades\/#breadcrumb\"},\"inLanguage\":\"pt-BR\",\"potentialAction\":[{\"@type\":\"ReadAction\",\"target\":[\"https:\/\/www.notibras.com\/site\/chuvas-aceleram-o-plantio-de-mais-arvores-nas-cidades\/\"]}]},{\"@type\":\"ImageObject\",\"inLanguage\":\"pt-BR\",\"@id\":\"https:\/\/www.notibras.com\/site\/chuvas-aceleram-o-plantio-de-mais-arvores-nas-cidades\/#primaryimage\",\"url\":\"https:\/\/www.notibras.com\/site\/wp-content\/uploads\/2023\/01\/arvores.chuvas.jpg\",\"contentUrl\":\"https:\/\/www.notibras.com\/site\/wp-content\/uploads\/2023\/01\/arvores.chuvas.jpg\",\"width\":1280,\"height\":850},{\"@type\":\"BreadcrumbList\",\"@id\":\"https:\/\/www.notibras.com\/site\/chuvas-aceleram-o-plantio-de-mais-arvores-nas-cidades\/#breadcrumb\",\"itemListElement\":[{\"@type\":\"ListItem\",\"position\":1,\"name\":\"In\u00edcio\",\"item\":\"https:\/\/www.notibras.com\/site\/\"},{\"@type\":\"ListItem\",\"position\":2,\"name\":\"Chuvas aceleram o plantio de mais \u00e1rvores nas cidades\"}]},{\"@type\":\"WebSite\",\"@id\":\"https:\/\/www.notibras.com\/site\/#website\",\"url\":\"https:\/\/www.notibras.com\/site\/\",\"name\":\"Notibras\",\"description\":\"Not\u00edcias de Bras\u00edlia, do Brasil e do Mundo\",\"publisher\":{\"@id\":\"https:\/\/www.notibras.com\/site\/#organization\"},\"potentialAction\":[{\"@type\":\"SearchAction\",\"target\":{\"@type\":\"EntryPoint\",\"urlTemplate\":\"https:\/\/www.notibras.com\/site\/?s={search_term_string}\"},\"query-input\":{\"@type\":\"PropertyValueSpecification\",\"valueRequired\":true,\"valueName\":\"search_term_string\"}}],\"inLanguage\":\"pt-BR\"},{\"@type\":\"Organization\",\"@id\":\"https:\/\/www.notibras.com\/site\/#organization\",\"name\":\"Grupo Notibras de Comunica\u00e7\u00e3o\",\"url\":\"https:\/\/www.notibras.com\/site\/\",\"logo\":{\"@type\":\"ImageObject\",\"inLanguage\":\"pt-BR\",\"@id\":\"https:\/\/www.notibras.com\/site\/#\/schema\/logo\/image\/\",\"url\":\"https:\/\/www.notibras.com\/site\/wp-content\/uploads\/2023\/01\/notibras23.png\",\"contentUrl\":\"https:\/\/www.notibras.com\/site\/wp-content\/uploads\/2023\/01\/notibras23.png\",\"width\":350,\"height\":87,\"caption\":\"Grupo Notibras de Comunica\u00e7\u00e3o\"},\"image\":{\"@id\":\"https:\/\/www.notibras.com\/site\/#\/schema\/logo\/image\/\"},\"sameAs\":[\"https:\/\/www.facebook.com\/notibras\/\",\"https:\/\/x.com\/Notibras\",\"https:\/\/www.instagram.com\/notibras\/\"]},{\"@type\":\"Person\",\"@id\":\"https:\/\/www.notibras.com\/site\/#\/schema\/person\/36ab0979449956132d3e5b517ea76ac8\",\"name\":\"Reda\u00e7\u00e3o\",\"image\":{\"@type\":\"ImageObject\",\"inLanguage\":\"pt-BR\",\"@id\":\"https:\/\/secure.gravatar.com\/avatar\/e0a867bdedb85fd243eadf09663511f96fc81e0720a4a42581f334ad4303aa6b?s=96&d=mm&r=g\",\"url\":\"https:\/\/secure.gravatar.com\/avatar\/e0a867bdedb85fd243eadf09663511f96fc81e0720a4a42581f334ad4303aa6b?s=96&d=mm&r=g\",\"contentUrl\":\"https:\/\/secure.gravatar.com\/avatar\/e0a867bdedb85fd243eadf09663511f96fc81e0720a4a42581f334ad4303aa6b?s=96&d=mm&r=g\",\"caption\":\"Reda\u00e7\u00e3o\"}}]}<\/script>\n<!-- \/ Yoast SEO plugin. -->","yoast_head_json":{"title":"Chuvas aceleram o plantio de mais \u00e1rvores nas cidades - Notibras","robots":{"index":"index","follow":"follow","max-snippet":"max-snippet:-1","max-image-preview":"max-image-preview:large","max-video-preview":"max-video-preview:-1"},"canonical":"https:\/\/www.notibras.com\/site\/chuvas-aceleram-o-plantio-de-mais-arvores-nas-cidades\/","og_locale":"pt_BR","og_type":"article","og_title":"Chuvas aceleram o plantio de mais \u00e1rvores nas cidades - Notibras","og_description":"Cem mil \u00e1rvores de diferentes esp\u00e9cies ser\u00e3o plantadas em todo o Distrito Federal at\u00e9 o fim de 2023. A medida faz parte do plano de arboriza\u00e7\u00e3o do governo local e vai levar in\u00fameras mudas de ip\u00ea, jacarand\u00e1, fisocalima, sapucaia, flamboyant e jequitib\u00e1 para as ruas das cidades. At\u00e9 o momento, 25 mil mudas j\u00e1 deixaram [&hellip;]","og_url":"https:\/\/www.notibras.com\/site\/chuvas-aceleram-o-plantio-de-mais-arvores-nas-cidades\/","og_site_name":"Notibras","article_publisher":"https:\/\/www.facebook.com\/notibras\/","article_published_time":"2023-01-23T13:19:34+00:00","article_modified_time":"2023-01-23T15:24:03+00:00","og_image":[{"width":1280,"height":850,"url":"https:\/\/www.notibras.com\/site\/wp-content\/uploads\/2023\/01\/arvores.chuvas.jpg","type":"image\/jpeg"}],"author":"Reda\u00e7\u00e3o","twitter_card":"summary_large_image","twitter_creator":"@Notibras","twitter_site":"@Notibras","twitter_misc":{"Escrito por":"Reda\u00e7\u00e3o","Est. tempo de leitura":"3 minutos"},"schema":{"@context":"https:\/\/schema.org","@graph":[{"@type":"Article","@id":"https:\/\/www.notibras.com\/site\/chuvas-aceleram-o-plantio-de-mais-arvores-nas-cidades\/#article","isPartOf":{"@id":"https:\/\/www.notibras.com\/site\/chuvas-aceleram-o-plantio-de-mais-arvores-nas-cidades\/"},"author":{"name":"Reda\u00e7\u00e3o","@id":"https:\/\/www.notibras.com\/site\/#\/schema\/person\/36ab0979449956132d3e5b517ea76ac8"},"headline":"Chuvas aceleram o plantio de mais \u00e1rvores nas cidades","datePublished":"2023-01-23T13:19:34+00:00","dateModified":"2023-01-23T15:24:03+00:00","mainEntityOfPage":{"@id":"https:\/\/www.notibras.com\/site\/chuvas-aceleram-o-plantio-de-mais-arvores-nas-cidades\/"},"wordCount":536,"publisher":{"@id":"https:\/\/www.notibras.com\/site\/#organization"},"image":{"@id":"https:\/\/www.notibras.com\/site\/chuvas-aceleram-o-plantio-de-mais-arvores-nas-cidades\/#primaryimage"},"thumbnailUrl":"https:\/\/www.notibras.com\/site\/wp-content\/uploads\/2023\/01\/arvores.chuvas.jpg","articleSection":["Quadradinho em Foco"],"inLanguage":"pt-BR"},{"@type":"WebPage","@id":"https:\/\/www.notibras.com\/site\/chuvas-aceleram-o-plantio-de-mais-arvores-nas-cidades\/","url":"https:\/\/www.notibras.com\/site\/chuvas-aceleram-o-plantio-de-mais-arvores-nas-cidades\/","name":"Chuvas aceleram o plantio de mais \u00e1rvores nas cidades - Notibras","isPartOf":{"@id":"https:\/\/www.notibras.com\/site\/#website"},"primaryImageOfPage":{"@id":"https:\/\/www.notibras.com\/site\/chuvas-aceleram-o-plantio-de-mais-arvores-nas-cidades\/#primaryimage"},"image":{"@id":"https:\/\/www.notibras.com\/site\/chuvas-aceleram-o-plantio-de-mais-arvores-nas-cidades\/#primaryimage"},"thumbnailUrl":"https:\/\/www.notibras.com\/site\/wp-content\/uploads\/2023\/01\/arvores.chuvas.jpg","datePublished":"2023-01-23T13:19:34+00:00","dateModified":"2023-01-23T15:24:03+00:00","breadcrumb":{"@id":"https:\/\/www.notibras.com\/site\/chuvas-aceleram-o-plantio-de-mais-arvores-nas-cidades\/#breadcrumb"},"inLanguage":"pt-BR","potentialAction":[{"@type":"ReadAction","target":["https:\/\/www.notibras.com\/site\/chuvas-aceleram-o-plantio-de-mais-arvores-nas-cidades\/"]}]},{"@type":"ImageObject","inLanguage":"pt-BR","@id":"https:\/\/www.notibras.com\/site\/chuvas-aceleram-o-plantio-de-mais-arvores-nas-cidades\/#primaryimage","url":"https:\/\/www.notibras.com\/site\/wp-content\/uploads\/2023\/01\/arvores.chuvas.jpg","contentUrl":"https:\/\/www.notibras.com\/site\/wp-content\/uploads\/2023\/01\/arvores.chuvas.jpg","width":1280,"height":850},{"@type":"BreadcrumbList","@id":"https:\/\/www.notibras.com\/site\/chuvas-aceleram-o-plantio-de-mais-arvores-nas-cidades\/#breadcrumb","itemListElement":[{"@type":"ListItem","position":1,"name":"In\u00edcio","item":"https:\/\/www.notibras.com\/site\/"},{"@type":"ListItem","position":2,"name":"Chuvas aceleram o plantio de mais \u00e1rvores nas cidades"}]},{"@type":"WebSite","@id":"https:\/\/www.notibras.com\/site\/#website","url":"https:\/\/www.notibras.com\/site\/","name":"Notibras","description":"Not\u00edcias de Bras\u00edlia, do Brasil e do Mundo","publisher":{"@id":"https:\/\/www.notibras.com\/site\/#organization"},"potentialAction":[{"@type":"SearchAction","target":{"@type":"EntryPoint","urlTemplate":"https:\/\/www.notibras.com\/site\/?s={search_term_string}"},"query-input":{"@type":"PropertyValueSpecification","valueRequired":true,"valueName":"search_term_string"}}],"inLanguage":"pt-BR"},{"@type":"Organization","@id":"https:\/\/www.notibras.com\/site\/#organization","name":"Grupo Notibras de Comunica\u00e7\u00e3o","url":"https:\/\/www.notibras.com\/site\/","logo":{"@type":"ImageObject","inLanguage":"pt-BR","@id":"https:\/\/www.notibras.com\/site\/#\/schema\/logo\/image\/","url":"https:\/\/www.notibras.com\/site\/wp-content\/uploads\/2023\/01\/notibras23.png","contentUrl":"https:\/\/www.notibras.com\/site\/wp-content\/uploads\/2023\/01\/notibras23.png","width":350,"height":87,"caption":"Grupo Notibras de Comunica\u00e7\u00e3o"},"image":{"@id":"https:\/\/www.notibras.com\/site\/#\/schema\/logo\/image\/"},"sameAs":["https:\/\/www.facebook.com\/notibras\/","https:\/\/x.com\/Notibras","https:\/\/www.instagram.com\/notibras\/"]},{"@type":"Person","@id":"https:\/\/www.notibras.com\/site\/#\/schema\/person\/36ab0979449956132d3e5b517ea76ac8","name":"Reda\u00e7\u00e3o","image":{"@type":"ImageObject","inLanguage":"pt-BR","@id":"https:\/\/secure.gravatar.com\/avatar\/e0a867bdedb85fd243eadf09663511f96fc81e0720a4a42581f334ad4303aa6b?s=96&d=mm&r=g","url":"https:\/\/secure.gravatar.com\/avatar\/e0a867bdedb85fd243eadf09663511f96fc81e0720a4a42581f334ad4303aa6b?s=96&d=mm&r=g","contentUrl":"https:\/\/secure.gravatar.com\/avatar\/e0a867bdedb85fd243eadf09663511f96fc81e0720a4a42581f334ad4303aa6b?s=96&d=mm&r=g","caption":"Reda\u00e7\u00e3o"}}]}},"amp_enabled":true,"_links":{"self":[{"href":"https:\/\/www.notibras.com\/site\/wp-json\/wp\/v2\/posts\/298145","targetHints":{"allow":["GET"]}}],"collection":[{"href":"https:\/\/www.notibras.com\/site\/wp-json\/wp\/v2\/posts"}],"about":[{"href":"https:\/\/www.notibras.com\/site\/wp-json\/wp\/v2\/types\/post"}],"author":[{"embeddable":true,"href":"https:\/\/www.notibras.com\/site\/wp-json\/wp\/v2\/users\/2"}],"replies":[{"embeddable":true,"href":"https:\/\/www.notibras.com\/site\/wp-json\/wp\/v2\/comments?post=298145"}],"version-history":[{"count":1,"href":"https:\/\/www.notibras.com\/site\/wp-json\/wp\/v2\/posts\/298145\/revisions"}],"predecessor-version":[{"id":298147,"href":"https:\/\/www.notibras.com\/site\/wp-json\/wp\/v2\/posts\/298145\/revisions\/298147"}],"wp:featuredmedia":[{"embeddable":true,"href":"https:\/\/www.notibras.com\/site\/wp-json\/wp\/v2\/media\/298146"}],"wp:attachment":[{"href":"https:\/\/www.notibras.com\/site\/wp-json\/wp\/v2\/media?parent=298145"}],"wp:term":[{"taxonomy":"category","embeddable":true,"href":"https:\/\/www.notibras.com\/site\/wp-json\/wp\/v2\/categories?post=298145"},{"taxonomy":"post_tag","embeddable":true,"href":"https:\/\/www.notibras.com\/site\/wp-json\/wp\/v2\/tags?post=298145"}],"curies":[{"name":"wp","href":"https:\/\/api.w.org\/{rel}","templated":true}]}}