{"id":298150,"date":"2023-01-23T10:17:11","date_gmt":"2023-01-23T13:17:11","guid":{"rendered":"https:\/\/www.notibras.com\/site\/?p=298150"},"modified":"2023-01-23T12:33:13","modified_gmt":"2023-01-23T15:33:13","slug":"doces-e-geleias-mostram-novo-caminho-pela-frente","status":"publish","type":"post","link":"https:\/\/www.notibras.com\/site\/doces-e-geleias-mostram-novo-caminho-pela-frente\/","title":{"rendered":"Doces e gel\u00e9ias mostram novo caminho pela frente"},"content":{"rendered":"<p>No N\u00facleo Rural Chapadinha, regi\u00e3o de Sobradinho, Maria de F\u00e1tima dos Santos Krinski descobriu na produ\u00e7\u00e3o de doces e geleias um novo rumo para a vida. Inspirada nas receitas de sua sogra, Olga, falecida em 2009, ela procurou orienta\u00e7\u00f5es da Empresa de Assist\u00eancia T\u00e9cnica e Extens\u00e3o Rural do DF (Emater) e passou a investir nas esp\u00e9cies frut\u00edferas da propriedade da fam\u00edlia.<\/p>\n<p>O acompanhamento dos t\u00e9cnicos da empresa j\u00e1 \u00e9 feito desde 1978, quando dona Olga adquiriu a Fazenda Sunem e entrou em contato com a Emater. Com o falecimento da propriet\u00e1ria, a fazenda foi dividida entre seus tr\u00eas filhos, dos quais Emerson, marido de F\u00e1tima, ficou com uma \u00e1rea de 7 hectares. Entre os pertences deixados pela m\u00e3e, havia panelas, tachos de cobre e uma colet\u00e2nea de receitas de doces e geleias. F\u00e1tima, ent\u00e3o, decidiu continuar esse trabalho.<\/p>\n<p>\u201cAl\u00e9m das orienta\u00e7\u00f5es sobre a produ\u00e7\u00e3o dos doces e na produ\u00e7\u00e3o das frut\u00edferas, como poda, aduba\u00e7\u00e3o org\u00e2nica e controle de pragas, a Emater tem sido fundamental na minha capacita\u00e7\u00e3o\u201d, afirma F\u00e1tima. \u201cEla tem sido um bra\u00e7o forte como produtora, me ajudando a acessar meu cliente e a escoar meu produto.\u201d<\/p>\n<p>O t\u00e9cnico em agroind\u00fastria F\u00e1bio Costa refor\u00e7a: \u201cOs produtores atendidos pela Emater que fazem processamento de alimentos s\u00e3o encaminhados para os cursos de boas pr\u00e1ticas de fabrica\u00e7\u00e3o. Nesses cursos, \u00e9 ensinado como deve ser o ambiente, bem como a qualidade do produto, forma\u00e7\u00e3o de pre\u00e7o, estrutura f\u00edsica adequada para a produ\u00e7\u00e3o, tipo de vestimenta, qualidade da \u00e1gua, rotulagem e comercializa\u00e7\u00e3o\u201d.<\/p>\n<p>Quem chega ao alto n\u00edvel de capacita\u00e7\u00e3o e qualidade do produto, explica o t\u00e9cnico, \u00e9 convidado a participar das feiras rurais e pontos de venda organizados pela Emater. Uma das exig\u00eancias da empresa \u00e9 que a pessoa possa oferecer qualidade e seguran\u00e7a alimentar aos consumidores.<\/p>\n<p><strong>Inspira\u00e7\u00e3o<\/strong><br \/>\nTrabalhar com a terra tem sido vital para F\u00e1tima, que encontrou na atividade um caminho de supera\u00e7\u00e3o para uma vida marcada por epis\u00f3dios de sofrimento. Fartura de mat\u00e9ria-prima e gosto pela produ\u00e7\u00e3o de doces e geleias artesanais fizeram a produtora se profissionalizar e criar a marca Doce &amp; Poesia.<\/p>\n<p>\u201cDiante de toda dor que eu j\u00e1 vivi no passado, fazer doce traz doce para minha vida, e eu levo do\u00e7ura para as pessoas\u201d, resume. \u201cEu tinha duas escolhas na vida: ser amarga ou doce. Quando eu produzo doce, eu me torno uma pessoa mais doce. A poesia tem a ver com a natureza que nos ensina a beleza da vida.\u201d<\/p>\n<p>Na propriedade, as centenas de \u00e1rvores frut\u00edferas variadas permitem ter pelo menos um tipo de fruta durante todos os meses do ano. Assim, F\u00e1tima comercializa todo tipo de doces e geleias nas feiras rurais, eventos com pontos de venda e sob encomenda. O carro-chefe \u00e9 a goiabada casc\u00e3o, mas tamb\u00e9m h\u00e1 produtos feitos com banana, goiaba, lim\u00e3o, ara\u00e7\u00e1, jaca, mam\u00e3o, jabuticaba, acerola, cagaita, pequi, graviola e manga.<\/p>\n<p>Para chegar a esse patamar, a produtora rural teve de se aperfei\u00e7oar. Buscou nos estudos e orienta\u00e7\u00f5es t\u00e9cnicas os conhecimentos necess\u00e1rios para colher frutos saud\u00e1veis e empreender. Al\u00e9m dos cursos de boas pr\u00e1ticas de fabrica\u00e7\u00e3o, ela estuda agroecologia no campus de Planaltina do Instituto Federal de Bras\u00edlia (IFB) e participou tamb\u00e9m do curso de empreendedorismo rural pelo programa Filhos deste Solo.<\/p>\n<p>\u00c9 com essa garra que F\u00e1tima vem reconstruindo sua hist\u00f3ria. \u201cAssim como eu tive a experi\u00eancia de ser m\u00e3e, dona de casa e encontrei nos doces uma oportunidade de ter renda, quero ajudar outras mulheres que precisam de uma oportunidade\u201d, aponta. \u201cAl\u00e9m disso, enxergo meu futuro como uma grande exportadora de doces\u201d.<\/p>\n<p>Ela almeja ainda a certifica\u00e7\u00e3o de produto org\u00e2nico, processo ao qual j\u00e1 deu in\u00edcio junto aos extensionistas da Emater de Sobradinho. Al\u00e9m disso, para valorizar seus produtos, est\u00e1 estudando alternativas de utilizar embalagens biodegrad\u00e1veis, investindo na sustentabilidade.<\/p>\n","protected":false},"excerpt":{"rendered":"<p>No N\u00facleo Rural Chapadinha, regi\u00e3o de Sobradinho, Maria de F\u00e1tima dos Santos Krinski descobriu na produ\u00e7\u00e3o de doces e geleias um novo rumo para a vida. Inspirada nas receitas de sua sogra, Olga, falecida em 2009, ela procurou orienta\u00e7\u00f5es da Empresa de Assist\u00eancia T\u00e9cnica e Extens\u00e3o Rural do DF (Emater) e passou a investir nas [&hellip;]<\/p>\n","protected":false},"author":2,"featured_media":298151,"comment_status":"closed","ping_status":"closed","sticky":false,"template":"","format":"standard","meta":{"_acf_changed":false,"footnotes":""},"categories":[161],"tags":[],"class_list":["post-298150","post","type-post","status-publish","format-standard","has-post-thumbnail","hentry","category-quadradinho-em-foco"],"acf":[],"yoast_head":"<!-- This site is optimized with the Yoast SEO plugin v27.2 - https:\/\/yoast.com\/product\/yoast-seo-wordpress\/ -->\n<title>Doces e gel\u00e9ias mostram novo caminho pela frente - Notibras<\/title>\n<meta name=\"robots\" content=\"index, follow, max-snippet:-1, max-image-preview:large, max-video-preview:-1\" \/>\n<link rel=\"canonical\" href=\"https:\/\/www.notibras.com\/site\/doces-e-geleias-mostram-novo-caminho-pela-frente\/\" \/>\n<meta property=\"og:locale\" content=\"pt_BR\" \/>\n<meta property=\"og:type\" content=\"article\" \/>\n<meta property=\"og:title\" content=\"Doces e gel\u00e9ias mostram novo caminho pela frente - Notibras\" \/>\n<meta property=\"og:description\" content=\"No N\u00facleo Rural Chapadinha, regi\u00e3o de Sobradinho, Maria de F\u00e1tima dos Santos Krinski descobriu na produ\u00e7\u00e3o de doces e geleias um novo rumo para a vida. Inspirada nas receitas de sua sogra, Olga, falecida em 2009, ela procurou orienta\u00e7\u00f5es da Empresa de Assist\u00eancia T\u00e9cnica e Extens\u00e3o Rural do DF (Emater) e passou a investir nas [&hellip;]\" \/>\n<meta property=\"og:url\" content=\"https:\/\/www.notibras.com\/site\/doces-e-geleias-mostram-novo-caminho-pela-frente\/\" \/>\n<meta property=\"og:site_name\" content=\"Notibras\" \/>\n<meta property=\"article:publisher\" content=\"https:\/\/www.facebook.com\/notibras\/\" \/>\n<meta property=\"article:published_time\" content=\"2023-01-23T13:17:11+00:00\" \/>\n<meta property=\"article:modified_time\" content=\"2023-01-23T15:33:13+00:00\" \/>\n<meta property=\"og:image\" content=\"https:\/\/www.notibras.com\/site\/wp-content\/uploads\/2023\/01\/doces.geleias.jpg\" \/>\n\t<meta property=\"og:image:width\" content=\"1536\" \/>\n\t<meta property=\"og:image:height\" content=\"1024\" \/>\n\t<meta property=\"og:image:type\" content=\"image\/jpeg\" \/>\n<meta name=\"author\" content=\"Reda\u00e7\u00e3o\" \/>\n<meta name=\"twitter:card\" content=\"summary_large_image\" \/>\n<meta name=\"twitter:creator\" content=\"@Notibras\" \/>\n<meta name=\"twitter:site\" content=\"@Notibras\" \/>\n<meta name=\"twitter:label1\" content=\"Escrito por\" \/>\n\t<meta name=\"twitter:data1\" content=\"Reda\u00e7\u00e3o\" \/>\n\t<meta name=\"twitter:label2\" content=\"Est. tempo de leitura\" \/>\n\t<meta name=\"twitter:data2\" content=\"4 minutos\" \/>\n<script type=\"application\/ld+json\" class=\"yoast-schema-graph\">{\"@context\":\"https:\/\/schema.org\",\"@graph\":[{\"@type\":\"Article\",\"@id\":\"https:\/\/www.notibras.com\/site\/doces-e-geleias-mostram-novo-caminho-pela-frente\/#article\",\"isPartOf\":{\"@id\":\"https:\/\/www.notibras.com\/site\/doces-e-geleias-mostram-novo-caminho-pela-frente\/\"},\"author\":{\"name\":\"Reda\u00e7\u00e3o\",\"@id\":\"https:\/\/www.notibras.com\/site\/#\/schema\/person\/36ab0979449956132d3e5b517ea76ac8\"},\"headline\":\"Doces e gel\u00e9ias mostram novo caminho pela frente\",\"datePublished\":\"2023-01-23T13:17:11+00:00\",\"dateModified\":\"2023-01-23T15:33:13+00:00\",\"mainEntityOfPage\":{\"@id\":\"https:\/\/www.notibras.com\/site\/doces-e-geleias-mostram-novo-caminho-pela-frente\/\"},\"wordCount\":700,\"publisher\":{\"@id\":\"https:\/\/www.notibras.com\/site\/#organization\"},\"image\":{\"@id\":\"https:\/\/www.notibras.com\/site\/doces-e-geleias-mostram-novo-caminho-pela-frente\/#primaryimage\"},\"thumbnailUrl\":\"https:\/\/www.notibras.com\/site\/wp-content\/uploads\/2023\/01\/doces.geleias.jpg\",\"articleSection\":[\"Quadradinho em Foco\"],\"inLanguage\":\"pt-BR\"},{\"@type\":\"WebPage\",\"@id\":\"https:\/\/www.notibras.com\/site\/doces-e-geleias-mostram-novo-caminho-pela-frente\/\",\"url\":\"https:\/\/www.notibras.com\/site\/doces-e-geleias-mostram-novo-caminho-pela-frente\/\",\"name\":\"Doces e gel\u00e9ias mostram novo caminho pela frente - Notibras\",\"isPartOf\":{\"@id\":\"https:\/\/www.notibras.com\/site\/#website\"},\"primaryImageOfPage\":{\"@id\":\"https:\/\/www.notibras.com\/site\/doces-e-geleias-mostram-novo-caminho-pela-frente\/#primaryimage\"},\"image\":{\"@id\":\"https:\/\/www.notibras.com\/site\/doces-e-geleias-mostram-novo-caminho-pela-frente\/#primaryimage\"},\"thumbnailUrl\":\"https:\/\/www.notibras.com\/site\/wp-content\/uploads\/2023\/01\/doces.geleias.jpg\",\"datePublished\":\"2023-01-23T13:17:11+00:00\",\"dateModified\":\"2023-01-23T15:33:13+00:00\",\"breadcrumb\":{\"@id\":\"https:\/\/www.notibras.com\/site\/doces-e-geleias-mostram-novo-caminho-pela-frente\/#breadcrumb\"},\"inLanguage\":\"pt-BR\",\"potentialAction\":[{\"@type\":\"ReadAction\",\"target\":[\"https:\/\/www.notibras.com\/site\/doces-e-geleias-mostram-novo-caminho-pela-frente\/\"]}]},{\"@type\":\"ImageObject\",\"inLanguage\":\"pt-BR\",\"@id\":\"https:\/\/www.notibras.com\/site\/doces-e-geleias-mostram-novo-caminho-pela-frente\/#primaryimage\",\"url\":\"https:\/\/www.notibras.com\/site\/wp-content\/uploads\/2023\/01\/doces.geleias.jpg\",\"contentUrl\":\"https:\/\/www.notibras.com\/site\/wp-content\/uploads\/2023\/01\/doces.geleias.jpg\",\"width\":1536,\"height\":1024},{\"@type\":\"BreadcrumbList\",\"@id\":\"https:\/\/www.notibras.com\/site\/doces-e-geleias-mostram-novo-caminho-pela-frente\/#breadcrumb\",\"itemListElement\":[{\"@type\":\"ListItem\",\"position\":1,\"name\":\"In\u00edcio\",\"item\":\"https:\/\/www.notibras.com\/site\/\"},{\"@type\":\"ListItem\",\"position\":2,\"name\":\"Doces e gel\u00e9ias mostram novo caminho pela frente\"}]},{\"@type\":\"WebSite\",\"@id\":\"https:\/\/www.notibras.com\/site\/#website\",\"url\":\"https:\/\/www.notibras.com\/site\/\",\"name\":\"Notibras\",\"description\":\"Not\u00edcias de Bras\u00edlia, do Brasil e do Mundo\",\"publisher\":{\"@id\":\"https:\/\/www.notibras.com\/site\/#organization\"},\"potentialAction\":[{\"@type\":\"SearchAction\",\"target\":{\"@type\":\"EntryPoint\",\"urlTemplate\":\"https:\/\/www.notibras.com\/site\/?s={search_term_string}\"},\"query-input\":{\"@type\":\"PropertyValueSpecification\",\"valueRequired\":true,\"valueName\":\"search_term_string\"}}],\"inLanguage\":\"pt-BR\"},{\"@type\":\"Organization\",\"@id\":\"https:\/\/www.notibras.com\/site\/#organization\",\"name\":\"Grupo Notibras de Comunica\u00e7\u00e3o\",\"url\":\"https:\/\/www.notibras.com\/site\/\",\"logo\":{\"@type\":\"ImageObject\",\"inLanguage\":\"pt-BR\",\"@id\":\"https:\/\/www.notibras.com\/site\/#\/schema\/logo\/image\/\",\"url\":\"https:\/\/www.notibras.com\/site\/wp-content\/uploads\/2023\/01\/notibras23.png\",\"contentUrl\":\"https:\/\/www.notibras.com\/site\/wp-content\/uploads\/2023\/01\/notibras23.png\",\"width\":350,\"height\":87,\"caption\":\"Grupo Notibras de Comunica\u00e7\u00e3o\"},\"image\":{\"@id\":\"https:\/\/www.notibras.com\/site\/#\/schema\/logo\/image\/\"},\"sameAs\":[\"https:\/\/www.facebook.com\/notibras\/\",\"https:\/\/x.com\/Notibras\",\"https:\/\/www.instagram.com\/notibras\/\"]},{\"@type\":\"Person\",\"@id\":\"https:\/\/www.notibras.com\/site\/#\/schema\/person\/36ab0979449956132d3e5b517ea76ac8\",\"name\":\"Reda\u00e7\u00e3o\",\"image\":{\"@type\":\"ImageObject\",\"inLanguage\":\"pt-BR\",\"@id\":\"https:\/\/secure.gravatar.com\/avatar\/e0a867bdedb85fd243eadf09663511f96fc81e0720a4a42581f334ad4303aa6b?s=96&d=mm&r=g\",\"url\":\"https:\/\/secure.gravatar.com\/avatar\/e0a867bdedb85fd243eadf09663511f96fc81e0720a4a42581f334ad4303aa6b?s=96&d=mm&r=g\",\"contentUrl\":\"https:\/\/secure.gravatar.com\/avatar\/e0a867bdedb85fd243eadf09663511f96fc81e0720a4a42581f334ad4303aa6b?s=96&d=mm&r=g\",\"caption\":\"Reda\u00e7\u00e3o\"}}]}<\/script>\n<!-- \/ Yoast SEO plugin. -->","yoast_head_json":{"title":"Doces e gel\u00e9ias mostram novo caminho pela frente - Notibras","robots":{"index":"index","follow":"follow","max-snippet":"max-snippet:-1","max-image-preview":"max-image-preview:large","max-video-preview":"max-video-preview:-1"},"canonical":"https:\/\/www.notibras.com\/site\/doces-e-geleias-mostram-novo-caminho-pela-frente\/","og_locale":"pt_BR","og_type":"article","og_title":"Doces e gel\u00e9ias mostram novo caminho pela frente - Notibras","og_description":"No N\u00facleo Rural Chapadinha, regi\u00e3o de Sobradinho, Maria de F\u00e1tima dos Santos Krinski descobriu na produ\u00e7\u00e3o de doces e geleias um novo rumo para a vida. Inspirada nas receitas de sua sogra, Olga, falecida em 2009, ela procurou orienta\u00e7\u00f5es da Empresa de Assist\u00eancia T\u00e9cnica e Extens\u00e3o Rural do DF (Emater) e passou a investir nas [&hellip;]","og_url":"https:\/\/www.notibras.com\/site\/doces-e-geleias-mostram-novo-caminho-pela-frente\/","og_site_name":"Notibras","article_publisher":"https:\/\/www.facebook.com\/notibras\/","article_published_time":"2023-01-23T13:17:11+00:00","article_modified_time":"2023-01-23T15:33:13+00:00","og_image":[{"width":1536,"height":1024,"url":"https:\/\/www.notibras.com\/site\/wp-content\/uploads\/2023\/01\/doces.geleias.jpg","type":"image\/jpeg"}],"author":"Reda\u00e7\u00e3o","twitter_card":"summary_large_image","twitter_creator":"@Notibras","twitter_site":"@Notibras","twitter_misc":{"Escrito por":"Reda\u00e7\u00e3o","Est. tempo de leitura":"4 minutos"},"schema":{"@context":"https:\/\/schema.org","@graph":[{"@type":"Article","@id":"https:\/\/www.notibras.com\/site\/doces-e-geleias-mostram-novo-caminho-pela-frente\/#article","isPartOf":{"@id":"https:\/\/www.notibras.com\/site\/doces-e-geleias-mostram-novo-caminho-pela-frente\/"},"author":{"name":"Reda\u00e7\u00e3o","@id":"https:\/\/www.notibras.com\/site\/#\/schema\/person\/36ab0979449956132d3e5b517ea76ac8"},"headline":"Doces e gel\u00e9ias mostram novo caminho pela frente","datePublished":"2023-01-23T13:17:11+00:00","dateModified":"2023-01-23T15:33:13+00:00","mainEntityOfPage":{"@id":"https:\/\/www.notibras.com\/site\/doces-e-geleias-mostram-novo-caminho-pela-frente\/"},"wordCount":700,"publisher":{"@id":"https:\/\/www.notibras.com\/site\/#organization"},"image":{"@id":"https:\/\/www.notibras.com\/site\/doces-e-geleias-mostram-novo-caminho-pela-frente\/#primaryimage"},"thumbnailUrl":"https:\/\/www.notibras.com\/site\/wp-content\/uploads\/2023\/01\/doces.geleias.jpg","articleSection":["Quadradinho em Foco"],"inLanguage":"pt-BR"},{"@type":"WebPage","@id":"https:\/\/www.notibras.com\/site\/doces-e-geleias-mostram-novo-caminho-pela-frente\/","url":"https:\/\/www.notibras.com\/site\/doces-e-geleias-mostram-novo-caminho-pela-frente\/","name":"Doces e gel\u00e9ias mostram novo caminho pela frente - Notibras","isPartOf":{"@id":"https:\/\/www.notibras.com\/site\/#website"},"primaryImageOfPage":{"@id":"https:\/\/www.notibras.com\/site\/doces-e-geleias-mostram-novo-caminho-pela-frente\/#primaryimage"},"image":{"@id":"https:\/\/www.notibras.com\/site\/doces-e-geleias-mostram-novo-caminho-pela-frente\/#primaryimage"},"thumbnailUrl":"https:\/\/www.notibras.com\/site\/wp-content\/uploads\/2023\/01\/doces.geleias.jpg","datePublished":"2023-01-23T13:17:11+00:00","dateModified":"2023-01-23T15:33:13+00:00","breadcrumb":{"@id":"https:\/\/www.notibras.com\/site\/doces-e-geleias-mostram-novo-caminho-pela-frente\/#breadcrumb"},"inLanguage":"pt-BR","potentialAction":[{"@type":"ReadAction","target":["https:\/\/www.notibras.com\/site\/doces-e-geleias-mostram-novo-caminho-pela-frente\/"]}]},{"@type":"ImageObject","inLanguage":"pt-BR","@id":"https:\/\/www.notibras.com\/site\/doces-e-geleias-mostram-novo-caminho-pela-frente\/#primaryimage","url":"https:\/\/www.notibras.com\/site\/wp-content\/uploads\/2023\/01\/doces.geleias.jpg","contentUrl":"https:\/\/www.notibras.com\/site\/wp-content\/uploads\/2023\/01\/doces.geleias.jpg","width":1536,"height":1024},{"@type":"BreadcrumbList","@id":"https:\/\/www.notibras.com\/site\/doces-e-geleias-mostram-novo-caminho-pela-frente\/#breadcrumb","itemListElement":[{"@type":"ListItem","position":1,"name":"In\u00edcio","item":"https:\/\/www.notibras.com\/site\/"},{"@type":"ListItem","position":2,"name":"Doces e gel\u00e9ias mostram novo caminho pela frente"}]},{"@type":"WebSite","@id":"https:\/\/www.notibras.com\/site\/#website","url":"https:\/\/www.notibras.com\/site\/","name":"Notibras","description":"Not\u00edcias de Bras\u00edlia, do Brasil e do Mundo","publisher":{"@id":"https:\/\/www.notibras.com\/site\/#organization"},"potentialAction":[{"@type":"SearchAction","target":{"@type":"EntryPoint","urlTemplate":"https:\/\/www.notibras.com\/site\/?s={search_term_string}"},"query-input":{"@type":"PropertyValueSpecification","valueRequired":true,"valueName":"search_term_string"}}],"inLanguage":"pt-BR"},{"@type":"Organization","@id":"https:\/\/www.notibras.com\/site\/#organization","name":"Grupo Notibras de Comunica\u00e7\u00e3o","url":"https:\/\/www.notibras.com\/site\/","logo":{"@type":"ImageObject","inLanguage":"pt-BR","@id":"https:\/\/www.notibras.com\/site\/#\/schema\/logo\/image\/","url":"https:\/\/www.notibras.com\/site\/wp-content\/uploads\/2023\/01\/notibras23.png","contentUrl":"https:\/\/www.notibras.com\/site\/wp-content\/uploads\/2023\/01\/notibras23.png","width":350,"height":87,"caption":"Grupo Notibras de Comunica\u00e7\u00e3o"},"image":{"@id":"https:\/\/www.notibras.com\/site\/#\/schema\/logo\/image\/"},"sameAs":["https:\/\/www.facebook.com\/notibras\/","https:\/\/x.com\/Notibras","https:\/\/www.instagram.com\/notibras\/"]},{"@type":"Person","@id":"https:\/\/www.notibras.com\/site\/#\/schema\/person\/36ab0979449956132d3e5b517ea76ac8","name":"Reda\u00e7\u00e3o","image":{"@type":"ImageObject","inLanguage":"pt-BR","@id":"https:\/\/secure.gravatar.com\/avatar\/e0a867bdedb85fd243eadf09663511f96fc81e0720a4a42581f334ad4303aa6b?s=96&d=mm&r=g","url":"https:\/\/secure.gravatar.com\/avatar\/e0a867bdedb85fd243eadf09663511f96fc81e0720a4a42581f334ad4303aa6b?s=96&d=mm&r=g","contentUrl":"https:\/\/secure.gravatar.com\/avatar\/e0a867bdedb85fd243eadf09663511f96fc81e0720a4a42581f334ad4303aa6b?s=96&d=mm&r=g","caption":"Reda\u00e7\u00e3o"}}]}},"amp_enabled":true,"_links":{"self":[{"href":"https:\/\/www.notibras.com\/site\/wp-json\/wp\/v2\/posts\/298150","targetHints":{"allow":["GET"]}}],"collection":[{"href":"https:\/\/www.notibras.com\/site\/wp-json\/wp\/v2\/posts"}],"about":[{"href":"https:\/\/www.notibras.com\/site\/wp-json\/wp\/v2\/types\/post"}],"author":[{"embeddable":true,"href":"https:\/\/www.notibras.com\/site\/wp-json\/wp\/v2\/users\/2"}],"replies":[{"embeddable":true,"href":"https:\/\/www.notibras.com\/site\/wp-json\/wp\/v2\/comments?post=298150"}],"version-history":[{"count":1,"href":"https:\/\/www.notibras.com\/site\/wp-json\/wp\/v2\/posts\/298150\/revisions"}],"predecessor-version":[{"id":298152,"href":"https:\/\/www.notibras.com\/site\/wp-json\/wp\/v2\/posts\/298150\/revisions\/298152"}],"wp:featuredmedia":[{"embeddable":true,"href":"https:\/\/www.notibras.com\/site\/wp-json\/wp\/v2\/media\/298151"}],"wp:attachment":[{"href":"https:\/\/www.notibras.com\/site\/wp-json\/wp\/v2\/media?parent=298150"}],"wp:term":[{"taxonomy":"category","embeddable":true,"href":"https:\/\/www.notibras.com\/site\/wp-json\/wp\/v2\/categories?post=298150"},{"taxonomy":"post_tag","embeddable":true,"href":"https:\/\/www.notibras.com\/site\/wp-json\/wp\/v2\/tags?post=298150"}],"curies":[{"name":"wp","href":"https:\/\/api.w.org\/{rel}","templated":true}]}}