{"id":298242,"date":"2023-01-25T08:33:30","date_gmt":"2023-01-25T11:33:30","guid":{"rendered":"https:\/\/www.notibras.com\/site\/?p=298242"},"modified":"2023-01-25T08:33:30","modified_gmt":"2023-01-25T11:33:30","slug":"ar-puro-e-alcool-gel-ajudam-a-evitar-bronquiolite","status":"publish","type":"post","link":"https:\/\/www.notibras.com\/site\/ar-puro-e-alcool-gel-ajudam-a-evitar-bronquiolite\/","title":{"rendered":"Ar puro\u00a0e \u00e1lcool gel ajudam a evitar bronquiolite"},"content":{"rendered":"<p>Mal come\u00e7ou o ano, j\u00e1 \u00e9 poss\u00edvel notar o aumento de casos de crian\u00e7as com bronquiolite viral aguda, doen\u00e7a que causa a inflama\u00e7\u00e3o das vias respirat\u00f3rias e acomete os pulm\u00f5es. Geralmente, o per\u00edodo de maior preval\u00eancia da bronquiolite \u00e9 de mar\u00e7o at\u00e9 julho, quando aumenta a circula\u00e7\u00e3o de v\u00e1rios v\u00edrus respirat\u00f3rios e, consequentemente, a incid\u00eancia de crian\u00e7as doentes.<\/p>\n<p>A refer\u00eancia t\u00e9cnica distrital de emerg\u00eancias pedi\u00e1tricas Danielle Sampaio lembra que, desde o surgimento da covid-19, doen\u00e7as do sistema respirat\u00f3rio t\u00eam sido registradas com mais frequ\u00eancia. \u201cA bronquiolite \u00e9 uma das doen\u00e7as mais temidas, pois costuma ter maior incid\u00eancia em beb\u00eas e crian\u00e7as de at\u00e9 dois anos\u201d, alerta.<\/p>\n<p>O v\u00edrus sincicial respirat\u00f3rio \u00e9 o principal agente causador da bronquiolite. Danielle orienta que os pais evitem ficar com o beb\u00ea em ambientes fechados ou com m\u00e1 ventila\u00e7\u00e3o e que tenham o h\u00e1bito de limpar o nariz da crian\u00e7a com soro de duas a tr\u00eas vezes por dia. Al\u00e9m disso, refor\u00e7a, \u00e9 importante higienizar as m\u00e3os com \u00e1lcool gel ou lavar as m\u00e3os e evitar o contato do beb\u00ea com pessoas gripadas.<\/p>\n<p>\u201cN\u00e3o existe tratamento espec\u00edfico nem vacina para prevenir a bronquiolite\u201d, explica a pediatra. \u201cO tratamento \u00e9 de suporte, com antit\u00e9rmico para controle de febre, lavagem nasal para ajudar na respira\u00e7\u00e3o e observa\u00e7\u00e3o dos sinais de alerta para procurar o pronto-socorro caso seja necess\u00e1rio. A maioria das crian\u00e7as \u00e9 infectada no primeiro ano de vida, e normalmente todas as crian\u00e7as estar\u00e3o expostas ao v\u00edrus at\u00e9 o final do segundo ano de idade.\u201d<\/p>\n<p>A crian\u00e7a com bronquiolite apresenta coriza, febre e tosse como sintomas iniciais, semelhantes aos de uma gripe comum. Al\u00e9m disso, com a evolu\u00e7\u00e3o e a consequente inflama\u00e7\u00e3o dos bronqu\u00edolos, pode haver desconforto respirat\u00f3rio.<\/p>\n<p>A doen\u00e7a come\u00e7a como um resfriado leve e atinge seu pico entre o terceiro e o quinto dia, melhorando ap\u00f3s sete a dez dias. Os sinais de alerta s\u00e3o respira\u00e7\u00e3o ofegante, abdome \u201cafundando\u201d quando o beb\u00ea respira, febre que persiste por mais de 72 horas e dificuldade para mamar.<\/p>\n<p>Com a sazonalidade da bronquiolite come\u00e7ando ainda em janeiro, a procura nos prontos-socorros de pediatria aumentou. De acordo com a diretora-geral do Hospital Materno Infantil de Bras\u00edlia, Marina da Silveira, h\u00e1 beb\u00eas e crian\u00e7as que est\u00e3o chegando em estado grave e necessitando de uma vaga na Unidade de Terapia Intensiva (UTI).<\/p>\n<p>\u201cO que pode explicar essa gravidade dos casos \u00e9 o que mostra os pain\u00e9is virais: estas crian\u00e7as est\u00e3o chegando com mais de um tipo de v\u00edrus, n\u00e3o s\u00f3 com o v\u00edrus sincicial respirat\u00f3rio\u201d, aponta a m\u00e9dica. \u201cIsso torna a bronquiolite bem mais agressiva, principalmente nos beb\u00eas e rec\u00e9m-nascidos.\u201d<\/p>\n<p>Marina lembra que no ano passado houve registro de bronquiolite at\u00e9 mesmo em crian\u00e7as maiores de dois anos, devido ao isolamento durante a pandemia de covid-19. Segundo ela, essas crian\u00e7as ficaram muito tempo sem conv\u00edvio com outras, e o sistema imunol\u00f3gico acabou n\u00e3o se desenvolvendo o suficiente.<\/p>\n","protected":false},"excerpt":{"rendered":"<p>Mal come\u00e7ou o ano, j\u00e1 \u00e9 poss\u00edvel notar o aumento de casos de crian\u00e7as com bronquiolite viral aguda, doen\u00e7a que causa a inflama\u00e7\u00e3o das vias respirat\u00f3rias e acomete os pulm\u00f5es. Geralmente, o per\u00edodo de maior preval\u00eancia da bronquiolite \u00e9 de mar\u00e7o at\u00e9 julho, quando aumenta a circula\u00e7\u00e3o de v\u00e1rios v\u00edrus respirat\u00f3rios e, consequentemente, a incid\u00eancia [&hellip;]<\/p>\n","protected":false},"author":2,"featured_media":298243,"comment_status":"closed","ping_status":"closed","sticky":false,"template":"","format":"standard","meta":{"_acf_changed":false,"footnotes":""},"categories":[161],"tags":[],"class_list":["post-298242","post","type-post","status-publish","format-standard","has-post-thumbnail","hentry","category-quadradinho-em-foco"],"acf":[],"yoast_head":"<!-- This site is optimized with the Yoast SEO plugin v27.2 - https:\/\/yoast.com\/product\/yoast-seo-wordpress\/ -->\n<title>Ar puro\u00a0e \u00e1lcool gel ajudam a evitar bronquiolite - Notibras<\/title>\n<meta name=\"robots\" content=\"index, follow, max-snippet:-1, max-image-preview:large, max-video-preview:-1\" \/>\n<link rel=\"canonical\" href=\"https:\/\/www.notibras.com\/site\/ar-puro-e-alcool-gel-ajudam-a-evitar-bronquiolite\/\" \/>\n<meta property=\"og:locale\" content=\"pt_BR\" \/>\n<meta property=\"og:type\" content=\"article\" \/>\n<meta property=\"og:title\" content=\"Ar puro\u00a0e \u00e1lcool gel ajudam a evitar bronquiolite - Notibras\" \/>\n<meta property=\"og:description\" content=\"Mal come\u00e7ou o ano, j\u00e1 \u00e9 poss\u00edvel notar o aumento de casos de crian\u00e7as com bronquiolite viral aguda, doen\u00e7a que causa a inflama\u00e7\u00e3o das vias respirat\u00f3rias e acomete os pulm\u00f5es. Geralmente, o per\u00edodo de maior preval\u00eancia da bronquiolite \u00e9 de mar\u00e7o at\u00e9 julho, quando aumenta a circula\u00e7\u00e3o de v\u00e1rios v\u00edrus respirat\u00f3rios e, consequentemente, a incid\u00eancia [&hellip;]\" \/>\n<meta property=\"og:url\" content=\"https:\/\/www.notibras.com\/site\/ar-puro-e-alcool-gel-ajudam-a-evitar-bronquiolite\/\" \/>\n<meta property=\"og:site_name\" content=\"Notibras\" \/>\n<meta property=\"article:publisher\" content=\"https:\/\/www.facebook.com\/notibras\/\" \/>\n<meta property=\"article:published_time\" content=\"2023-01-25T11:33:30+00:00\" \/>\n<meta property=\"og:image\" content=\"https:\/\/www.notibras.com\/site\/wp-content\/uploads\/2023\/01\/bronquiolite.jpg\" \/>\n\t<meta property=\"og:image:width\" content=\"1536\" \/>\n\t<meta property=\"og:image:height\" content=\"962\" \/>\n\t<meta property=\"og:image:type\" content=\"image\/jpeg\" \/>\n<meta name=\"author\" content=\"Reda\u00e7\u00e3o\" \/>\n<meta name=\"twitter:card\" content=\"summary_large_image\" \/>\n<meta name=\"twitter:creator\" content=\"@Notibras\" \/>\n<meta name=\"twitter:site\" content=\"@Notibras\" \/>\n<meta name=\"twitter:label1\" content=\"Escrito por\" \/>\n\t<meta name=\"twitter:data1\" content=\"Reda\u00e7\u00e3o\" \/>\n\t<meta name=\"twitter:label2\" content=\"Est. tempo de leitura\" \/>\n\t<meta name=\"twitter:data2\" content=\"3 minutos\" \/>\n<script type=\"application\/ld+json\" class=\"yoast-schema-graph\">{\"@context\":\"https:\/\/schema.org\",\"@graph\":[{\"@type\":\"Article\",\"@id\":\"https:\/\/www.notibras.com\/site\/ar-puro-e-alcool-gel-ajudam-a-evitar-bronquiolite\/#article\",\"isPartOf\":{\"@id\":\"https:\/\/www.notibras.com\/site\/ar-puro-e-alcool-gel-ajudam-a-evitar-bronquiolite\/\"},\"author\":{\"name\":\"Reda\u00e7\u00e3o\",\"@id\":\"https:\/\/www.notibras.com\/site\/#\/schema\/person\/36ab0979449956132d3e5b517ea76ac8\"},\"headline\":\"Ar puro\u00a0e \u00e1lcool gel ajudam a evitar bronquiolite\",\"datePublished\":\"2023-01-25T11:33:30+00:00\",\"mainEntityOfPage\":{\"@id\":\"https:\/\/www.notibras.com\/site\/ar-puro-e-alcool-gel-ajudam-a-evitar-bronquiolite\/\"},\"wordCount\":556,\"publisher\":{\"@id\":\"https:\/\/www.notibras.com\/site\/#organization\"},\"image\":{\"@id\":\"https:\/\/www.notibras.com\/site\/ar-puro-e-alcool-gel-ajudam-a-evitar-bronquiolite\/#primaryimage\"},\"thumbnailUrl\":\"https:\/\/www.notibras.com\/site\/wp-content\/uploads\/2023\/01\/bronquiolite.jpg\",\"articleSection\":[\"Quadradinho em Foco\"],\"inLanguage\":\"pt-BR\"},{\"@type\":\"WebPage\",\"@id\":\"https:\/\/www.notibras.com\/site\/ar-puro-e-alcool-gel-ajudam-a-evitar-bronquiolite\/\",\"url\":\"https:\/\/www.notibras.com\/site\/ar-puro-e-alcool-gel-ajudam-a-evitar-bronquiolite\/\",\"name\":\"Ar puro\u00a0e \u00e1lcool gel ajudam a evitar bronquiolite - Notibras\",\"isPartOf\":{\"@id\":\"https:\/\/www.notibras.com\/site\/#website\"},\"primaryImageOfPage\":{\"@id\":\"https:\/\/www.notibras.com\/site\/ar-puro-e-alcool-gel-ajudam-a-evitar-bronquiolite\/#primaryimage\"},\"image\":{\"@id\":\"https:\/\/www.notibras.com\/site\/ar-puro-e-alcool-gel-ajudam-a-evitar-bronquiolite\/#primaryimage\"},\"thumbnailUrl\":\"https:\/\/www.notibras.com\/site\/wp-content\/uploads\/2023\/01\/bronquiolite.jpg\",\"datePublished\":\"2023-01-25T11:33:30+00:00\",\"breadcrumb\":{\"@id\":\"https:\/\/www.notibras.com\/site\/ar-puro-e-alcool-gel-ajudam-a-evitar-bronquiolite\/#breadcrumb\"},\"inLanguage\":\"pt-BR\",\"potentialAction\":[{\"@type\":\"ReadAction\",\"target\":[\"https:\/\/www.notibras.com\/site\/ar-puro-e-alcool-gel-ajudam-a-evitar-bronquiolite\/\"]}]},{\"@type\":\"ImageObject\",\"inLanguage\":\"pt-BR\",\"@id\":\"https:\/\/www.notibras.com\/site\/ar-puro-e-alcool-gel-ajudam-a-evitar-bronquiolite\/#primaryimage\",\"url\":\"https:\/\/www.notibras.com\/site\/wp-content\/uploads\/2023\/01\/bronquiolite.jpg\",\"contentUrl\":\"https:\/\/www.notibras.com\/site\/wp-content\/uploads\/2023\/01\/bronquiolite.jpg\",\"width\":1536,\"height\":962},{\"@type\":\"BreadcrumbList\",\"@id\":\"https:\/\/www.notibras.com\/site\/ar-puro-e-alcool-gel-ajudam-a-evitar-bronquiolite\/#breadcrumb\",\"itemListElement\":[{\"@type\":\"ListItem\",\"position\":1,\"name\":\"In\u00edcio\",\"item\":\"https:\/\/www.notibras.com\/site\/\"},{\"@type\":\"ListItem\",\"position\":2,\"name\":\"Ar puro\u00a0e \u00e1lcool gel ajudam a evitar bronquiolite\"}]},{\"@type\":\"WebSite\",\"@id\":\"https:\/\/www.notibras.com\/site\/#website\",\"url\":\"https:\/\/www.notibras.com\/site\/\",\"name\":\"Notibras\",\"description\":\"Not\u00edcias de Bras\u00edlia, do Brasil e do Mundo\",\"publisher\":{\"@id\":\"https:\/\/www.notibras.com\/site\/#organization\"},\"potentialAction\":[{\"@type\":\"SearchAction\",\"target\":{\"@type\":\"EntryPoint\",\"urlTemplate\":\"https:\/\/www.notibras.com\/site\/?s={search_term_string}\"},\"query-input\":{\"@type\":\"PropertyValueSpecification\",\"valueRequired\":true,\"valueName\":\"search_term_string\"}}],\"inLanguage\":\"pt-BR\"},{\"@type\":\"Organization\",\"@id\":\"https:\/\/www.notibras.com\/site\/#organization\",\"name\":\"Grupo Notibras de Comunica\u00e7\u00e3o\",\"url\":\"https:\/\/www.notibras.com\/site\/\",\"logo\":{\"@type\":\"ImageObject\",\"inLanguage\":\"pt-BR\",\"@id\":\"https:\/\/www.notibras.com\/site\/#\/schema\/logo\/image\/\",\"url\":\"https:\/\/www.notibras.com\/site\/wp-content\/uploads\/2023\/01\/notibras23.png\",\"contentUrl\":\"https:\/\/www.notibras.com\/site\/wp-content\/uploads\/2023\/01\/notibras23.png\",\"width\":350,\"height\":87,\"caption\":\"Grupo Notibras de Comunica\u00e7\u00e3o\"},\"image\":{\"@id\":\"https:\/\/www.notibras.com\/site\/#\/schema\/logo\/image\/\"},\"sameAs\":[\"https:\/\/www.facebook.com\/notibras\/\",\"https:\/\/x.com\/Notibras\",\"https:\/\/www.instagram.com\/notibras\/\"]},{\"@type\":\"Person\",\"@id\":\"https:\/\/www.notibras.com\/site\/#\/schema\/person\/36ab0979449956132d3e5b517ea76ac8\",\"name\":\"Reda\u00e7\u00e3o\",\"image\":{\"@type\":\"ImageObject\",\"inLanguage\":\"pt-BR\",\"@id\":\"https:\/\/secure.gravatar.com\/avatar\/e0a867bdedb85fd243eadf09663511f96fc81e0720a4a42581f334ad4303aa6b?s=96&d=mm&r=g\",\"url\":\"https:\/\/secure.gravatar.com\/avatar\/e0a867bdedb85fd243eadf09663511f96fc81e0720a4a42581f334ad4303aa6b?s=96&d=mm&r=g\",\"contentUrl\":\"https:\/\/secure.gravatar.com\/avatar\/e0a867bdedb85fd243eadf09663511f96fc81e0720a4a42581f334ad4303aa6b?s=96&d=mm&r=g\",\"caption\":\"Reda\u00e7\u00e3o\"}}]}<\/script>\n<!-- \/ Yoast SEO plugin. -->","yoast_head_json":{"title":"Ar puro\u00a0e \u00e1lcool gel ajudam a evitar bronquiolite - Notibras","robots":{"index":"index","follow":"follow","max-snippet":"max-snippet:-1","max-image-preview":"max-image-preview:large","max-video-preview":"max-video-preview:-1"},"canonical":"https:\/\/www.notibras.com\/site\/ar-puro-e-alcool-gel-ajudam-a-evitar-bronquiolite\/","og_locale":"pt_BR","og_type":"article","og_title":"Ar puro\u00a0e \u00e1lcool gel ajudam a evitar bronquiolite - Notibras","og_description":"Mal come\u00e7ou o ano, j\u00e1 \u00e9 poss\u00edvel notar o aumento de casos de crian\u00e7as com bronquiolite viral aguda, doen\u00e7a que causa a inflama\u00e7\u00e3o das vias respirat\u00f3rias e acomete os pulm\u00f5es. Geralmente, o per\u00edodo de maior preval\u00eancia da bronquiolite \u00e9 de mar\u00e7o at\u00e9 julho, quando aumenta a circula\u00e7\u00e3o de v\u00e1rios v\u00edrus respirat\u00f3rios e, consequentemente, a incid\u00eancia [&hellip;]","og_url":"https:\/\/www.notibras.com\/site\/ar-puro-e-alcool-gel-ajudam-a-evitar-bronquiolite\/","og_site_name":"Notibras","article_publisher":"https:\/\/www.facebook.com\/notibras\/","article_published_time":"2023-01-25T11:33:30+00:00","og_image":[{"width":1536,"height":962,"url":"https:\/\/www.notibras.com\/site\/wp-content\/uploads\/2023\/01\/bronquiolite.jpg","type":"image\/jpeg"}],"author":"Reda\u00e7\u00e3o","twitter_card":"summary_large_image","twitter_creator":"@Notibras","twitter_site":"@Notibras","twitter_misc":{"Escrito por":"Reda\u00e7\u00e3o","Est. tempo de leitura":"3 minutos"},"schema":{"@context":"https:\/\/schema.org","@graph":[{"@type":"Article","@id":"https:\/\/www.notibras.com\/site\/ar-puro-e-alcool-gel-ajudam-a-evitar-bronquiolite\/#article","isPartOf":{"@id":"https:\/\/www.notibras.com\/site\/ar-puro-e-alcool-gel-ajudam-a-evitar-bronquiolite\/"},"author":{"name":"Reda\u00e7\u00e3o","@id":"https:\/\/www.notibras.com\/site\/#\/schema\/person\/36ab0979449956132d3e5b517ea76ac8"},"headline":"Ar puro\u00a0e \u00e1lcool gel ajudam a evitar bronquiolite","datePublished":"2023-01-25T11:33:30+00:00","mainEntityOfPage":{"@id":"https:\/\/www.notibras.com\/site\/ar-puro-e-alcool-gel-ajudam-a-evitar-bronquiolite\/"},"wordCount":556,"publisher":{"@id":"https:\/\/www.notibras.com\/site\/#organization"},"image":{"@id":"https:\/\/www.notibras.com\/site\/ar-puro-e-alcool-gel-ajudam-a-evitar-bronquiolite\/#primaryimage"},"thumbnailUrl":"https:\/\/www.notibras.com\/site\/wp-content\/uploads\/2023\/01\/bronquiolite.jpg","articleSection":["Quadradinho em Foco"],"inLanguage":"pt-BR"},{"@type":"WebPage","@id":"https:\/\/www.notibras.com\/site\/ar-puro-e-alcool-gel-ajudam-a-evitar-bronquiolite\/","url":"https:\/\/www.notibras.com\/site\/ar-puro-e-alcool-gel-ajudam-a-evitar-bronquiolite\/","name":"Ar puro\u00a0e \u00e1lcool gel ajudam a evitar bronquiolite - Notibras","isPartOf":{"@id":"https:\/\/www.notibras.com\/site\/#website"},"primaryImageOfPage":{"@id":"https:\/\/www.notibras.com\/site\/ar-puro-e-alcool-gel-ajudam-a-evitar-bronquiolite\/#primaryimage"},"image":{"@id":"https:\/\/www.notibras.com\/site\/ar-puro-e-alcool-gel-ajudam-a-evitar-bronquiolite\/#primaryimage"},"thumbnailUrl":"https:\/\/www.notibras.com\/site\/wp-content\/uploads\/2023\/01\/bronquiolite.jpg","datePublished":"2023-01-25T11:33:30+00:00","breadcrumb":{"@id":"https:\/\/www.notibras.com\/site\/ar-puro-e-alcool-gel-ajudam-a-evitar-bronquiolite\/#breadcrumb"},"inLanguage":"pt-BR","potentialAction":[{"@type":"ReadAction","target":["https:\/\/www.notibras.com\/site\/ar-puro-e-alcool-gel-ajudam-a-evitar-bronquiolite\/"]}]},{"@type":"ImageObject","inLanguage":"pt-BR","@id":"https:\/\/www.notibras.com\/site\/ar-puro-e-alcool-gel-ajudam-a-evitar-bronquiolite\/#primaryimage","url":"https:\/\/www.notibras.com\/site\/wp-content\/uploads\/2023\/01\/bronquiolite.jpg","contentUrl":"https:\/\/www.notibras.com\/site\/wp-content\/uploads\/2023\/01\/bronquiolite.jpg","width":1536,"height":962},{"@type":"BreadcrumbList","@id":"https:\/\/www.notibras.com\/site\/ar-puro-e-alcool-gel-ajudam-a-evitar-bronquiolite\/#breadcrumb","itemListElement":[{"@type":"ListItem","position":1,"name":"In\u00edcio","item":"https:\/\/www.notibras.com\/site\/"},{"@type":"ListItem","position":2,"name":"Ar puro\u00a0e \u00e1lcool gel ajudam a evitar bronquiolite"}]},{"@type":"WebSite","@id":"https:\/\/www.notibras.com\/site\/#website","url":"https:\/\/www.notibras.com\/site\/","name":"Notibras","description":"Not\u00edcias de Bras\u00edlia, do Brasil e do Mundo","publisher":{"@id":"https:\/\/www.notibras.com\/site\/#organization"},"potentialAction":[{"@type":"SearchAction","target":{"@type":"EntryPoint","urlTemplate":"https:\/\/www.notibras.com\/site\/?s={search_term_string}"},"query-input":{"@type":"PropertyValueSpecification","valueRequired":true,"valueName":"search_term_string"}}],"inLanguage":"pt-BR"},{"@type":"Organization","@id":"https:\/\/www.notibras.com\/site\/#organization","name":"Grupo Notibras de Comunica\u00e7\u00e3o","url":"https:\/\/www.notibras.com\/site\/","logo":{"@type":"ImageObject","inLanguage":"pt-BR","@id":"https:\/\/www.notibras.com\/site\/#\/schema\/logo\/image\/","url":"https:\/\/www.notibras.com\/site\/wp-content\/uploads\/2023\/01\/notibras23.png","contentUrl":"https:\/\/www.notibras.com\/site\/wp-content\/uploads\/2023\/01\/notibras23.png","width":350,"height":87,"caption":"Grupo Notibras de Comunica\u00e7\u00e3o"},"image":{"@id":"https:\/\/www.notibras.com\/site\/#\/schema\/logo\/image\/"},"sameAs":["https:\/\/www.facebook.com\/notibras\/","https:\/\/x.com\/Notibras","https:\/\/www.instagram.com\/notibras\/"]},{"@type":"Person","@id":"https:\/\/www.notibras.com\/site\/#\/schema\/person\/36ab0979449956132d3e5b517ea76ac8","name":"Reda\u00e7\u00e3o","image":{"@type":"ImageObject","inLanguage":"pt-BR","@id":"https:\/\/secure.gravatar.com\/avatar\/e0a867bdedb85fd243eadf09663511f96fc81e0720a4a42581f334ad4303aa6b?s=96&d=mm&r=g","url":"https:\/\/secure.gravatar.com\/avatar\/e0a867bdedb85fd243eadf09663511f96fc81e0720a4a42581f334ad4303aa6b?s=96&d=mm&r=g","contentUrl":"https:\/\/secure.gravatar.com\/avatar\/e0a867bdedb85fd243eadf09663511f96fc81e0720a4a42581f334ad4303aa6b?s=96&d=mm&r=g","caption":"Reda\u00e7\u00e3o"}}]}},"amp_enabled":true,"_links":{"self":[{"href":"https:\/\/www.notibras.com\/site\/wp-json\/wp\/v2\/posts\/298242","targetHints":{"allow":["GET"]}}],"collection":[{"href":"https:\/\/www.notibras.com\/site\/wp-json\/wp\/v2\/posts"}],"about":[{"href":"https:\/\/www.notibras.com\/site\/wp-json\/wp\/v2\/types\/post"}],"author":[{"embeddable":true,"href":"https:\/\/www.notibras.com\/site\/wp-json\/wp\/v2\/users\/2"}],"replies":[{"embeddable":true,"href":"https:\/\/www.notibras.com\/site\/wp-json\/wp\/v2\/comments?post=298242"}],"version-history":[{"count":1,"href":"https:\/\/www.notibras.com\/site\/wp-json\/wp\/v2\/posts\/298242\/revisions"}],"predecessor-version":[{"id":298244,"href":"https:\/\/www.notibras.com\/site\/wp-json\/wp\/v2\/posts\/298242\/revisions\/298244"}],"wp:featuredmedia":[{"embeddable":true,"href":"https:\/\/www.notibras.com\/site\/wp-json\/wp\/v2\/media\/298243"}],"wp:attachment":[{"href":"https:\/\/www.notibras.com\/site\/wp-json\/wp\/v2\/media?parent=298242"}],"wp:term":[{"taxonomy":"category","embeddable":true,"href":"https:\/\/www.notibras.com\/site\/wp-json\/wp\/v2\/categories?post=298242"},{"taxonomy":"post_tag","embeddable":true,"href":"https:\/\/www.notibras.com\/site\/wp-json\/wp\/v2\/tags?post=298242"}],"curies":[{"name":"wp","href":"https:\/\/api.w.org\/{rel}","templated":true}]}}