{"id":298245,"date":"2023-01-25T07:35:18","date_gmt":"2023-01-25T10:35:18","guid":{"rendered":"https:\/\/www.notibras.com\/site\/?p=298245"},"modified":"2023-01-25T08:37:42","modified_gmt":"2023-01-25T11:37:42","slug":"prazo-para-indicar-credito-de-iptu-ou-ipva-vai-ate-dia-31","status":"publish","type":"post","link":"https:\/\/www.notibras.com\/site\/prazo-para-indicar-credito-de-iptu-ou-ipva-vai-ate-dia-31\/","title":{"rendered":"Prazo para indicar cr\u00e9dito de IPTU ou IPVA vai at\u00e9 dia 31"},"content":{"rendered":"<p>O contribuinte que ainda n\u00e3o fez a indica\u00e7\u00e3o do cr\u00e9dito do Nota Legal tem at\u00e9 o dia 31 para acessar o portal Nota Legal e utilizar o cr\u00e9dito para abatimento do Imposto Predial e Territorial Urbano (IPTU) ou do Imposto sobre Propriedade de Ve\u00edculo Automotor (IPVA) referentes a este ano.<\/p>\n<p>Se voc\u00ea ainda n\u00e3o participa do programa, \u00e9 poss\u00edvel se inscrever a qualquer tempo. Para tanto, basta acessar o portal e cadastrar as informa\u00e7\u00f5es de ordem pessoal que est\u00e3o no RG e CPF e que devem ser condizentes com as contidas no banco de dados da Receita Federal.<\/p>\n<p>Mais de 800 mil consumidores n\u00e3o cadastrados no programa t\u00eam saldo acima de R$ 25 e estar\u00e3o aptos a utilizar seus cr\u00e9ditos, caso possuam im\u00f3vel ou ve\u00edculo em seu nome. Os que s\u00e3o cadastrados poder\u00e3o acessar o endere\u00e7o eletr\u00f4nico para consultar o saldo do cr\u00e9dito dispon\u00edvel, atualizar os dados, fazer a indica\u00e7\u00e3o do cr\u00e9dito e emitir o boleto banc\u00e1rio com o valor atualizado do imposto.<\/p>\n<p>O cr\u00e9dito do Nota Legal \u00e9 pessoal e intransfer\u00edvel, e a indica\u00e7\u00e3o para abatimento no IPVA ou IPTU requer que o bem seja de propriedade do contribuinte. As informa\u00e7\u00f5es devem coincidir com os dados relacionados no cadastro do ve\u00edculo junto ao Departamento de Tr\u00e2nsito do Distrito Federal (Detran), se a indica\u00e7\u00e3o for para o IPVA, ou com o cadastro imobili\u00e1rio do DF, se a indica\u00e7\u00e3o for para o IPTU, pois \u00e9 necess\u00e1ria a comprova\u00e7\u00e3o da propriedade do bem.<\/p>\n<p>No caso de o im\u00f3vel ser propriedade do casal, mas somente o CPF de um dos c\u00f4njuges estiver cadastrado, o contribuinte deve abrir demanda no atendimento virtual da Receita do DF para solicitar a inser\u00e7\u00e3o do CPF n\u00e3o integrado. Para tanto, basta acessar o menu Assunto: Nota Legal | Tipo de Atendimento | Altera\u00e7\u00e3o de propriedade de im\u00f3veis e anexar a certid\u00e3o de casamento. Tratando-se de ve\u00edculo, somente a indica\u00e7\u00e3o s\u00f3 pode ser feita pelo propriet\u00e1rio cujo CPF consta no cadastro do Detran.<\/p>\n<p>Pessoas que n\u00e3o possuem bens tribut\u00e1veis em seu nome contam com a op\u00e7\u00e3o de solicitar o recebimento do cr\u00e9dito em dinheiro. Nesse caso, \u00e9 preciso, em junho, fazer a indica\u00e7\u00e3o e cadastrar os dados para dep\u00f3sito em conta corrente ou poupan\u00e7a.<\/p>\n<p>Criado em 2008 com a finalidade de estimular o consumidor a solicitar a emiss\u00e3o da nota fiscal no ato da compra, o Nota Legal tamb\u00e9m \u00e9 uma a\u00e7\u00e3o conjunta de educa\u00e7\u00e3o fiscal que ajuda na redu\u00e7\u00e3o do mercado informal e favorece o aumento da arrecada\u00e7\u00e3o do Imposto sobre Circula\u00e7\u00e3o de Mercadorias e Servi\u00e7os (ICMS) e do Imposto sobre Servi\u00e7os de Qualquer Natureza (ISS), o que atenua a evas\u00e3o e a sonega\u00e7\u00e3o dos impostos destinados aos programas p\u00fablicos do Governo do Distrito Federal.<\/p>\n<p>&nbsp;<\/p>\n","protected":false},"excerpt":{"rendered":"<p>O contribuinte que ainda n\u00e3o fez a indica\u00e7\u00e3o do cr\u00e9dito do Nota Legal tem at\u00e9 o dia 31 para acessar o portal Nota Legal e utilizar o cr\u00e9dito para abatimento do Imposto Predial e Territorial Urbano (IPTU) ou do Imposto sobre Propriedade de Ve\u00edculo Automotor (IPVA) referentes a este ano. Se voc\u00ea ainda n\u00e3o participa [&hellip;]<\/p>\n","protected":false},"author":2,"featured_media":276620,"comment_status":"closed","ping_status":"closed","sticky":false,"template":"","format":"standard","meta":{"_acf_changed":false,"footnotes":""},"categories":[161],"tags":[],"class_list":["post-298245","post","type-post","status-publish","format-standard","has-post-thumbnail","hentry","category-quadradinho-em-foco"],"acf":[],"yoast_head":"<!-- This site is optimized with the Yoast SEO plugin v27.2 - https:\/\/yoast.com\/product\/yoast-seo-wordpress\/ -->\n<title>Prazo para indicar cr\u00e9dito de IPTU ou IPVA vai at\u00e9 dia 31 - Notibras<\/title>\n<meta name=\"robots\" content=\"index, follow, max-snippet:-1, max-image-preview:large, max-video-preview:-1\" \/>\n<link rel=\"canonical\" href=\"https:\/\/www.notibras.com\/site\/prazo-para-indicar-credito-de-iptu-ou-ipva-vai-ate-dia-31\/\" \/>\n<meta property=\"og:locale\" content=\"pt_BR\" \/>\n<meta property=\"og:type\" content=\"article\" \/>\n<meta property=\"og:title\" content=\"Prazo para indicar cr\u00e9dito de IPTU ou IPVA vai at\u00e9 dia 31 - Notibras\" \/>\n<meta property=\"og:description\" content=\"O contribuinte que ainda n\u00e3o fez a indica\u00e7\u00e3o do cr\u00e9dito do Nota Legal tem at\u00e9 o dia 31 para acessar o portal Nota Legal e utilizar o cr\u00e9dito para abatimento do Imposto Predial e Territorial Urbano (IPTU) ou do Imposto sobre Propriedade de Ve\u00edculo Automotor (IPVA) referentes a este ano. Se voc\u00ea ainda n\u00e3o participa [&hellip;]\" \/>\n<meta property=\"og:url\" content=\"https:\/\/www.notibras.com\/site\/prazo-para-indicar-credito-de-iptu-ou-ipva-vai-ate-dia-31\/\" \/>\n<meta property=\"og:site_name\" content=\"Notibras\" \/>\n<meta property=\"article:publisher\" content=\"https:\/\/www.facebook.com\/notibras\/\" \/>\n<meta property=\"article:published_time\" content=\"2023-01-25T10:35:18+00:00\" \/>\n<meta property=\"article:modified_time\" content=\"2023-01-25T11:37:42+00:00\" \/>\n<meta property=\"og:image\" content=\"https:\/\/www.notibras.com\/site\/wp-content\/uploads\/2021\/12\/sp_transito_1.jpg\" \/>\n\t<meta property=\"og:image:width\" content=\"1170\" \/>\n\t<meta property=\"og:image:height\" content=\"700\" \/>\n\t<meta property=\"og:image:type\" content=\"image\/jpeg\" \/>\n<meta name=\"author\" content=\"Reda\u00e7\u00e3o\" \/>\n<meta name=\"twitter:card\" content=\"summary_large_image\" \/>\n<meta name=\"twitter:creator\" content=\"@Notibras\" \/>\n<meta name=\"twitter:site\" content=\"@Notibras\" \/>\n<meta name=\"twitter:label1\" content=\"Escrito por\" \/>\n\t<meta name=\"twitter:data1\" content=\"Reda\u00e7\u00e3o\" \/>\n\t<meta name=\"twitter:label2\" content=\"Est. tempo de leitura\" \/>\n\t<meta name=\"twitter:data2\" content=\"3 minutos\" \/>\n<script type=\"application\/ld+json\" class=\"yoast-schema-graph\">{\"@context\":\"https:\/\/schema.org\",\"@graph\":[{\"@type\":\"Article\",\"@id\":\"https:\/\/www.notibras.com\/site\/prazo-para-indicar-credito-de-iptu-ou-ipva-vai-ate-dia-31\/#article\",\"isPartOf\":{\"@id\":\"https:\/\/www.notibras.com\/site\/prazo-para-indicar-credito-de-iptu-ou-ipva-vai-ate-dia-31\/\"},\"author\":{\"name\":\"Reda\u00e7\u00e3o\",\"@id\":\"https:\/\/www.notibras.com\/site\/#\/schema\/person\/36ab0979449956132d3e5b517ea76ac8\"},\"headline\":\"Prazo para indicar cr\u00e9dito de IPTU ou IPVA vai at\u00e9 dia 31\",\"datePublished\":\"2023-01-25T10:35:18+00:00\",\"dateModified\":\"2023-01-25T11:37:42+00:00\",\"mainEntityOfPage\":{\"@id\":\"https:\/\/www.notibras.com\/site\/prazo-para-indicar-credito-de-iptu-ou-ipva-vai-ate-dia-31\/\"},\"wordCount\":513,\"publisher\":{\"@id\":\"https:\/\/www.notibras.com\/site\/#organization\"},\"image\":{\"@id\":\"https:\/\/www.notibras.com\/site\/prazo-para-indicar-credito-de-iptu-ou-ipva-vai-ate-dia-31\/#primaryimage\"},\"thumbnailUrl\":\"https:\/\/www.notibras.com\/site\/wp-content\/uploads\/2021\/12\/sp_transito_1.jpg\",\"articleSection\":[\"Quadradinho em Foco\"],\"inLanguage\":\"pt-BR\"},{\"@type\":\"WebPage\",\"@id\":\"https:\/\/www.notibras.com\/site\/prazo-para-indicar-credito-de-iptu-ou-ipva-vai-ate-dia-31\/\",\"url\":\"https:\/\/www.notibras.com\/site\/prazo-para-indicar-credito-de-iptu-ou-ipva-vai-ate-dia-31\/\",\"name\":\"Prazo para indicar cr\u00e9dito de IPTU ou IPVA vai at\u00e9 dia 31 - Notibras\",\"isPartOf\":{\"@id\":\"https:\/\/www.notibras.com\/site\/#website\"},\"primaryImageOfPage\":{\"@id\":\"https:\/\/www.notibras.com\/site\/prazo-para-indicar-credito-de-iptu-ou-ipva-vai-ate-dia-31\/#primaryimage\"},\"image\":{\"@id\":\"https:\/\/www.notibras.com\/site\/prazo-para-indicar-credito-de-iptu-ou-ipva-vai-ate-dia-31\/#primaryimage\"},\"thumbnailUrl\":\"https:\/\/www.notibras.com\/site\/wp-content\/uploads\/2021\/12\/sp_transito_1.jpg\",\"datePublished\":\"2023-01-25T10:35:18+00:00\",\"dateModified\":\"2023-01-25T11:37:42+00:00\",\"breadcrumb\":{\"@id\":\"https:\/\/www.notibras.com\/site\/prazo-para-indicar-credito-de-iptu-ou-ipva-vai-ate-dia-31\/#breadcrumb\"},\"inLanguage\":\"pt-BR\",\"potentialAction\":[{\"@type\":\"ReadAction\",\"target\":[\"https:\/\/www.notibras.com\/site\/prazo-para-indicar-credito-de-iptu-ou-ipva-vai-ate-dia-31\/\"]}]},{\"@type\":\"ImageObject\",\"inLanguage\":\"pt-BR\",\"@id\":\"https:\/\/www.notibras.com\/site\/prazo-para-indicar-credito-de-iptu-ou-ipva-vai-ate-dia-31\/#primaryimage\",\"url\":\"https:\/\/www.notibras.com\/site\/wp-content\/uploads\/2021\/12\/sp_transito_1.jpg\",\"contentUrl\":\"https:\/\/www.notibras.com\/site\/wp-content\/uploads\/2021\/12\/sp_transito_1.jpg\",\"width\":1170,\"height\":700},{\"@type\":\"BreadcrumbList\",\"@id\":\"https:\/\/www.notibras.com\/site\/prazo-para-indicar-credito-de-iptu-ou-ipva-vai-ate-dia-31\/#breadcrumb\",\"itemListElement\":[{\"@type\":\"ListItem\",\"position\":1,\"name\":\"In\u00edcio\",\"item\":\"https:\/\/www.notibras.com\/site\/\"},{\"@type\":\"ListItem\",\"position\":2,\"name\":\"Prazo para indicar cr\u00e9dito de IPTU ou IPVA vai at\u00e9 dia 31\"}]},{\"@type\":\"WebSite\",\"@id\":\"https:\/\/www.notibras.com\/site\/#website\",\"url\":\"https:\/\/www.notibras.com\/site\/\",\"name\":\"Notibras\",\"description\":\"Not\u00edcias de Bras\u00edlia, do Brasil e do Mundo\",\"publisher\":{\"@id\":\"https:\/\/www.notibras.com\/site\/#organization\"},\"potentialAction\":[{\"@type\":\"SearchAction\",\"target\":{\"@type\":\"EntryPoint\",\"urlTemplate\":\"https:\/\/www.notibras.com\/site\/?s={search_term_string}\"},\"query-input\":{\"@type\":\"PropertyValueSpecification\",\"valueRequired\":true,\"valueName\":\"search_term_string\"}}],\"inLanguage\":\"pt-BR\"},{\"@type\":\"Organization\",\"@id\":\"https:\/\/www.notibras.com\/site\/#organization\",\"name\":\"Grupo Notibras de Comunica\u00e7\u00e3o\",\"url\":\"https:\/\/www.notibras.com\/site\/\",\"logo\":{\"@type\":\"ImageObject\",\"inLanguage\":\"pt-BR\",\"@id\":\"https:\/\/www.notibras.com\/site\/#\/schema\/logo\/image\/\",\"url\":\"https:\/\/www.notibras.com\/site\/wp-content\/uploads\/2023\/01\/notibras23.png\",\"contentUrl\":\"https:\/\/www.notibras.com\/site\/wp-content\/uploads\/2023\/01\/notibras23.png\",\"width\":350,\"height\":87,\"caption\":\"Grupo Notibras de Comunica\u00e7\u00e3o\"},\"image\":{\"@id\":\"https:\/\/www.notibras.com\/site\/#\/schema\/logo\/image\/\"},\"sameAs\":[\"https:\/\/www.facebook.com\/notibras\/\",\"https:\/\/x.com\/Notibras\",\"https:\/\/www.instagram.com\/notibras\/\"]},{\"@type\":\"Person\",\"@id\":\"https:\/\/www.notibras.com\/site\/#\/schema\/person\/36ab0979449956132d3e5b517ea76ac8\",\"name\":\"Reda\u00e7\u00e3o\",\"image\":{\"@type\":\"ImageObject\",\"inLanguage\":\"pt-BR\",\"@id\":\"https:\/\/secure.gravatar.com\/avatar\/e0a867bdedb85fd243eadf09663511f96fc81e0720a4a42581f334ad4303aa6b?s=96&d=mm&r=g\",\"url\":\"https:\/\/secure.gravatar.com\/avatar\/e0a867bdedb85fd243eadf09663511f96fc81e0720a4a42581f334ad4303aa6b?s=96&d=mm&r=g\",\"contentUrl\":\"https:\/\/secure.gravatar.com\/avatar\/e0a867bdedb85fd243eadf09663511f96fc81e0720a4a42581f334ad4303aa6b?s=96&d=mm&r=g\",\"caption\":\"Reda\u00e7\u00e3o\"}}]}<\/script>\n<!-- \/ Yoast SEO plugin. -->","yoast_head_json":{"title":"Prazo para indicar cr\u00e9dito de IPTU ou IPVA vai at\u00e9 dia 31 - Notibras","robots":{"index":"index","follow":"follow","max-snippet":"max-snippet:-1","max-image-preview":"max-image-preview:large","max-video-preview":"max-video-preview:-1"},"canonical":"https:\/\/www.notibras.com\/site\/prazo-para-indicar-credito-de-iptu-ou-ipva-vai-ate-dia-31\/","og_locale":"pt_BR","og_type":"article","og_title":"Prazo para indicar cr\u00e9dito de IPTU ou IPVA vai at\u00e9 dia 31 - Notibras","og_description":"O contribuinte que ainda n\u00e3o fez a indica\u00e7\u00e3o do cr\u00e9dito do Nota Legal tem at\u00e9 o dia 31 para acessar o portal Nota Legal e utilizar o cr\u00e9dito para abatimento do Imposto Predial e Territorial Urbano (IPTU) ou do Imposto sobre Propriedade de Ve\u00edculo Automotor (IPVA) referentes a este ano. Se voc\u00ea ainda n\u00e3o participa [&hellip;]","og_url":"https:\/\/www.notibras.com\/site\/prazo-para-indicar-credito-de-iptu-ou-ipva-vai-ate-dia-31\/","og_site_name":"Notibras","article_publisher":"https:\/\/www.facebook.com\/notibras\/","article_published_time":"2023-01-25T10:35:18+00:00","article_modified_time":"2023-01-25T11:37:42+00:00","og_image":[{"width":1170,"height":700,"url":"https:\/\/www.notibras.com\/site\/wp-content\/uploads\/2021\/12\/sp_transito_1.jpg","type":"image\/jpeg"}],"author":"Reda\u00e7\u00e3o","twitter_card":"summary_large_image","twitter_creator":"@Notibras","twitter_site":"@Notibras","twitter_misc":{"Escrito por":"Reda\u00e7\u00e3o","Est. tempo de leitura":"3 minutos"},"schema":{"@context":"https:\/\/schema.org","@graph":[{"@type":"Article","@id":"https:\/\/www.notibras.com\/site\/prazo-para-indicar-credito-de-iptu-ou-ipva-vai-ate-dia-31\/#article","isPartOf":{"@id":"https:\/\/www.notibras.com\/site\/prazo-para-indicar-credito-de-iptu-ou-ipva-vai-ate-dia-31\/"},"author":{"name":"Reda\u00e7\u00e3o","@id":"https:\/\/www.notibras.com\/site\/#\/schema\/person\/36ab0979449956132d3e5b517ea76ac8"},"headline":"Prazo para indicar cr\u00e9dito de IPTU ou IPVA vai at\u00e9 dia 31","datePublished":"2023-01-25T10:35:18+00:00","dateModified":"2023-01-25T11:37:42+00:00","mainEntityOfPage":{"@id":"https:\/\/www.notibras.com\/site\/prazo-para-indicar-credito-de-iptu-ou-ipva-vai-ate-dia-31\/"},"wordCount":513,"publisher":{"@id":"https:\/\/www.notibras.com\/site\/#organization"},"image":{"@id":"https:\/\/www.notibras.com\/site\/prazo-para-indicar-credito-de-iptu-ou-ipva-vai-ate-dia-31\/#primaryimage"},"thumbnailUrl":"https:\/\/www.notibras.com\/site\/wp-content\/uploads\/2021\/12\/sp_transito_1.jpg","articleSection":["Quadradinho em Foco"],"inLanguage":"pt-BR"},{"@type":"WebPage","@id":"https:\/\/www.notibras.com\/site\/prazo-para-indicar-credito-de-iptu-ou-ipva-vai-ate-dia-31\/","url":"https:\/\/www.notibras.com\/site\/prazo-para-indicar-credito-de-iptu-ou-ipva-vai-ate-dia-31\/","name":"Prazo para indicar cr\u00e9dito de IPTU ou IPVA vai at\u00e9 dia 31 - Notibras","isPartOf":{"@id":"https:\/\/www.notibras.com\/site\/#website"},"primaryImageOfPage":{"@id":"https:\/\/www.notibras.com\/site\/prazo-para-indicar-credito-de-iptu-ou-ipva-vai-ate-dia-31\/#primaryimage"},"image":{"@id":"https:\/\/www.notibras.com\/site\/prazo-para-indicar-credito-de-iptu-ou-ipva-vai-ate-dia-31\/#primaryimage"},"thumbnailUrl":"https:\/\/www.notibras.com\/site\/wp-content\/uploads\/2021\/12\/sp_transito_1.jpg","datePublished":"2023-01-25T10:35:18+00:00","dateModified":"2023-01-25T11:37:42+00:00","breadcrumb":{"@id":"https:\/\/www.notibras.com\/site\/prazo-para-indicar-credito-de-iptu-ou-ipva-vai-ate-dia-31\/#breadcrumb"},"inLanguage":"pt-BR","potentialAction":[{"@type":"ReadAction","target":["https:\/\/www.notibras.com\/site\/prazo-para-indicar-credito-de-iptu-ou-ipva-vai-ate-dia-31\/"]}]},{"@type":"ImageObject","inLanguage":"pt-BR","@id":"https:\/\/www.notibras.com\/site\/prazo-para-indicar-credito-de-iptu-ou-ipva-vai-ate-dia-31\/#primaryimage","url":"https:\/\/www.notibras.com\/site\/wp-content\/uploads\/2021\/12\/sp_transito_1.jpg","contentUrl":"https:\/\/www.notibras.com\/site\/wp-content\/uploads\/2021\/12\/sp_transito_1.jpg","width":1170,"height":700},{"@type":"BreadcrumbList","@id":"https:\/\/www.notibras.com\/site\/prazo-para-indicar-credito-de-iptu-ou-ipva-vai-ate-dia-31\/#breadcrumb","itemListElement":[{"@type":"ListItem","position":1,"name":"In\u00edcio","item":"https:\/\/www.notibras.com\/site\/"},{"@type":"ListItem","position":2,"name":"Prazo para indicar cr\u00e9dito de IPTU ou IPVA vai at\u00e9 dia 31"}]},{"@type":"WebSite","@id":"https:\/\/www.notibras.com\/site\/#website","url":"https:\/\/www.notibras.com\/site\/","name":"Notibras","description":"Not\u00edcias de Bras\u00edlia, do Brasil e do Mundo","publisher":{"@id":"https:\/\/www.notibras.com\/site\/#organization"},"potentialAction":[{"@type":"SearchAction","target":{"@type":"EntryPoint","urlTemplate":"https:\/\/www.notibras.com\/site\/?s={search_term_string}"},"query-input":{"@type":"PropertyValueSpecification","valueRequired":true,"valueName":"search_term_string"}}],"inLanguage":"pt-BR"},{"@type":"Organization","@id":"https:\/\/www.notibras.com\/site\/#organization","name":"Grupo Notibras de Comunica\u00e7\u00e3o","url":"https:\/\/www.notibras.com\/site\/","logo":{"@type":"ImageObject","inLanguage":"pt-BR","@id":"https:\/\/www.notibras.com\/site\/#\/schema\/logo\/image\/","url":"https:\/\/www.notibras.com\/site\/wp-content\/uploads\/2023\/01\/notibras23.png","contentUrl":"https:\/\/www.notibras.com\/site\/wp-content\/uploads\/2023\/01\/notibras23.png","width":350,"height":87,"caption":"Grupo Notibras de Comunica\u00e7\u00e3o"},"image":{"@id":"https:\/\/www.notibras.com\/site\/#\/schema\/logo\/image\/"},"sameAs":["https:\/\/www.facebook.com\/notibras\/","https:\/\/x.com\/Notibras","https:\/\/www.instagram.com\/notibras\/"]},{"@type":"Person","@id":"https:\/\/www.notibras.com\/site\/#\/schema\/person\/36ab0979449956132d3e5b517ea76ac8","name":"Reda\u00e7\u00e3o","image":{"@type":"ImageObject","inLanguage":"pt-BR","@id":"https:\/\/secure.gravatar.com\/avatar\/e0a867bdedb85fd243eadf09663511f96fc81e0720a4a42581f334ad4303aa6b?s=96&d=mm&r=g","url":"https:\/\/secure.gravatar.com\/avatar\/e0a867bdedb85fd243eadf09663511f96fc81e0720a4a42581f334ad4303aa6b?s=96&d=mm&r=g","contentUrl":"https:\/\/secure.gravatar.com\/avatar\/e0a867bdedb85fd243eadf09663511f96fc81e0720a4a42581f334ad4303aa6b?s=96&d=mm&r=g","caption":"Reda\u00e7\u00e3o"}}]}},"amp_enabled":true,"_links":{"self":[{"href":"https:\/\/www.notibras.com\/site\/wp-json\/wp\/v2\/posts\/298245","targetHints":{"allow":["GET"]}}],"collection":[{"href":"https:\/\/www.notibras.com\/site\/wp-json\/wp\/v2\/posts"}],"about":[{"href":"https:\/\/www.notibras.com\/site\/wp-json\/wp\/v2\/types\/post"}],"author":[{"embeddable":true,"href":"https:\/\/www.notibras.com\/site\/wp-json\/wp\/v2\/users\/2"}],"replies":[{"embeddable":true,"href":"https:\/\/www.notibras.com\/site\/wp-json\/wp\/v2\/comments?post=298245"}],"version-history":[{"count":1,"href":"https:\/\/www.notibras.com\/site\/wp-json\/wp\/v2\/posts\/298245\/revisions"}],"predecessor-version":[{"id":298246,"href":"https:\/\/www.notibras.com\/site\/wp-json\/wp\/v2\/posts\/298245\/revisions\/298246"}],"wp:featuredmedia":[{"embeddable":true,"href":"https:\/\/www.notibras.com\/site\/wp-json\/wp\/v2\/media\/276620"}],"wp:attachment":[{"href":"https:\/\/www.notibras.com\/site\/wp-json\/wp\/v2\/media?parent=298245"}],"wp:term":[{"taxonomy":"category","embeddable":true,"href":"https:\/\/www.notibras.com\/site\/wp-json\/wp\/v2\/categories?post=298245"},{"taxonomy":"post_tag","embeddable":true,"href":"https:\/\/www.notibras.com\/site\/wp-json\/wp\/v2\/tags?post=298245"}],"curies":[{"name":"wp","href":"https:\/\/api.w.org\/{rel}","templated":true}]}}