{"id":298247,"date":"2023-01-25T08:41:08","date_gmt":"2023-01-25T11:41:08","guid":{"rendered":"https:\/\/www.notibras.com\/site\/?p=298247"},"modified":"2023-01-25T08:42:14","modified_gmt":"2023-01-25T11:42:14","slug":"saude-amplia-publico-alvo-para-a-vacinacao","status":"publish","type":"post","link":"https:\/\/www.notibras.com\/site\/saude-amplia-publico-alvo-para-a-vacinacao\/","title":{"rendered":"Sa\u00fade amplia p\u00fablico-alvo contra a meningite"},"content":{"rendered":"<p>Meninos e meninas entre 11 e 14 anos j\u00e1 podem se vacinar contra a meningite. Conforme o calend\u00e1rio de vacina\u00e7\u00e3o, o imunizante \u00e9 ofertado apenas \u00e0s crian\u00e7as de 11 e 12 anos, por\u00e9m, at\u00e9 junho, a aplica\u00e7\u00e3o ser\u00e1 estendida para o p\u00fablico de at\u00e9 14 anos, 11 meses e 29 dias.<\/p>\n<p>\u201cA amplia\u00e7\u00e3o \u00e9 tempor\u00e1ria e j\u00e1 foi feita no ano passado\u201d, explica a enfermeira Fernanda Ledes, da \u00e1rea t\u00e9cnica de vacina\u00e7\u00e3o da Secretaria de Sa\u00fade (SES). Ela refor\u00e7a a seguran\u00e7a do imunizante e o fato de que, no DF, menos da metade dos meninos e meninas entre 11 e 14 anos recebeu a meningoc\u00f3cica ACWY.<\/p>\n<p>A m\u00e9dica neurologista Adriana Ferreira Barros Areal, refer\u00eancia t\u00e9cnica distrital (RTD) em neurologia da SES, alerta sobre a import\u00e2ncia de manter a vacina\u00e7\u00e3o em dia: \u201cCada vez que h\u00e1 uma redu\u00e7\u00e3o na cobertura vacinal, aumenta a quantidade de pessoas suscet\u00edveis, o que facilita o surgimento de surtos\u201d.<\/p>\n<p>A meningite \u00e9 caracterizada pela inflama\u00e7\u00e3o das meninges, as membranas que envolvem o c\u00e9rebro e a medula espinhal, o que pode deixar sequelas e causar at\u00e9 \u00f3bito. Em caso de contamina\u00e7\u00e3o, a pessoa apresenta rigidez na nuca, dor de cabe\u00e7a intensa, febre e v\u00f4mito. Nos casos piores, h\u00e1 altera\u00e7\u00f5es neurol\u00f3gicas.<\/p>\n<p>A rede p\u00fablica de sa\u00fade do Distrito Federal est\u00e1 abastecida com mais de 6 mil doses da meningoc\u00f3cica ACWY, um imunizante capaz de proteger contra quatro tipos de sorogrupos da doen\u00e7a.<\/p>\n<p>De segunda a sexta-feira, esse medicamento est\u00e1 dispon\u00edvel nas salas de vacina\u00e7\u00e3o de rotina de mais de 100 unidades da SES. Aos s\u00e1bados, tamb\u00e9m s\u00e3o ofertados os imunizantes. A SES lembra que \u00e9 poss\u00edvel receber a meningoc\u00f3cica ACWY junto a outra vacina em um mesmo dia, e que o imunizante tamb\u00e9m deve ser aplicado mesmo se a crian\u00e7a tiver recebido a meningoc\u00f3cica C anteriormente.<\/p>\n<p>O calend\u00e1rio de vacina\u00e7\u00e3o prev\u00ea para crian\u00e7as a aplica\u00e7\u00e3o da meningoc\u00f3cica C em doses, aos tr\u00eas e aos cinco meses de idade. Um refor\u00e7o tamb\u00e9m \u00e9 aplicado aos 12 meses \u2013 a imuniza\u00e7\u00e3o \u00e9 fundamental, pois casos de meningite na inf\u00e2ncia podem deixar sequelas.<\/p>\n<p>Se a crian\u00e7a n\u00e3o tiver sido vacinada na idade indicada, h\u00e1 ainda a possibilidade de receber uma dose \u00fanica at\u00e9 os 4 anos, 11 meses e 29 dias de vida. O imunizante tamb\u00e9m pode ser encontrado nas salas de vacina\u00e7\u00e3o de rotina do DF.<\/p>\n","protected":false},"excerpt":{"rendered":"<p>Meninos e meninas entre 11 e 14 anos j\u00e1 podem se vacinar contra a meningite. Conforme o calend\u00e1rio de vacina\u00e7\u00e3o, o imunizante \u00e9 ofertado apenas \u00e0s crian\u00e7as de 11 e 12 anos, por\u00e9m, at\u00e9 junho, a aplica\u00e7\u00e3o ser\u00e1 estendida para o p\u00fablico de at\u00e9 14 anos, 11 meses e 29 dias. \u201cA amplia\u00e7\u00e3o \u00e9 tempor\u00e1ria [&hellip;]<\/p>\n","protected":false},"author":2,"featured_media":298248,"comment_status":"closed","ping_status":"closed","sticky":false,"template":"","format":"standard","meta":{"_acf_changed":false,"footnotes":""},"categories":[161],"tags":[],"class_list":["post-298247","post","type-post","status-publish","format-standard","has-post-thumbnail","hentry","category-quadradinho-em-foco"],"acf":[],"yoast_head":"<!-- This site is optimized with the Yoast SEO plugin v27.2 - https:\/\/yoast.com\/product\/yoast-seo-wordpress\/ -->\n<title>Sa\u00fade amplia p\u00fablico-alvo contra a meningite - Notibras<\/title>\n<meta name=\"robots\" content=\"index, follow, max-snippet:-1, max-image-preview:large, max-video-preview:-1\" \/>\n<link rel=\"canonical\" href=\"https:\/\/www.notibras.com\/site\/saude-amplia-publico-alvo-para-a-vacinacao\/\" \/>\n<meta property=\"og:locale\" content=\"pt_BR\" \/>\n<meta property=\"og:type\" content=\"article\" \/>\n<meta property=\"og:title\" content=\"Sa\u00fade amplia p\u00fablico-alvo contra a meningite - Notibras\" \/>\n<meta property=\"og:description\" content=\"Meninos e meninas entre 11 e 14 anos j\u00e1 podem se vacinar contra a meningite. Conforme o calend\u00e1rio de vacina\u00e7\u00e3o, o imunizante \u00e9 ofertado apenas \u00e0s crian\u00e7as de 11 e 12 anos, por\u00e9m, at\u00e9 junho, a aplica\u00e7\u00e3o ser\u00e1 estendida para o p\u00fablico de at\u00e9 14 anos, 11 meses e 29 dias. \u201cA amplia\u00e7\u00e3o \u00e9 tempor\u00e1ria [&hellip;]\" \/>\n<meta property=\"og:url\" content=\"https:\/\/www.notibras.com\/site\/saude-amplia-publico-alvo-para-a-vacinacao\/\" \/>\n<meta property=\"og:site_name\" content=\"Notibras\" \/>\n<meta property=\"article:publisher\" content=\"https:\/\/www.facebook.com\/notibras\/\" \/>\n<meta property=\"article:published_time\" content=\"2023-01-25T11:41:08+00:00\" \/>\n<meta property=\"article:modified_time\" content=\"2023-01-25T11:42:14+00:00\" \/>\n<meta property=\"og:image\" content=\"https:\/\/www.notibras.com\/site\/wp-content\/uploads\/2023\/01\/meningite.vacina.jpg\" \/>\n\t<meta property=\"og:image:width\" content=\"1536\" \/>\n\t<meta property=\"og:image:height\" content=\"1024\" \/>\n\t<meta property=\"og:image:type\" content=\"image\/jpeg\" \/>\n<meta name=\"author\" content=\"Reda\u00e7\u00e3o\" \/>\n<meta name=\"twitter:card\" content=\"summary_large_image\" \/>\n<meta name=\"twitter:creator\" content=\"@Notibras\" \/>\n<meta name=\"twitter:site\" content=\"@Notibras\" \/>\n<meta name=\"twitter:label1\" content=\"Escrito por\" \/>\n\t<meta name=\"twitter:data1\" content=\"Reda\u00e7\u00e3o\" \/>\n\t<meta name=\"twitter:label2\" content=\"Est. tempo de leitura\" \/>\n\t<meta name=\"twitter:data2\" content=\"3 minutos\" \/>\n<script type=\"application\/ld+json\" class=\"yoast-schema-graph\">{\"@context\":\"https:\/\/schema.org\",\"@graph\":[{\"@type\":\"Article\",\"@id\":\"https:\/\/www.notibras.com\/site\/saude-amplia-publico-alvo-para-a-vacinacao\/#article\",\"isPartOf\":{\"@id\":\"https:\/\/www.notibras.com\/site\/saude-amplia-publico-alvo-para-a-vacinacao\/\"},\"author\":{\"name\":\"Reda\u00e7\u00e3o\",\"@id\":\"https:\/\/www.notibras.com\/site\/#\/schema\/person\/36ab0979449956132d3e5b517ea76ac8\"},\"headline\":\"Sa\u00fade amplia p\u00fablico-alvo contra a meningite\",\"datePublished\":\"2023-01-25T11:41:08+00:00\",\"dateModified\":\"2023-01-25T11:42:14+00:00\",\"mainEntityOfPage\":{\"@id\":\"https:\/\/www.notibras.com\/site\/saude-amplia-publico-alvo-para-a-vacinacao\/\"},\"wordCount\":428,\"publisher\":{\"@id\":\"https:\/\/www.notibras.com\/site\/#organization\"},\"image\":{\"@id\":\"https:\/\/www.notibras.com\/site\/saude-amplia-publico-alvo-para-a-vacinacao\/#primaryimage\"},\"thumbnailUrl\":\"https:\/\/www.notibras.com\/site\/wp-content\/uploads\/2023\/01\/meningite.vacina.jpg\",\"articleSection\":[\"Quadradinho em Foco\"],\"inLanguage\":\"pt-BR\"},{\"@type\":\"WebPage\",\"@id\":\"https:\/\/www.notibras.com\/site\/saude-amplia-publico-alvo-para-a-vacinacao\/\",\"url\":\"https:\/\/www.notibras.com\/site\/saude-amplia-publico-alvo-para-a-vacinacao\/\",\"name\":\"Sa\u00fade amplia p\u00fablico-alvo contra a meningite - Notibras\",\"isPartOf\":{\"@id\":\"https:\/\/www.notibras.com\/site\/#website\"},\"primaryImageOfPage\":{\"@id\":\"https:\/\/www.notibras.com\/site\/saude-amplia-publico-alvo-para-a-vacinacao\/#primaryimage\"},\"image\":{\"@id\":\"https:\/\/www.notibras.com\/site\/saude-amplia-publico-alvo-para-a-vacinacao\/#primaryimage\"},\"thumbnailUrl\":\"https:\/\/www.notibras.com\/site\/wp-content\/uploads\/2023\/01\/meningite.vacina.jpg\",\"datePublished\":\"2023-01-25T11:41:08+00:00\",\"dateModified\":\"2023-01-25T11:42:14+00:00\",\"breadcrumb\":{\"@id\":\"https:\/\/www.notibras.com\/site\/saude-amplia-publico-alvo-para-a-vacinacao\/#breadcrumb\"},\"inLanguage\":\"pt-BR\",\"potentialAction\":[{\"@type\":\"ReadAction\",\"target\":[\"https:\/\/www.notibras.com\/site\/saude-amplia-publico-alvo-para-a-vacinacao\/\"]}]},{\"@type\":\"ImageObject\",\"inLanguage\":\"pt-BR\",\"@id\":\"https:\/\/www.notibras.com\/site\/saude-amplia-publico-alvo-para-a-vacinacao\/#primaryimage\",\"url\":\"https:\/\/www.notibras.com\/site\/wp-content\/uploads\/2023\/01\/meningite.vacina.jpg\",\"contentUrl\":\"https:\/\/www.notibras.com\/site\/wp-content\/uploads\/2023\/01\/meningite.vacina.jpg\",\"width\":1536,\"height\":1024},{\"@type\":\"BreadcrumbList\",\"@id\":\"https:\/\/www.notibras.com\/site\/saude-amplia-publico-alvo-para-a-vacinacao\/#breadcrumb\",\"itemListElement\":[{\"@type\":\"ListItem\",\"position\":1,\"name\":\"In\u00edcio\",\"item\":\"https:\/\/www.notibras.com\/site\/\"},{\"@type\":\"ListItem\",\"position\":2,\"name\":\"Sa\u00fade amplia p\u00fablico-alvo contra a meningite\"}]},{\"@type\":\"WebSite\",\"@id\":\"https:\/\/www.notibras.com\/site\/#website\",\"url\":\"https:\/\/www.notibras.com\/site\/\",\"name\":\"Notibras\",\"description\":\"Not\u00edcias de Bras\u00edlia, do Brasil e do Mundo\",\"publisher\":{\"@id\":\"https:\/\/www.notibras.com\/site\/#organization\"},\"potentialAction\":[{\"@type\":\"SearchAction\",\"target\":{\"@type\":\"EntryPoint\",\"urlTemplate\":\"https:\/\/www.notibras.com\/site\/?s={search_term_string}\"},\"query-input\":{\"@type\":\"PropertyValueSpecification\",\"valueRequired\":true,\"valueName\":\"search_term_string\"}}],\"inLanguage\":\"pt-BR\"},{\"@type\":\"Organization\",\"@id\":\"https:\/\/www.notibras.com\/site\/#organization\",\"name\":\"Grupo Notibras de Comunica\u00e7\u00e3o\",\"url\":\"https:\/\/www.notibras.com\/site\/\",\"logo\":{\"@type\":\"ImageObject\",\"inLanguage\":\"pt-BR\",\"@id\":\"https:\/\/www.notibras.com\/site\/#\/schema\/logo\/image\/\",\"url\":\"https:\/\/www.notibras.com\/site\/wp-content\/uploads\/2023\/01\/notibras23.png\",\"contentUrl\":\"https:\/\/www.notibras.com\/site\/wp-content\/uploads\/2023\/01\/notibras23.png\",\"width\":350,\"height\":87,\"caption\":\"Grupo Notibras de Comunica\u00e7\u00e3o\"},\"image\":{\"@id\":\"https:\/\/www.notibras.com\/site\/#\/schema\/logo\/image\/\"},\"sameAs\":[\"https:\/\/www.facebook.com\/notibras\/\",\"https:\/\/x.com\/Notibras\",\"https:\/\/www.instagram.com\/notibras\/\"]},{\"@type\":\"Person\",\"@id\":\"https:\/\/www.notibras.com\/site\/#\/schema\/person\/36ab0979449956132d3e5b517ea76ac8\",\"name\":\"Reda\u00e7\u00e3o\",\"image\":{\"@type\":\"ImageObject\",\"inLanguage\":\"pt-BR\",\"@id\":\"https:\/\/secure.gravatar.com\/avatar\/e0a867bdedb85fd243eadf09663511f96fc81e0720a4a42581f334ad4303aa6b?s=96&d=mm&r=g\",\"url\":\"https:\/\/secure.gravatar.com\/avatar\/e0a867bdedb85fd243eadf09663511f96fc81e0720a4a42581f334ad4303aa6b?s=96&d=mm&r=g\",\"contentUrl\":\"https:\/\/secure.gravatar.com\/avatar\/e0a867bdedb85fd243eadf09663511f96fc81e0720a4a42581f334ad4303aa6b?s=96&d=mm&r=g\",\"caption\":\"Reda\u00e7\u00e3o\"}}]}<\/script>\n<!-- \/ Yoast SEO plugin. -->","yoast_head_json":{"title":"Sa\u00fade amplia p\u00fablico-alvo contra a meningite - Notibras","robots":{"index":"index","follow":"follow","max-snippet":"max-snippet:-1","max-image-preview":"max-image-preview:large","max-video-preview":"max-video-preview:-1"},"canonical":"https:\/\/www.notibras.com\/site\/saude-amplia-publico-alvo-para-a-vacinacao\/","og_locale":"pt_BR","og_type":"article","og_title":"Sa\u00fade amplia p\u00fablico-alvo contra a meningite - Notibras","og_description":"Meninos e meninas entre 11 e 14 anos j\u00e1 podem se vacinar contra a meningite. Conforme o calend\u00e1rio de vacina\u00e7\u00e3o, o imunizante \u00e9 ofertado apenas \u00e0s crian\u00e7as de 11 e 12 anos, por\u00e9m, at\u00e9 junho, a aplica\u00e7\u00e3o ser\u00e1 estendida para o p\u00fablico de at\u00e9 14 anos, 11 meses e 29 dias. \u201cA amplia\u00e7\u00e3o \u00e9 tempor\u00e1ria [&hellip;]","og_url":"https:\/\/www.notibras.com\/site\/saude-amplia-publico-alvo-para-a-vacinacao\/","og_site_name":"Notibras","article_publisher":"https:\/\/www.facebook.com\/notibras\/","article_published_time":"2023-01-25T11:41:08+00:00","article_modified_time":"2023-01-25T11:42:14+00:00","og_image":[{"width":1536,"height":1024,"url":"https:\/\/www.notibras.com\/site\/wp-content\/uploads\/2023\/01\/meningite.vacina.jpg","type":"image\/jpeg"}],"author":"Reda\u00e7\u00e3o","twitter_card":"summary_large_image","twitter_creator":"@Notibras","twitter_site":"@Notibras","twitter_misc":{"Escrito por":"Reda\u00e7\u00e3o","Est. tempo de leitura":"3 minutos"},"schema":{"@context":"https:\/\/schema.org","@graph":[{"@type":"Article","@id":"https:\/\/www.notibras.com\/site\/saude-amplia-publico-alvo-para-a-vacinacao\/#article","isPartOf":{"@id":"https:\/\/www.notibras.com\/site\/saude-amplia-publico-alvo-para-a-vacinacao\/"},"author":{"name":"Reda\u00e7\u00e3o","@id":"https:\/\/www.notibras.com\/site\/#\/schema\/person\/36ab0979449956132d3e5b517ea76ac8"},"headline":"Sa\u00fade amplia p\u00fablico-alvo contra a meningite","datePublished":"2023-01-25T11:41:08+00:00","dateModified":"2023-01-25T11:42:14+00:00","mainEntityOfPage":{"@id":"https:\/\/www.notibras.com\/site\/saude-amplia-publico-alvo-para-a-vacinacao\/"},"wordCount":428,"publisher":{"@id":"https:\/\/www.notibras.com\/site\/#organization"},"image":{"@id":"https:\/\/www.notibras.com\/site\/saude-amplia-publico-alvo-para-a-vacinacao\/#primaryimage"},"thumbnailUrl":"https:\/\/www.notibras.com\/site\/wp-content\/uploads\/2023\/01\/meningite.vacina.jpg","articleSection":["Quadradinho em Foco"],"inLanguage":"pt-BR"},{"@type":"WebPage","@id":"https:\/\/www.notibras.com\/site\/saude-amplia-publico-alvo-para-a-vacinacao\/","url":"https:\/\/www.notibras.com\/site\/saude-amplia-publico-alvo-para-a-vacinacao\/","name":"Sa\u00fade amplia p\u00fablico-alvo contra a meningite - Notibras","isPartOf":{"@id":"https:\/\/www.notibras.com\/site\/#website"},"primaryImageOfPage":{"@id":"https:\/\/www.notibras.com\/site\/saude-amplia-publico-alvo-para-a-vacinacao\/#primaryimage"},"image":{"@id":"https:\/\/www.notibras.com\/site\/saude-amplia-publico-alvo-para-a-vacinacao\/#primaryimage"},"thumbnailUrl":"https:\/\/www.notibras.com\/site\/wp-content\/uploads\/2023\/01\/meningite.vacina.jpg","datePublished":"2023-01-25T11:41:08+00:00","dateModified":"2023-01-25T11:42:14+00:00","breadcrumb":{"@id":"https:\/\/www.notibras.com\/site\/saude-amplia-publico-alvo-para-a-vacinacao\/#breadcrumb"},"inLanguage":"pt-BR","potentialAction":[{"@type":"ReadAction","target":["https:\/\/www.notibras.com\/site\/saude-amplia-publico-alvo-para-a-vacinacao\/"]}]},{"@type":"ImageObject","inLanguage":"pt-BR","@id":"https:\/\/www.notibras.com\/site\/saude-amplia-publico-alvo-para-a-vacinacao\/#primaryimage","url":"https:\/\/www.notibras.com\/site\/wp-content\/uploads\/2023\/01\/meningite.vacina.jpg","contentUrl":"https:\/\/www.notibras.com\/site\/wp-content\/uploads\/2023\/01\/meningite.vacina.jpg","width":1536,"height":1024},{"@type":"BreadcrumbList","@id":"https:\/\/www.notibras.com\/site\/saude-amplia-publico-alvo-para-a-vacinacao\/#breadcrumb","itemListElement":[{"@type":"ListItem","position":1,"name":"In\u00edcio","item":"https:\/\/www.notibras.com\/site\/"},{"@type":"ListItem","position":2,"name":"Sa\u00fade amplia p\u00fablico-alvo contra a meningite"}]},{"@type":"WebSite","@id":"https:\/\/www.notibras.com\/site\/#website","url":"https:\/\/www.notibras.com\/site\/","name":"Notibras","description":"Not\u00edcias de Bras\u00edlia, do Brasil e do Mundo","publisher":{"@id":"https:\/\/www.notibras.com\/site\/#organization"},"potentialAction":[{"@type":"SearchAction","target":{"@type":"EntryPoint","urlTemplate":"https:\/\/www.notibras.com\/site\/?s={search_term_string}"},"query-input":{"@type":"PropertyValueSpecification","valueRequired":true,"valueName":"search_term_string"}}],"inLanguage":"pt-BR"},{"@type":"Organization","@id":"https:\/\/www.notibras.com\/site\/#organization","name":"Grupo Notibras de Comunica\u00e7\u00e3o","url":"https:\/\/www.notibras.com\/site\/","logo":{"@type":"ImageObject","inLanguage":"pt-BR","@id":"https:\/\/www.notibras.com\/site\/#\/schema\/logo\/image\/","url":"https:\/\/www.notibras.com\/site\/wp-content\/uploads\/2023\/01\/notibras23.png","contentUrl":"https:\/\/www.notibras.com\/site\/wp-content\/uploads\/2023\/01\/notibras23.png","width":350,"height":87,"caption":"Grupo Notibras de Comunica\u00e7\u00e3o"},"image":{"@id":"https:\/\/www.notibras.com\/site\/#\/schema\/logo\/image\/"},"sameAs":["https:\/\/www.facebook.com\/notibras\/","https:\/\/x.com\/Notibras","https:\/\/www.instagram.com\/notibras\/"]},{"@type":"Person","@id":"https:\/\/www.notibras.com\/site\/#\/schema\/person\/36ab0979449956132d3e5b517ea76ac8","name":"Reda\u00e7\u00e3o","image":{"@type":"ImageObject","inLanguage":"pt-BR","@id":"https:\/\/secure.gravatar.com\/avatar\/e0a867bdedb85fd243eadf09663511f96fc81e0720a4a42581f334ad4303aa6b?s=96&d=mm&r=g","url":"https:\/\/secure.gravatar.com\/avatar\/e0a867bdedb85fd243eadf09663511f96fc81e0720a4a42581f334ad4303aa6b?s=96&d=mm&r=g","contentUrl":"https:\/\/secure.gravatar.com\/avatar\/e0a867bdedb85fd243eadf09663511f96fc81e0720a4a42581f334ad4303aa6b?s=96&d=mm&r=g","caption":"Reda\u00e7\u00e3o"}}]}},"amp_enabled":true,"_links":{"self":[{"href":"https:\/\/www.notibras.com\/site\/wp-json\/wp\/v2\/posts\/298247","targetHints":{"allow":["GET"]}}],"collection":[{"href":"https:\/\/www.notibras.com\/site\/wp-json\/wp\/v2\/posts"}],"about":[{"href":"https:\/\/www.notibras.com\/site\/wp-json\/wp\/v2\/types\/post"}],"author":[{"embeddable":true,"href":"https:\/\/www.notibras.com\/site\/wp-json\/wp\/v2\/users\/2"}],"replies":[{"embeddable":true,"href":"https:\/\/www.notibras.com\/site\/wp-json\/wp\/v2\/comments?post=298247"}],"version-history":[{"count":2,"href":"https:\/\/www.notibras.com\/site\/wp-json\/wp\/v2\/posts\/298247\/revisions"}],"predecessor-version":[{"id":298250,"href":"https:\/\/www.notibras.com\/site\/wp-json\/wp\/v2\/posts\/298247\/revisions\/298250"}],"wp:featuredmedia":[{"embeddable":true,"href":"https:\/\/www.notibras.com\/site\/wp-json\/wp\/v2\/media\/298248"}],"wp:attachment":[{"href":"https:\/\/www.notibras.com\/site\/wp-json\/wp\/v2\/media?parent=298247"}],"wp:term":[{"taxonomy":"category","embeddable":true,"href":"https:\/\/www.notibras.com\/site\/wp-json\/wp\/v2\/categories?post=298247"},{"taxonomy":"post_tag","embeddable":true,"href":"https:\/\/www.notibras.com\/site\/wp-json\/wp\/v2\/tags?post=298247"}],"curies":[{"name":"wp","href":"https:\/\/api.w.org\/{rel}","templated":true}]}}