{"id":298251,"date":"2023-01-25T00:42:55","date_gmt":"2023-01-25T03:42:55","guid":{"rendered":"https:\/\/www.notibras.com\/site\/?p=298251"},"modified":"2023-01-25T08:47:52","modified_gmt":"2023-01-25T11:47:52","slug":"unidades-basicas-de-saude-recebem-brinquedos-para-criancas","status":"publish","type":"post","link":"https:\/\/www.notibras.com\/site\/unidades-basicas-de-saude-recebem-brinquedos-para-criancas\/","title":{"rendered":"Unidades b\u00e1sicas de sa\u00fade recebem brinquedos para crian\u00e7as"},"content":{"rendered":"<p>Preocupada com o desenvolvimento das crian\u00e7as ap\u00f3s o cen\u00e1rio de pandemia e isolamento domiciliar, a Secretaria de Sa\u00fade adquiriu brinquedos que v\u00e3o ajudar nesse trabalho. A aquisi\u00e7\u00e3o foi feita por meio de um termo de coopera\u00e7\u00e3o t\u00e9cnica com a Organiza\u00e7\u00e3o Pan-Americana da Sa\u00fade (Opas).<\/p>\n<p>O material ser\u00e1 utilizado em crian\u00e7as de todas as idades. De acordo com a gerente de Apoio \u00e0 Sa\u00fade da Fam\u00edlia, \u00c2ngela Sacramento, o objetivo de utilizar brinquedos nas atividades terap\u00eauticas \u00e9 favorecer o desenvolvimento infantil, fazendo o acompanhamento de poss\u00edveis altera\u00e7\u00f5es neuropsicomotoras que possam ter ocorrido ap\u00f3s a pandemia.<\/p>\n<p>\u201cHouve queixas de profissionais de escolas e de sa\u00fade com rela\u00e7\u00e3o \u00e0 pandemia e seu potencial risco para o desenvolvimento infantil, principalmente da primeira inf\u00e2ncia. Essas crian\u00e7as foram muito prejudicadas com a quebra do conv\u00edvio social e com aulas remotas de forma online, o que pode ter acarretado algum tipo de preju\u00edzo\u201d, destaca.<\/p>\n<p>Um total de 166 unidades b\u00e1sicas de sa\u00fade (UBSs) j\u00e1 come\u00e7aram a receber os brinquedos, que ser\u00e3o utilizados nas atividades terap\u00eauticas e interven\u00e7\u00f5es individuais e em grupo, realizadas no \u00e2mbito da Aten\u00e7\u00e3o Prim\u00e1ria \u00e0 Sa\u00fade (APS). Todas as UBSs das regi\u00f5es de sa\u00fade Central, Leste, Norte e Oeste j\u00e1 receberam os brinquedos. As demais ser\u00e3o contempladas posteriormente.<\/p>\n<p>Os brinquedos ser\u00e3o utilizados de imediato pelos profissionais que atuam nas unidades do N\u00facleo Ampliado de Sa\u00fade da Fam\u00edlia (Nasf). Para os profissionais da Estrat\u00e9gia Sa\u00fade da Fam\u00edlia (ESF), haver\u00e1 um treinamento que envolve capacita\u00e7\u00e3o, instrumenta\u00e7\u00e3o e implementa\u00e7\u00e3o da pr\u00e1tica junto \u00e0s equipes. O trabalho desses profissionais ser\u00e1 focado na orienta\u00e7\u00e3o parental e a\u00e7\u00f5es com a fam\u00edlia da crian\u00e7a.<\/p>\n","protected":false},"excerpt":{"rendered":"<p>Preocupada com o desenvolvimento das crian\u00e7as ap\u00f3s o cen\u00e1rio de pandemia e isolamento domiciliar, a Secretaria de Sa\u00fade adquiriu brinquedos que v\u00e3o ajudar nesse trabalho. A aquisi\u00e7\u00e3o foi feita por meio de um termo de coopera\u00e7\u00e3o t\u00e9cnica com a Organiza\u00e7\u00e3o Pan-Americana da Sa\u00fade (Opas). O material ser\u00e1 utilizado em crian\u00e7as de todas as idades. De [&hellip;]<\/p>\n","protected":false},"author":2,"featured_media":298252,"comment_status":"closed","ping_status":"closed","sticky":false,"template":"","format":"standard","meta":{"_acf_changed":false,"footnotes":""},"categories":[161],"tags":[],"class_list":["post-298251","post","type-post","status-publish","format-standard","has-post-thumbnail","hentry","category-quadradinho-em-foco"],"acf":[],"yoast_head":"<!-- This site is optimized with the Yoast SEO plugin v27.2 - https:\/\/yoast.com\/product\/yoast-seo-wordpress\/ -->\n<title>Unidades b\u00e1sicas de sa\u00fade recebem brinquedos para crian\u00e7as - Notibras<\/title>\n<meta name=\"robots\" content=\"index, follow, max-snippet:-1, max-image-preview:large, max-video-preview:-1\" \/>\n<link rel=\"canonical\" href=\"https:\/\/www.notibras.com\/site\/unidades-basicas-de-saude-recebem-brinquedos-para-criancas\/\" \/>\n<meta property=\"og:locale\" content=\"pt_BR\" \/>\n<meta property=\"og:type\" content=\"article\" \/>\n<meta property=\"og:title\" content=\"Unidades b\u00e1sicas de sa\u00fade recebem brinquedos para crian\u00e7as - Notibras\" \/>\n<meta property=\"og:description\" content=\"Preocupada com o desenvolvimento das crian\u00e7as ap\u00f3s o cen\u00e1rio de pandemia e isolamento domiciliar, a Secretaria de Sa\u00fade adquiriu brinquedos que v\u00e3o ajudar nesse trabalho. A aquisi\u00e7\u00e3o foi feita por meio de um termo de coopera\u00e7\u00e3o t\u00e9cnica com a Organiza\u00e7\u00e3o Pan-Americana da Sa\u00fade (Opas). O material ser\u00e1 utilizado em crian\u00e7as de todas as idades. De [&hellip;]\" \/>\n<meta property=\"og:url\" content=\"https:\/\/www.notibras.com\/site\/unidades-basicas-de-saude-recebem-brinquedos-para-criancas\/\" \/>\n<meta property=\"og:site_name\" content=\"Notibras\" \/>\n<meta property=\"article:publisher\" content=\"https:\/\/www.facebook.com\/notibras\/\" \/>\n<meta property=\"article:published_time\" content=\"2023-01-25T03:42:55+00:00\" \/>\n<meta property=\"article:modified_time\" content=\"2023-01-25T11:47:52+00:00\" \/>\n<meta property=\"og:image\" content=\"https:\/\/www.notibras.com\/site\/wp-content\/uploads\/2023\/01\/Voluntario-Marcos-encarna-o-palhaco-Contarolim-levando-alegria-as-criancas_-Foto-Mauricio-Rocha.jpg\" \/>\n\t<meta property=\"og:image:width\" content=\"865\" \/>\n\t<meta property=\"og:image:height\" content=\"485\" \/>\n\t<meta property=\"og:image:type\" content=\"image\/jpeg\" \/>\n<meta name=\"author\" content=\"Reda\u00e7\u00e3o\" \/>\n<meta name=\"twitter:card\" content=\"summary_large_image\" \/>\n<meta name=\"twitter:creator\" content=\"@Notibras\" \/>\n<meta name=\"twitter:site\" content=\"@Notibras\" \/>\n<meta name=\"twitter:label1\" content=\"Escrito por\" \/>\n\t<meta name=\"twitter:data1\" content=\"Reda\u00e7\u00e3o\" \/>\n\t<meta name=\"twitter:label2\" content=\"Est. tempo de leitura\" \/>\n\t<meta name=\"twitter:data2\" content=\"2 minutos\" \/>\n<script type=\"application\/ld+json\" class=\"yoast-schema-graph\">{\"@context\":\"https:\/\/schema.org\",\"@graph\":[{\"@type\":\"Article\",\"@id\":\"https:\/\/www.notibras.com\/site\/unidades-basicas-de-saude-recebem-brinquedos-para-criancas\/#article\",\"isPartOf\":{\"@id\":\"https:\/\/www.notibras.com\/site\/unidades-basicas-de-saude-recebem-brinquedos-para-criancas\/\"},\"author\":{\"name\":\"Reda\u00e7\u00e3o\",\"@id\":\"https:\/\/www.notibras.com\/site\/#\/schema\/person\/36ab0979449956132d3e5b517ea76ac8\"},\"headline\":\"Unidades b\u00e1sicas de sa\u00fade recebem brinquedos para crian\u00e7as\",\"datePublished\":\"2023-01-25T03:42:55+00:00\",\"dateModified\":\"2023-01-25T11:47:52+00:00\",\"mainEntityOfPage\":{\"@id\":\"https:\/\/www.notibras.com\/site\/unidades-basicas-de-saude-recebem-brinquedos-para-criancas\/\"},\"wordCount\":319,\"publisher\":{\"@id\":\"https:\/\/www.notibras.com\/site\/#organization\"},\"image\":{\"@id\":\"https:\/\/www.notibras.com\/site\/unidades-basicas-de-saude-recebem-brinquedos-para-criancas\/#primaryimage\"},\"thumbnailUrl\":\"https:\/\/www.notibras.com\/site\/wp-content\/uploads\/2023\/01\/Voluntario-Marcos-encarna-o-palhaco-Contarolim-levando-alegria-as-criancas_-Foto-Mauricio-Rocha.jpg\",\"articleSection\":[\"Quadradinho em Foco\"],\"inLanguage\":\"pt-BR\"},{\"@type\":\"WebPage\",\"@id\":\"https:\/\/www.notibras.com\/site\/unidades-basicas-de-saude-recebem-brinquedos-para-criancas\/\",\"url\":\"https:\/\/www.notibras.com\/site\/unidades-basicas-de-saude-recebem-brinquedos-para-criancas\/\",\"name\":\"Unidades b\u00e1sicas de sa\u00fade recebem brinquedos para crian\u00e7as - Notibras\",\"isPartOf\":{\"@id\":\"https:\/\/www.notibras.com\/site\/#website\"},\"primaryImageOfPage\":{\"@id\":\"https:\/\/www.notibras.com\/site\/unidades-basicas-de-saude-recebem-brinquedos-para-criancas\/#primaryimage\"},\"image\":{\"@id\":\"https:\/\/www.notibras.com\/site\/unidades-basicas-de-saude-recebem-brinquedos-para-criancas\/#primaryimage\"},\"thumbnailUrl\":\"https:\/\/www.notibras.com\/site\/wp-content\/uploads\/2023\/01\/Voluntario-Marcos-encarna-o-palhaco-Contarolim-levando-alegria-as-criancas_-Foto-Mauricio-Rocha.jpg\",\"datePublished\":\"2023-01-25T03:42:55+00:00\",\"dateModified\":\"2023-01-25T11:47:52+00:00\",\"breadcrumb\":{\"@id\":\"https:\/\/www.notibras.com\/site\/unidades-basicas-de-saude-recebem-brinquedos-para-criancas\/#breadcrumb\"},\"inLanguage\":\"pt-BR\",\"potentialAction\":[{\"@type\":\"ReadAction\",\"target\":[\"https:\/\/www.notibras.com\/site\/unidades-basicas-de-saude-recebem-brinquedos-para-criancas\/\"]}]},{\"@type\":\"ImageObject\",\"inLanguage\":\"pt-BR\",\"@id\":\"https:\/\/www.notibras.com\/site\/unidades-basicas-de-saude-recebem-brinquedos-para-criancas\/#primaryimage\",\"url\":\"https:\/\/www.notibras.com\/site\/wp-content\/uploads\/2023\/01\/Voluntario-Marcos-encarna-o-palhaco-Contarolim-levando-alegria-as-criancas_-Foto-Mauricio-Rocha.jpg\",\"contentUrl\":\"https:\/\/www.notibras.com\/site\/wp-content\/uploads\/2023\/01\/Voluntario-Marcos-encarna-o-palhaco-Contarolim-levando-alegria-as-criancas_-Foto-Mauricio-Rocha.jpg\",\"width\":865,\"height\":485},{\"@type\":\"BreadcrumbList\",\"@id\":\"https:\/\/www.notibras.com\/site\/unidades-basicas-de-saude-recebem-brinquedos-para-criancas\/#breadcrumb\",\"itemListElement\":[{\"@type\":\"ListItem\",\"position\":1,\"name\":\"In\u00edcio\",\"item\":\"https:\/\/www.notibras.com\/site\/\"},{\"@type\":\"ListItem\",\"position\":2,\"name\":\"Unidades b\u00e1sicas de sa\u00fade recebem brinquedos para crian\u00e7as\"}]},{\"@type\":\"WebSite\",\"@id\":\"https:\/\/www.notibras.com\/site\/#website\",\"url\":\"https:\/\/www.notibras.com\/site\/\",\"name\":\"Notibras\",\"description\":\"Not\u00edcias de Bras\u00edlia, do Brasil e do Mundo\",\"publisher\":{\"@id\":\"https:\/\/www.notibras.com\/site\/#organization\"},\"potentialAction\":[{\"@type\":\"SearchAction\",\"target\":{\"@type\":\"EntryPoint\",\"urlTemplate\":\"https:\/\/www.notibras.com\/site\/?s={search_term_string}\"},\"query-input\":{\"@type\":\"PropertyValueSpecification\",\"valueRequired\":true,\"valueName\":\"search_term_string\"}}],\"inLanguage\":\"pt-BR\"},{\"@type\":\"Organization\",\"@id\":\"https:\/\/www.notibras.com\/site\/#organization\",\"name\":\"Grupo Notibras de Comunica\u00e7\u00e3o\",\"url\":\"https:\/\/www.notibras.com\/site\/\",\"logo\":{\"@type\":\"ImageObject\",\"inLanguage\":\"pt-BR\",\"@id\":\"https:\/\/www.notibras.com\/site\/#\/schema\/logo\/image\/\",\"url\":\"https:\/\/www.notibras.com\/site\/wp-content\/uploads\/2023\/01\/notibras23.png\",\"contentUrl\":\"https:\/\/www.notibras.com\/site\/wp-content\/uploads\/2023\/01\/notibras23.png\",\"width\":350,\"height\":87,\"caption\":\"Grupo Notibras de Comunica\u00e7\u00e3o\"},\"image\":{\"@id\":\"https:\/\/www.notibras.com\/site\/#\/schema\/logo\/image\/\"},\"sameAs\":[\"https:\/\/www.facebook.com\/notibras\/\",\"https:\/\/x.com\/Notibras\",\"https:\/\/www.instagram.com\/notibras\/\"]},{\"@type\":\"Person\",\"@id\":\"https:\/\/www.notibras.com\/site\/#\/schema\/person\/36ab0979449956132d3e5b517ea76ac8\",\"name\":\"Reda\u00e7\u00e3o\",\"image\":{\"@type\":\"ImageObject\",\"inLanguage\":\"pt-BR\",\"@id\":\"https:\/\/secure.gravatar.com\/avatar\/e0a867bdedb85fd243eadf09663511f96fc81e0720a4a42581f334ad4303aa6b?s=96&d=mm&r=g\",\"url\":\"https:\/\/secure.gravatar.com\/avatar\/e0a867bdedb85fd243eadf09663511f96fc81e0720a4a42581f334ad4303aa6b?s=96&d=mm&r=g\",\"contentUrl\":\"https:\/\/secure.gravatar.com\/avatar\/e0a867bdedb85fd243eadf09663511f96fc81e0720a4a42581f334ad4303aa6b?s=96&d=mm&r=g\",\"caption\":\"Reda\u00e7\u00e3o\"}}]}<\/script>\n<!-- \/ Yoast SEO plugin. -->","yoast_head_json":{"title":"Unidades b\u00e1sicas de sa\u00fade recebem brinquedos para crian\u00e7as - Notibras","robots":{"index":"index","follow":"follow","max-snippet":"max-snippet:-1","max-image-preview":"max-image-preview:large","max-video-preview":"max-video-preview:-1"},"canonical":"https:\/\/www.notibras.com\/site\/unidades-basicas-de-saude-recebem-brinquedos-para-criancas\/","og_locale":"pt_BR","og_type":"article","og_title":"Unidades b\u00e1sicas de sa\u00fade recebem brinquedos para crian\u00e7as - Notibras","og_description":"Preocupada com o desenvolvimento das crian\u00e7as ap\u00f3s o cen\u00e1rio de pandemia e isolamento domiciliar, a Secretaria de Sa\u00fade adquiriu brinquedos que v\u00e3o ajudar nesse trabalho. A aquisi\u00e7\u00e3o foi feita por meio de um termo de coopera\u00e7\u00e3o t\u00e9cnica com a Organiza\u00e7\u00e3o Pan-Americana da Sa\u00fade (Opas). O material ser\u00e1 utilizado em crian\u00e7as de todas as idades. De [&hellip;]","og_url":"https:\/\/www.notibras.com\/site\/unidades-basicas-de-saude-recebem-brinquedos-para-criancas\/","og_site_name":"Notibras","article_publisher":"https:\/\/www.facebook.com\/notibras\/","article_published_time":"2023-01-25T03:42:55+00:00","article_modified_time":"2023-01-25T11:47:52+00:00","og_image":[{"width":865,"height":485,"url":"https:\/\/www.notibras.com\/site\/wp-content\/uploads\/2023\/01\/Voluntario-Marcos-encarna-o-palhaco-Contarolim-levando-alegria-as-criancas_-Foto-Mauricio-Rocha.jpg","type":"image\/jpeg"}],"author":"Reda\u00e7\u00e3o","twitter_card":"summary_large_image","twitter_creator":"@Notibras","twitter_site":"@Notibras","twitter_misc":{"Escrito por":"Reda\u00e7\u00e3o","Est. tempo de leitura":"2 minutos"},"schema":{"@context":"https:\/\/schema.org","@graph":[{"@type":"Article","@id":"https:\/\/www.notibras.com\/site\/unidades-basicas-de-saude-recebem-brinquedos-para-criancas\/#article","isPartOf":{"@id":"https:\/\/www.notibras.com\/site\/unidades-basicas-de-saude-recebem-brinquedos-para-criancas\/"},"author":{"name":"Reda\u00e7\u00e3o","@id":"https:\/\/www.notibras.com\/site\/#\/schema\/person\/36ab0979449956132d3e5b517ea76ac8"},"headline":"Unidades b\u00e1sicas de sa\u00fade recebem brinquedos para crian\u00e7as","datePublished":"2023-01-25T03:42:55+00:00","dateModified":"2023-01-25T11:47:52+00:00","mainEntityOfPage":{"@id":"https:\/\/www.notibras.com\/site\/unidades-basicas-de-saude-recebem-brinquedos-para-criancas\/"},"wordCount":319,"publisher":{"@id":"https:\/\/www.notibras.com\/site\/#organization"},"image":{"@id":"https:\/\/www.notibras.com\/site\/unidades-basicas-de-saude-recebem-brinquedos-para-criancas\/#primaryimage"},"thumbnailUrl":"https:\/\/www.notibras.com\/site\/wp-content\/uploads\/2023\/01\/Voluntario-Marcos-encarna-o-palhaco-Contarolim-levando-alegria-as-criancas_-Foto-Mauricio-Rocha.jpg","articleSection":["Quadradinho em Foco"],"inLanguage":"pt-BR"},{"@type":"WebPage","@id":"https:\/\/www.notibras.com\/site\/unidades-basicas-de-saude-recebem-brinquedos-para-criancas\/","url":"https:\/\/www.notibras.com\/site\/unidades-basicas-de-saude-recebem-brinquedos-para-criancas\/","name":"Unidades b\u00e1sicas de sa\u00fade recebem brinquedos para crian\u00e7as - Notibras","isPartOf":{"@id":"https:\/\/www.notibras.com\/site\/#website"},"primaryImageOfPage":{"@id":"https:\/\/www.notibras.com\/site\/unidades-basicas-de-saude-recebem-brinquedos-para-criancas\/#primaryimage"},"image":{"@id":"https:\/\/www.notibras.com\/site\/unidades-basicas-de-saude-recebem-brinquedos-para-criancas\/#primaryimage"},"thumbnailUrl":"https:\/\/www.notibras.com\/site\/wp-content\/uploads\/2023\/01\/Voluntario-Marcos-encarna-o-palhaco-Contarolim-levando-alegria-as-criancas_-Foto-Mauricio-Rocha.jpg","datePublished":"2023-01-25T03:42:55+00:00","dateModified":"2023-01-25T11:47:52+00:00","breadcrumb":{"@id":"https:\/\/www.notibras.com\/site\/unidades-basicas-de-saude-recebem-brinquedos-para-criancas\/#breadcrumb"},"inLanguage":"pt-BR","potentialAction":[{"@type":"ReadAction","target":["https:\/\/www.notibras.com\/site\/unidades-basicas-de-saude-recebem-brinquedos-para-criancas\/"]}]},{"@type":"ImageObject","inLanguage":"pt-BR","@id":"https:\/\/www.notibras.com\/site\/unidades-basicas-de-saude-recebem-brinquedos-para-criancas\/#primaryimage","url":"https:\/\/www.notibras.com\/site\/wp-content\/uploads\/2023\/01\/Voluntario-Marcos-encarna-o-palhaco-Contarolim-levando-alegria-as-criancas_-Foto-Mauricio-Rocha.jpg","contentUrl":"https:\/\/www.notibras.com\/site\/wp-content\/uploads\/2023\/01\/Voluntario-Marcos-encarna-o-palhaco-Contarolim-levando-alegria-as-criancas_-Foto-Mauricio-Rocha.jpg","width":865,"height":485},{"@type":"BreadcrumbList","@id":"https:\/\/www.notibras.com\/site\/unidades-basicas-de-saude-recebem-brinquedos-para-criancas\/#breadcrumb","itemListElement":[{"@type":"ListItem","position":1,"name":"In\u00edcio","item":"https:\/\/www.notibras.com\/site\/"},{"@type":"ListItem","position":2,"name":"Unidades b\u00e1sicas de sa\u00fade recebem brinquedos para crian\u00e7as"}]},{"@type":"WebSite","@id":"https:\/\/www.notibras.com\/site\/#website","url":"https:\/\/www.notibras.com\/site\/","name":"Notibras","description":"Not\u00edcias de Bras\u00edlia, do Brasil e do Mundo","publisher":{"@id":"https:\/\/www.notibras.com\/site\/#organization"},"potentialAction":[{"@type":"SearchAction","target":{"@type":"EntryPoint","urlTemplate":"https:\/\/www.notibras.com\/site\/?s={search_term_string}"},"query-input":{"@type":"PropertyValueSpecification","valueRequired":true,"valueName":"search_term_string"}}],"inLanguage":"pt-BR"},{"@type":"Organization","@id":"https:\/\/www.notibras.com\/site\/#organization","name":"Grupo Notibras de Comunica\u00e7\u00e3o","url":"https:\/\/www.notibras.com\/site\/","logo":{"@type":"ImageObject","inLanguage":"pt-BR","@id":"https:\/\/www.notibras.com\/site\/#\/schema\/logo\/image\/","url":"https:\/\/www.notibras.com\/site\/wp-content\/uploads\/2023\/01\/notibras23.png","contentUrl":"https:\/\/www.notibras.com\/site\/wp-content\/uploads\/2023\/01\/notibras23.png","width":350,"height":87,"caption":"Grupo Notibras de Comunica\u00e7\u00e3o"},"image":{"@id":"https:\/\/www.notibras.com\/site\/#\/schema\/logo\/image\/"},"sameAs":["https:\/\/www.facebook.com\/notibras\/","https:\/\/x.com\/Notibras","https:\/\/www.instagram.com\/notibras\/"]},{"@type":"Person","@id":"https:\/\/www.notibras.com\/site\/#\/schema\/person\/36ab0979449956132d3e5b517ea76ac8","name":"Reda\u00e7\u00e3o","image":{"@type":"ImageObject","inLanguage":"pt-BR","@id":"https:\/\/secure.gravatar.com\/avatar\/e0a867bdedb85fd243eadf09663511f96fc81e0720a4a42581f334ad4303aa6b?s=96&d=mm&r=g","url":"https:\/\/secure.gravatar.com\/avatar\/e0a867bdedb85fd243eadf09663511f96fc81e0720a4a42581f334ad4303aa6b?s=96&d=mm&r=g","contentUrl":"https:\/\/secure.gravatar.com\/avatar\/e0a867bdedb85fd243eadf09663511f96fc81e0720a4a42581f334ad4303aa6b?s=96&d=mm&r=g","caption":"Reda\u00e7\u00e3o"}}]}},"amp_enabled":true,"_links":{"self":[{"href":"https:\/\/www.notibras.com\/site\/wp-json\/wp\/v2\/posts\/298251","targetHints":{"allow":["GET"]}}],"collection":[{"href":"https:\/\/www.notibras.com\/site\/wp-json\/wp\/v2\/posts"}],"about":[{"href":"https:\/\/www.notibras.com\/site\/wp-json\/wp\/v2\/types\/post"}],"author":[{"embeddable":true,"href":"https:\/\/www.notibras.com\/site\/wp-json\/wp\/v2\/users\/2"}],"replies":[{"embeddable":true,"href":"https:\/\/www.notibras.com\/site\/wp-json\/wp\/v2\/comments?post=298251"}],"version-history":[{"count":1,"href":"https:\/\/www.notibras.com\/site\/wp-json\/wp\/v2\/posts\/298251\/revisions"}],"predecessor-version":[{"id":298253,"href":"https:\/\/www.notibras.com\/site\/wp-json\/wp\/v2\/posts\/298251\/revisions\/298253"}],"wp:featuredmedia":[{"embeddable":true,"href":"https:\/\/www.notibras.com\/site\/wp-json\/wp\/v2\/media\/298252"}],"wp:attachment":[{"href":"https:\/\/www.notibras.com\/site\/wp-json\/wp\/v2\/media?parent=298251"}],"wp:term":[{"taxonomy":"category","embeddable":true,"href":"https:\/\/www.notibras.com\/site\/wp-json\/wp\/v2\/categories?post=298251"},{"taxonomy":"post_tag","embeddable":true,"href":"https:\/\/www.notibras.com\/site\/wp-json\/wp\/v2\/tags?post=298251"}],"curies":[{"name":"wp","href":"https:\/\/api.w.org\/{rel}","templated":true}]}}