{"id":298260,"date":"2023-01-25T00:04:13","date_gmt":"2023-01-25T03:04:13","guid":{"rendered":"https:\/\/www.notibras.com\/site\/?p=298260"},"modified":"2023-01-25T09:06:54","modified_gmt":"2023-01-25T12:06:54","slug":"upa-tem-media-de-66-mil-procedimentos-mensais","status":"publish","type":"post","link":"https:\/\/www.notibras.com\/site\/upa-tem-media-de-66-mil-procedimentos-mensais\/","title":{"rendered":"UPA tem m\u00e9dia de 6,6 mil procedimentos mensais"},"content":{"rendered":"<p>&nbsp;<\/p>\n<p>H\u00e1 um ano, o Distrito Federal ganhava a s\u00e9tima das novas unidades de pronto atendimento (UPAs) constru\u00eddas pela atual gest\u00e3o. Em Vicente Pires, representa a consolida\u00e7\u00e3o de um trabalho de fortalecimento na Aten\u00e7\u00e3o Secund\u00e1ria e foi respons\u00e1vel por uma m\u00e9dia de 6,6 mil procedimentos mensais, sendo mais de 3,8 mil correspondentes a atendimentos m\u00e9dicos.<\/p>\n<p>Os n\u00fameros mostram o quanto a UPA tem sido importante para os moradores da cidade e de outras regi\u00f5es, como a do Assentamento 26 de Setembro. Nessa regi\u00e3o, apenas 49,2% da popula\u00e7\u00e3o declararam ter plano de sa\u00fade privado na Pesquisa Distrital por Amostra de Domic\u00edlios (Pdad 2021). Esse suporte, considerado essencial para uma regi\u00e3o com mais de 78 mil moradores, \u00e9 feito por 146 profissionais, entre m\u00e9dicos, t\u00e9cnicos de enfermagem, enfermeiros, assistentes sociais e outros.<\/p>\n<p>\u201cPara onde iriam essas pessoas se as UPAs n\u00e3o tivessem sido constru\u00eddas? \u00c9 importante destacar que as UPAs t\u00eam sido essenciais e fortalecido regi\u00f5es que careciam de estrutura. Vicente Pires \u00e9 uma cidade populosa e as pessoas que precisavam recorrer a hospitais em Taguatinga ou Samambaia, agora passaram a ter um atendimento perto de casa\u201d, observa a superintendente de Aten\u00e7\u00e3o Pr\u00e9-Hospitalar do Instituto de Gest\u00e3o Estrat\u00e9gica de Sa\u00fade do DF (Iges-DF), Nadja Carvalho.<\/p>\n<p>Para erguer a UPA, o GDF investiu R$ 7 milh\u00f5es, sendo R$ 5,3 milh\u00f5es em obras, R$ 1,2 milh\u00e3o em equipamentos e R$ 500 mil em mob\u00edlia hospitalar. A estrutura disp\u00f5e de nove leitos, sendo dois destinados a pacientes em situa\u00e7\u00e3o cr\u00edtica emergencial, sala para raio-X e exames laboratoriais. Todas as UPAs foram constru\u00eddas e s\u00e3o administradas pelo Instituto de Gest\u00e3o Estrat\u00e9gica de Sa\u00fade do DF (Iges-DF).<\/p>\n<p>Em seis meses \u2013 entre setembro de 2021 e janeiro de 2022 \u2013, a atual gest\u00e3o inaugurou as sete unidades de pronto atendimento, elevando de seis para 13 o n\u00famero de UPAs existentes no DF. \u00c9 o maior n\u00famero de UPAs constru\u00eddas pelo mesmo governo, sendo que a \u00faltima havia sido inaugurada em 2014.<\/p>\n<p>Nessas novas unidades foram investidos R$ 50,4 milh\u00f5es. Juntas, elas t\u00eam capacidade para atender at\u00e9 31.500 pacientes por m\u00eas, mas o n\u00famero tem sido bem maior. E, para prestar atendimento, foram contratados mais de mil profissionais de sa\u00fade.<\/p>\n","protected":false},"excerpt":{"rendered":"<p>&nbsp; H\u00e1 um ano, o Distrito Federal ganhava a s\u00e9tima das novas unidades de pronto atendimento (UPAs) constru\u00eddas pela atual gest\u00e3o. Em Vicente Pires, representa a consolida\u00e7\u00e3o de um trabalho de fortalecimento na Aten\u00e7\u00e3o Secund\u00e1ria e foi respons\u00e1vel por uma m\u00e9dia de 6,6 mil procedimentos mensais, sendo mais de 3,8 mil correspondentes a atendimentos m\u00e9dicos. [&hellip;]<\/p>\n","protected":false},"author":2,"featured_media":298261,"comment_status":"closed","ping_status":"closed","sticky":false,"template":"","format":"standard","meta":{"_acf_changed":false,"footnotes":""},"categories":[161],"tags":[],"class_list":["post-298260","post","type-post","status-publish","format-standard","has-post-thumbnail","hentry","category-quadradinho-em-foco"],"acf":[],"yoast_head":"<!-- This site is optimized with the Yoast SEO plugin v27.2 - https:\/\/yoast.com\/product\/yoast-seo-wordpress\/ -->\n<title>UPA tem m\u00e9dia de 6,6 mil procedimentos mensais - Notibras<\/title>\n<meta name=\"robots\" content=\"index, follow, max-snippet:-1, max-image-preview:large, max-video-preview:-1\" \/>\n<link rel=\"canonical\" href=\"https:\/\/www.notibras.com\/site\/upa-tem-media-de-66-mil-procedimentos-mensais\/\" \/>\n<meta property=\"og:locale\" content=\"pt_BR\" \/>\n<meta property=\"og:type\" content=\"article\" \/>\n<meta property=\"og:title\" content=\"UPA tem m\u00e9dia de 6,6 mil procedimentos mensais - Notibras\" \/>\n<meta property=\"og:description\" content=\"&nbsp; H\u00e1 um ano, o Distrito Federal ganhava a s\u00e9tima das novas unidades de pronto atendimento (UPAs) constru\u00eddas pela atual gest\u00e3o. Em Vicente Pires, representa a consolida\u00e7\u00e3o de um trabalho de fortalecimento na Aten\u00e7\u00e3o Secund\u00e1ria e foi respons\u00e1vel por uma m\u00e9dia de 6,6 mil procedimentos mensais, sendo mais de 3,8 mil correspondentes a atendimentos m\u00e9dicos. [&hellip;]\" \/>\n<meta property=\"og:url\" content=\"https:\/\/www.notibras.com\/site\/upa-tem-media-de-66-mil-procedimentos-mensais\/\" \/>\n<meta property=\"og:site_name\" content=\"Notibras\" \/>\n<meta property=\"article:publisher\" content=\"https:\/\/www.facebook.com\/notibras\/\" \/>\n<meta property=\"article:published_time\" content=\"2023-01-25T03:04:13+00:00\" \/>\n<meta property=\"article:modified_time\" content=\"2023-01-25T12:06:54+00:00\" \/>\n<meta property=\"og:image\" content=\"https:\/\/www.notibras.com\/site\/wp-content\/uploads\/2023\/01\/uoa.jpg\" \/>\n\t<meta property=\"og:image:width\" content=\"768\" \/>\n\t<meta property=\"og:image:height\" content=\"512\" \/>\n\t<meta property=\"og:image:type\" content=\"image\/jpeg\" \/>\n<meta name=\"author\" content=\"Reda\u00e7\u00e3o\" \/>\n<meta name=\"twitter:card\" content=\"summary_large_image\" \/>\n<meta name=\"twitter:creator\" content=\"@Notibras\" \/>\n<meta name=\"twitter:site\" content=\"@Notibras\" \/>\n<meta name=\"twitter:label1\" content=\"Escrito por\" \/>\n\t<meta name=\"twitter:data1\" content=\"Reda\u00e7\u00e3o\" \/>\n\t<meta name=\"twitter:label2\" content=\"Est. tempo de leitura\" \/>\n\t<meta name=\"twitter:data2\" content=\"2 minutos\" \/>\n<script type=\"application\/ld+json\" class=\"yoast-schema-graph\">{\"@context\":\"https:\/\/schema.org\",\"@graph\":[{\"@type\":\"Article\",\"@id\":\"https:\/\/www.notibras.com\/site\/upa-tem-media-de-66-mil-procedimentos-mensais\/#article\",\"isPartOf\":{\"@id\":\"https:\/\/www.notibras.com\/site\/upa-tem-media-de-66-mil-procedimentos-mensais\/\"},\"author\":{\"name\":\"Reda\u00e7\u00e3o\",\"@id\":\"https:\/\/www.notibras.com\/site\/#\/schema\/person\/36ab0979449956132d3e5b517ea76ac8\"},\"headline\":\"UPA tem m\u00e9dia de 6,6 mil procedimentos mensais\",\"datePublished\":\"2023-01-25T03:04:13+00:00\",\"dateModified\":\"2023-01-25T12:06:54+00:00\",\"mainEntityOfPage\":{\"@id\":\"https:\/\/www.notibras.com\/site\/upa-tem-media-de-66-mil-procedimentos-mensais\/\"},\"wordCount\":395,\"publisher\":{\"@id\":\"https:\/\/www.notibras.com\/site\/#organization\"},\"image\":{\"@id\":\"https:\/\/www.notibras.com\/site\/upa-tem-media-de-66-mil-procedimentos-mensais\/#primaryimage\"},\"thumbnailUrl\":\"https:\/\/www.notibras.com\/site\/wp-content\/uploads\/2023\/01\/uoa.jpg\",\"articleSection\":[\"Quadradinho em Foco\"],\"inLanguage\":\"pt-BR\"},{\"@type\":\"WebPage\",\"@id\":\"https:\/\/www.notibras.com\/site\/upa-tem-media-de-66-mil-procedimentos-mensais\/\",\"url\":\"https:\/\/www.notibras.com\/site\/upa-tem-media-de-66-mil-procedimentos-mensais\/\",\"name\":\"UPA tem m\u00e9dia de 6,6 mil procedimentos mensais - Notibras\",\"isPartOf\":{\"@id\":\"https:\/\/www.notibras.com\/site\/#website\"},\"primaryImageOfPage\":{\"@id\":\"https:\/\/www.notibras.com\/site\/upa-tem-media-de-66-mil-procedimentos-mensais\/#primaryimage\"},\"image\":{\"@id\":\"https:\/\/www.notibras.com\/site\/upa-tem-media-de-66-mil-procedimentos-mensais\/#primaryimage\"},\"thumbnailUrl\":\"https:\/\/www.notibras.com\/site\/wp-content\/uploads\/2023\/01\/uoa.jpg\",\"datePublished\":\"2023-01-25T03:04:13+00:00\",\"dateModified\":\"2023-01-25T12:06:54+00:00\",\"breadcrumb\":{\"@id\":\"https:\/\/www.notibras.com\/site\/upa-tem-media-de-66-mil-procedimentos-mensais\/#breadcrumb\"},\"inLanguage\":\"pt-BR\",\"potentialAction\":[{\"@type\":\"ReadAction\",\"target\":[\"https:\/\/www.notibras.com\/site\/upa-tem-media-de-66-mil-procedimentos-mensais\/\"]}]},{\"@type\":\"ImageObject\",\"inLanguage\":\"pt-BR\",\"@id\":\"https:\/\/www.notibras.com\/site\/upa-tem-media-de-66-mil-procedimentos-mensais\/#primaryimage\",\"url\":\"https:\/\/www.notibras.com\/site\/wp-content\/uploads\/2023\/01\/uoa.jpg\",\"contentUrl\":\"https:\/\/www.notibras.com\/site\/wp-content\/uploads\/2023\/01\/uoa.jpg\",\"width\":768,\"height\":512},{\"@type\":\"BreadcrumbList\",\"@id\":\"https:\/\/www.notibras.com\/site\/upa-tem-media-de-66-mil-procedimentos-mensais\/#breadcrumb\",\"itemListElement\":[{\"@type\":\"ListItem\",\"position\":1,\"name\":\"In\u00edcio\",\"item\":\"https:\/\/www.notibras.com\/site\/\"},{\"@type\":\"ListItem\",\"position\":2,\"name\":\"UPA tem m\u00e9dia de 6,6 mil procedimentos mensais\"}]},{\"@type\":\"WebSite\",\"@id\":\"https:\/\/www.notibras.com\/site\/#website\",\"url\":\"https:\/\/www.notibras.com\/site\/\",\"name\":\"Notibras\",\"description\":\"Not\u00edcias de Bras\u00edlia, do Brasil e do Mundo\",\"publisher\":{\"@id\":\"https:\/\/www.notibras.com\/site\/#organization\"},\"potentialAction\":[{\"@type\":\"SearchAction\",\"target\":{\"@type\":\"EntryPoint\",\"urlTemplate\":\"https:\/\/www.notibras.com\/site\/?s={search_term_string}\"},\"query-input\":{\"@type\":\"PropertyValueSpecification\",\"valueRequired\":true,\"valueName\":\"search_term_string\"}}],\"inLanguage\":\"pt-BR\"},{\"@type\":\"Organization\",\"@id\":\"https:\/\/www.notibras.com\/site\/#organization\",\"name\":\"Grupo Notibras de Comunica\u00e7\u00e3o\",\"url\":\"https:\/\/www.notibras.com\/site\/\",\"logo\":{\"@type\":\"ImageObject\",\"inLanguage\":\"pt-BR\",\"@id\":\"https:\/\/www.notibras.com\/site\/#\/schema\/logo\/image\/\",\"url\":\"https:\/\/www.notibras.com\/site\/wp-content\/uploads\/2023\/01\/notibras23.png\",\"contentUrl\":\"https:\/\/www.notibras.com\/site\/wp-content\/uploads\/2023\/01\/notibras23.png\",\"width\":350,\"height\":87,\"caption\":\"Grupo Notibras de Comunica\u00e7\u00e3o\"},\"image\":{\"@id\":\"https:\/\/www.notibras.com\/site\/#\/schema\/logo\/image\/\"},\"sameAs\":[\"https:\/\/www.facebook.com\/notibras\/\",\"https:\/\/x.com\/Notibras\",\"https:\/\/www.instagram.com\/notibras\/\"]},{\"@type\":\"Person\",\"@id\":\"https:\/\/www.notibras.com\/site\/#\/schema\/person\/36ab0979449956132d3e5b517ea76ac8\",\"name\":\"Reda\u00e7\u00e3o\",\"image\":{\"@type\":\"ImageObject\",\"inLanguage\":\"pt-BR\",\"@id\":\"https:\/\/secure.gravatar.com\/avatar\/e0a867bdedb85fd243eadf09663511f96fc81e0720a4a42581f334ad4303aa6b?s=96&d=mm&r=g\",\"url\":\"https:\/\/secure.gravatar.com\/avatar\/e0a867bdedb85fd243eadf09663511f96fc81e0720a4a42581f334ad4303aa6b?s=96&d=mm&r=g\",\"contentUrl\":\"https:\/\/secure.gravatar.com\/avatar\/e0a867bdedb85fd243eadf09663511f96fc81e0720a4a42581f334ad4303aa6b?s=96&d=mm&r=g\",\"caption\":\"Reda\u00e7\u00e3o\"}}]}<\/script>\n<!-- \/ Yoast SEO plugin. -->","yoast_head_json":{"title":"UPA tem m\u00e9dia de 6,6 mil procedimentos mensais - Notibras","robots":{"index":"index","follow":"follow","max-snippet":"max-snippet:-1","max-image-preview":"max-image-preview:large","max-video-preview":"max-video-preview:-1"},"canonical":"https:\/\/www.notibras.com\/site\/upa-tem-media-de-66-mil-procedimentos-mensais\/","og_locale":"pt_BR","og_type":"article","og_title":"UPA tem m\u00e9dia de 6,6 mil procedimentos mensais - Notibras","og_description":"&nbsp; H\u00e1 um ano, o Distrito Federal ganhava a s\u00e9tima das novas unidades de pronto atendimento (UPAs) constru\u00eddas pela atual gest\u00e3o. Em Vicente Pires, representa a consolida\u00e7\u00e3o de um trabalho de fortalecimento na Aten\u00e7\u00e3o Secund\u00e1ria e foi respons\u00e1vel por uma m\u00e9dia de 6,6 mil procedimentos mensais, sendo mais de 3,8 mil correspondentes a atendimentos m\u00e9dicos. [&hellip;]","og_url":"https:\/\/www.notibras.com\/site\/upa-tem-media-de-66-mil-procedimentos-mensais\/","og_site_name":"Notibras","article_publisher":"https:\/\/www.facebook.com\/notibras\/","article_published_time":"2023-01-25T03:04:13+00:00","article_modified_time":"2023-01-25T12:06:54+00:00","og_image":[{"width":768,"height":512,"url":"https:\/\/www.notibras.com\/site\/wp-content\/uploads\/2023\/01\/uoa.jpg","type":"image\/jpeg"}],"author":"Reda\u00e7\u00e3o","twitter_card":"summary_large_image","twitter_creator":"@Notibras","twitter_site":"@Notibras","twitter_misc":{"Escrito por":"Reda\u00e7\u00e3o","Est. tempo de leitura":"2 minutos"},"schema":{"@context":"https:\/\/schema.org","@graph":[{"@type":"Article","@id":"https:\/\/www.notibras.com\/site\/upa-tem-media-de-66-mil-procedimentos-mensais\/#article","isPartOf":{"@id":"https:\/\/www.notibras.com\/site\/upa-tem-media-de-66-mil-procedimentos-mensais\/"},"author":{"name":"Reda\u00e7\u00e3o","@id":"https:\/\/www.notibras.com\/site\/#\/schema\/person\/36ab0979449956132d3e5b517ea76ac8"},"headline":"UPA tem m\u00e9dia de 6,6 mil procedimentos mensais","datePublished":"2023-01-25T03:04:13+00:00","dateModified":"2023-01-25T12:06:54+00:00","mainEntityOfPage":{"@id":"https:\/\/www.notibras.com\/site\/upa-tem-media-de-66-mil-procedimentos-mensais\/"},"wordCount":395,"publisher":{"@id":"https:\/\/www.notibras.com\/site\/#organization"},"image":{"@id":"https:\/\/www.notibras.com\/site\/upa-tem-media-de-66-mil-procedimentos-mensais\/#primaryimage"},"thumbnailUrl":"https:\/\/www.notibras.com\/site\/wp-content\/uploads\/2023\/01\/uoa.jpg","articleSection":["Quadradinho em Foco"],"inLanguage":"pt-BR"},{"@type":"WebPage","@id":"https:\/\/www.notibras.com\/site\/upa-tem-media-de-66-mil-procedimentos-mensais\/","url":"https:\/\/www.notibras.com\/site\/upa-tem-media-de-66-mil-procedimentos-mensais\/","name":"UPA tem m\u00e9dia de 6,6 mil procedimentos mensais - Notibras","isPartOf":{"@id":"https:\/\/www.notibras.com\/site\/#website"},"primaryImageOfPage":{"@id":"https:\/\/www.notibras.com\/site\/upa-tem-media-de-66-mil-procedimentos-mensais\/#primaryimage"},"image":{"@id":"https:\/\/www.notibras.com\/site\/upa-tem-media-de-66-mil-procedimentos-mensais\/#primaryimage"},"thumbnailUrl":"https:\/\/www.notibras.com\/site\/wp-content\/uploads\/2023\/01\/uoa.jpg","datePublished":"2023-01-25T03:04:13+00:00","dateModified":"2023-01-25T12:06:54+00:00","breadcrumb":{"@id":"https:\/\/www.notibras.com\/site\/upa-tem-media-de-66-mil-procedimentos-mensais\/#breadcrumb"},"inLanguage":"pt-BR","potentialAction":[{"@type":"ReadAction","target":["https:\/\/www.notibras.com\/site\/upa-tem-media-de-66-mil-procedimentos-mensais\/"]}]},{"@type":"ImageObject","inLanguage":"pt-BR","@id":"https:\/\/www.notibras.com\/site\/upa-tem-media-de-66-mil-procedimentos-mensais\/#primaryimage","url":"https:\/\/www.notibras.com\/site\/wp-content\/uploads\/2023\/01\/uoa.jpg","contentUrl":"https:\/\/www.notibras.com\/site\/wp-content\/uploads\/2023\/01\/uoa.jpg","width":768,"height":512},{"@type":"BreadcrumbList","@id":"https:\/\/www.notibras.com\/site\/upa-tem-media-de-66-mil-procedimentos-mensais\/#breadcrumb","itemListElement":[{"@type":"ListItem","position":1,"name":"In\u00edcio","item":"https:\/\/www.notibras.com\/site\/"},{"@type":"ListItem","position":2,"name":"UPA tem m\u00e9dia de 6,6 mil procedimentos mensais"}]},{"@type":"WebSite","@id":"https:\/\/www.notibras.com\/site\/#website","url":"https:\/\/www.notibras.com\/site\/","name":"Notibras","description":"Not\u00edcias de Bras\u00edlia, do Brasil e do Mundo","publisher":{"@id":"https:\/\/www.notibras.com\/site\/#organization"},"potentialAction":[{"@type":"SearchAction","target":{"@type":"EntryPoint","urlTemplate":"https:\/\/www.notibras.com\/site\/?s={search_term_string}"},"query-input":{"@type":"PropertyValueSpecification","valueRequired":true,"valueName":"search_term_string"}}],"inLanguage":"pt-BR"},{"@type":"Organization","@id":"https:\/\/www.notibras.com\/site\/#organization","name":"Grupo Notibras de Comunica\u00e7\u00e3o","url":"https:\/\/www.notibras.com\/site\/","logo":{"@type":"ImageObject","inLanguage":"pt-BR","@id":"https:\/\/www.notibras.com\/site\/#\/schema\/logo\/image\/","url":"https:\/\/www.notibras.com\/site\/wp-content\/uploads\/2023\/01\/notibras23.png","contentUrl":"https:\/\/www.notibras.com\/site\/wp-content\/uploads\/2023\/01\/notibras23.png","width":350,"height":87,"caption":"Grupo Notibras de Comunica\u00e7\u00e3o"},"image":{"@id":"https:\/\/www.notibras.com\/site\/#\/schema\/logo\/image\/"},"sameAs":["https:\/\/www.facebook.com\/notibras\/","https:\/\/x.com\/Notibras","https:\/\/www.instagram.com\/notibras\/"]},{"@type":"Person","@id":"https:\/\/www.notibras.com\/site\/#\/schema\/person\/36ab0979449956132d3e5b517ea76ac8","name":"Reda\u00e7\u00e3o","image":{"@type":"ImageObject","inLanguage":"pt-BR","@id":"https:\/\/secure.gravatar.com\/avatar\/e0a867bdedb85fd243eadf09663511f96fc81e0720a4a42581f334ad4303aa6b?s=96&d=mm&r=g","url":"https:\/\/secure.gravatar.com\/avatar\/e0a867bdedb85fd243eadf09663511f96fc81e0720a4a42581f334ad4303aa6b?s=96&d=mm&r=g","contentUrl":"https:\/\/secure.gravatar.com\/avatar\/e0a867bdedb85fd243eadf09663511f96fc81e0720a4a42581f334ad4303aa6b?s=96&d=mm&r=g","caption":"Reda\u00e7\u00e3o"}}]}},"amp_enabled":true,"_links":{"self":[{"href":"https:\/\/www.notibras.com\/site\/wp-json\/wp\/v2\/posts\/298260","targetHints":{"allow":["GET"]}}],"collection":[{"href":"https:\/\/www.notibras.com\/site\/wp-json\/wp\/v2\/posts"}],"about":[{"href":"https:\/\/www.notibras.com\/site\/wp-json\/wp\/v2\/types\/post"}],"author":[{"embeddable":true,"href":"https:\/\/www.notibras.com\/site\/wp-json\/wp\/v2\/users\/2"}],"replies":[{"embeddable":true,"href":"https:\/\/www.notibras.com\/site\/wp-json\/wp\/v2\/comments?post=298260"}],"version-history":[{"count":1,"href":"https:\/\/www.notibras.com\/site\/wp-json\/wp\/v2\/posts\/298260\/revisions"}],"predecessor-version":[{"id":298262,"href":"https:\/\/www.notibras.com\/site\/wp-json\/wp\/v2\/posts\/298260\/revisions\/298262"}],"wp:featuredmedia":[{"embeddable":true,"href":"https:\/\/www.notibras.com\/site\/wp-json\/wp\/v2\/media\/298261"}],"wp:attachment":[{"href":"https:\/\/www.notibras.com\/site\/wp-json\/wp\/v2\/media?parent=298260"}],"wp:term":[{"taxonomy":"category","embeddable":true,"href":"https:\/\/www.notibras.com\/site\/wp-json\/wp\/v2\/categories?post=298260"},{"taxonomy":"post_tag","embeddable":true,"href":"https:\/\/www.notibras.com\/site\/wp-json\/wp\/v2\/tags?post=298260"}],"curies":[{"name":"wp","href":"https:\/\/api.w.org\/{rel}","templated":true}]}}