{"id":298268,"date":"2023-01-25T12:37:48","date_gmt":"2023-01-25T15:37:48","guid":{"rendered":"https:\/\/www.notibras.com\/site\/?p=298268"},"modified":"2023-01-25T12:39:05","modified_gmt":"2023-01-25T15:39:05","slug":"godofredo-onofrina-e-cafe-uma-historia-de-amor","status":"publish","type":"post","link":"https:\/\/www.notibras.com\/site\/godofredo-onofrina-e-cafe-uma-historia-de-amor\/","title":{"rendered":"Godofredo, Onofrina e Caf\u00e9, uma hist\u00f3ria de amor"},"content":{"rendered":"<p>Godofredo teria por volta dos 15 anos quando encontrou aquele mirrado cachorro dentro de uma caixa de papel\u00e3o bem em frente ao port\u00e3o de sua casa, ali na comunidade do Sol Nascente. Antes mesmo de pensar no que faria com aquele pulguento, deu-lhe o nome, ali mesmo, de Caf\u00e9. N\u00e3o que fosse preto, mas simplesmente porque Godofredo estava com uma x\u00edcara nas m\u00e3os dessa famosa iguaria nacional.<\/p>\n<p>N\u00e3o demorou, o rapaz pegou o filhote no colo. Pela sua experi\u00eancia, que na verdade n\u00e3o era muita, sup\u00f4s que aquele cachorro deveria ter no m\u00e1ximo um m\u00eas, talvez at\u00e9 dois. N\u00e3o tinha certeza disso nem se a m\u00e3e, Onofrina, aceitaria um novo inquilino no barraco.<\/p>\n<p>N\u00e3o s\u00f3 aceitou, como o acolheu com muitos mimos. A despeito de tais agrados, Caf\u00e9 n\u00e3o desgrudava do Godofredo. Mas tamb\u00e9m andava nos calcanhares da Onofrina, especialmente para pegar uma migalha de p\u00e3o. A mulher, por sua vez, n\u00e3o conseguia resistir \u00e0queles olhos pid\u00f5es.<\/p>\n<p>Caf\u00e9 deu uma espichada, mas nada que lhe al\u00e7asse \u00e0 categoria dos c\u00e3es m\u00e9dios, muito menos dos grandes. Era pequeno e olhe l\u00e1. Alguns o classificavam de quase rato, mas n\u00e3o como as robustas ratazanas da regi\u00e3o. Caf\u00e9 n\u00e3o passava de um camundongo! Tanto \u00e9 que amava se aconchegar nas m\u00e3os do Godofredo.<\/p>\n<p>No primeiro anivers\u00e1rio, o cachorro ganhou de presente uma salsicha. Ele a devorou quase que instantaneamente. Todavia, eis que passou quase uma semana vomitando os bofes, al\u00e9m de emporcalhar a casa com uma diarreia daquelas. N\u00e3o morreu por milagre ou, ent\u00e3o, devido aos cuidados da Of\u00e9lia e do Godofredo, que sofreram quase tanto o bichinho por dias.<\/p>\n<p>Veio o segundo ano de vida do vira-lata. Nada mais de salsicha. Ganhou uma bolinha, que passou a ser o seu brinquedo preferido. E n\u00e3o importava quantas vezes Godofredo jogasse a bolinha, l\u00e1 ia o c\u00e3ozinho busc\u00e1-la. E ficavam assim por algum tempo, at\u00e9 que o Caf\u00e9 era mais l\u00edngua que cachorro.<\/p>\n<p>Os anos seguintes vieram com uma rapidez n\u00e3o percebida por aquela gente. Godofredo j\u00e1 passara dos 30, mas continuava fiel ao seu companheiro, que j\u00e1 n\u00e3o tinha for\u00e7as para correr atr\u00e1s da bolinha. Esta, t\u00e3o gasta pelo tempo, permanecia intacta no canto do quarto. Onofrina continuava deixando as migalhas de p\u00e3o ca\u00edrem da mesa, que eram devoradas pelo agora quase desdentado Caf\u00e9.<\/p>\n<p>Pouco antes do Dia de Finados, Caf\u00e9 decidiu antecipar a sua partida. Dormiu nas m\u00e3os do Godofredo e n\u00e3o mais despertou. Ou, se o fez, deve ter sido no C\u00e9u dos c\u00e3es, onde, dizem, h\u00e1 muitas migalhas de p\u00e3o.<\/p>\n<p>Foi uma como\u00e7\u00e3o s\u00f3! Com o cora\u00e7\u00e3o apertado, l\u00e1 foi o Godofredo enterrar seu melhor amigo. Arrumou uma caixinha de papel\u00e3o, quase igual \u00e0quela na qual encontrou o Caf\u00e9. Acomodou-o cuidadosamente e o enterrou ali em frente ao barraco. Chorou todas as noites poss\u00edveis abra\u00e7ado \u00e0 m\u00e3e, que tamb\u00e9m verteu muitas l\u00e1grimas.<\/p>\n<p>Apesar dos quase 10 anos seguintes, Caf\u00e9 ainda era assunto recorrente entre m\u00e3e e filho. Entretanto, aquela dor da perda passara, h\u00e1 tempos, a lembran\u00e7as de momentos de alegria vividos pelo ent\u00e3o trio.<\/p>\n<p>Certa manh\u00e3, Godofredo acordou com um sorriso no rosto. Havia sonhado com o Caf\u00e9, que corria atr\u00e1s da bolinha em um lindo gramado verdinho. N\u00e3o teve d\u00favida, foi apostar no jogo do bicho.<\/p>\n<p>Ganhou uma bolada! N\u00e3o ficou rico, \u00e9 verdade, mas deu entrada num quarto e sala na rua l\u00e1 embaixo. Fez a mudan\u00e7a assim que poss\u00edvel.<\/p>\n<p>J\u00e1 instalados na nova moradia, Godofredo deu de presente para a m\u00e3e um jarro de flores, mas sem flores. Apenas terra e nada mais. Onofrina apenas observou o filho depositando aquele objeto ao lado do sof\u00e1. Em seguida, Godofredo enterra alguns ossinhos no vaso. A m\u00e3e, com os olhos marejados, abra\u00e7a o filho.<\/p>\n<p>&#8211;\u00a0Eu sabia que voc\u00ea faria isso. Voc\u00ea n\u00e3o abandona os que ama!<\/p>\n","protected":false},"excerpt":{"rendered":"<p>Godofredo teria por volta dos 15 anos quando encontrou aquele mirrado cachorro dentro de uma caixa de papel\u00e3o bem em frente ao port\u00e3o de sua casa, ali na comunidade do Sol Nascente. Antes mesmo de pensar no que faria com aquele pulguento, deu-lhe o nome, ali mesmo, de Caf\u00e9. N\u00e3o que fosse preto, mas simplesmente [&hellip;]<\/p>\n","protected":false},"author":2,"featured_media":298269,"comment_status":"closed","ping_status":"closed","sticky":false,"template":"","format":"standard","meta":{"_acf_changed":false,"footnotes":""},"categories":[161],"tags":[],"class_list":["post-298268","post","type-post","status-publish","format-standard","has-post-thumbnail","hentry","category-quadradinho-em-foco"],"acf":[],"yoast_head":"<!-- This site is optimized with the Yoast SEO plugin v27.2 - https:\/\/yoast.com\/product\/yoast-seo-wordpress\/ -->\n<title>Godofredo, Onofrina e Caf\u00e9, uma hist\u00f3ria de amor - Notibras<\/title>\n<meta name=\"robots\" content=\"index, follow, max-snippet:-1, max-image-preview:large, max-video-preview:-1\" \/>\n<link rel=\"canonical\" href=\"https:\/\/www.notibras.com\/site\/godofredo-onofrina-e-cafe-uma-historia-de-amor\/\" \/>\n<meta property=\"og:locale\" content=\"pt_BR\" \/>\n<meta property=\"og:type\" content=\"article\" \/>\n<meta property=\"og:title\" content=\"Godofredo, Onofrina e Caf\u00e9, uma hist\u00f3ria de amor - Notibras\" \/>\n<meta property=\"og:description\" content=\"Godofredo teria por volta dos 15 anos quando encontrou aquele mirrado cachorro dentro de uma caixa de papel\u00e3o bem em frente ao port\u00e3o de sua casa, ali na comunidade do Sol Nascente. Antes mesmo de pensar no que faria com aquele pulguento, deu-lhe o nome, ali mesmo, de Caf\u00e9. N\u00e3o que fosse preto, mas simplesmente [&hellip;]\" \/>\n<meta property=\"og:url\" content=\"https:\/\/www.notibras.com\/site\/godofredo-onofrina-e-cafe-uma-historia-de-amor\/\" \/>\n<meta property=\"og:site_name\" content=\"Notibras\" \/>\n<meta property=\"article:publisher\" content=\"https:\/\/www.facebook.com\/notibras\/\" \/>\n<meta property=\"article:published_time\" content=\"2023-01-25T15:37:48+00:00\" \/>\n<meta property=\"article:modified_time\" content=\"2023-01-25T15:39:05+00:00\" \/>\n<meta property=\"og:image\" content=\"https:\/\/www.notibras.com\/site\/wp-content\/uploads\/2023\/01\/caocafe.webp\" \/>\n\t<meta property=\"og:image:width\" content=\"800\" \/>\n\t<meta property=\"og:image:height\" content=\"533\" \/>\n\t<meta property=\"og:image:type\" content=\"image\/webp\" \/>\n<meta name=\"author\" content=\"Reda\u00e7\u00e3o\" \/>\n<meta name=\"twitter:card\" content=\"summary_large_image\" \/>\n<meta name=\"twitter:creator\" content=\"@Notibras\" \/>\n<meta name=\"twitter:site\" content=\"@Notibras\" \/>\n<meta name=\"twitter:label1\" content=\"Escrito por\" \/>\n\t<meta name=\"twitter:data1\" content=\"Reda\u00e7\u00e3o\" \/>\n\t<meta name=\"twitter:label2\" content=\"Est. tempo de leitura\" \/>\n\t<meta name=\"twitter:data2\" content=\"4 minutos\" \/>\n<script type=\"application\/ld+json\" class=\"yoast-schema-graph\">{\"@context\":\"https:\/\/schema.org\",\"@graph\":[{\"@type\":\"Article\",\"@id\":\"https:\/\/www.notibras.com\/site\/godofredo-onofrina-e-cafe-uma-historia-de-amor\/#article\",\"isPartOf\":{\"@id\":\"https:\/\/www.notibras.com\/site\/godofredo-onofrina-e-cafe-uma-historia-de-amor\/\"},\"author\":{\"name\":\"Reda\u00e7\u00e3o\",\"@id\":\"https:\/\/www.notibras.com\/site\/#\/schema\/person\/36ab0979449956132d3e5b517ea76ac8\"},\"headline\":\"Godofredo, Onofrina e Caf\u00e9, uma hist\u00f3ria de amor\",\"datePublished\":\"2023-01-25T15:37:48+00:00\",\"dateModified\":\"2023-01-25T15:39:05+00:00\",\"mainEntityOfPage\":{\"@id\":\"https:\/\/www.notibras.com\/site\/godofredo-onofrina-e-cafe-uma-historia-de-amor\/\"},\"wordCount\":699,\"publisher\":{\"@id\":\"https:\/\/www.notibras.com\/site\/#organization\"},\"image\":{\"@id\":\"https:\/\/www.notibras.com\/site\/godofredo-onofrina-e-cafe-uma-historia-de-amor\/#primaryimage\"},\"thumbnailUrl\":\"https:\/\/www.notibras.com\/site\/wp-content\/uploads\/2023\/01\/caocafe.webp\",\"articleSection\":[\"Quadradinho em Foco\"],\"inLanguage\":\"pt-BR\"},{\"@type\":\"WebPage\",\"@id\":\"https:\/\/www.notibras.com\/site\/godofredo-onofrina-e-cafe-uma-historia-de-amor\/\",\"url\":\"https:\/\/www.notibras.com\/site\/godofredo-onofrina-e-cafe-uma-historia-de-amor\/\",\"name\":\"Godofredo, Onofrina e Caf\u00e9, uma hist\u00f3ria de amor - Notibras\",\"isPartOf\":{\"@id\":\"https:\/\/www.notibras.com\/site\/#website\"},\"primaryImageOfPage\":{\"@id\":\"https:\/\/www.notibras.com\/site\/godofredo-onofrina-e-cafe-uma-historia-de-amor\/#primaryimage\"},\"image\":{\"@id\":\"https:\/\/www.notibras.com\/site\/godofredo-onofrina-e-cafe-uma-historia-de-amor\/#primaryimage\"},\"thumbnailUrl\":\"https:\/\/www.notibras.com\/site\/wp-content\/uploads\/2023\/01\/caocafe.webp\",\"datePublished\":\"2023-01-25T15:37:48+00:00\",\"dateModified\":\"2023-01-25T15:39:05+00:00\",\"breadcrumb\":{\"@id\":\"https:\/\/www.notibras.com\/site\/godofredo-onofrina-e-cafe-uma-historia-de-amor\/#breadcrumb\"},\"inLanguage\":\"pt-BR\",\"potentialAction\":[{\"@type\":\"ReadAction\",\"target\":[\"https:\/\/www.notibras.com\/site\/godofredo-onofrina-e-cafe-uma-historia-de-amor\/\"]}]},{\"@type\":\"ImageObject\",\"inLanguage\":\"pt-BR\",\"@id\":\"https:\/\/www.notibras.com\/site\/godofredo-onofrina-e-cafe-uma-historia-de-amor\/#primaryimage\",\"url\":\"https:\/\/www.notibras.com\/site\/wp-content\/uploads\/2023\/01\/caocafe.webp\",\"contentUrl\":\"https:\/\/www.notibras.com\/site\/wp-content\/uploads\/2023\/01\/caocafe.webp\",\"width\":800,\"height\":533},{\"@type\":\"BreadcrumbList\",\"@id\":\"https:\/\/www.notibras.com\/site\/godofredo-onofrina-e-cafe-uma-historia-de-amor\/#breadcrumb\",\"itemListElement\":[{\"@type\":\"ListItem\",\"position\":1,\"name\":\"In\u00edcio\",\"item\":\"https:\/\/www.notibras.com\/site\/\"},{\"@type\":\"ListItem\",\"position\":2,\"name\":\"Godofredo, Onofrina e Caf\u00e9, uma hist\u00f3ria de amor\"}]},{\"@type\":\"WebSite\",\"@id\":\"https:\/\/www.notibras.com\/site\/#website\",\"url\":\"https:\/\/www.notibras.com\/site\/\",\"name\":\"Notibras\",\"description\":\"Not\u00edcias de Bras\u00edlia, do Brasil e do Mundo\",\"publisher\":{\"@id\":\"https:\/\/www.notibras.com\/site\/#organization\"},\"potentialAction\":[{\"@type\":\"SearchAction\",\"target\":{\"@type\":\"EntryPoint\",\"urlTemplate\":\"https:\/\/www.notibras.com\/site\/?s={search_term_string}\"},\"query-input\":{\"@type\":\"PropertyValueSpecification\",\"valueRequired\":true,\"valueName\":\"search_term_string\"}}],\"inLanguage\":\"pt-BR\"},{\"@type\":\"Organization\",\"@id\":\"https:\/\/www.notibras.com\/site\/#organization\",\"name\":\"Grupo Notibras de Comunica\u00e7\u00e3o\",\"url\":\"https:\/\/www.notibras.com\/site\/\",\"logo\":{\"@type\":\"ImageObject\",\"inLanguage\":\"pt-BR\",\"@id\":\"https:\/\/www.notibras.com\/site\/#\/schema\/logo\/image\/\",\"url\":\"https:\/\/www.notibras.com\/site\/wp-content\/uploads\/2023\/01\/notibras23.png\",\"contentUrl\":\"https:\/\/www.notibras.com\/site\/wp-content\/uploads\/2023\/01\/notibras23.png\",\"width\":350,\"height\":87,\"caption\":\"Grupo Notibras de Comunica\u00e7\u00e3o\"},\"image\":{\"@id\":\"https:\/\/www.notibras.com\/site\/#\/schema\/logo\/image\/\"},\"sameAs\":[\"https:\/\/www.facebook.com\/notibras\/\",\"https:\/\/x.com\/Notibras\",\"https:\/\/www.instagram.com\/notibras\/\"]},{\"@type\":\"Person\",\"@id\":\"https:\/\/www.notibras.com\/site\/#\/schema\/person\/36ab0979449956132d3e5b517ea76ac8\",\"name\":\"Reda\u00e7\u00e3o\",\"image\":{\"@type\":\"ImageObject\",\"inLanguage\":\"pt-BR\",\"@id\":\"https:\/\/secure.gravatar.com\/avatar\/e0a867bdedb85fd243eadf09663511f96fc81e0720a4a42581f334ad4303aa6b?s=96&d=mm&r=g\",\"url\":\"https:\/\/secure.gravatar.com\/avatar\/e0a867bdedb85fd243eadf09663511f96fc81e0720a4a42581f334ad4303aa6b?s=96&d=mm&r=g\",\"contentUrl\":\"https:\/\/secure.gravatar.com\/avatar\/e0a867bdedb85fd243eadf09663511f96fc81e0720a4a42581f334ad4303aa6b?s=96&d=mm&r=g\",\"caption\":\"Reda\u00e7\u00e3o\"}}]}<\/script>\n<!-- \/ Yoast SEO plugin. -->","yoast_head_json":{"title":"Godofredo, Onofrina e Caf\u00e9, uma hist\u00f3ria de amor - Notibras","robots":{"index":"index","follow":"follow","max-snippet":"max-snippet:-1","max-image-preview":"max-image-preview:large","max-video-preview":"max-video-preview:-1"},"canonical":"https:\/\/www.notibras.com\/site\/godofredo-onofrina-e-cafe-uma-historia-de-amor\/","og_locale":"pt_BR","og_type":"article","og_title":"Godofredo, Onofrina e Caf\u00e9, uma hist\u00f3ria de amor - Notibras","og_description":"Godofredo teria por volta dos 15 anos quando encontrou aquele mirrado cachorro dentro de uma caixa de papel\u00e3o bem em frente ao port\u00e3o de sua casa, ali na comunidade do Sol Nascente. Antes mesmo de pensar no que faria com aquele pulguento, deu-lhe o nome, ali mesmo, de Caf\u00e9. N\u00e3o que fosse preto, mas simplesmente [&hellip;]","og_url":"https:\/\/www.notibras.com\/site\/godofredo-onofrina-e-cafe-uma-historia-de-amor\/","og_site_name":"Notibras","article_publisher":"https:\/\/www.facebook.com\/notibras\/","article_published_time":"2023-01-25T15:37:48+00:00","article_modified_time":"2023-01-25T15:39:05+00:00","og_image":[{"width":800,"height":533,"url":"https:\/\/www.notibras.com\/site\/wp-content\/uploads\/2023\/01\/caocafe.webp","type":"image\/webp"}],"author":"Reda\u00e7\u00e3o","twitter_card":"summary_large_image","twitter_creator":"@Notibras","twitter_site":"@Notibras","twitter_misc":{"Escrito por":"Reda\u00e7\u00e3o","Est. tempo de leitura":"4 minutos"},"schema":{"@context":"https:\/\/schema.org","@graph":[{"@type":"Article","@id":"https:\/\/www.notibras.com\/site\/godofredo-onofrina-e-cafe-uma-historia-de-amor\/#article","isPartOf":{"@id":"https:\/\/www.notibras.com\/site\/godofredo-onofrina-e-cafe-uma-historia-de-amor\/"},"author":{"name":"Reda\u00e7\u00e3o","@id":"https:\/\/www.notibras.com\/site\/#\/schema\/person\/36ab0979449956132d3e5b517ea76ac8"},"headline":"Godofredo, Onofrina e Caf\u00e9, uma hist\u00f3ria de amor","datePublished":"2023-01-25T15:37:48+00:00","dateModified":"2023-01-25T15:39:05+00:00","mainEntityOfPage":{"@id":"https:\/\/www.notibras.com\/site\/godofredo-onofrina-e-cafe-uma-historia-de-amor\/"},"wordCount":699,"publisher":{"@id":"https:\/\/www.notibras.com\/site\/#organization"},"image":{"@id":"https:\/\/www.notibras.com\/site\/godofredo-onofrina-e-cafe-uma-historia-de-amor\/#primaryimage"},"thumbnailUrl":"https:\/\/www.notibras.com\/site\/wp-content\/uploads\/2023\/01\/caocafe.webp","articleSection":["Quadradinho em Foco"],"inLanguage":"pt-BR"},{"@type":"WebPage","@id":"https:\/\/www.notibras.com\/site\/godofredo-onofrina-e-cafe-uma-historia-de-amor\/","url":"https:\/\/www.notibras.com\/site\/godofredo-onofrina-e-cafe-uma-historia-de-amor\/","name":"Godofredo, Onofrina e Caf\u00e9, uma hist\u00f3ria de amor - Notibras","isPartOf":{"@id":"https:\/\/www.notibras.com\/site\/#website"},"primaryImageOfPage":{"@id":"https:\/\/www.notibras.com\/site\/godofredo-onofrina-e-cafe-uma-historia-de-amor\/#primaryimage"},"image":{"@id":"https:\/\/www.notibras.com\/site\/godofredo-onofrina-e-cafe-uma-historia-de-amor\/#primaryimage"},"thumbnailUrl":"https:\/\/www.notibras.com\/site\/wp-content\/uploads\/2023\/01\/caocafe.webp","datePublished":"2023-01-25T15:37:48+00:00","dateModified":"2023-01-25T15:39:05+00:00","breadcrumb":{"@id":"https:\/\/www.notibras.com\/site\/godofredo-onofrina-e-cafe-uma-historia-de-amor\/#breadcrumb"},"inLanguage":"pt-BR","potentialAction":[{"@type":"ReadAction","target":["https:\/\/www.notibras.com\/site\/godofredo-onofrina-e-cafe-uma-historia-de-amor\/"]}]},{"@type":"ImageObject","inLanguage":"pt-BR","@id":"https:\/\/www.notibras.com\/site\/godofredo-onofrina-e-cafe-uma-historia-de-amor\/#primaryimage","url":"https:\/\/www.notibras.com\/site\/wp-content\/uploads\/2023\/01\/caocafe.webp","contentUrl":"https:\/\/www.notibras.com\/site\/wp-content\/uploads\/2023\/01\/caocafe.webp","width":800,"height":533},{"@type":"BreadcrumbList","@id":"https:\/\/www.notibras.com\/site\/godofredo-onofrina-e-cafe-uma-historia-de-amor\/#breadcrumb","itemListElement":[{"@type":"ListItem","position":1,"name":"In\u00edcio","item":"https:\/\/www.notibras.com\/site\/"},{"@type":"ListItem","position":2,"name":"Godofredo, Onofrina e Caf\u00e9, uma hist\u00f3ria de amor"}]},{"@type":"WebSite","@id":"https:\/\/www.notibras.com\/site\/#website","url":"https:\/\/www.notibras.com\/site\/","name":"Notibras","description":"Not\u00edcias de Bras\u00edlia, do Brasil e do Mundo","publisher":{"@id":"https:\/\/www.notibras.com\/site\/#organization"},"potentialAction":[{"@type":"SearchAction","target":{"@type":"EntryPoint","urlTemplate":"https:\/\/www.notibras.com\/site\/?s={search_term_string}"},"query-input":{"@type":"PropertyValueSpecification","valueRequired":true,"valueName":"search_term_string"}}],"inLanguage":"pt-BR"},{"@type":"Organization","@id":"https:\/\/www.notibras.com\/site\/#organization","name":"Grupo Notibras de Comunica\u00e7\u00e3o","url":"https:\/\/www.notibras.com\/site\/","logo":{"@type":"ImageObject","inLanguage":"pt-BR","@id":"https:\/\/www.notibras.com\/site\/#\/schema\/logo\/image\/","url":"https:\/\/www.notibras.com\/site\/wp-content\/uploads\/2023\/01\/notibras23.png","contentUrl":"https:\/\/www.notibras.com\/site\/wp-content\/uploads\/2023\/01\/notibras23.png","width":350,"height":87,"caption":"Grupo Notibras de Comunica\u00e7\u00e3o"},"image":{"@id":"https:\/\/www.notibras.com\/site\/#\/schema\/logo\/image\/"},"sameAs":["https:\/\/www.facebook.com\/notibras\/","https:\/\/x.com\/Notibras","https:\/\/www.instagram.com\/notibras\/"]},{"@type":"Person","@id":"https:\/\/www.notibras.com\/site\/#\/schema\/person\/36ab0979449956132d3e5b517ea76ac8","name":"Reda\u00e7\u00e3o","image":{"@type":"ImageObject","inLanguage":"pt-BR","@id":"https:\/\/secure.gravatar.com\/avatar\/e0a867bdedb85fd243eadf09663511f96fc81e0720a4a42581f334ad4303aa6b?s=96&d=mm&r=g","url":"https:\/\/secure.gravatar.com\/avatar\/e0a867bdedb85fd243eadf09663511f96fc81e0720a4a42581f334ad4303aa6b?s=96&d=mm&r=g","contentUrl":"https:\/\/secure.gravatar.com\/avatar\/e0a867bdedb85fd243eadf09663511f96fc81e0720a4a42581f334ad4303aa6b?s=96&d=mm&r=g","caption":"Reda\u00e7\u00e3o"}}]}},"amp_enabled":true,"_links":{"self":[{"href":"https:\/\/www.notibras.com\/site\/wp-json\/wp\/v2\/posts\/298268","targetHints":{"allow":["GET"]}}],"collection":[{"href":"https:\/\/www.notibras.com\/site\/wp-json\/wp\/v2\/posts"}],"about":[{"href":"https:\/\/www.notibras.com\/site\/wp-json\/wp\/v2\/types\/post"}],"author":[{"embeddable":true,"href":"https:\/\/www.notibras.com\/site\/wp-json\/wp\/v2\/users\/2"}],"replies":[{"embeddable":true,"href":"https:\/\/www.notibras.com\/site\/wp-json\/wp\/v2\/comments?post=298268"}],"version-history":[{"count":2,"href":"https:\/\/www.notibras.com\/site\/wp-json\/wp\/v2\/posts\/298268\/revisions"}],"predecessor-version":[{"id":298271,"href":"https:\/\/www.notibras.com\/site\/wp-json\/wp\/v2\/posts\/298268\/revisions\/298271"}],"wp:featuredmedia":[{"embeddable":true,"href":"https:\/\/www.notibras.com\/site\/wp-json\/wp\/v2\/media\/298269"}],"wp:attachment":[{"href":"https:\/\/www.notibras.com\/site\/wp-json\/wp\/v2\/media?parent=298268"}],"wp:term":[{"taxonomy":"category","embeddable":true,"href":"https:\/\/www.notibras.com\/site\/wp-json\/wp\/v2\/categories?post=298268"},{"taxonomy":"post_tag","embeddable":true,"href":"https:\/\/www.notibras.com\/site\/wp-json\/wp\/v2\/tags?post=298268"}],"curies":[{"name":"wp","href":"https:\/\/api.w.org\/{rel}","templated":true}]}}