{"id":298301,"date":"2023-01-26T07:33:49","date_gmt":"2023-01-26T10:33:49","guid":{"rendered":"https:\/\/www.notibras.com\/site\/?p=298301"},"modified":"2023-01-26T07:34:24","modified_gmt":"2023-01-26T10:34:24","slug":"drenar-df-vira-chacota-e-recebe-titulo-de-fake-oficial","status":"publish","type":"post","link":"https:\/\/www.notibras.com\/site\/drenar-df-vira-chacota-e-recebe-titulo-de-fake-oficial\/","title":{"rendered":"Drenar DF vira chacota e tem t\u00edtulo de fake oficial"},"content":{"rendered":"<p>O Drenar DF, programa que promete acabar com o alagamento nas vias de Bras\u00edlia durante o per\u00edodo chuvoso, s\u00f3 est\u00e1 drenando o dinheiro da Terracap, que some em meio \u00e0 lama que se acumula pela total falta de efic\u00e1cia dos trabalhos. Com tr\u00e2nsito engarrafado, \u00e1gua invadindo carro, a propaganda assinada pelo GDF virou motivo de chacota e j\u00e1 \u00e9 vista como uma fake news oficial.<\/p>\n<p>Na quarta, 25, n\u00e3o foi diferente. Em meio ao temporal que desabou sobre todo o Distrito Federal a partir do meio da tarde, n\u00e3o foram os raios e trov\u00f5es que assustaram as pessoas, mas sim os rios em que se transformaram as vias p\u00fablicas, com carros literalmente boiando, arrastados pelas enxurradas, como se jangadas fossem.<\/p>\n<p>Um dos problemas, que chegou a provocar p\u00e2nico, aconteceu no viaduto que d\u00e1 aceso ao Aeroporto JK. Uma ambul\u00e2ncia de um hospital da rede privada, ficou presa no local. O paciente\u00a0 a equipe m\u00e9dica entraram em desespero. Com mais de um metro de \u00e1gua acumulada, o motor do ve\u00edculo parou. Foi preciso acionar o Corpo de Bombeiros, para que mais uma trag\u00e9dia n\u00e3o fosse registrada na hist\u00f3ria de Bras\u00edlia.<\/p>\n","protected":false},"excerpt":{"rendered":"<p>O Drenar DF, programa que promete acabar com o alagamento nas vias de Bras\u00edlia durante o per\u00edodo chuvoso, s\u00f3 est\u00e1 drenando o dinheiro da Terracap, que some em meio \u00e0 lama que se acumula pela total falta de efic\u00e1cia dos trabalhos. Com tr\u00e2nsito engarrafado, \u00e1gua invadindo carro, a propaganda assinada pelo GDF virou motivo de [&hellip;]<\/p>\n","protected":false},"author":2,"featured_media":66613,"comment_status":"closed","ping_status":"closed","sticky":false,"template":"","format":"standard","meta":{"_acf_changed":false,"footnotes":""},"categories":[161],"tags":[],"class_list":["post-298301","post","type-post","status-publish","format-standard","has-post-thumbnail","hentry","category-quadradinho-em-foco"],"acf":[],"yoast_head":"<!-- This site is optimized with the Yoast SEO plugin v27.2 - https:\/\/yoast.com\/product\/yoast-seo-wordpress\/ -->\n<title>Drenar DF vira chacota e tem t\u00edtulo de fake oficial - Notibras<\/title>\n<meta name=\"robots\" content=\"index, follow, max-snippet:-1, max-image-preview:large, max-video-preview:-1\" \/>\n<link rel=\"canonical\" href=\"https:\/\/www.notibras.com\/site\/drenar-df-vira-chacota-e-recebe-titulo-de-fake-oficial\/\" \/>\n<meta property=\"og:locale\" content=\"pt_BR\" \/>\n<meta property=\"og:type\" content=\"article\" \/>\n<meta property=\"og:title\" content=\"Drenar DF vira chacota e tem t\u00edtulo de fake oficial - Notibras\" \/>\n<meta property=\"og:description\" content=\"O Drenar DF, programa que promete acabar com o alagamento nas vias de Bras\u00edlia durante o per\u00edodo chuvoso, s\u00f3 est\u00e1 drenando o dinheiro da Terracap, que some em meio \u00e0 lama que se acumula pela total falta de efic\u00e1cia dos trabalhos. Com tr\u00e2nsito engarrafado, \u00e1gua invadindo carro, a propaganda assinada pelo GDF virou motivo de [&hellip;]\" \/>\n<meta property=\"og:url\" content=\"https:\/\/www.notibras.com\/site\/drenar-df-vira-chacota-e-recebe-titulo-de-fake-oficial\/\" \/>\n<meta property=\"og:site_name\" content=\"Notibras\" \/>\n<meta property=\"article:publisher\" content=\"https:\/\/www.facebook.com\/notibras\/\" \/>\n<meta property=\"article:published_time\" content=\"2023-01-26T10:33:49+00:00\" \/>\n<meta property=\"article:modified_time\" content=\"2023-01-26T10:34:24+00:00\" \/>\n<meta property=\"og:image\" content=\"https:\/\/www.notibras.com\/site\/wp-content\/uploads\/2015\/09\/Brasilia-DF-chuva-forte-tarde-de-17-12-2014-por-Jean-Claude_interna.jpg\" \/>\n\t<meta property=\"og:image:width\" content=\"640\" \/>\n\t<meta property=\"og:image:height\" content=\"480\" \/>\n\t<meta property=\"og:image:type\" content=\"image\/jpeg\" \/>\n<meta name=\"author\" content=\"Reda\u00e7\u00e3o\" \/>\n<meta name=\"twitter:card\" content=\"summary_large_image\" \/>\n<meta name=\"twitter:creator\" content=\"@Notibras\" \/>\n<meta name=\"twitter:site\" content=\"@Notibras\" \/>\n<meta name=\"twitter:label1\" content=\"Escrito por\" \/>\n\t<meta name=\"twitter:data1\" content=\"Reda\u00e7\u00e3o\" \/>\n\t<meta name=\"twitter:label2\" content=\"Est. tempo de leitura\" \/>\n\t<meta name=\"twitter:data2\" content=\"2 minutos\" \/>\n<script type=\"application\/ld+json\" class=\"yoast-schema-graph\">{\"@context\":\"https:\/\/schema.org\",\"@graph\":[{\"@type\":\"Article\",\"@id\":\"https:\/\/www.notibras.com\/site\/drenar-df-vira-chacota-e-recebe-titulo-de-fake-oficial\/#article\",\"isPartOf\":{\"@id\":\"https:\/\/www.notibras.com\/site\/drenar-df-vira-chacota-e-recebe-titulo-de-fake-oficial\/\"},\"author\":{\"name\":\"Reda\u00e7\u00e3o\",\"@id\":\"https:\/\/www.notibras.com\/site\/#\/schema\/person\/36ab0979449956132d3e5b517ea76ac8\"},\"headline\":\"Drenar DF vira chacota e tem t\u00edtulo de fake oficial\",\"datePublished\":\"2023-01-26T10:33:49+00:00\",\"dateModified\":\"2023-01-26T10:34:24+00:00\",\"mainEntityOfPage\":{\"@id\":\"https:\/\/www.notibras.com\/site\/drenar-df-vira-chacota-e-recebe-titulo-de-fake-oficial\/\"},\"wordCount\":213,\"publisher\":{\"@id\":\"https:\/\/www.notibras.com\/site\/#organization\"},\"image\":{\"@id\":\"https:\/\/www.notibras.com\/site\/drenar-df-vira-chacota-e-recebe-titulo-de-fake-oficial\/#primaryimage\"},\"thumbnailUrl\":\"https:\/\/www.notibras.com\/site\/wp-content\/uploads\/2015\/09\/Brasilia-DF-chuva-forte-tarde-de-17-12-2014-por-Jean-Claude_interna.jpg\",\"articleSection\":[\"Quadradinho em Foco\"],\"inLanguage\":\"pt-BR\"},{\"@type\":\"WebPage\",\"@id\":\"https:\/\/www.notibras.com\/site\/drenar-df-vira-chacota-e-recebe-titulo-de-fake-oficial\/\",\"url\":\"https:\/\/www.notibras.com\/site\/drenar-df-vira-chacota-e-recebe-titulo-de-fake-oficial\/\",\"name\":\"Drenar DF vira chacota e tem t\u00edtulo de fake oficial - Notibras\",\"isPartOf\":{\"@id\":\"https:\/\/www.notibras.com\/site\/#website\"},\"primaryImageOfPage\":{\"@id\":\"https:\/\/www.notibras.com\/site\/drenar-df-vira-chacota-e-recebe-titulo-de-fake-oficial\/#primaryimage\"},\"image\":{\"@id\":\"https:\/\/www.notibras.com\/site\/drenar-df-vira-chacota-e-recebe-titulo-de-fake-oficial\/#primaryimage\"},\"thumbnailUrl\":\"https:\/\/www.notibras.com\/site\/wp-content\/uploads\/2015\/09\/Brasilia-DF-chuva-forte-tarde-de-17-12-2014-por-Jean-Claude_interna.jpg\",\"datePublished\":\"2023-01-26T10:33:49+00:00\",\"dateModified\":\"2023-01-26T10:34:24+00:00\",\"breadcrumb\":{\"@id\":\"https:\/\/www.notibras.com\/site\/drenar-df-vira-chacota-e-recebe-titulo-de-fake-oficial\/#breadcrumb\"},\"inLanguage\":\"pt-BR\",\"potentialAction\":[{\"@type\":\"ReadAction\",\"target\":[\"https:\/\/www.notibras.com\/site\/drenar-df-vira-chacota-e-recebe-titulo-de-fake-oficial\/\"]}]},{\"@type\":\"ImageObject\",\"inLanguage\":\"pt-BR\",\"@id\":\"https:\/\/www.notibras.com\/site\/drenar-df-vira-chacota-e-recebe-titulo-de-fake-oficial\/#primaryimage\",\"url\":\"https:\/\/www.notibras.com\/site\/wp-content\/uploads\/2015\/09\/Brasilia-DF-chuva-forte-tarde-de-17-12-2014-por-Jean-Claude_interna.jpg\",\"contentUrl\":\"https:\/\/www.notibras.com\/site\/wp-content\/uploads\/2015\/09\/Brasilia-DF-chuva-forte-tarde-de-17-12-2014-por-Jean-Claude_interna.jpg\",\"width\":640,\"height\":480},{\"@type\":\"BreadcrumbList\",\"@id\":\"https:\/\/www.notibras.com\/site\/drenar-df-vira-chacota-e-recebe-titulo-de-fake-oficial\/#breadcrumb\",\"itemListElement\":[{\"@type\":\"ListItem\",\"position\":1,\"name\":\"In\u00edcio\",\"item\":\"https:\/\/www.notibras.com\/site\/\"},{\"@type\":\"ListItem\",\"position\":2,\"name\":\"Drenar DF vira chacota e tem t\u00edtulo de fake oficial\"}]},{\"@type\":\"WebSite\",\"@id\":\"https:\/\/www.notibras.com\/site\/#website\",\"url\":\"https:\/\/www.notibras.com\/site\/\",\"name\":\"Notibras\",\"description\":\"Not\u00edcias de Bras\u00edlia, do Brasil e do Mundo\",\"publisher\":{\"@id\":\"https:\/\/www.notibras.com\/site\/#organization\"},\"potentialAction\":[{\"@type\":\"SearchAction\",\"target\":{\"@type\":\"EntryPoint\",\"urlTemplate\":\"https:\/\/www.notibras.com\/site\/?s={search_term_string}\"},\"query-input\":{\"@type\":\"PropertyValueSpecification\",\"valueRequired\":true,\"valueName\":\"search_term_string\"}}],\"inLanguage\":\"pt-BR\"},{\"@type\":\"Organization\",\"@id\":\"https:\/\/www.notibras.com\/site\/#organization\",\"name\":\"Grupo Notibras de Comunica\u00e7\u00e3o\",\"url\":\"https:\/\/www.notibras.com\/site\/\",\"logo\":{\"@type\":\"ImageObject\",\"inLanguage\":\"pt-BR\",\"@id\":\"https:\/\/www.notibras.com\/site\/#\/schema\/logo\/image\/\",\"url\":\"https:\/\/www.notibras.com\/site\/wp-content\/uploads\/2023\/01\/notibras23.png\",\"contentUrl\":\"https:\/\/www.notibras.com\/site\/wp-content\/uploads\/2023\/01\/notibras23.png\",\"width\":350,\"height\":87,\"caption\":\"Grupo Notibras de Comunica\u00e7\u00e3o\"},\"image\":{\"@id\":\"https:\/\/www.notibras.com\/site\/#\/schema\/logo\/image\/\"},\"sameAs\":[\"https:\/\/www.facebook.com\/notibras\/\",\"https:\/\/x.com\/Notibras\",\"https:\/\/www.instagram.com\/notibras\/\"]},{\"@type\":\"Person\",\"@id\":\"https:\/\/www.notibras.com\/site\/#\/schema\/person\/36ab0979449956132d3e5b517ea76ac8\",\"name\":\"Reda\u00e7\u00e3o\",\"image\":{\"@type\":\"ImageObject\",\"inLanguage\":\"pt-BR\",\"@id\":\"https:\/\/secure.gravatar.com\/avatar\/e0a867bdedb85fd243eadf09663511f96fc81e0720a4a42581f334ad4303aa6b?s=96&d=mm&r=g\",\"url\":\"https:\/\/secure.gravatar.com\/avatar\/e0a867bdedb85fd243eadf09663511f96fc81e0720a4a42581f334ad4303aa6b?s=96&d=mm&r=g\",\"contentUrl\":\"https:\/\/secure.gravatar.com\/avatar\/e0a867bdedb85fd243eadf09663511f96fc81e0720a4a42581f334ad4303aa6b?s=96&d=mm&r=g\",\"caption\":\"Reda\u00e7\u00e3o\"}}]}<\/script>\n<!-- \/ Yoast SEO plugin. -->","yoast_head_json":{"title":"Drenar DF vira chacota e tem t\u00edtulo de fake oficial - Notibras","robots":{"index":"index","follow":"follow","max-snippet":"max-snippet:-1","max-image-preview":"max-image-preview:large","max-video-preview":"max-video-preview:-1"},"canonical":"https:\/\/www.notibras.com\/site\/drenar-df-vira-chacota-e-recebe-titulo-de-fake-oficial\/","og_locale":"pt_BR","og_type":"article","og_title":"Drenar DF vira chacota e tem t\u00edtulo de fake oficial - Notibras","og_description":"O Drenar DF, programa que promete acabar com o alagamento nas vias de Bras\u00edlia durante o per\u00edodo chuvoso, s\u00f3 est\u00e1 drenando o dinheiro da Terracap, que some em meio \u00e0 lama que se acumula pela total falta de efic\u00e1cia dos trabalhos. Com tr\u00e2nsito engarrafado, \u00e1gua invadindo carro, a propaganda assinada pelo GDF virou motivo de [&hellip;]","og_url":"https:\/\/www.notibras.com\/site\/drenar-df-vira-chacota-e-recebe-titulo-de-fake-oficial\/","og_site_name":"Notibras","article_publisher":"https:\/\/www.facebook.com\/notibras\/","article_published_time":"2023-01-26T10:33:49+00:00","article_modified_time":"2023-01-26T10:34:24+00:00","og_image":[{"width":640,"height":480,"url":"https:\/\/www.notibras.com\/site\/wp-content\/uploads\/2015\/09\/Brasilia-DF-chuva-forte-tarde-de-17-12-2014-por-Jean-Claude_interna.jpg","type":"image\/jpeg"}],"author":"Reda\u00e7\u00e3o","twitter_card":"summary_large_image","twitter_creator":"@Notibras","twitter_site":"@Notibras","twitter_misc":{"Escrito por":"Reda\u00e7\u00e3o","Est. tempo de leitura":"2 minutos"},"schema":{"@context":"https:\/\/schema.org","@graph":[{"@type":"Article","@id":"https:\/\/www.notibras.com\/site\/drenar-df-vira-chacota-e-recebe-titulo-de-fake-oficial\/#article","isPartOf":{"@id":"https:\/\/www.notibras.com\/site\/drenar-df-vira-chacota-e-recebe-titulo-de-fake-oficial\/"},"author":{"name":"Reda\u00e7\u00e3o","@id":"https:\/\/www.notibras.com\/site\/#\/schema\/person\/36ab0979449956132d3e5b517ea76ac8"},"headline":"Drenar DF vira chacota e tem t\u00edtulo de fake oficial","datePublished":"2023-01-26T10:33:49+00:00","dateModified":"2023-01-26T10:34:24+00:00","mainEntityOfPage":{"@id":"https:\/\/www.notibras.com\/site\/drenar-df-vira-chacota-e-recebe-titulo-de-fake-oficial\/"},"wordCount":213,"publisher":{"@id":"https:\/\/www.notibras.com\/site\/#organization"},"image":{"@id":"https:\/\/www.notibras.com\/site\/drenar-df-vira-chacota-e-recebe-titulo-de-fake-oficial\/#primaryimage"},"thumbnailUrl":"https:\/\/www.notibras.com\/site\/wp-content\/uploads\/2015\/09\/Brasilia-DF-chuva-forte-tarde-de-17-12-2014-por-Jean-Claude_interna.jpg","articleSection":["Quadradinho em Foco"],"inLanguage":"pt-BR"},{"@type":"WebPage","@id":"https:\/\/www.notibras.com\/site\/drenar-df-vira-chacota-e-recebe-titulo-de-fake-oficial\/","url":"https:\/\/www.notibras.com\/site\/drenar-df-vira-chacota-e-recebe-titulo-de-fake-oficial\/","name":"Drenar DF vira chacota e tem t\u00edtulo de fake oficial - Notibras","isPartOf":{"@id":"https:\/\/www.notibras.com\/site\/#website"},"primaryImageOfPage":{"@id":"https:\/\/www.notibras.com\/site\/drenar-df-vira-chacota-e-recebe-titulo-de-fake-oficial\/#primaryimage"},"image":{"@id":"https:\/\/www.notibras.com\/site\/drenar-df-vira-chacota-e-recebe-titulo-de-fake-oficial\/#primaryimage"},"thumbnailUrl":"https:\/\/www.notibras.com\/site\/wp-content\/uploads\/2015\/09\/Brasilia-DF-chuva-forte-tarde-de-17-12-2014-por-Jean-Claude_interna.jpg","datePublished":"2023-01-26T10:33:49+00:00","dateModified":"2023-01-26T10:34:24+00:00","breadcrumb":{"@id":"https:\/\/www.notibras.com\/site\/drenar-df-vira-chacota-e-recebe-titulo-de-fake-oficial\/#breadcrumb"},"inLanguage":"pt-BR","potentialAction":[{"@type":"ReadAction","target":["https:\/\/www.notibras.com\/site\/drenar-df-vira-chacota-e-recebe-titulo-de-fake-oficial\/"]}]},{"@type":"ImageObject","inLanguage":"pt-BR","@id":"https:\/\/www.notibras.com\/site\/drenar-df-vira-chacota-e-recebe-titulo-de-fake-oficial\/#primaryimage","url":"https:\/\/www.notibras.com\/site\/wp-content\/uploads\/2015\/09\/Brasilia-DF-chuva-forte-tarde-de-17-12-2014-por-Jean-Claude_interna.jpg","contentUrl":"https:\/\/www.notibras.com\/site\/wp-content\/uploads\/2015\/09\/Brasilia-DF-chuva-forte-tarde-de-17-12-2014-por-Jean-Claude_interna.jpg","width":640,"height":480},{"@type":"BreadcrumbList","@id":"https:\/\/www.notibras.com\/site\/drenar-df-vira-chacota-e-recebe-titulo-de-fake-oficial\/#breadcrumb","itemListElement":[{"@type":"ListItem","position":1,"name":"In\u00edcio","item":"https:\/\/www.notibras.com\/site\/"},{"@type":"ListItem","position":2,"name":"Drenar DF vira chacota e tem t\u00edtulo de fake oficial"}]},{"@type":"WebSite","@id":"https:\/\/www.notibras.com\/site\/#website","url":"https:\/\/www.notibras.com\/site\/","name":"Notibras","description":"Not\u00edcias de Bras\u00edlia, do Brasil e do Mundo","publisher":{"@id":"https:\/\/www.notibras.com\/site\/#organization"},"potentialAction":[{"@type":"SearchAction","target":{"@type":"EntryPoint","urlTemplate":"https:\/\/www.notibras.com\/site\/?s={search_term_string}"},"query-input":{"@type":"PropertyValueSpecification","valueRequired":true,"valueName":"search_term_string"}}],"inLanguage":"pt-BR"},{"@type":"Organization","@id":"https:\/\/www.notibras.com\/site\/#organization","name":"Grupo Notibras de Comunica\u00e7\u00e3o","url":"https:\/\/www.notibras.com\/site\/","logo":{"@type":"ImageObject","inLanguage":"pt-BR","@id":"https:\/\/www.notibras.com\/site\/#\/schema\/logo\/image\/","url":"https:\/\/www.notibras.com\/site\/wp-content\/uploads\/2023\/01\/notibras23.png","contentUrl":"https:\/\/www.notibras.com\/site\/wp-content\/uploads\/2023\/01\/notibras23.png","width":350,"height":87,"caption":"Grupo Notibras de Comunica\u00e7\u00e3o"},"image":{"@id":"https:\/\/www.notibras.com\/site\/#\/schema\/logo\/image\/"},"sameAs":["https:\/\/www.facebook.com\/notibras\/","https:\/\/x.com\/Notibras","https:\/\/www.instagram.com\/notibras\/"]},{"@type":"Person","@id":"https:\/\/www.notibras.com\/site\/#\/schema\/person\/36ab0979449956132d3e5b517ea76ac8","name":"Reda\u00e7\u00e3o","image":{"@type":"ImageObject","inLanguage":"pt-BR","@id":"https:\/\/secure.gravatar.com\/avatar\/e0a867bdedb85fd243eadf09663511f96fc81e0720a4a42581f334ad4303aa6b?s=96&d=mm&r=g","url":"https:\/\/secure.gravatar.com\/avatar\/e0a867bdedb85fd243eadf09663511f96fc81e0720a4a42581f334ad4303aa6b?s=96&d=mm&r=g","contentUrl":"https:\/\/secure.gravatar.com\/avatar\/e0a867bdedb85fd243eadf09663511f96fc81e0720a4a42581f334ad4303aa6b?s=96&d=mm&r=g","caption":"Reda\u00e7\u00e3o"}}]}},"amp_enabled":true,"_links":{"self":[{"href":"https:\/\/www.notibras.com\/site\/wp-json\/wp\/v2\/posts\/298301","targetHints":{"allow":["GET"]}}],"collection":[{"href":"https:\/\/www.notibras.com\/site\/wp-json\/wp\/v2\/posts"}],"about":[{"href":"https:\/\/www.notibras.com\/site\/wp-json\/wp\/v2\/types\/post"}],"author":[{"embeddable":true,"href":"https:\/\/www.notibras.com\/site\/wp-json\/wp\/v2\/users\/2"}],"replies":[{"embeddable":true,"href":"https:\/\/www.notibras.com\/site\/wp-json\/wp\/v2\/comments?post=298301"}],"version-history":[{"count":2,"href":"https:\/\/www.notibras.com\/site\/wp-json\/wp\/v2\/posts\/298301\/revisions"}],"predecessor-version":[{"id":298303,"href":"https:\/\/www.notibras.com\/site\/wp-json\/wp\/v2\/posts\/298301\/revisions\/298303"}],"wp:featuredmedia":[{"embeddable":true,"href":"https:\/\/www.notibras.com\/site\/wp-json\/wp\/v2\/media\/66613"}],"wp:attachment":[{"href":"https:\/\/www.notibras.com\/site\/wp-json\/wp\/v2\/media?parent=298301"}],"wp:term":[{"taxonomy":"category","embeddable":true,"href":"https:\/\/www.notibras.com\/site\/wp-json\/wp\/v2\/categories?post=298301"},{"taxonomy":"post_tag","embeddable":true,"href":"https:\/\/www.notibras.com\/site\/wp-json\/wp\/v2\/tags?post=298301"}],"curies":[{"name":"wp","href":"https:\/\/api.w.org\/{rel}","templated":true}]}}