{"id":298316,"date":"2023-01-26T00:01:03","date_gmt":"2023-01-26T03:01:03","guid":{"rendered":"https:\/\/www.notibras.com\/site\/?p=298316"},"modified":"2023-01-26T08:53:16","modified_gmt":"2023-01-26T11:53:16","slug":"quadras-de-esportesrecuperadas-e-lazer-renovado","status":"publish","type":"post","link":"https:\/\/www.notibras.com\/site\/quadras-de-esportesrecuperadas-e-lazer-renovado\/","title":{"rendered":"Quadras de esportes recuperadas e lazer renovado"},"content":{"rendered":"<p>Seis quadras poliesportivas em diferentes pontos do Plano Piloto est\u00e3o em reforma. Quadras \u201csurradas\u201d, algumas com defeitos no piso ou at\u00e9 mesmo sem o alambrado que delimita o campo. O investimento do GDF \u00e9 de R$ 1,3 milh\u00e3o para deixar novos os pontos de lazer. A verba \u00e9 origin\u00e1ria da Novacap \u2013 que executa os reparos -, da Administra\u00e7\u00e3o Regional do Plano Piloto e de emendas parlamentares.<\/p>\n<p>Exceto a quadra do Noroeste \u2013 que passou por uma manuten\u00e7\u00e3o b\u00e1sica no piso, alambrados e traves -, esses espa\u00e7os tiveram seus pisos demolidos para a instala\u00e7\u00e3o de um novo de concreto usinado. Todos os alambrados foram consertados e pintados. As traves est\u00e3o sendo restauradas. E os locais v\u00e3o receber tabelas de basquete novas e postes para a pr\u00e1tica do voleibol.<\/p>\n<p>O caso da 411 Norte chama a aten\u00e7\u00e3o. Um acanhado campinho de 22 m x 16 m, que j\u00e1 contou com aulas de escolinha de futebol, \u00e9 adorado pelos moradores. O programa RenovaDF passou por ali no ano passado e fez manuten\u00e7\u00e3o no alambrado e pintura no piso, com a colabora\u00e7\u00e3o de alguns moradores. Todavia, o piso apresentava frestas e ainda estava desnivelado. A administra\u00e7\u00e3o mapeou a quadra, enquanto oper\u00e1rios da Novacap est\u00e3o l\u00e1 recuperando o restante.<\/p>\n<p>A moradora Melyssa Crosara, 42, observou que a filha reclamou do \u201cfechamento\u201d da quadra onde se diverte com os patins, mas aprovou a reforma. \u201cDava para perceber umas rachaduras no campo, ent\u00e3o tem que fazer os reparos necess\u00e1rios, colocar um piso novo\u201d, diz.<\/p>\n<p>\u201cEsses locais s\u00e3o muito importantes para a comunidade, ainda mais ap\u00f3s uma pandemia. Est\u00e3o todos precisando se reconectar, reencontrar os vizinhos\u201d, avalia a servidora p\u00fablica. Quase R$ 146 mil foram investidos no point da quadra 411.<\/p>\n<p>Na SQN 403, as obras est\u00e3o adiantadas. O piso j\u00e1 foi todo refeito, e os pr\u00f3ximos passos s\u00e3o a instala\u00e7\u00e3o das balizas e a pintura do espa\u00e7o, que j\u00e1 ganhou contornos de novo. Nada que tenha impedido o garoto Cau\u00e3 Dixie, 9, de chutar umas bolas ali. \u201cVai ficar bem legal. O piso j\u00e1 est\u00e1 todo lisinho\u201d, disse. A m\u00e3e dele, Jhennyfer Lauren, 32, amante de esportes, contou que duas vezes por semana leva os dois filhos \u00e0 quadra.<\/p>\n<p>\u201cAcho uma iniciativa excelente reformar esses equipamentos p\u00fablicos, n\u00e3o s\u00f3 para as nossas crian\u00e7as, mas tamb\u00e9m para pessoas que passam por aqui e que querem um pouco de lazer\u201d, afirma a personal trainer. J\u00e1 um dos campos da vizinha Asa Sul, entre a 110 e a 111, est\u00e1 praticamente finalizado e com um alambrado vistoso, coisa que n\u00e3o existia ali.<\/p>\n<p>Segundo o administrador do Plano Piloto, Valdemar Medeiros, esses servi\u00e7os de restaura\u00e7\u00e3o v\u00e3o continuar. \u201cA popula\u00e7\u00e3o do Plano Piloto gosta muito da pr\u00e1tica de esportes, e estamos atentos \u00e0s melhorias que as quadras precisam\u201d, afirma. \u201cNosso objetivo \u00e9 fazer uma gest\u00e3o participativa , em que a comunidade possa estar sempre enviando as demandas para que possamos cuidar delas\u201d.<\/p>\n","protected":false},"excerpt":{"rendered":"<p>Seis quadras poliesportivas em diferentes pontos do Plano Piloto est\u00e3o em reforma. Quadras \u201csurradas\u201d, algumas com defeitos no piso ou at\u00e9 mesmo sem o alambrado que delimita o campo. O investimento do GDF \u00e9 de R$ 1,3 milh\u00e3o para deixar novos os pontos de lazer. A verba \u00e9 origin\u00e1ria da Novacap \u2013 que executa os [&hellip;]<\/p>\n","protected":false},"author":2,"featured_media":298317,"comment_status":"closed","ping_status":"closed","sticky":false,"template":"","format":"standard","meta":{"_acf_changed":false,"footnotes":""},"categories":[161],"tags":[],"class_list":["post-298316","post","type-post","status-publish","format-standard","has-post-thumbnail","hentry","category-quadradinho-em-foco"],"acf":[],"yoast_head":"<!-- This site is optimized with the Yoast SEO plugin v27.2 - https:\/\/yoast.com\/product\/yoast-seo-wordpress\/ -->\n<title>Quadras de esportes recuperadas e lazer renovado - Notibras<\/title>\n<meta name=\"robots\" content=\"index, follow, max-snippet:-1, max-image-preview:large, max-video-preview:-1\" \/>\n<link rel=\"canonical\" href=\"https:\/\/www.notibras.com\/site\/quadras-de-esportesrecuperadas-e-lazer-renovado\/\" \/>\n<meta property=\"og:locale\" content=\"pt_BR\" \/>\n<meta property=\"og:type\" content=\"article\" \/>\n<meta property=\"og:title\" content=\"Quadras de esportes recuperadas e lazer renovado - Notibras\" \/>\n<meta property=\"og:description\" content=\"Seis quadras poliesportivas em diferentes pontos do Plano Piloto est\u00e3o em reforma. Quadras \u201csurradas\u201d, algumas com defeitos no piso ou at\u00e9 mesmo sem o alambrado que delimita o campo. O investimento do GDF \u00e9 de R$ 1,3 milh\u00e3o para deixar novos os pontos de lazer. A verba \u00e9 origin\u00e1ria da Novacap \u2013 que executa os [&hellip;]\" \/>\n<meta property=\"og:url\" content=\"https:\/\/www.notibras.com\/site\/quadras-de-esportesrecuperadas-e-lazer-renovado\/\" \/>\n<meta property=\"og:site_name\" content=\"Notibras\" \/>\n<meta property=\"article:publisher\" content=\"https:\/\/www.facebook.com\/notibras\/\" \/>\n<meta property=\"article:published_time\" content=\"2023-01-26T03:01:03+00:00\" \/>\n<meta property=\"article:modified_time\" content=\"2023-01-26T11:53:16+00:00\" \/>\n<meta property=\"og:image\" content=\"https:\/\/www.notibras.com\/site\/wp-content\/uploads\/2023\/01\/DENTRO-Reforma-de-quadra-esportiva-411-norte-JRO_1410-7-1536x1024-1.jpg\" \/>\n\t<meta property=\"og:image:width\" content=\"1536\" \/>\n\t<meta property=\"og:image:height\" content=\"1024\" \/>\n\t<meta property=\"og:image:type\" content=\"image\/jpeg\" \/>\n<meta name=\"author\" content=\"Reda\u00e7\u00e3o\" \/>\n<meta name=\"twitter:card\" content=\"summary_large_image\" \/>\n<meta name=\"twitter:creator\" content=\"@Notibras\" \/>\n<meta name=\"twitter:site\" content=\"@Notibras\" \/>\n<meta name=\"twitter:label1\" content=\"Escrito por\" \/>\n\t<meta name=\"twitter:data1\" content=\"Reda\u00e7\u00e3o\" \/>\n\t<meta name=\"twitter:label2\" content=\"Est. tempo de leitura\" \/>\n\t<meta name=\"twitter:data2\" content=\"3 minutos\" \/>\n<script type=\"application\/ld+json\" class=\"yoast-schema-graph\">{\"@context\":\"https:\/\/schema.org\",\"@graph\":[{\"@type\":\"Article\",\"@id\":\"https:\/\/www.notibras.com\/site\/quadras-de-esportesrecuperadas-e-lazer-renovado\/#article\",\"isPartOf\":{\"@id\":\"https:\/\/www.notibras.com\/site\/quadras-de-esportesrecuperadas-e-lazer-renovado\/\"},\"author\":{\"name\":\"Reda\u00e7\u00e3o\",\"@id\":\"https:\/\/www.notibras.com\/site\/#\/schema\/person\/36ab0979449956132d3e5b517ea76ac8\"},\"headline\":\"Quadras de esportes recuperadas e lazer renovado\",\"datePublished\":\"2023-01-26T03:01:03+00:00\",\"dateModified\":\"2023-01-26T11:53:16+00:00\",\"mainEntityOfPage\":{\"@id\":\"https:\/\/www.notibras.com\/site\/quadras-de-esportesrecuperadas-e-lazer-renovado\/\"},\"wordCount\":508,\"publisher\":{\"@id\":\"https:\/\/www.notibras.com\/site\/#organization\"},\"image\":{\"@id\":\"https:\/\/www.notibras.com\/site\/quadras-de-esportesrecuperadas-e-lazer-renovado\/#primaryimage\"},\"thumbnailUrl\":\"https:\/\/www.notibras.com\/site\/wp-content\/uploads\/2023\/01\/DENTRO-Reforma-de-quadra-esportiva-411-norte-JRO_1410-7-1536x1024-1.jpg\",\"articleSection\":[\"Quadradinho em Foco\"],\"inLanguage\":\"pt-BR\"},{\"@type\":\"WebPage\",\"@id\":\"https:\/\/www.notibras.com\/site\/quadras-de-esportesrecuperadas-e-lazer-renovado\/\",\"url\":\"https:\/\/www.notibras.com\/site\/quadras-de-esportesrecuperadas-e-lazer-renovado\/\",\"name\":\"Quadras de esportes recuperadas e lazer renovado - Notibras\",\"isPartOf\":{\"@id\":\"https:\/\/www.notibras.com\/site\/#website\"},\"primaryImageOfPage\":{\"@id\":\"https:\/\/www.notibras.com\/site\/quadras-de-esportesrecuperadas-e-lazer-renovado\/#primaryimage\"},\"image\":{\"@id\":\"https:\/\/www.notibras.com\/site\/quadras-de-esportesrecuperadas-e-lazer-renovado\/#primaryimage\"},\"thumbnailUrl\":\"https:\/\/www.notibras.com\/site\/wp-content\/uploads\/2023\/01\/DENTRO-Reforma-de-quadra-esportiva-411-norte-JRO_1410-7-1536x1024-1.jpg\",\"datePublished\":\"2023-01-26T03:01:03+00:00\",\"dateModified\":\"2023-01-26T11:53:16+00:00\",\"breadcrumb\":{\"@id\":\"https:\/\/www.notibras.com\/site\/quadras-de-esportesrecuperadas-e-lazer-renovado\/#breadcrumb\"},\"inLanguage\":\"pt-BR\",\"potentialAction\":[{\"@type\":\"ReadAction\",\"target\":[\"https:\/\/www.notibras.com\/site\/quadras-de-esportesrecuperadas-e-lazer-renovado\/\"]}]},{\"@type\":\"ImageObject\",\"inLanguage\":\"pt-BR\",\"@id\":\"https:\/\/www.notibras.com\/site\/quadras-de-esportesrecuperadas-e-lazer-renovado\/#primaryimage\",\"url\":\"https:\/\/www.notibras.com\/site\/wp-content\/uploads\/2023\/01\/DENTRO-Reforma-de-quadra-esportiva-411-norte-JRO_1410-7-1536x1024-1.jpg\",\"contentUrl\":\"https:\/\/www.notibras.com\/site\/wp-content\/uploads\/2023\/01\/DENTRO-Reforma-de-quadra-esportiva-411-norte-JRO_1410-7-1536x1024-1.jpg\",\"width\":1536,\"height\":1024},{\"@type\":\"BreadcrumbList\",\"@id\":\"https:\/\/www.notibras.com\/site\/quadras-de-esportesrecuperadas-e-lazer-renovado\/#breadcrumb\",\"itemListElement\":[{\"@type\":\"ListItem\",\"position\":1,\"name\":\"In\u00edcio\",\"item\":\"https:\/\/www.notibras.com\/site\/\"},{\"@type\":\"ListItem\",\"position\":2,\"name\":\"Quadras de esportes recuperadas e lazer renovado\"}]},{\"@type\":\"WebSite\",\"@id\":\"https:\/\/www.notibras.com\/site\/#website\",\"url\":\"https:\/\/www.notibras.com\/site\/\",\"name\":\"Notibras\",\"description\":\"Not\u00edcias de Bras\u00edlia, do Brasil e do Mundo\",\"publisher\":{\"@id\":\"https:\/\/www.notibras.com\/site\/#organization\"},\"potentialAction\":[{\"@type\":\"SearchAction\",\"target\":{\"@type\":\"EntryPoint\",\"urlTemplate\":\"https:\/\/www.notibras.com\/site\/?s={search_term_string}\"},\"query-input\":{\"@type\":\"PropertyValueSpecification\",\"valueRequired\":true,\"valueName\":\"search_term_string\"}}],\"inLanguage\":\"pt-BR\"},{\"@type\":\"Organization\",\"@id\":\"https:\/\/www.notibras.com\/site\/#organization\",\"name\":\"Grupo Notibras de Comunica\u00e7\u00e3o\",\"url\":\"https:\/\/www.notibras.com\/site\/\",\"logo\":{\"@type\":\"ImageObject\",\"inLanguage\":\"pt-BR\",\"@id\":\"https:\/\/www.notibras.com\/site\/#\/schema\/logo\/image\/\",\"url\":\"https:\/\/www.notibras.com\/site\/wp-content\/uploads\/2023\/01\/notibras23.png\",\"contentUrl\":\"https:\/\/www.notibras.com\/site\/wp-content\/uploads\/2023\/01\/notibras23.png\",\"width\":350,\"height\":87,\"caption\":\"Grupo Notibras de Comunica\u00e7\u00e3o\"},\"image\":{\"@id\":\"https:\/\/www.notibras.com\/site\/#\/schema\/logo\/image\/\"},\"sameAs\":[\"https:\/\/www.facebook.com\/notibras\/\",\"https:\/\/x.com\/Notibras\",\"https:\/\/www.instagram.com\/notibras\/\"]},{\"@type\":\"Person\",\"@id\":\"https:\/\/www.notibras.com\/site\/#\/schema\/person\/36ab0979449956132d3e5b517ea76ac8\",\"name\":\"Reda\u00e7\u00e3o\",\"image\":{\"@type\":\"ImageObject\",\"inLanguage\":\"pt-BR\",\"@id\":\"https:\/\/secure.gravatar.com\/avatar\/e0a867bdedb85fd243eadf09663511f96fc81e0720a4a42581f334ad4303aa6b?s=96&d=mm&r=g\",\"url\":\"https:\/\/secure.gravatar.com\/avatar\/e0a867bdedb85fd243eadf09663511f96fc81e0720a4a42581f334ad4303aa6b?s=96&d=mm&r=g\",\"contentUrl\":\"https:\/\/secure.gravatar.com\/avatar\/e0a867bdedb85fd243eadf09663511f96fc81e0720a4a42581f334ad4303aa6b?s=96&d=mm&r=g\",\"caption\":\"Reda\u00e7\u00e3o\"}}]}<\/script>\n<!-- \/ Yoast SEO plugin. -->","yoast_head_json":{"title":"Quadras de esportes recuperadas e lazer renovado - Notibras","robots":{"index":"index","follow":"follow","max-snippet":"max-snippet:-1","max-image-preview":"max-image-preview:large","max-video-preview":"max-video-preview:-1"},"canonical":"https:\/\/www.notibras.com\/site\/quadras-de-esportesrecuperadas-e-lazer-renovado\/","og_locale":"pt_BR","og_type":"article","og_title":"Quadras de esportes recuperadas e lazer renovado - Notibras","og_description":"Seis quadras poliesportivas em diferentes pontos do Plano Piloto est\u00e3o em reforma. Quadras \u201csurradas\u201d, algumas com defeitos no piso ou at\u00e9 mesmo sem o alambrado que delimita o campo. O investimento do GDF \u00e9 de R$ 1,3 milh\u00e3o para deixar novos os pontos de lazer. A verba \u00e9 origin\u00e1ria da Novacap \u2013 que executa os [&hellip;]","og_url":"https:\/\/www.notibras.com\/site\/quadras-de-esportesrecuperadas-e-lazer-renovado\/","og_site_name":"Notibras","article_publisher":"https:\/\/www.facebook.com\/notibras\/","article_published_time":"2023-01-26T03:01:03+00:00","article_modified_time":"2023-01-26T11:53:16+00:00","og_image":[{"width":1536,"height":1024,"url":"https:\/\/www.notibras.com\/site\/wp-content\/uploads\/2023\/01\/DENTRO-Reforma-de-quadra-esportiva-411-norte-JRO_1410-7-1536x1024-1.jpg","type":"image\/jpeg"}],"author":"Reda\u00e7\u00e3o","twitter_card":"summary_large_image","twitter_creator":"@Notibras","twitter_site":"@Notibras","twitter_misc":{"Escrito por":"Reda\u00e7\u00e3o","Est. tempo de leitura":"3 minutos"},"schema":{"@context":"https:\/\/schema.org","@graph":[{"@type":"Article","@id":"https:\/\/www.notibras.com\/site\/quadras-de-esportesrecuperadas-e-lazer-renovado\/#article","isPartOf":{"@id":"https:\/\/www.notibras.com\/site\/quadras-de-esportesrecuperadas-e-lazer-renovado\/"},"author":{"name":"Reda\u00e7\u00e3o","@id":"https:\/\/www.notibras.com\/site\/#\/schema\/person\/36ab0979449956132d3e5b517ea76ac8"},"headline":"Quadras de esportes recuperadas e lazer renovado","datePublished":"2023-01-26T03:01:03+00:00","dateModified":"2023-01-26T11:53:16+00:00","mainEntityOfPage":{"@id":"https:\/\/www.notibras.com\/site\/quadras-de-esportesrecuperadas-e-lazer-renovado\/"},"wordCount":508,"publisher":{"@id":"https:\/\/www.notibras.com\/site\/#organization"},"image":{"@id":"https:\/\/www.notibras.com\/site\/quadras-de-esportesrecuperadas-e-lazer-renovado\/#primaryimage"},"thumbnailUrl":"https:\/\/www.notibras.com\/site\/wp-content\/uploads\/2023\/01\/DENTRO-Reforma-de-quadra-esportiva-411-norte-JRO_1410-7-1536x1024-1.jpg","articleSection":["Quadradinho em Foco"],"inLanguage":"pt-BR"},{"@type":"WebPage","@id":"https:\/\/www.notibras.com\/site\/quadras-de-esportesrecuperadas-e-lazer-renovado\/","url":"https:\/\/www.notibras.com\/site\/quadras-de-esportesrecuperadas-e-lazer-renovado\/","name":"Quadras de esportes recuperadas e lazer renovado - Notibras","isPartOf":{"@id":"https:\/\/www.notibras.com\/site\/#website"},"primaryImageOfPage":{"@id":"https:\/\/www.notibras.com\/site\/quadras-de-esportesrecuperadas-e-lazer-renovado\/#primaryimage"},"image":{"@id":"https:\/\/www.notibras.com\/site\/quadras-de-esportesrecuperadas-e-lazer-renovado\/#primaryimage"},"thumbnailUrl":"https:\/\/www.notibras.com\/site\/wp-content\/uploads\/2023\/01\/DENTRO-Reforma-de-quadra-esportiva-411-norte-JRO_1410-7-1536x1024-1.jpg","datePublished":"2023-01-26T03:01:03+00:00","dateModified":"2023-01-26T11:53:16+00:00","breadcrumb":{"@id":"https:\/\/www.notibras.com\/site\/quadras-de-esportesrecuperadas-e-lazer-renovado\/#breadcrumb"},"inLanguage":"pt-BR","potentialAction":[{"@type":"ReadAction","target":["https:\/\/www.notibras.com\/site\/quadras-de-esportesrecuperadas-e-lazer-renovado\/"]}]},{"@type":"ImageObject","inLanguage":"pt-BR","@id":"https:\/\/www.notibras.com\/site\/quadras-de-esportesrecuperadas-e-lazer-renovado\/#primaryimage","url":"https:\/\/www.notibras.com\/site\/wp-content\/uploads\/2023\/01\/DENTRO-Reforma-de-quadra-esportiva-411-norte-JRO_1410-7-1536x1024-1.jpg","contentUrl":"https:\/\/www.notibras.com\/site\/wp-content\/uploads\/2023\/01\/DENTRO-Reforma-de-quadra-esportiva-411-norte-JRO_1410-7-1536x1024-1.jpg","width":1536,"height":1024},{"@type":"BreadcrumbList","@id":"https:\/\/www.notibras.com\/site\/quadras-de-esportesrecuperadas-e-lazer-renovado\/#breadcrumb","itemListElement":[{"@type":"ListItem","position":1,"name":"In\u00edcio","item":"https:\/\/www.notibras.com\/site\/"},{"@type":"ListItem","position":2,"name":"Quadras de esportes recuperadas e lazer renovado"}]},{"@type":"WebSite","@id":"https:\/\/www.notibras.com\/site\/#website","url":"https:\/\/www.notibras.com\/site\/","name":"Notibras","description":"Not\u00edcias de Bras\u00edlia, do Brasil e do Mundo","publisher":{"@id":"https:\/\/www.notibras.com\/site\/#organization"},"potentialAction":[{"@type":"SearchAction","target":{"@type":"EntryPoint","urlTemplate":"https:\/\/www.notibras.com\/site\/?s={search_term_string}"},"query-input":{"@type":"PropertyValueSpecification","valueRequired":true,"valueName":"search_term_string"}}],"inLanguage":"pt-BR"},{"@type":"Organization","@id":"https:\/\/www.notibras.com\/site\/#organization","name":"Grupo Notibras de Comunica\u00e7\u00e3o","url":"https:\/\/www.notibras.com\/site\/","logo":{"@type":"ImageObject","inLanguage":"pt-BR","@id":"https:\/\/www.notibras.com\/site\/#\/schema\/logo\/image\/","url":"https:\/\/www.notibras.com\/site\/wp-content\/uploads\/2023\/01\/notibras23.png","contentUrl":"https:\/\/www.notibras.com\/site\/wp-content\/uploads\/2023\/01\/notibras23.png","width":350,"height":87,"caption":"Grupo Notibras de Comunica\u00e7\u00e3o"},"image":{"@id":"https:\/\/www.notibras.com\/site\/#\/schema\/logo\/image\/"},"sameAs":["https:\/\/www.facebook.com\/notibras\/","https:\/\/x.com\/Notibras","https:\/\/www.instagram.com\/notibras\/"]},{"@type":"Person","@id":"https:\/\/www.notibras.com\/site\/#\/schema\/person\/36ab0979449956132d3e5b517ea76ac8","name":"Reda\u00e7\u00e3o","image":{"@type":"ImageObject","inLanguage":"pt-BR","@id":"https:\/\/secure.gravatar.com\/avatar\/e0a867bdedb85fd243eadf09663511f96fc81e0720a4a42581f334ad4303aa6b?s=96&d=mm&r=g","url":"https:\/\/secure.gravatar.com\/avatar\/e0a867bdedb85fd243eadf09663511f96fc81e0720a4a42581f334ad4303aa6b?s=96&d=mm&r=g","contentUrl":"https:\/\/secure.gravatar.com\/avatar\/e0a867bdedb85fd243eadf09663511f96fc81e0720a4a42581f334ad4303aa6b?s=96&d=mm&r=g","caption":"Reda\u00e7\u00e3o"}}]}},"amp_enabled":true,"_links":{"self":[{"href":"https:\/\/www.notibras.com\/site\/wp-json\/wp\/v2\/posts\/298316","targetHints":{"allow":["GET"]}}],"collection":[{"href":"https:\/\/www.notibras.com\/site\/wp-json\/wp\/v2\/posts"}],"about":[{"href":"https:\/\/www.notibras.com\/site\/wp-json\/wp\/v2\/types\/post"}],"author":[{"embeddable":true,"href":"https:\/\/www.notibras.com\/site\/wp-json\/wp\/v2\/users\/2"}],"replies":[{"embeddable":true,"href":"https:\/\/www.notibras.com\/site\/wp-json\/wp\/v2\/comments?post=298316"}],"version-history":[{"count":2,"href":"https:\/\/www.notibras.com\/site\/wp-json\/wp\/v2\/posts\/298316\/revisions"}],"predecessor-version":[{"id":298320,"href":"https:\/\/www.notibras.com\/site\/wp-json\/wp\/v2\/posts\/298316\/revisions\/298320"}],"wp:featuredmedia":[{"embeddable":true,"href":"https:\/\/www.notibras.com\/site\/wp-json\/wp\/v2\/media\/298317"}],"wp:attachment":[{"href":"https:\/\/www.notibras.com\/site\/wp-json\/wp\/v2\/media?parent=298316"}],"wp:term":[{"taxonomy":"category","embeddable":true,"href":"https:\/\/www.notibras.com\/site\/wp-json\/wp\/v2\/categories?post=298316"},{"taxonomy":"post_tag","embeddable":true,"href":"https:\/\/www.notibras.com\/site\/wp-json\/wp\/v2\/tags?post=298316"}],"curies":[{"name":"wp","href":"https:\/\/api.w.org\/{rel}","templated":true}]}}