{"id":298401,"date":"2023-01-28T09:15:31","date_gmt":"2023-01-28T12:15:31","guid":{"rendered":"https:\/\/www.notibras.com\/site\/?p=298401"},"modified":"2023-01-28T10:09:28","modified_gmt":"2023-01-28T13:09:28","slug":"asa-norte-descarta-pagar-para-poder-estacionar","status":"publish","type":"post","link":"https:\/\/www.notibras.com\/site\/asa-norte-descarta-pagar-para-poder-estacionar\/","title":{"rendered":"Asa Norte descarta pagar para poder estacionar"},"content":{"rendered":"<p>O Conselho Comunit\u00e1rio da Asa Norte repudiou, em debate no Tribunal de Contas, o projeto &#8220;Zona Verde&#8221;, proposto pela Secretaria Transporte. O governo quer entregar \u00e0 iniciativa privada servi\u00e7os de estacionamento rotativo pago em \u00e1reas p\u00fablicas do Plano Piloto, inclusive quadras residenciais, imedia\u00e7\u00f5es de esta\u00e7\u00f5es do Metr\u00f4 e do Ve\u00edculo Leve sobre Trilhos foi questionado legalmente pelos moradores da Asa Norte.<\/p>\n<p>Dentre as alega\u00e7\u00f5es do Conselho se destacam: o impacto urban\u00edstico causado pela Zona Verde no Plano Piloto, reconhecido pela Unesco como Patrim\u00f4nio da Humanidade em 1987; a exclus\u00e3o de vagas p\u00fablicas nos estacionamentos das quadras residenciais e comerciais mistas, para uso dos moradores, prevista no projeto urban\u00edstico, bem como a terceiriza\u00e7\u00e3o da fiscaliza\u00e7\u00e3o e cobran\u00e7a de multas, por empresa privada, com retorno de apenas 10% ao Estado, sem garantias de investimento em mobilidade urbana.<\/p>\n<p>Durante a sustenta\u00e7\u00e3o oral no TCDF, o advogado dos moradores, Fernando Luiz Carvalho Dantas, criticou a aus\u00eancia de uma an\u00e1lise de impacto s\u00f3cio econ\u00f4mico do projeto e a falta de participa\u00e7\u00e3o da comunidade nos debates sobre a Zona Verde. Por fim, pediu que o TCDF desconsidere o pedido de reexame, proposto pela Semob e mantenha a Decis\u00e3o 3600\/2022 do Tribunal, que considerou parcialmente procedente a representa\u00e7\u00e3o apresentada pelo Conselho Comunit\u00e1rio da Asa Norte.<\/p>\n<p>A Procuradoria-Geral do Distrito Federal tamb\u00e9m solicitou a possibilidade de fazer uma sustenta\u00e7\u00e3o oral no Plen\u00e1rio do TCDF, que foi marcada para o dia 15 de fevereiro. Em seguida, o relator do processo vai analisar ambas as manifesta\u00e7\u00f5es, elaborar relat\u00f3rio\/voto e levar os autos para aprecia\u00e7\u00e3o plen\u00e1ria.<\/p>\n","protected":false},"excerpt":{"rendered":"<p>O Conselho Comunit\u00e1rio da Asa Norte repudiou, em debate no Tribunal de Contas, o projeto &#8220;Zona Verde&#8221;, proposto pela Secretaria Transporte. O governo quer entregar \u00e0 iniciativa privada servi\u00e7os de estacionamento rotativo pago em \u00e1reas p\u00fablicas do Plano Piloto, inclusive quadras residenciais, imedia\u00e7\u00f5es de esta\u00e7\u00f5es do Metr\u00f4 e do Ve\u00edculo Leve sobre Trilhos foi questionado [&hellip;]<\/p>\n","protected":false},"author":2,"featured_media":298402,"comment_status":"closed","ping_status":"closed","sticky":false,"template":"","format":"standard","meta":{"_acf_changed":false,"footnotes":""},"categories":[161],"tags":[95],"class_list":["post-298401","post","type-post","status-publish","format-standard","has-post-thumbnail","hentry","category-quadradinho-em-foco","tag-capa"],"acf":[],"yoast_head":"<!-- This site is optimized with the Yoast SEO plugin v27.2 - https:\/\/yoast.com\/product\/yoast-seo-wordpress\/ -->\n<title>Asa Norte descarta pagar para poder estacionar - Notibras<\/title>\n<meta name=\"robots\" content=\"index, follow, max-snippet:-1, max-image-preview:large, max-video-preview:-1\" \/>\n<link rel=\"canonical\" href=\"https:\/\/www.notibras.com\/site\/asa-norte-descarta-pagar-para-poder-estacionar\/\" \/>\n<meta property=\"og:locale\" content=\"pt_BR\" \/>\n<meta property=\"og:type\" content=\"article\" \/>\n<meta property=\"og:title\" content=\"Asa Norte descarta pagar para poder estacionar - Notibras\" \/>\n<meta property=\"og:description\" content=\"O Conselho Comunit\u00e1rio da Asa Norte repudiou, em debate no Tribunal de Contas, o projeto &#8220;Zona Verde&#8221;, proposto pela Secretaria Transporte. O governo quer entregar \u00e0 iniciativa privada servi\u00e7os de estacionamento rotativo pago em \u00e1reas p\u00fablicas do Plano Piloto, inclusive quadras residenciais, imedia\u00e7\u00f5es de esta\u00e7\u00f5es do Metr\u00f4 e do Ve\u00edculo Leve sobre Trilhos foi questionado [&hellip;]\" \/>\n<meta property=\"og:url\" content=\"https:\/\/www.notibras.com\/site\/asa-norte-descarta-pagar-para-poder-estacionar\/\" \/>\n<meta property=\"og:site_name\" content=\"Notibras\" \/>\n<meta property=\"article:publisher\" content=\"https:\/\/www.facebook.com\/notibras\/\" \/>\n<meta property=\"article:published_time\" content=\"2023-01-28T12:15:31+00:00\" \/>\n<meta property=\"article:modified_time\" content=\"2023-01-28T13:09:28+00:00\" \/>\n<meta property=\"og:image\" content=\"https:\/\/www.notibras.com\/site\/wp-content\/uploads\/2023\/01\/brasilia_60_anos_faixa_de_pedestres_0420202419_1.jpg\" \/>\n\t<meta property=\"og:image:width\" content=\"770\" \/>\n\t<meta property=\"og:image:height\" content=\"513\" \/>\n\t<meta property=\"og:image:type\" content=\"image\/jpeg\" \/>\n<meta name=\"author\" content=\"Reda\u00e7\u00e3o\" \/>\n<meta name=\"twitter:card\" content=\"summary_large_image\" \/>\n<meta name=\"twitter:creator\" content=\"@Notibras\" \/>\n<meta name=\"twitter:site\" content=\"@Notibras\" \/>\n<meta name=\"twitter:label1\" content=\"Escrito por\" \/>\n\t<meta name=\"twitter:data1\" content=\"Reda\u00e7\u00e3o\" \/>\n\t<meta name=\"twitter:label2\" content=\"Est. tempo de leitura\" \/>\n\t<meta name=\"twitter:data2\" content=\"2 minutos\" \/>\n<script type=\"application\/ld+json\" class=\"yoast-schema-graph\">{\"@context\":\"https:\/\/schema.org\",\"@graph\":[{\"@type\":\"Article\",\"@id\":\"https:\/\/www.notibras.com\/site\/asa-norte-descarta-pagar-para-poder-estacionar\/#article\",\"isPartOf\":{\"@id\":\"https:\/\/www.notibras.com\/site\/asa-norte-descarta-pagar-para-poder-estacionar\/\"},\"author\":{\"name\":\"Reda\u00e7\u00e3o\",\"@id\":\"https:\/\/www.notibras.com\/site\/#\/schema\/person\/36ab0979449956132d3e5b517ea76ac8\"},\"headline\":\"Asa Norte descarta pagar para poder estacionar\",\"datePublished\":\"2023-01-28T12:15:31+00:00\",\"dateModified\":\"2023-01-28T13:09:28+00:00\",\"mainEntityOfPage\":{\"@id\":\"https:\/\/www.notibras.com\/site\/asa-norte-descarta-pagar-para-poder-estacionar\/\"},\"wordCount\":289,\"publisher\":{\"@id\":\"https:\/\/www.notibras.com\/site\/#organization\"},\"image\":{\"@id\":\"https:\/\/www.notibras.com\/site\/asa-norte-descarta-pagar-para-poder-estacionar\/#primaryimage\"},\"thumbnailUrl\":\"https:\/\/www.notibras.com\/site\/wp-content\/uploads\/2023\/01\/brasilia_60_anos_faixa_de_pedestres_0420202419_1.jpg\",\"keywords\":[\"capa\"],\"articleSection\":[\"Quadradinho em Foco\"],\"inLanguage\":\"pt-BR\"},{\"@type\":\"WebPage\",\"@id\":\"https:\/\/www.notibras.com\/site\/asa-norte-descarta-pagar-para-poder-estacionar\/\",\"url\":\"https:\/\/www.notibras.com\/site\/asa-norte-descarta-pagar-para-poder-estacionar\/\",\"name\":\"Asa Norte descarta pagar para poder estacionar - Notibras\",\"isPartOf\":{\"@id\":\"https:\/\/www.notibras.com\/site\/#website\"},\"primaryImageOfPage\":{\"@id\":\"https:\/\/www.notibras.com\/site\/asa-norte-descarta-pagar-para-poder-estacionar\/#primaryimage\"},\"image\":{\"@id\":\"https:\/\/www.notibras.com\/site\/asa-norte-descarta-pagar-para-poder-estacionar\/#primaryimage\"},\"thumbnailUrl\":\"https:\/\/www.notibras.com\/site\/wp-content\/uploads\/2023\/01\/brasilia_60_anos_faixa_de_pedestres_0420202419_1.jpg\",\"datePublished\":\"2023-01-28T12:15:31+00:00\",\"dateModified\":\"2023-01-28T13:09:28+00:00\",\"breadcrumb\":{\"@id\":\"https:\/\/www.notibras.com\/site\/asa-norte-descarta-pagar-para-poder-estacionar\/#breadcrumb\"},\"inLanguage\":\"pt-BR\",\"potentialAction\":[{\"@type\":\"ReadAction\",\"target\":[\"https:\/\/www.notibras.com\/site\/asa-norte-descarta-pagar-para-poder-estacionar\/\"]}]},{\"@type\":\"ImageObject\",\"inLanguage\":\"pt-BR\",\"@id\":\"https:\/\/www.notibras.com\/site\/asa-norte-descarta-pagar-para-poder-estacionar\/#primaryimage\",\"url\":\"https:\/\/www.notibras.com\/site\/wp-content\/uploads\/2023\/01\/brasilia_60_anos_faixa_de_pedestres_0420202419_1.jpg\",\"contentUrl\":\"https:\/\/www.notibras.com\/site\/wp-content\/uploads\/2023\/01\/brasilia_60_anos_faixa_de_pedestres_0420202419_1.jpg\",\"width\":770,\"height\":513,\"caption\":\"Bras\u00edlia 60 Anos - Catedral Militar Rainha da Paz\"},{\"@type\":\"BreadcrumbList\",\"@id\":\"https:\/\/www.notibras.com\/site\/asa-norte-descarta-pagar-para-poder-estacionar\/#breadcrumb\",\"itemListElement\":[{\"@type\":\"ListItem\",\"position\":1,\"name\":\"In\u00edcio\",\"item\":\"https:\/\/www.notibras.com\/site\/\"},{\"@type\":\"ListItem\",\"position\":2,\"name\":\"Asa Norte descarta pagar para poder estacionar\"}]},{\"@type\":\"WebSite\",\"@id\":\"https:\/\/www.notibras.com\/site\/#website\",\"url\":\"https:\/\/www.notibras.com\/site\/\",\"name\":\"Notibras\",\"description\":\"Not\u00edcias de Bras\u00edlia, do Brasil e do Mundo\",\"publisher\":{\"@id\":\"https:\/\/www.notibras.com\/site\/#organization\"},\"potentialAction\":[{\"@type\":\"SearchAction\",\"target\":{\"@type\":\"EntryPoint\",\"urlTemplate\":\"https:\/\/www.notibras.com\/site\/?s={search_term_string}\"},\"query-input\":{\"@type\":\"PropertyValueSpecification\",\"valueRequired\":true,\"valueName\":\"search_term_string\"}}],\"inLanguage\":\"pt-BR\"},{\"@type\":\"Organization\",\"@id\":\"https:\/\/www.notibras.com\/site\/#organization\",\"name\":\"Grupo Notibras de Comunica\u00e7\u00e3o\",\"url\":\"https:\/\/www.notibras.com\/site\/\",\"logo\":{\"@type\":\"ImageObject\",\"inLanguage\":\"pt-BR\",\"@id\":\"https:\/\/www.notibras.com\/site\/#\/schema\/logo\/image\/\",\"url\":\"https:\/\/www.notibras.com\/site\/wp-content\/uploads\/2023\/01\/notibras23.png\",\"contentUrl\":\"https:\/\/www.notibras.com\/site\/wp-content\/uploads\/2023\/01\/notibras23.png\",\"width\":350,\"height\":87,\"caption\":\"Grupo Notibras de Comunica\u00e7\u00e3o\"},\"image\":{\"@id\":\"https:\/\/www.notibras.com\/site\/#\/schema\/logo\/image\/\"},\"sameAs\":[\"https:\/\/www.facebook.com\/notibras\/\",\"https:\/\/x.com\/Notibras\",\"https:\/\/www.instagram.com\/notibras\/\"]},{\"@type\":\"Person\",\"@id\":\"https:\/\/www.notibras.com\/site\/#\/schema\/person\/36ab0979449956132d3e5b517ea76ac8\",\"name\":\"Reda\u00e7\u00e3o\",\"image\":{\"@type\":\"ImageObject\",\"inLanguage\":\"pt-BR\",\"@id\":\"https:\/\/secure.gravatar.com\/avatar\/e0a867bdedb85fd243eadf09663511f96fc81e0720a4a42581f334ad4303aa6b?s=96&d=mm&r=g\",\"url\":\"https:\/\/secure.gravatar.com\/avatar\/e0a867bdedb85fd243eadf09663511f96fc81e0720a4a42581f334ad4303aa6b?s=96&d=mm&r=g\",\"contentUrl\":\"https:\/\/secure.gravatar.com\/avatar\/e0a867bdedb85fd243eadf09663511f96fc81e0720a4a42581f334ad4303aa6b?s=96&d=mm&r=g\",\"caption\":\"Reda\u00e7\u00e3o\"}}]}<\/script>\n<!-- \/ Yoast SEO plugin. -->","yoast_head_json":{"title":"Asa Norte descarta pagar para poder estacionar - Notibras","robots":{"index":"index","follow":"follow","max-snippet":"max-snippet:-1","max-image-preview":"max-image-preview:large","max-video-preview":"max-video-preview:-1"},"canonical":"https:\/\/www.notibras.com\/site\/asa-norte-descarta-pagar-para-poder-estacionar\/","og_locale":"pt_BR","og_type":"article","og_title":"Asa Norte descarta pagar para poder estacionar - Notibras","og_description":"O Conselho Comunit\u00e1rio da Asa Norte repudiou, em debate no Tribunal de Contas, o projeto &#8220;Zona Verde&#8221;, proposto pela Secretaria Transporte. O governo quer entregar \u00e0 iniciativa privada servi\u00e7os de estacionamento rotativo pago em \u00e1reas p\u00fablicas do Plano Piloto, inclusive quadras residenciais, imedia\u00e7\u00f5es de esta\u00e7\u00f5es do Metr\u00f4 e do Ve\u00edculo Leve sobre Trilhos foi questionado [&hellip;]","og_url":"https:\/\/www.notibras.com\/site\/asa-norte-descarta-pagar-para-poder-estacionar\/","og_site_name":"Notibras","article_publisher":"https:\/\/www.facebook.com\/notibras\/","article_published_time":"2023-01-28T12:15:31+00:00","article_modified_time":"2023-01-28T13:09:28+00:00","og_image":[{"width":770,"height":513,"url":"https:\/\/www.notibras.com\/site\/wp-content\/uploads\/2023\/01\/brasilia_60_anos_faixa_de_pedestres_0420202419_1.jpg","type":"image\/jpeg"}],"author":"Reda\u00e7\u00e3o","twitter_card":"summary_large_image","twitter_creator":"@Notibras","twitter_site":"@Notibras","twitter_misc":{"Escrito por":"Reda\u00e7\u00e3o","Est. tempo de leitura":"2 minutos"},"schema":{"@context":"https:\/\/schema.org","@graph":[{"@type":"Article","@id":"https:\/\/www.notibras.com\/site\/asa-norte-descarta-pagar-para-poder-estacionar\/#article","isPartOf":{"@id":"https:\/\/www.notibras.com\/site\/asa-norte-descarta-pagar-para-poder-estacionar\/"},"author":{"name":"Reda\u00e7\u00e3o","@id":"https:\/\/www.notibras.com\/site\/#\/schema\/person\/36ab0979449956132d3e5b517ea76ac8"},"headline":"Asa Norte descarta pagar para poder estacionar","datePublished":"2023-01-28T12:15:31+00:00","dateModified":"2023-01-28T13:09:28+00:00","mainEntityOfPage":{"@id":"https:\/\/www.notibras.com\/site\/asa-norte-descarta-pagar-para-poder-estacionar\/"},"wordCount":289,"publisher":{"@id":"https:\/\/www.notibras.com\/site\/#organization"},"image":{"@id":"https:\/\/www.notibras.com\/site\/asa-norte-descarta-pagar-para-poder-estacionar\/#primaryimage"},"thumbnailUrl":"https:\/\/www.notibras.com\/site\/wp-content\/uploads\/2023\/01\/brasilia_60_anos_faixa_de_pedestres_0420202419_1.jpg","keywords":["capa"],"articleSection":["Quadradinho em Foco"],"inLanguage":"pt-BR"},{"@type":"WebPage","@id":"https:\/\/www.notibras.com\/site\/asa-norte-descarta-pagar-para-poder-estacionar\/","url":"https:\/\/www.notibras.com\/site\/asa-norte-descarta-pagar-para-poder-estacionar\/","name":"Asa Norte descarta pagar para poder estacionar - Notibras","isPartOf":{"@id":"https:\/\/www.notibras.com\/site\/#website"},"primaryImageOfPage":{"@id":"https:\/\/www.notibras.com\/site\/asa-norte-descarta-pagar-para-poder-estacionar\/#primaryimage"},"image":{"@id":"https:\/\/www.notibras.com\/site\/asa-norte-descarta-pagar-para-poder-estacionar\/#primaryimage"},"thumbnailUrl":"https:\/\/www.notibras.com\/site\/wp-content\/uploads\/2023\/01\/brasilia_60_anos_faixa_de_pedestres_0420202419_1.jpg","datePublished":"2023-01-28T12:15:31+00:00","dateModified":"2023-01-28T13:09:28+00:00","breadcrumb":{"@id":"https:\/\/www.notibras.com\/site\/asa-norte-descarta-pagar-para-poder-estacionar\/#breadcrumb"},"inLanguage":"pt-BR","potentialAction":[{"@type":"ReadAction","target":["https:\/\/www.notibras.com\/site\/asa-norte-descarta-pagar-para-poder-estacionar\/"]}]},{"@type":"ImageObject","inLanguage":"pt-BR","@id":"https:\/\/www.notibras.com\/site\/asa-norte-descarta-pagar-para-poder-estacionar\/#primaryimage","url":"https:\/\/www.notibras.com\/site\/wp-content\/uploads\/2023\/01\/brasilia_60_anos_faixa_de_pedestres_0420202419_1.jpg","contentUrl":"https:\/\/www.notibras.com\/site\/wp-content\/uploads\/2023\/01\/brasilia_60_anos_faixa_de_pedestres_0420202419_1.jpg","width":770,"height":513,"caption":"Bras\u00edlia 60 Anos - Catedral Militar Rainha da Paz"},{"@type":"BreadcrumbList","@id":"https:\/\/www.notibras.com\/site\/asa-norte-descarta-pagar-para-poder-estacionar\/#breadcrumb","itemListElement":[{"@type":"ListItem","position":1,"name":"In\u00edcio","item":"https:\/\/www.notibras.com\/site\/"},{"@type":"ListItem","position":2,"name":"Asa Norte descarta pagar para poder estacionar"}]},{"@type":"WebSite","@id":"https:\/\/www.notibras.com\/site\/#website","url":"https:\/\/www.notibras.com\/site\/","name":"Notibras","description":"Not\u00edcias de Bras\u00edlia, do Brasil e do Mundo","publisher":{"@id":"https:\/\/www.notibras.com\/site\/#organization"},"potentialAction":[{"@type":"SearchAction","target":{"@type":"EntryPoint","urlTemplate":"https:\/\/www.notibras.com\/site\/?s={search_term_string}"},"query-input":{"@type":"PropertyValueSpecification","valueRequired":true,"valueName":"search_term_string"}}],"inLanguage":"pt-BR"},{"@type":"Organization","@id":"https:\/\/www.notibras.com\/site\/#organization","name":"Grupo Notibras de Comunica\u00e7\u00e3o","url":"https:\/\/www.notibras.com\/site\/","logo":{"@type":"ImageObject","inLanguage":"pt-BR","@id":"https:\/\/www.notibras.com\/site\/#\/schema\/logo\/image\/","url":"https:\/\/www.notibras.com\/site\/wp-content\/uploads\/2023\/01\/notibras23.png","contentUrl":"https:\/\/www.notibras.com\/site\/wp-content\/uploads\/2023\/01\/notibras23.png","width":350,"height":87,"caption":"Grupo Notibras de Comunica\u00e7\u00e3o"},"image":{"@id":"https:\/\/www.notibras.com\/site\/#\/schema\/logo\/image\/"},"sameAs":["https:\/\/www.facebook.com\/notibras\/","https:\/\/x.com\/Notibras","https:\/\/www.instagram.com\/notibras\/"]},{"@type":"Person","@id":"https:\/\/www.notibras.com\/site\/#\/schema\/person\/36ab0979449956132d3e5b517ea76ac8","name":"Reda\u00e7\u00e3o","image":{"@type":"ImageObject","inLanguage":"pt-BR","@id":"https:\/\/secure.gravatar.com\/avatar\/e0a867bdedb85fd243eadf09663511f96fc81e0720a4a42581f334ad4303aa6b?s=96&d=mm&r=g","url":"https:\/\/secure.gravatar.com\/avatar\/e0a867bdedb85fd243eadf09663511f96fc81e0720a4a42581f334ad4303aa6b?s=96&d=mm&r=g","contentUrl":"https:\/\/secure.gravatar.com\/avatar\/e0a867bdedb85fd243eadf09663511f96fc81e0720a4a42581f334ad4303aa6b?s=96&d=mm&r=g","caption":"Reda\u00e7\u00e3o"}}]}},"amp_enabled":true,"_links":{"self":[{"href":"https:\/\/www.notibras.com\/site\/wp-json\/wp\/v2\/posts\/298401","targetHints":{"allow":["GET"]}}],"collection":[{"href":"https:\/\/www.notibras.com\/site\/wp-json\/wp\/v2\/posts"}],"about":[{"href":"https:\/\/www.notibras.com\/site\/wp-json\/wp\/v2\/types\/post"}],"author":[{"embeddable":true,"href":"https:\/\/www.notibras.com\/site\/wp-json\/wp\/v2\/users\/2"}],"replies":[{"embeddable":true,"href":"https:\/\/www.notibras.com\/site\/wp-json\/wp\/v2\/comments?post=298401"}],"version-history":[{"count":1,"href":"https:\/\/www.notibras.com\/site\/wp-json\/wp\/v2\/posts\/298401\/revisions"}],"predecessor-version":[{"id":298403,"href":"https:\/\/www.notibras.com\/site\/wp-json\/wp\/v2\/posts\/298401\/revisions\/298403"}],"wp:featuredmedia":[{"embeddable":true,"href":"https:\/\/www.notibras.com\/site\/wp-json\/wp\/v2\/media\/298402"}],"wp:attachment":[{"href":"https:\/\/www.notibras.com\/site\/wp-json\/wp\/v2\/media?parent=298401"}],"wp:term":[{"taxonomy":"category","embeddable":true,"href":"https:\/\/www.notibras.com\/site\/wp-json\/wp\/v2\/categories?post=298401"},{"taxonomy":"post_tag","embeddable":true,"href":"https:\/\/www.notibras.com\/site\/wp-json\/wp\/v2\/tags?post=298401"}],"curies":[{"name":"wp","href":"https:\/\/api.w.org\/{rel}","templated":true}]}}