{"id":298414,"date":"2023-01-28T00:02:53","date_gmt":"2023-01-28T03:02:53","guid":{"rendered":"https:\/\/www.notibras.com\/site\/?p=298414"},"modified":"2023-01-28T11:07:38","modified_gmt":"2023-01-28T14:07:38","slug":"saude-chega-a-populacao-mais-vulneravel","status":"publish","type":"post","link":"https:\/\/www.notibras.com\/site\/saude-chega-a-populacao-mais-vulneravel\/","title":{"rendered":"Sa\u00fade chega \u00e0 popula\u00e7\u00e3o mais vulner\u00e1vel"},"content":{"rendered":"<p>Deitado embaixo de uma marquise, Vitor Pereira*, 30 anos, se cobre do frio. O par de t\u00eanis faz o papel de travesseiro enquanto o edredom doado \u00e9 ao mesmo tempo a cama, o teto e a parede. Ele se queixa de dor de dente e de uma ferida que tem no corpo, reclama\u00e7\u00f5es que t\u00eam um direcionamento. Aproxima-se dele uma equipe do Consult\u00f3rio na Rua para verificar a situa\u00e7\u00e3o. Andr\u00e9 \u00e9 acompanhado h\u00e1 dois anos por um grupo multiprofissional de Taguatinga, formado por uma m\u00e9dica, uma enfermeira, uma psic\u00f3loga, dois t\u00e9cnicos de enfermagem e uma assistente social.<\/p>\n<p>Os profissionais percorrem toda a regi\u00e3o sudoeste, que abrange \u00c1guas Claras, Recanto das Emas, Samambaia, Taguatinga e Vicente Pires. O objetivo \u00e9 levar sa\u00fade para as pessoas vulner\u00e1veis, que, por preconceitos e dificuldade de acesso, entre outros fatores, s\u00f3 contam com a assist\u00eancia porque o Estado presta esse servi\u00e7o.<\/p>\n<p><strong>Em tratamento<\/strong><br \/>\n\u201cGosto muito de ver voc\u00eas\u201d, afirma o jovem, que est\u00e1 h\u00e1 cinco anos nas ruas. Ele \u00e9 soropositivo e iniciou o tratamento pela equipe do consult\u00f3rio itinerante. Atualmente, o rapaz tamb\u00e9m tem v\u00ednculo com a Unidade B\u00e1sica de Sa\u00fade n\u00ba 3, onde recebe tratamento. \u201cN\u00e3o tenho nem documento, mas, tendo qualquer problema sou atendido\u201d, conta. Andr\u00e9 tem acesso a medicamentos, pomadas e orienta\u00e7\u00f5es para a preven\u00e7\u00e3o.<\/p>\n<p>\u201cEle interrompe e volta ao tratamento\u201d, detalha a enfermeira Lea Graziela Nunes Portela. A falta de const\u00e2ncia \u00e9 um desafio. Mas o maior, segundo a equipe, \u00e9 estabelecer o v\u00ednculo com os pacientes.<\/p>\n<p>\u201cTudo depende da hist\u00f3ria de vida do paciente, das frustra\u00e7\u00f5es e das rela\u00e7\u00f5es que construiu\u201d, explica a assistente social Ana Rosa Pessoa Peixoto, que trabalha no projeto desde o in\u00edcio, em 2012. \u201cTeve um caso que a gente vinha todos os dias por dois anos e se apresentava como Sa\u00fade e ele nem nos respondia. Era um trabalho de formiguinha para conseguir acessar os pacientes\u201d, recorda.<\/p>\n<p>Do outro lado da rua, Artur Magno*, 50 anos, espera a assist\u00eancia chegar. Ele est\u00e1 sentado em um daqueles cobertores que s\u00f3 se veem na rua e que se encontra perfeitamente dobrado, como se fosse de hotel. O homem tem esquizofrenia, bipolaridade e usa \u00e1lcool e outras drogas. A pessoa em situa\u00e7\u00e3o de rua conta \u00e0s profissionais sobre as 16 fazendas que diz ter, que \u00e9 doutor e que morava em uma mans\u00e3o. Tamb\u00e9m reclama de uma coceira, de manchas pelo corpo e pede para fazer exames.<\/p>\n<p><strong>Cobertura do atendimento<\/strong><br \/>\nCome\u00e7a a chover, e a equipe continua na rua. \u201cQuando prometemos levar um medicamento no dia, n\u00f3s temos que atender, porque isso impacta a confian\u00e7a que eles t\u00eam na gente\u201d, justifica a enfermeira Lea Graziela.<\/p>\n<p>A equipe da regi\u00e3o sudoeste \u00e9 uma das cinco que cobrem o Distrito Federal. A maioria conta com a composi\u00e7\u00e3o m\u00ednima de assistente social, enfermeiro, m\u00e9dico, psic\u00f3logo e t\u00e9cnicos de enfermagem. A gerente de Aten\u00e7\u00e3o \u00e0 Sa\u00fade \u00e0s Popula\u00e7\u00f5es em Situa\u00e7\u00e3o Vulner\u00e1vel e Programas Especiais, Juliana Oliveira Soares, informa que tamb\u00e9m h\u00e1 duas outras equipes em processo de cadastramento pelo Minist\u00e9rio da Sa\u00fade.<\/p>\n<p>De acordo com pesquisa do Instituto de Pesquisa e Estat\u00edstica do Distrito Federal (Iped) publicada em 2022, a estimativa \u00e9 de 2.938 pessoas em situa\u00e7\u00e3o de rua. No mesmo ano, as cinco equipes do consult\u00f3rio itinerante ofertaram 14.325 atendimentos individuais e 20.723 procedimentos, o que inclui aplica\u00e7\u00e3o de vacina, insulina, entrega de medicamentos, testes r\u00e1pidos, entre outros. No ano passado, tamb\u00e9m foram registrados 1.043 atendimentos odontol\u00f3gicos.<\/p>\n<p><strong>Invas\u00f5es<\/strong><br \/>\nAs equipes do consult\u00f3rio na rua tamb\u00e9m s\u00e3o fundamentais para as popula\u00e7\u00f5es em invas\u00f5es. Atr\u00e1s de dois tapumes em Taguatinga, esconde-se uma fam\u00edlia de 14 pessoas, que preferiram n\u00e3o se identificar. A \u00e1gua esverdeada deixa clara a insalubridade do espa\u00e7o. Em um dos paletes que a fam\u00edlia usa como ponte, o patriarca da fam\u00edlia, 57 anos, escorregou, machucando a perna e as costelas. \u201cSinto dor para respirar\u201d, contou.<\/p>\n<p>A equipe aplicou analg\u00e9sico, receitou medicamentos e o encaminhou para que fizesse a radiografia das regi\u00f5es machucadas. \u201cPode ter trincado alguma coisa, e \u00e9 importante checar\u201d, afirma a t\u00e9cnica em enfermagem Eldivone Sousa. Todos receberam um kit de higiene bucal. Os moradores tamb\u00e9m ganharam uma cesta b\u00e1sica que foi doada pela comunidade \u00e0 Unidade B\u00e1sica de Sa\u00fade n\u00ba 5, de Taguatinga, que \u00e9 respons\u00e1vel pelo consult\u00f3rio na rua.<\/p>\n","protected":false},"excerpt":{"rendered":"<p>Deitado embaixo de uma marquise, Vitor Pereira*, 30 anos, se cobre do frio. O par de t\u00eanis faz o papel de travesseiro enquanto o edredom doado \u00e9 ao mesmo tempo a cama, o teto e a parede. Ele se queixa de dor de dente e de uma ferida que tem no corpo, reclama\u00e7\u00f5es que t\u00eam [&hellip;]<\/p>\n","protected":false},"author":2,"featured_media":298415,"comment_status":"closed","ping_status":"closed","sticky":false,"template":"","format":"standard","meta":{"_acf_changed":false,"footnotes":""},"categories":[161],"tags":[],"class_list":["post-298414","post","type-post","status-publish","format-standard","has-post-thumbnail","hentry","category-quadradinho-em-foco"],"acf":[],"yoast_head":"<!-- This site is optimized with the Yoast SEO plugin v27.2 - https:\/\/yoast.com\/product\/yoast-seo-wordpress\/ -->\n<title>Sa\u00fade chega \u00e0 popula\u00e7\u00e3o mais vulner\u00e1vel - Notibras<\/title>\n<meta name=\"robots\" content=\"index, follow, max-snippet:-1, max-image-preview:large, max-video-preview:-1\" \/>\n<link rel=\"canonical\" href=\"https:\/\/www.notibras.com\/site\/saude-chega-a-populacao-mais-vulneravel\/\" \/>\n<meta property=\"og:locale\" content=\"pt_BR\" \/>\n<meta property=\"og:type\" content=\"article\" \/>\n<meta property=\"og:title\" content=\"Sa\u00fade chega \u00e0 popula\u00e7\u00e3o mais vulner\u00e1vel - Notibras\" \/>\n<meta property=\"og:description\" content=\"Deitado embaixo de uma marquise, Vitor Pereira*, 30 anos, se cobre do frio. O par de t\u00eanis faz o papel de travesseiro enquanto o edredom doado \u00e9 ao mesmo tempo a cama, o teto e a parede. Ele se queixa de dor de dente e de uma ferida que tem no corpo, reclama\u00e7\u00f5es que t\u00eam [&hellip;]\" \/>\n<meta property=\"og:url\" content=\"https:\/\/www.notibras.com\/site\/saude-chega-a-populacao-mais-vulneravel\/\" \/>\n<meta property=\"og:site_name\" content=\"Notibras\" \/>\n<meta property=\"article:publisher\" content=\"https:\/\/www.facebook.com\/notibras\/\" \/>\n<meta property=\"article:published_time\" content=\"2023-01-28T03:02:53+00:00\" \/>\n<meta property=\"article:modified_time\" content=\"2023-01-28T14:07:38+00:00\" \/>\n<meta property=\"og:image\" content=\"https:\/\/www.notibras.com\/site\/wp-content\/uploads\/2023\/01\/WhatsApp-Image-2023-01-26-at-10.57.26.jpeg\" \/>\n\t<meta property=\"og:image:width\" content=\"1280\" \/>\n\t<meta property=\"og:image:height\" content=\"853\" \/>\n\t<meta property=\"og:image:type\" content=\"image\/jpeg\" \/>\n<meta name=\"author\" content=\"Reda\u00e7\u00e3o\" \/>\n<meta name=\"twitter:card\" content=\"summary_large_image\" \/>\n<meta name=\"twitter:creator\" content=\"@Notibras\" \/>\n<meta name=\"twitter:site\" content=\"@Notibras\" \/>\n<meta name=\"twitter:label1\" content=\"Escrito por\" \/>\n\t<meta name=\"twitter:data1\" content=\"Reda\u00e7\u00e3o\" \/>\n\t<meta name=\"twitter:label2\" content=\"Est. tempo de leitura\" \/>\n\t<meta name=\"twitter:data2\" content=\"4 minutos\" \/>\n<script type=\"application\/ld+json\" class=\"yoast-schema-graph\">{\"@context\":\"https:\/\/schema.org\",\"@graph\":[{\"@type\":\"Article\",\"@id\":\"https:\/\/www.notibras.com\/site\/saude-chega-a-populacao-mais-vulneravel\/#article\",\"isPartOf\":{\"@id\":\"https:\/\/www.notibras.com\/site\/saude-chega-a-populacao-mais-vulneravel\/\"},\"author\":{\"name\":\"Reda\u00e7\u00e3o\",\"@id\":\"https:\/\/www.notibras.com\/site\/#\/schema\/person\/36ab0979449956132d3e5b517ea76ac8\"},\"headline\":\"Sa\u00fade chega \u00e0 popula\u00e7\u00e3o mais vulner\u00e1vel\",\"datePublished\":\"2023-01-28T03:02:53+00:00\",\"dateModified\":\"2023-01-28T14:07:38+00:00\",\"mainEntityOfPage\":{\"@id\":\"https:\/\/www.notibras.com\/site\/saude-chega-a-populacao-mais-vulneravel\/\"},\"wordCount\":765,\"publisher\":{\"@id\":\"https:\/\/www.notibras.com\/site\/#organization\"},\"image\":{\"@id\":\"https:\/\/www.notibras.com\/site\/saude-chega-a-populacao-mais-vulneravel\/#primaryimage\"},\"thumbnailUrl\":\"https:\/\/www.notibras.com\/site\/wp-content\/uploads\/2023\/01\/WhatsApp-Image-2023-01-26-at-10.57.26.jpeg\",\"articleSection\":[\"Quadradinho em Foco\"],\"inLanguage\":\"pt-BR\"},{\"@type\":\"WebPage\",\"@id\":\"https:\/\/www.notibras.com\/site\/saude-chega-a-populacao-mais-vulneravel\/\",\"url\":\"https:\/\/www.notibras.com\/site\/saude-chega-a-populacao-mais-vulneravel\/\",\"name\":\"Sa\u00fade chega \u00e0 popula\u00e7\u00e3o mais vulner\u00e1vel - Notibras\",\"isPartOf\":{\"@id\":\"https:\/\/www.notibras.com\/site\/#website\"},\"primaryImageOfPage\":{\"@id\":\"https:\/\/www.notibras.com\/site\/saude-chega-a-populacao-mais-vulneravel\/#primaryimage\"},\"image\":{\"@id\":\"https:\/\/www.notibras.com\/site\/saude-chega-a-populacao-mais-vulneravel\/#primaryimage\"},\"thumbnailUrl\":\"https:\/\/www.notibras.com\/site\/wp-content\/uploads\/2023\/01\/WhatsApp-Image-2023-01-26-at-10.57.26.jpeg\",\"datePublished\":\"2023-01-28T03:02:53+00:00\",\"dateModified\":\"2023-01-28T14:07:38+00:00\",\"breadcrumb\":{\"@id\":\"https:\/\/www.notibras.com\/site\/saude-chega-a-populacao-mais-vulneravel\/#breadcrumb\"},\"inLanguage\":\"pt-BR\",\"potentialAction\":[{\"@type\":\"ReadAction\",\"target\":[\"https:\/\/www.notibras.com\/site\/saude-chega-a-populacao-mais-vulneravel\/\"]}]},{\"@type\":\"ImageObject\",\"inLanguage\":\"pt-BR\",\"@id\":\"https:\/\/www.notibras.com\/site\/saude-chega-a-populacao-mais-vulneravel\/#primaryimage\",\"url\":\"https:\/\/www.notibras.com\/site\/wp-content\/uploads\/2023\/01\/WhatsApp-Image-2023-01-26-at-10.57.26.jpeg\",\"contentUrl\":\"https:\/\/www.notibras.com\/site\/wp-content\/uploads\/2023\/01\/WhatsApp-Image-2023-01-26-at-10.57.26.jpeg\",\"width\":1280,\"height\":853},{\"@type\":\"BreadcrumbList\",\"@id\":\"https:\/\/www.notibras.com\/site\/saude-chega-a-populacao-mais-vulneravel\/#breadcrumb\",\"itemListElement\":[{\"@type\":\"ListItem\",\"position\":1,\"name\":\"In\u00edcio\",\"item\":\"https:\/\/www.notibras.com\/site\/\"},{\"@type\":\"ListItem\",\"position\":2,\"name\":\"Sa\u00fade chega \u00e0 popula\u00e7\u00e3o mais vulner\u00e1vel\"}]},{\"@type\":\"WebSite\",\"@id\":\"https:\/\/www.notibras.com\/site\/#website\",\"url\":\"https:\/\/www.notibras.com\/site\/\",\"name\":\"Notibras\",\"description\":\"Not\u00edcias de Bras\u00edlia, do Brasil e do Mundo\",\"publisher\":{\"@id\":\"https:\/\/www.notibras.com\/site\/#organization\"},\"potentialAction\":[{\"@type\":\"SearchAction\",\"target\":{\"@type\":\"EntryPoint\",\"urlTemplate\":\"https:\/\/www.notibras.com\/site\/?s={search_term_string}\"},\"query-input\":{\"@type\":\"PropertyValueSpecification\",\"valueRequired\":true,\"valueName\":\"search_term_string\"}}],\"inLanguage\":\"pt-BR\"},{\"@type\":\"Organization\",\"@id\":\"https:\/\/www.notibras.com\/site\/#organization\",\"name\":\"Grupo Notibras de Comunica\u00e7\u00e3o\",\"url\":\"https:\/\/www.notibras.com\/site\/\",\"logo\":{\"@type\":\"ImageObject\",\"inLanguage\":\"pt-BR\",\"@id\":\"https:\/\/www.notibras.com\/site\/#\/schema\/logo\/image\/\",\"url\":\"https:\/\/www.notibras.com\/site\/wp-content\/uploads\/2023\/01\/notibras23.png\",\"contentUrl\":\"https:\/\/www.notibras.com\/site\/wp-content\/uploads\/2023\/01\/notibras23.png\",\"width\":350,\"height\":87,\"caption\":\"Grupo Notibras de Comunica\u00e7\u00e3o\"},\"image\":{\"@id\":\"https:\/\/www.notibras.com\/site\/#\/schema\/logo\/image\/\"},\"sameAs\":[\"https:\/\/www.facebook.com\/notibras\/\",\"https:\/\/x.com\/Notibras\",\"https:\/\/www.instagram.com\/notibras\/\"]},{\"@type\":\"Person\",\"@id\":\"https:\/\/www.notibras.com\/site\/#\/schema\/person\/36ab0979449956132d3e5b517ea76ac8\",\"name\":\"Reda\u00e7\u00e3o\",\"image\":{\"@type\":\"ImageObject\",\"inLanguage\":\"pt-BR\",\"@id\":\"https:\/\/secure.gravatar.com\/avatar\/e0a867bdedb85fd243eadf09663511f96fc81e0720a4a42581f334ad4303aa6b?s=96&d=mm&r=g\",\"url\":\"https:\/\/secure.gravatar.com\/avatar\/e0a867bdedb85fd243eadf09663511f96fc81e0720a4a42581f334ad4303aa6b?s=96&d=mm&r=g\",\"contentUrl\":\"https:\/\/secure.gravatar.com\/avatar\/e0a867bdedb85fd243eadf09663511f96fc81e0720a4a42581f334ad4303aa6b?s=96&d=mm&r=g\",\"caption\":\"Reda\u00e7\u00e3o\"}}]}<\/script>\n<!-- \/ Yoast SEO plugin. -->","yoast_head_json":{"title":"Sa\u00fade chega \u00e0 popula\u00e7\u00e3o mais vulner\u00e1vel - Notibras","robots":{"index":"index","follow":"follow","max-snippet":"max-snippet:-1","max-image-preview":"max-image-preview:large","max-video-preview":"max-video-preview:-1"},"canonical":"https:\/\/www.notibras.com\/site\/saude-chega-a-populacao-mais-vulneravel\/","og_locale":"pt_BR","og_type":"article","og_title":"Sa\u00fade chega \u00e0 popula\u00e7\u00e3o mais vulner\u00e1vel - Notibras","og_description":"Deitado embaixo de uma marquise, Vitor Pereira*, 30 anos, se cobre do frio. O par de t\u00eanis faz o papel de travesseiro enquanto o edredom doado \u00e9 ao mesmo tempo a cama, o teto e a parede. Ele se queixa de dor de dente e de uma ferida que tem no corpo, reclama\u00e7\u00f5es que t\u00eam [&hellip;]","og_url":"https:\/\/www.notibras.com\/site\/saude-chega-a-populacao-mais-vulneravel\/","og_site_name":"Notibras","article_publisher":"https:\/\/www.facebook.com\/notibras\/","article_published_time":"2023-01-28T03:02:53+00:00","article_modified_time":"2023-01-28T14:07:38+00:00","og_image":[{"width":1280,"height":853,"url":"https:\/\/www.notibras.com\/site\/wp-content\/uploads\/2023\/01\/WhatsApp-Image-2023-01-26-at-10.57.26.jpeg","type":"image\/jpeg"}],"author":"Reda\u00e7\u00e3o","twitter_card":"summary_large_image","twitter_creator":"@Notibras","twitter_site":"@Notibras","twitter_misc":{"Escrito por":"Reda\u00e7\u00e3o","Est. tempo de leitura":"4 minutos"},"schema":{"@context":"https:\/\/schema.org","@graph":[{"@type":"Article","@id":"https:\/\/www.notibras.com\/site\/saude-chega-a-populacao-mais-vulneravel\/#article","isPartOf":{"@id":"https:\/\/www.notibras.com\/site\/saude-chega-a-populacao-mais-vulneravel\/"},"author":{"name":"Reda\u00e7\u00e3o","@id":"https:\/\/www.notibras.com\/site\/#\/schema\/person\/36ab0979449956132d3e5b517ea76ac8"},"headline":"Sa\u00fade chega \u00e0 popula\u00e7\u00e3o mais vulner\u00e1vel","datePublished":"2023-01-28T03:02:53+00:00","dateModified":"2023-01-28T14:07:38+00:00","mainEntityOfPage":{"@id":"https:\/\/www.notibras.com\/site\/saude-chega-a-populacao-mais-vulneravel\/"},"wordCount":765,"publisher":{"@id":"https:\/\/www.notibras.com\/site\/#organization"},"image":{"@id":"https:\/\/www.notibras.com\/site\/saude-chega-a-populacao-mais-vulneravel\/#primaryimage"},"thumbnailUrl":"https:\/\/www.notibras.com\/site\/wp-content\/uploads\/2023\/01\/WhatsApp-Image-2023-01-26-at-10.57.26.jpeg","articleSection":["Quadradinho em Foco"],"inLanguage":"pt-BR"},{"@type":"WebPage","@id":"https:\/\/www.notibras.com\/site\/saude-chega-a-populacao-mais-vulneravel\/","url":"https:\/\/www.notibras.com\/site\/saude-chega-a-populacao-mais-vulneravel\/","name":"Sa\u00fade chega \u00e0 popula\u00e7\u00e3o mais vulner\u00e1vel - Notibras","isPartOf":{"@id":"https:\/\/www.notibras.com\/site\/#website"},"primaryImageOfPage":{"@id":"https:\/\/www.notibras.com\/site\/saude-chega-a-populacao-mais-vulneravel\/#primaryimage"},"image":{"@id":"https:\/\/www.notibras.com\/site\/saude-chega-a-populacao-mais-vulneravel\/#primaryimage"},"thumbnailUrl":"https:\/\/www.notibras.com\/site\/wp-content\/uploads\/2023\/01\/WhatsApp-Image-2023-01-26-at-10.57.26.jpeg","datePublished":"2023-01-28T03:02:53+00:00","dateModified":"2023-01-28T14:07:38+00:00","breadcrumb":{"@id":"https:\/\/www.notibras.com\/site\/saude-chega-a-populacao-mais-vulneravel\/#breadcrumb"},"inLanguage":"pt-BR","potentialAction":[{"@type":"ReadAction","target":["https:\/\/www.notibras.com\/site\/saude-chega-a-populacao-mais-vulneravel\/"]}]},{"@type":"ImageObject","inLanguage":"pt-BR","@id":"https:\/\/www.notibras.com\/site\/saude-chega-a-populacao-mais-vulneravel\/#primaryimage","url":"https:\/\/www.notibras.com\/site\/wp-content\/uploads\/2023\/01\/WhatsApp-Image-2023-01-26-at-10.57.26.jpeg","contentUrl":"https:\/\/www.notibras.com\/site\/wp-content\/uploads\/2023\/01\/WhatsApp-Image-2023-01-26-at-10.57.26.jpeg","width":1280,"height":853},{"@type":"BreadcrumbList","@id":"https:\/\/www.notibras.com\/site\/saude-chega-a-populacao-mais-vulneravel\/#breadcrumb","itemListElement":[{"@type":"ListItem","position":1,"name":"In\u00edcio","item":"https:\/\/www.notibras.com\/site\/"},{"@type":"ListItem","position":2,"name":"Sa\u00fade chega \u00e0 popula\u00e7\u00e3o mais vulner\u00e1vel"}]},{"@type":"WebSite","@id":"https:\/\/www.notibras.com\/site\/#website","url":"https:\/\/www.notibras.com\/site\/","name":"Notibras","description":"Not\u00edcias de Bras\u00edlia, do Brasil e do Mundo","publisher":{"@id":"https:\/\/www.notibras.com\/site\/#organization"},"potentialAction":[{"@type":"SearchAction","target":{"@type":"EntryPoint","urlTemplate":"https:\/\/www.notibras.com\/site\/?s={search_term_string}"},"query-input":{"@type":"PropertyValueSpecification","valueRequired":true,"valueName":"search_term_string"}}],"inLanguage":"pt-BR"},{"@type":"Organization","@id":"https:\/\/www.notibras.com\/site\/#organization","name":"Grupo Notibras de Comunica\u00e7\u00e3o","url":"https:\/\/www.notibras.com\/site\/","logo":{"@type":"ImageObject","inLanguage":"pt-BR","@id":"https:\/\/www.notibras.com\/site\/#\/schema\/logo\/image\/","url":"https:\/\/www.notibras.com\/site\/wp-content\/uploads\/2023\/01\/notibras23.png","contentUrl":"https:\/\/www.notibras.com\/site\/wp-content\/uploads\/2023\/01\/notibras23.png","width":350,"height":87,"caption":"Grupo Notibras de Comunica\u00e7\u00e3o"},"image":{"@id":"https:\/\/www.notibras.com\/site\/#\/schema\/logo\/image\/"},"sameAs":["https:\/\/www.facebook.com\/notibras\/","https:\/\/x.com\/Notibras","https:\/\/www.instagram.com\/notibras\/"]},{"@type":"Person","@id":"https:\/\/www.notibras.com\/site\/#\/schema\/person\/36ab0979449956132d3e5b517ea76ac8","name":"Reda\u00e7\u00e3o","image":{"@type":"ImageObject","inLanguage":"pt-BR","@id":"https:\/\/secure.gravatar.com\/avatar\/e0a867bdedb85fd243eadf09663511f96fc81e0720a4a42581f334ad4303aa6b?s=96&d=mm&r=g","url":"https:\/\/secure.gravatar.com\/avatar\/e0a867bdedb85fd243eadf09663511f96fc81e0720a4a42581f334ad4303aa6b?s=96&d=mm&r=g","contentUrl":"https:\/\/secure.gravatar.com\/avatar\/e0a867bdedb85fd243eadf09663511f96fc81e0720a4a42581f334ad4303aa6b?s=96&d=mm&r=g","caption":"Reda\u00e7\u00e3o"}}]}},"amp_enabled":true,"_links":{"self":[{"href":"https:\/\/www.notibras.com\/site\/wp-json\/wp\/v2\/posts\/298414","targetHints":{"allow":["GET"]}}],"collection":[{"href":"https:\/\/www.notibras.com\/site\/wp-json\/wp\/v2\/posts"}],"about":[{"href":"https:\/\/www.notibras.com\/site\/wp-json\/wp\/v2\/types\/post"}],"author":[{"embeddable":true,"href":"https:\/\/www.notibras.com\/site\/wp-json\/wp\/v2\/users\/2"}],"replies":[{"embeddable":true,"href":"https:\/\/www.notibras.com\/site\/wp-json\/wp\/v2\/comments?post=298414"}],"version-history":[{"count":1,"href":"https:\/\/www.notibras.com\/site\/wp-json\/wp\/v2\/posts\/298414\/revisions"}],"predecessor-version":[{"id":298416,"href":"https:\/\/www.notibras.com\/site\/wp-json\/wp\/v2\/posts\/298414\/revisions\/298416"}],"wp:featuredmedia":[{"embeddable":true,"href":"https:\/\/www.notibras.com\/site\/wp-json\/wp\/v2\/media\/298415"}],"wp:attachment":[{"href":"https:\/\/www.notibras.com\/site\/wp-json\/wp\/v2\/media?parent=298414"}],"wp:term":[{"taxonomy":"category","embeddable":true,"href":"https:\/\/www.notibras.com\/site\/wp-json\/wp\/v2\/categories?post=298414"},{"taxonomy":"post_tag","embeddable":true,"href":"https:\/\/www.notibras.com\/site\/wp-json\/wp\/v2\/tags?post=298414"}],"curies":[{"name":"wp","href":"https:\/\/api.w.org\/{rel}","templated":true}]}}