{"id":298419,"date":"2023-01-28T00:00:52","date_gmt":"2023-01-28T03:00:52","guid":{"rendered":"https:\/\/www.notibras.com\/site\/?p=298419"},"modified":"2023-01-28T11:23:54","modified_gmt":"2023-01-28T14:23:54","slug":"aberto-cadastramento-de-papelarias-para-material-escolar","status":"publish","type":"post","link":"https:\/\/www.notibras.com\/site\/aberto-cadastramento-de-papelarias-para-material-escolar\/","title":{"rendered":"Aberto cadastramento de papelarias para material escolar"},"content":{"rendered":"<p>A Secretaria de Desenvolvimento Econ\u00f4mico, Trabalho e Renda (Sedet) est\u00e1 convidando as papelarias do Distrito Federal para participar do programa de fornecimento de material did\u00e1tico aos alunos matriculados na rede p\u00fablica de ensino, por meio do Cart\u00e3o Material Escolar (CME) 2023.<\/p>\n<p>O objetivo do programa \u00e9 garantir que os alunos da rede p\u00fablica de ensino tenham acesso aos materiais did\u00e1ticos necess\u00e1rios para o seu desenvolvimento acad\u00eamico e contribuir para o desenvolvimento econ\u00f4mico da regi\u00e3o, garantindo o sucesso educacional e econ\u00f4mico.<\/p>\n<p>As aulas na rede p\u00fablica de ensino do Distrito Federal come\u00e7am em 13 de fevereiro e o pagamento do benef\u00edcio est\u00e1 previsto para acontecer a partir do dia 10 de fevereiro. As empresas interessadas em participar devem cumprir os requisitos estabelecidos no edital e enviar a documenta\u00e7\u00e3o necess\u00e1ria para o e-mail credenciamento.papelarias@desenvolvimento.df.gov.br.<\/p>\n<p>Uma comiss\u00e3o de sele\u00e7\u00e3o do chamamento p\u00fablico analisar\u00e1 a aptid\u00e3o dos estabelecimentos e a lista dos selecionados ser\u00e1 divulgada no site da Secretaria de Desenvolvimento Econ\u00f4mico, Trabalho e Renda.<\/p>\n<p>Em caso de d\u00favidas sobre como participar do programa, os estabelecimentos podem procurar o atendimento presencial, mas \u00e9 preciso agendar por meio dos n\u00fameros (61) 2141-5543 ou (61) 2141-5519.<\/p>\n","protected":false},"excerpt":{"rendered":"<p>A Secretaria de Desenvolvimento Econ\u00f4mico, Trabalho e Renda (Sedet) est\u00e1 convidando as papelarias do Distrito Federal para participar do programa de fornecimento de material did\u00e1tico aos alunos matriculados na rede p\u00fablica de ensino, por meio do Cart\u00e3o Material Escolar (CME) 2023. O objetivo do programa \u00e9 garantir que os alunos da rede p\u00fablica de ensino [&hellip;]<\/p>\n","protected":false},"author":2,"featured_media":225335,"comment_status":"closed","ping_status":"closed","sticky":false,"template":"","format":"standard","meta":{"_acf_changed":false,"footnotes":""},"categories":[161],"tags":[],"class_list":["post-298419","post","type-post","status-publish","format-standard","has-post-thumbnail","hentry","category-quadradinho-em-foco"],"acf":[],"yoast_head":"<!-- This site is optimized with the Yoast SEO plugin v27.2 - https:\/\/yoast.com\/product\/yoast-seo-wordpress\/ -->\n<title>Aberto cadastramento de papelarias para material escolar - Notibras<\/title>\n<meta name=\"robots\" content=\"index, follow, max-snippet:-1, max-image-preview:large, max-video-preview:-1\" \/>\n<link rel=\"canonical\" href=\"https:\/\/www.notibras.com\/site\/aberto-cadastramento-de-papelarias-para-material-escolar\/\" \/>\n<meta property=\"og:locale\" content=\"pt_BR\" \/>\n<meta property=\"og:type\" content=\"article\" \/>\n<meta property=\"og:title\" content=\"Aberto cadastramento de papelarias para material escolar - Notibras\" \/>\n<meta property=\"og:description\" content=\"A Secretaria de Desenvolvimento Econ\u00f4mico, Trabalho e Renda (Sedet) est\u00e1 convidando as papelarias do Distrito Federal para participar do programa de fornecimento de material did\u00e1tico aos alunos matriculados na rede p\u00fablica de ensino, por meio do Cart\u00e3o Material Escolar (CME) 2023. O objetivo do programa \u00e9 garantir que os alunos da rede p\u00fablica de ensino [&hellip;]\" \/>\n<meta property=\"og:url\" content=\"https:\/\/www.notibras.com\/site\/aberto-cadastramento-de-papelarias-para-material-escolar\/\" \/>\n<meta property=\"og:site_name\" content=\"Notibras\" \/>\n<meta property=\"article:publisher\" content=\"https:\/\/www.facebook.com\/notibras\/\" \/>\n<meta property=\"article:published_time\" content=\"2023-01-28T03:00:52+00:00\" \/>\n<meta property=\"article:modified_time\" content=\"2023-01-28T14:23:54+00:00\" \/>\n<meta property=\"og:image\" content=\"https:\/\/www.notibras.com\/site\/wp-content\/uploads\/2020\/02\/papelaria.jpg\" \/>\n\t<meta property=\"og:image:width\" content=\"1170\" \/>\n\t<meta property=\"og:image:height\" content=\"700\" \/>\n\t<meta property=\"og:image:type\" content=\"image\/jpeg\" \/>\n<meta name=\"author\" content=\"Reda\u00e7\u00e3o\" \/>\n<meta name=\"twitter:card\" content=\"summary_large_image\" \/>\n<meta name=\"twitter:creator\" content=\"@Notibras\" \/>\n<meta name=\"twitter:site\" content=\"@Notibras\" \/>\n<meta name=\"twitter:label1\" content=\"Escrito por\" \/>\n\t<meta name=\"twitter:data1\" content=\"Reda\u00e7\u00e3o\" \/>\n\t<meta name=\"twitter:label2\" content=\"Est. tempo de leitura\" \/>\n\t<meta name=\"twitter:data2\" content=\"2 minutos\" \/>\n<script type=\"application\/ld+json\" class=\"yoast-schema-graph\">{\"@context\":\"https:\/\/schema.org\",\"@graph\":[{\"@type\":\"Article\",\"@id\":\"https:\/\/www.notibras.com\/site\/aberto-cadastramento-de-papelarias-para-material-escolar\/#article\",\"isPartOf\":{\"@id\":\"https:\/\/www.notibras.com\/site\/aberto-cadastramento-de-papelarias-para-material-escolar\/\"},\"author\":{\"name\":\"Reda\u00e7\u00e3o\",\"@id\":\"https:\/\/www.notibras.com\/site\/#\/schema\/person\/36ab0979449956132d3e5b517ea76ac8\"},\"headline\":\"Aberto cadastramento de papelarias para material escolar\",\"datePublished\":\"2023-01-28T03:00:52+00:00\",\"dateModified\":\"2023-01-28T14:23:54+00:00\",\"mainEntityOfPage\":{\"@id\":\"https:\/\/www.notibras.com\/site\/aberto-cadastramento-de-papelarias-para-material-escolar\/\"},\"wordCount\":218,\"publisher\":{\"@id\":\"https:\/\/www.notibras.com\/site\/#organization\"},\"image\":{\"@id\":\"https:\/\/www.notibras.com\/site\/aberto-cadastramento-de-papelarias-para-material-escolar\/#primaryimage\"},\"thumbnailUrl\":\"https:\/\/www.notibras.com\/site\/wp-content\/uploads\/2020\/02\/papelaria.jpg\",\"articleSection\":[\"Quadradinho em Foco\"],\"inLanguage\":\"pt-BR\"},{\"@type\":\"WebPage\",\"@id\":\"https:\/\/www.notibras.com\/site\/aberto-cadastramento-de-papelarias-para-material-escolar\/\",\"url\":\"https:\/\/www.notibras.com\/site\/aberto-cadastramento-de-papelarias-para-material-escolar\/\",\"name\":\"Aberto cadastramento de papelarias para material escolar - Notibras\",\"isPartOf\":{\"@id\":\"https:\/\/www.notibras.com\/site\/#website\"},\"primaryImageOfPage\":{\"@id\":\"https:\/\/www.notibras.com\/site\/aberto-cadastramento-de-papelarias-para-material-escolar\/#primaryimage\"},\"image\":{\"@id\":\"https:\/\/www.notibras.com\/site\/aberto-cadastramento-de-papelarias-para-material-escolar\/#primaryimage\"},\"thumbnailUrl\":\"https:\/\/www.notibras.com\/site\/wp-content\/uploads\/2020\/02\/papelaria.jpg\",\"datePublished\":\"2023-01-28T03:00:52+00:00\",\"dateModified\":\"2023-01-28T14:23:54+00:00\",\"breadcrumb\":{\"@id\":\"https:\/\/www.notibras.com\/site\/aberto-cadastramento-de-papelarias-para-material-escolar\/#breadcrumb\"},\"inLanguage\":\"pt-BR\",\"potentialAction\":[{\"@type\":\"ReadAction\",\"target\":[\"https:\/\/www.notibras.com\/site\/aberto-cadastramento-de-papelarias-para-material-escolar\/\"]}]},{\"@type\":\"ImageObject\",\"inLanguage\":\"pt-BR\",\"@id\":\"https:\/\/www.notibras.com\/site\/aberto-cadastramento-de-papelarias-para-material-escolar\/#primaryimage\",\"url\":\"https:\/\/www.notibras.com\/site\/wp-content\/uploads\/2020\/02\/papelaria.jpg\",\"contentUrl\":\"https:\/\/www.notibras.com\/site\/wp-content\/uploads\/2020\/02\/papelaria.jpg\",\"width\":1170,\"height\":700},{\"@type\":\"BreadcrumbList\",\"@id\":\"https:\/\/www.notibras.com\/site\/aberto-cadastramento-de-papelarias-para-material-escolar\/#breadcrumb\",\"itemListElement\":[{\"@type\":\"ListItem\",\"position\":1,\"name\":\"In\u00edcio\",\"item\":\"https:\/\/www.notibras.com\/site\/\"},{\"@type\":\"ListItem\",\"position\":2,\"name\":\"Aberto cadastramento de papelarias para material escolar\"}]},{\"@type\":\"WebSite\",\"@id\":\"https:\/\/www.notibras.com\/site\/#website\",\"url\":\"https:\/\/www.notibras.com\/site\/\",\"name\":\"Notibras\",\"description\":\"Not\u00edcias de Bras\u00edlia, do Brasil e do Mundo\",\"publisher\":{\"@id\":\"https:\/\/www.notibras.com\/site\/#organization\"},\"potentialAction\":[{\"@type\":\"SearchAction\",\"target\":{\"@type\":\"EntryPoint\",\"urlTemplate\":\"https:\/\/www.notibras.com\/site\/?s={search_term_string}\"},\"query-input\":{\"@type\":\"PropertyValueSpecification\",\"valueRequired\":true,\"valueName\":\"search_term_string\"}}],\"inLanguage\":\"pt-BR\"},{\"@type\":\"Organization\",\"@id\":\"https:\/\/www.notibras.com\/site\/#organization\",\"name\":\"Grupo Notibras de Comunica\u00e7\u00e3o\",\"url\":\"https:\/\/www.notibras.com\/site\/\",\"logo\":{\"@type\":\"ImageObject\",\"inLanguage\":\"pt-BR\",\"@id\":\"https:\/\/www.notibras.com\/site\/#\/schema\/logo\/image\/\",\"url\":\"https:\/\/www.notibras.com\/site\/wp-content\/uploads\/2023\/01\/notibras23.png\",\"contentUrl\":\"https:\/\/www.notibras.com\/site\/wp-content\/uploads\/2023\/01\/notibras23.png\",\"width\":350,\"height\":87,\"caption\":\"Grupo Notibras de Comunica\u00e7\u00e3o\"},\"image\":{\"@id\":\"https:\/\/www.notibras.com\/site\/#\/schema\/logo\/image\/\"},\"sameAs\":[\"https:\/\/www.facebook.com\/notibras\/\",\"https:\/\/x.com\/Notibras\",\"https:\/\/www.instagram.com\/notibras\/\"]},{\"@type\":\"Person\",\"@id\":\"https:\/\/www.notibras.com\/site\/#\/schema\/person\/36ab0979449956132d3e5b517ea76ac8\",\"name\":\"Reda\u00e7\u00e3o\",\"image\":{\"@type\":\"ImageObject\",\"inLanguage\":\"pt-BR\",\"@id\":\"https:\/\/secure.gravatar.com\/avatar\/e0a867bdedb85fd243eadf09663511f96fc81e0720a4a42581f334ad4303aa6b?s=96&d=mm&r=g\",\"url\":\"https:\/\/secure.gravatar.com\/avatar\/e0a867bdedb85fd243eadf09663511f96fc81e0720a4a42581f334ad4303aa6b?s=96&d=mm&r=g\",\"contentUrl\":\"https:\/\/secure.gravatar.com\/avatar\/e0a867bdedb85fd243eadf09663511f96fc81e0720a4a42581f334ad4303aa6b?s=96&d=mm&r=g\",\"caption\":\"Reda\u00e7\u00e3o\"}}]}<\/script>\n<!-- \/ Yoast SEO plugin. -->","yoast_head_json":{"title":"Aberto cadastramento de papelarias para material escolar - Notibras","robots":{"index":"index","follow":"follow","max-snippet":"max-snippet:-1","max-image-preview":"max-image-preview:large","max-video-preview":"max-video-preview:-1"},"canonical":"https:\/\/www.notibras.com\/site\/aberto-cadastramento-de-papelarias-para-material-escolar\/","og_locale":"pt_BR","og_type":"article","og_title":"Aberto cadastramento de papelarias para material escolar - Notibras","og_description":"A Secretaria de Desenvolvimento Econ\u00f4mico, Trabalho e Renda (Sedet) est\u00e1 convidando as papelarias do Distrito Federal para participar do programa de fornecimento de material did\u00e1tico aos alunos matriculados na rede p\u00fablica de ensino, por meio do Cart\u00e3o Material Escolar (CME) 2023. O objetivo do programa \u00e9 garantir que os alunos da rede p\u00fablica de ensino [&hellip;]","og_url":"https:\/\/www.notibras.com\/site\/aberto-cadastramento-de-papelarias-para-material-escolar\/","og_site_name":"Notibras","article_publisher":"https:\/\/www.facebook.com\/notibras\/","article_published_time":"2023-01-28T03:00:52+00:00","article_modified_time":"2023-01-28T14:23:54+00:00","og_image":[{"width":1170,"height":700,"url":"https:\/\/www.notibras.com\/site\/wp-content\/uploads\/2020\/02\/papelaria.jpg","type":"image\/jpeg"}],"author":"Reda\u00e7\u00e3o","twitter_card":"summary_large_image","twitter_creator":"@Notibras","twitter_site":"@Notibras","twitter_misc":{"Escrito por":"Reda\u00e7\u00e3o","Est. tempo de leitura":"2 minutos"},"schema":{"@context":"https:\/\/schema.org","@graph":[{"@type":"Article","@id":"https:\/\/www.notibras.com\/site\/aberto-cadastramento-de-papelarias-para-material-escolar\/#article","isPartOf":{"@id":"https:\/\/www.notibras.com\/site\/aberto-cadastramento-de-papelarias-para-material-escolar\/"},"author":{"name":"Reda\u00e7\u00e3o","@id":"https:\/\/www.notibras.com\/site\/#\/schema\/person\/36ab0979449956132d3e5b517ea76ac8"},"headline":"Aberto cadastramento de papelarias para material escolar","datePublished":"2023-01-28T03:00:52+00:00","dateModified":"2023-01-28T14:23:54+00:00","mainEntityOfPage":{"@id":"https:\/\/www.notibras.com\/site\/aberto-cadastramento-de-papelarias-para-material-escolar\/"},"wordCount":218,"publisher":{"@id":"https:\/\/www.notibras.com\/site\/#organization"},"image":{"@id":"https:\/\/www.notibras.com\/site\/aberto-cadastramento-de-papelarias-para-material-escolar\/#primaryimage"},"thumbnailUrl":"https:\/\/www.notibras.com\/site\/wp-content\/uploads\/2020\/02\/papelaria.jpg","articleSection":["Quadradinho em Foco"],"inLanguage":"pt-BR"},{"@type":"WebPage","@id":"https:\/\/www.notibras.com\/site\/aberto-cadastramento-de-papelarias-para-material-escolar\/","url":"https:\/\/www.notibras.com\/site\/aberto-cadastramento-de-papelarias-para-material-escolar\/","name":"Aberto cadastramento de papelarias para material escolar - Notibras","isPartOf":{"@id":"https:\/\/www.notibras.com\/site\/#website"},"primaryImageOfPage":{"@id":"https:\/\/www.notibras.com\/site\/aberto-cadastramento-de-papelarias-para-material-escolar\/#primaryimage"},"image":{"@id":"https:\/\/www.notibras.com\/site\/aberto-cadastramento-de-papelarias-para-material-escolar\/#primaryimage"},"thumbnailUrl":"https:\/\/www.notibras.com\/site\/wp-content\/uploads\/2020\/02\/papelaria.jpg","datePublished":"2023-01-28T03:00:52+00:00","dateModified":"2023-01-28T14:23:54+00:00","breadcrumb":{"@id":"https:\/\/www.notibras.com\/site\/aberto-cadastramento-de-papelarias-para-material-escolar\/#breadcrumb"},"inLanguage":"pt-BR","potentialAction":[{"@type":"ReadAction","target":["https:\/\/www.notibras.com\/site\/aberto-cadastramento-de-papelarias-para-material-escolar\/"]}]},{"@type":"ImageObject","inLanguage":"pt-BR","@id":"https:\/\/www.notibras.com\/site\/aberto-cadastramento-de-papelarias-para-material-escolar\/#primaryimage","url":"https:\/\/www.notibras.com\/site\/wp-content\/uploads\/2020\/02\/papelaria.jpg","contentUrl":"https:\/\/www.notibras.com\/site\/wp-content\/uploads\/2020\/02\/papelaria.jpg","width":1170,"height":700},{"@type":"BreadcrumbList","@id":"https:\/\/www.notibras.com\/site\/aberto-cadastramento-de-papelarias-para-material-escolar\/#breadcrumb","itemListElement":[{"@type":"ListItem","position":1,"name":"In\u00edcio","item":"https:\/\/www.notibras.com\/site\/"},{"@type":"ListItem","position":2,"name":"Aberto cadastramento de papelarias para material escolar"}]},{"@type":"WebSite","@id":"https:\/\/www.notibras.com\/site\/#website","url":"https:\/\/www.notibras.com\/site\/","name":"Notibras","description":"Not\u00edcias de Bras\u00edlia, do Brasil e do Mundo","publisher":{"@id":"https:\/\/www.notibras.com\/site\/#organization"},"potentialAction":[{"@type":"SearchAction","target":{"@type":"EntryPoint","urlTemplate":"https:\/\/www.notibras.com\/site\/?s={search_term_string}"},"query-input":{"@type":"PropertyValueSpecification","valueRequired":true,"valueName":"search_term_string"}}],"inLanguage":"pt-BR"},{"@type":"Organization","@id":"https:\/\/www.notibras.com\/site\/#organization","name":"Grupo Notibras de Comunica\u00e7\u00e3o","url":"https:\/\/www.notibras.com\/site\/","logo":{"@type":"ImageObject","inLanguage":"pt-BR","@id":"https:\/\/www.notibras.com\/site\/#\/schema\/logo\/image\/","url":"https:\/\/www.notibras.com\/site\/wp-content\/uploads\/2023\/01\/notibras23.png","contentUrl":"https:\/\/www.notibras.com\/site\/wp-content\/uploads\/2023\/01\/notibras23.png","width":350,"height":87,"caption":"Grupo Notibras de Comunica\u00e7\u00e3o"},"image":{"@id":"https:\/\/www.notibras.com\/site\/#\/schema\/logo\/image\/"},"sameAs":["https:\/\/www.facebook.com\/notibras\/","https:\/\/x.com\/Notibras","https:\/\/www.instagram.com\/notibras\/"]},{"@type":"Person","@id":"https:\/\/www.notibras.com\/site\/#\/schema\/person\/36ab0979449956132d3e5b517ea76ac8","name":"Reda\u00e7\u00e3o","image":{"@type":"ImageObject","inLanguage":"pt-BR","@id":"https:\/\/secure.gravatar.com\/avatar\/e0a867bdedb85fd243eadf09663511f96fc81e0720a4a42581f334ad4303aa6b?s=96&d=mm&r=g","url":"https:\/\/secure.gravatar.com\/avatar\/e0a867bdedb85fd243eadf09663511f96fc81e0720a4a42581f334ad4303aa6b?s=96&d=mm&r=g","contentUrl":"https:\/\/secure.gravatar.com\/avatar\/e0a867bdedb85fd243eadf09663511f96fc81e0720a4a42581f334ad4303aa6b?s=96&d=mm&r=g","caption":"Reda\u00e7\u00e3o"}}]}},"amp_enabled":true,"_links":{"self":[{"href":"https:\/\/www.notibras.com\/site\/wp-json\/wp\/v2\/posts\/298419","targetHints":{"allow":["GET"]}}],"collection":[{"href":"https:\/\/www.notibras.com\/site\/wp-json\/wp\/v2\/posts"}],"about":[{"href":"https:\/\/www.notibras.com\/site\/wp-json\/wp\/v2\/types\/post"}],"author":[{"embeddable":true,"href":"https:\/\/www.notibras.com\/site\/wp-json\/wp\/v2\/users\/2"}],"replies":[{"embeddable":true,"href":"https:\/\/www.notibras.com\/site\/wp-json\/wp\/v2\/comments?post=298419"}],"version-history":[{"count":1,"href":"https:\/\/www.notibras.com\/site\/wp-json\/wp\/v2\/posts\/298419\/revisions"}],"predecessor-version":[{"id":298420,"href":"https:\/\/www.notibras.com\/site\/wp-json\/wp\/v2\/posts\/298419\/revisions\/298420"}],"wp:featuredmedia":[{"embeddable":true,"href":"https:\/\/www.notibras.com\/site\/wp-json\/wp\/v2\/media\/225335"}],"wp:attachment":[{"href":"https:\/\/www.notibras.com\/site\/wp-json\/wp\/v2\/media?parent=298419"}],"wp:term":[{"taxonomy":"category","embeddable":true,"href":"https:\/\/www.notibras.com\/site\/wp-json\/wp\/v2\/categories?post=298419"},{"taxonomy":"post_tag","embeddable":true,"href":"https:\/\/www.notibras.com\/site\/wp-json\/wp\/v2\/tags?post=298419"}],"curies":[{"name":"wp","href":"https:\/\/api.w.org\/{rel}","templated":true}]}}