{"id":29845,"date":"2014-11-29T20:40:14","date_gmt":"2014-11-29T23:40:14","guid":{"rendered":"http:\/\/www.notibras.com\/site\/?p=29845"},"modified":"2014-11-30T08:54:39","modified_gmt":"2014-11-30T11:54:39","slug":"vasco-se-despede-da-segunda-com-derrota-para-o-avai-que-tambem-volta-a-elite","status":"publish","type":"post","link":"https:\/\/www.notibras.com\/site\/vasco-se-despede-da-segunda-com-derrota-para-o-avai-que-tambem-volta-a-elite\/","title":{"rendered":"Vasco se despede da B com derrota para Ava\u00ed, que volta \u00e0 elite"},"content":{"rendered":"<p>O Ava\u00ed conseguiu o improv\u00e1vel neste s\u00e1bado: venceu o Vasco e garantiu seu retorno \u00e0 S\u00e9rie A do Campeonato Brasileiro. Vencer a equipe carioca, que apenas cumpria tabela na \u00faltima rodada da S\u00e9rie B, era o menor dos problemas.<\/p>\n<p>Al\u00e9m da vit\u00f3ria, os catarinenses precisavam torcer por trope\u00e7os de\u00a0Atl\u00e9tico-GO, contra um Santa Cruz j\u00e1 sem objetivos, e Boa Esporte, que visitou o j\u00e1 rebaixado Icasa. E a torcida contra deu certo.<\/p>\n<p>Os goianos e mineiros perderam de virada para os pernambucanos e cearenses, respectivamente. Com essa combina\u00e7\u00e3o, o triunfo por 1 a 0, com gol anotado pelo experiente capit\u00e3o Marquinhos, coroou o ano\u00a0do time alviceleste.<\/p>\n<p>Com uma campanha regular, a equipe comandada por Geninho terminou a competi\u00e7\u00e3o na quarta posi\u00e7\u00e3o com 62 pontos, sendo 18 vit\u00f3rias, oito empates e doze derrotas. Essa foi sua terceira participa\u00e7\u00e3o seguida na S\u00e9rie B, j\u00e1 que foi rebaixada em 2011, na \u00faltima posi\u00e7\u00e3o.<\/p>\n<blockquote><p>O Vasco, que s\u00f3 cumpria tabela, termina com o terceiro lugar, com 63 pontos e agora j\u00e1 com a cabe\u00e7a na S\u00e9rie A. No primeiro turno, o Ava\u00ed goleou os cariocas por 5 a 0, partida que culminou com a demiss\u00e3o do t\u00e9cnico Adilson Batista.<\/p><\/blockquote>\n<p>O acesso era t\u00e3o improv\u00e1vel que os torcedores catarinenses nem ao menos lotaram a Ressacada neste s\u00e1bado. Apesar de j\u00e1 garantido na primeira divis\u00e3o em 2015, o Vasco n\u00e3o quis saber de facilitar a vida dos catarinenses e deu muito trabalho para o Ava\u00ed.<\/p>\n<p>No primeiro tempo, os vasca\u00ednos tiveram quatro chances claras para abrir o marcador, mas com o goleiro Vagner inspirado e a trave no meio do caminho, ficaram apenas no &#8220;quase&#8221;. O Ava\u00ed tamb\u00e9m teve boas oportunidades, mas Jordi mostrou compet\u00eancia e salvou a equipe de Joel Santana.<\/p>\n<p>O arqueiro do Vasco, por\u00e9m, pouco pode fazer aos 27min, quando Diego Renan derrubou Roberto dentro da \u00e1rea. O experiente Marquinhos, capit\u00e3o da equipe, bateu o p\u00eanalti forte, no meio, sem chances de defesa.<\/p>\n<p>Na segunda etapa, j\u00e1 sabendo dos resultados favor\u00e1veis dos advers\u00e1rios diretos, o Ava\u00ed quase matou a partida, mas continuou esbarrando na boa atua\u00e7\u00e3o do goleiro vasca\u00edno. Aos 44min, por\u00e9m, ainda sofreu um susto. Maxi Rodr\u00edguez cobrou falta com efeito e Vagner se desdobrou para espalmar a escanteio.<\/p>\n<p>Apesar do apito final, os jogadores e comiss\u00e3o t\u00e9cnica ficaram aguardando no gramado o t\u00e9rmino de todos os jogos para, enfim, comemorar o acesso.<\/p>\n","protected":false},"excerpt":{"rendered":"<p>O Ava\u00ed conseguiu o improv\u00e1vel neste s\u00e1bado: venceu o Vasco e garantiu seu retorno \u00e0 S\u00e9rie A do Campeonato Brasileiro. Vencer a equipe carioca, que apenas cumpria tabela na \u00faltima rodada da S\u00e9rie B, era o menor dos problemas. Al\u00e9m da vit\u00f3ria, os catarinenses precisavam torcer por trope\u00e7os de\u00a0Atl\u00e9tico-GO, contra um Santa Cruz j\u00e1 sem [&hellip;]<\/p>\n","protected":false},"author":2,"featured_media":29846,"comment_status":"open","ping_status":"closed","sticky":false,"template":"","format":"standard","meta":{"_acf_changed":false,"footnotes":""},"categories":[19,29],"tags":[],"class_list":["post-29845","post","type-post","status-publish","format-standard","has-post-thumbnail","hentry","category-esportes","category-futebol"],"acf":[],"yoast_head":"<!-- This site is optimized with the Yoast SEO plugin v27.2 - https:\/\/yoast.com\/product\/yoast-seo-wordpress\/ -->\n<title>Vasco se despede da B com derrota para Ava\u00ed, que volta \u00e0 elite - Notibras<\/title>\n<meta name=\"robots\" content=\"index, follow, max-snippet:-1, max-image-preview:large, max-video-preview:-1\" \/>\n<link rel=\"canonical\" href=\"https:\/\/www.notibras.com\/site\/vasco-se-despede-da-segunda-com-derrota-para-o-avai-que-tambem-volta-a-elite\/\" \/>\n<meta property=\"og:locale\" content=\"pt_BR\" \/>\n<meta property=\"og:type\" content=\"article\" \/>\n<meta property=\"og:title\" content=\"Vasco se despede da B com derrota para Ava\u00ed, que volta \u00e0 elite - Notibras\" \/>\n<meta property=\"og:description\" content=\"O Ava\u00ed conseguiu o improv\u00e1vel neste s\u00e1bado: venceu o Vasco e garantiu seu retorno \u00e0 S\u00e9rie A do Campeonato Brasileiro. Vencer a equipe carioca, que apenas cumpria tabela na \u00faltima rodada da S\u00e9rie B, era o menor dos problemas. Al\u00e9m da vit\u00f3ria, os catarinenses precisavam torcer por trope\u00e7os de\u00a0Atl\u00e9tico-GO, contra um Santa Cruz j\u00e1 sem [&hellip;]\" \/>\n<meta property=\"og:url\" content=\"https:\/\/www.notibras.com\/site\/vasco-se-despede-da-segunda-com-derrota-para-o-avai-que-tambem-volta-a-elite\/\" \/>\n<meta property=\"og:site_name\" content=\"Notibras\" \/>\n<meta property=\"article:publisher\" content=\"https:\/\/www.facebook.com\/notibras\/\" \/>\n<meta property=\"article:published_time\" content=\"2014-11-29T23:40:14+00:00\" \/>\n<meta property=\"article:modified_time\" content=\"2014-11-30T11:54:39+00:00\" \/>\n<meta property=\"og:image\" content=\"https:\/\/www.notibras.com\/site\/wp-content\/uploads\/2014\/11\/golavaiavaixvascoeduardovalentelancepress.jpg\" \/>\n\t<meta property=\"og:image:width\" content=\"460\" \/>\n\t<meta property=\"og:image:height\" content=\"340\" \/>\n\t<meta property=\"og:image:type\" content=\"image\/jpeg\" \/>\n<meta name=\"author\" content=\"Reda\u00e7\u00e3o\" \/>\n<meta name=\"twitter:card\" content=\"summary_large_image\" \/>\n<meta name=\"twitter:creator\" content=\"@Notibras\" \/>\n<meta name=\"twitter:site\" content=\"@Notibras\" \/>\n<meta name=\"twitter:label1\" content=\"Escrito por\" \/>\n\t<meta name=\"twitter:data1\" content=\"Reda\u00e7\u00e3o\" \/>\n\t<meta name=\"twitter:label2\" content=\"Est. tempo de leitura\" \/>\n\t<meta name=\"twitter:data2\" content=\"2 minutos\" \/>\n<script type=\"application\/ld+json\" class=\"yoast-schema-graph\">{\"@context\":\"https:\/\/schema.org\",\"@graph\":[{\"@type\":\"Article\",\"@id\":\"https:\/\/www.notibras.com\/site\/vasco-se-despede-da-segunda-com-derrota-para-o-avai-que-tambem-volta-a-elite\/#article\",\"isPartOf\":{\"@id\":\"https:\/\/www.notibras.com\/site\/vasco-se-despede-da-segunda-com-derrota-para-o-avai-que-tambem-volta-a-elite\/\"},\"author\":{\"name\":\"Reda\u00e7\u00e3o\",\"@id\":\"https:\/\/www.notibras.com\/site\/#\/schema\/person\/36ab0979449956132d3e5b517ea76ac8\"},\"headline\":\"Vasco se despede da B com derrota para Ava\u00ed, que volta \u00e0 elite\",\"datePublished\":\"2014-11-29T23:40:14+00:00\",\"dateModified\":\"2014-11-30T11:54:39+00:00\",\"mainEntityOfPage\":{\"@id\":\"https:\/\/www.notibras.com\/site\/vasco-se-despede-da-segunda-com-derrota-para-o-avai-que-tambem-volta-a-elite\/\"},\"wordCount\":434,\"commentCount\":0,\"publisher\":{\"@id\":\"https:\/\/www.notibras.com\/site\/#organization\"},\"image\":{\"@id\":\"https:\/\/www.notibras.com\/site\/vasco-se-despede-da-segunda-com-derrota-para-o-avai-que-tambem-volta-a-elite\/#primaryimage\"},\"thumbnailUrl\":\"https:\/\/www.notibras.com\/site\/wp-content\/uploads\/2014\/11\/golavaiavaixvascoeduardovalentelancepress.jpg\",\"articleSection\":[\"Esportes\",\"Futebol\"],\"inLanguage\":\"pt-BR\",\"potentialAction\":[{\"@type\":\"CommentAction\",\"name\":\"Comment\",\"target\":[\"https:\/\/www.notibras.com\/site\/vasco-se-despede-da-segunda-com-derrota-para-o-avai-que-tambem-volta-a-elite\/#respond\"]}]},{\"@type\":\"WebPage\",\"@id\":\"https:\/\/www.notibras.com\/site\/vasco-se-despede-da-segunda-com-derrota-para-o-avai-que-tambem-volta-a-elite\/\",\"url\":\"https:\/\/www.notibras.com\/site\/vasco-se-despede-da-segunda-com-derrota-para-o-avai-que-tambem-volta-a-elite\/\",\"name\":\"Vasco se despede da B com derrota para Ava\u00ed, que volta \u00e0 elite - Notibras\",\"isPartOf\":{\"@id\":\"https:\/\/www.notibras.com\/site\/#website\"},\"primaryImageOfPage\":{\"@id\":\"https:\/\/www.notibras.com\/site\/vasco-se-despede-da-segunda-com-derrota-para-o-avai-que-tambem-volta-a-elite\/#primaryimage\"},\"image\":{\"@id\":\"https:\/\/www.notibras.com\/site\/vasco-se-despede-da-segunda-com-derrota-para-o-avai-que-tambem-volta-a-elite\/#primaryimage\"},\"thumbnailUrl\":\"https:\/\/www.notibras.com\/site\/wp-content\/uploads\/2014\/11\/golavaiavaixvascoeduardovalentelancepress.jpg\",\"datePublished\":\"2014-11-29T23:40:14+00:00\",\"dateModified\":\"2014-11-30T11:54:39+00:00\",\"breadcrumb\":{\"@id\":\"https:\/\/www.notibras.com\/site\/vasco-se-despede-da-segunda-com-derrota-para-o-avai-que-tambem-volta-a-elite\/#breadcrumb\"},\"inLanguage\":\"pt-BR\",\"potentialAction\":[{\"@type\":\"ReadAction\",\"target\":[\"https:\/\/www.notibras.com\/site\/vasco-se-despede-da-segunda-com-derrota-para-o-avai-que-tambem-volta-a-elite\/\"]}]},{\"@type\":\"ImageObject\",\"inLanguage\":\"pt-BR\",\"@id\":\"https:\/\/www.notibras.com\/site\/vasco-se-despede-da-segunda-com-derrota-para-o-avai-que-tambem-volta-a-elite\/#primaryimage\",\"url\":\"https:\/\/www.notibras.com\/site\/wp-content\/uploads\/2014\/11\/golavaiavaixvascoeduardovalentelancepress.jpg\",\"contentUrl\":\"https:\/\/www.notibras.com\/site\/wp-content\/uploads\/2014\/11\/golavaiavaixvascoeduardovalentelancepress.jpg\",\"width\":460,\"height\":340},{\"@type\":\"BreadcrumbList\",\"@id\":\"https:\/\/www.notibras.com\/site\/vasco-se-despede-da-segunda-com-derrota-para-o-avai-que-tambem-volta-a-elite\/#breadcrumb\",\"itemListElement\":[{\"@type\":\"ListItem\",\"position\":1,\"name\":\"In\u00edcio\",\"item\":\"https:\/\/www.notibras.com\/site\/\"},{\"@type\":\"ListItem\",\"position\":2,\"name\":\"Vasco se despede da B com derrota para Ava\u00ed, que volta \u00e0 elite\"}]},{\"@type\":\"WebSite\",\"@id\":\"https:\/\/www.notibras.com\/site\/#website\",\"url\":\"https:\/\/www.notibras.com\/site\/\",\"name\":\"Notibras\",\"description\":\"Not\u00edcias de Bras\u00edlia, do Brasil e do Mundo\",\"publisher\":{\"@id\":\"https:\/\/www.notibras.com\/site\/#organization\"},\"potentialAction\":[{\"@type\":\"SearchAction\",\"target\":{\"@type\":\"EntryPoint\",\"urlTemplate\":\"https:\/\/www.notibras.com\/site\/?s={search_term_string}\"},\"query-input\":{\"@type\":\"PropertyValueSpecification\",\"valueRequired\":true,\"valueName\":\"search_term_string\"}}],\"inLanguage\":\"pt-BR\"},{\"@type\":\"Organization\",\"@id\":\"https:\/\/www.notibras.com\/site\/#organization\",\"name\":\"Grupo Notibras de Comunica\u00e7\u00e3o\",\"url\":\"https:\/\/www.notibras.com\/site\/\",\"logo\":{\"@type\":\"ImageObject\",\"inLanguage\":\"pt-BR\",\"@id\":\"https:\/\/www.notibras.com\/site\/#\/schema\/logo\/image\/\",\"url\":\"https:\/\/www.notibras.com\/site\/wp-content\/uploads\/2023\/01\/notibras23.png\",\"contentUrl\":\"https:\/\/www.notibras.com\/site\/wp-content\/uploads\/2023\/01\/notibras23.png\",\"width\":350,\"height\":87,\"caption\":\"Grupo Notibras de Comunica\u00e7\u00e3o\"},\"image\":{\"@id\":\"https:\/\/www.notibras.com\/site\/#\/schema\/logo\/image\/\"},\"sameAs\":[\"https:\/\/www.facebook.com\/notibras\/\",\"https:\/\/x.com\/Notibras\",\"https:\/\/www.instagram.com\/notibras\/\"]},{\"@type\":\"Person\",\"@id\":\"https:\/\/www.notibras.com\/site\/#\/schema\/person\/36ab0979449956132d3e5b517ea76ac8\",\"name\":\"Reda\u00e7\u00e3o\",\"image\":{\"@type\":\"ImageObject\",\"inLanguage\":\"pt-BR\",\"@id\":\"https:\/\/secure.gravatar.com\/avatar\/e0a867bdedb85fd243eadf09663511f96fc81e0720a4a42581f334ad4303aa6b?s=96&d=mm&r=g\",\"url\":\"https:\/\/secure.gravatar.com\/avatar\/e0a867bdedb85fd243eadf09663511f96fc81e0720a4a42581f334ad4303aa6b?s=96&d=mm&r=g\",\"contentUrl\":\"https:\/\/secure.gravatar.com\/avatar\/e0a867bdedb85fd243eadf09663511f96fc81e0720a4a42581f334ad4303aa6b?s=96&d=mm&r=g\",\"caption\":\"Reda\u00e7\u00e3o\"}}]}<\/script>\n<!-- \/ Yoast SEO plugin. -->","yoast_head_json":{"title":"Vasco se despede da B com derrota para Ava\u00ed, que volta \u00e0 elite - Notibras","robots":{"index":"index","follow":"follow","max-snippet":"max-snippet:-1","max-image-preview":"max-image-preview:large","max-video-preview":"max-video-preview:-1"},"canonical":"https:\/\/www.notibras.com\/site\/vasco-se-despede-da-segunda-com-derrota-para-o-avai-que-tambem-volta-a-elite\/","og_locale":"pt_BR","og_type":"article","og_title":"Vasco se despede da B com derrota para Ava\u00ed, que volta \u00e0 elite - Notibras","og_description":"O Ava\u00ed conseguiu o improv\u00e1vel neste s\u00e1bado: venceu o Vasco e garantiu seu retorno \u00e0 S\u00e9rie A do Campeonato Brasileiro. Vencer a equipe carioca, que apenas cumpria tabela na \u00faltima rodada da S\u00e9rie B, era o menor dos problemas. Al\u00e9m da vit\u00f3ria, os catarinenses precisavam torcer por trope\u00e7os de\u00a0Atl\u00e9tico-GO, contra um Santa Cruz j\u00e1 sem [&hellip;]","og_url":"https:\/\/www.notibras.com\/site\/vasco-se-despede-da-segunda-com-derrota-para-o-avai-que-tambem-volta-a-elite\/","og_site_name":"Notibras","article_publisher":"https:\/\/www.facebook.com\/notibras\/","article_published_time":"2014-11-29T23:40:14+00:00","article_modified_time":"2014-11-30T11:54:39+00:00","og_image":[{"width":460,"height":340,"url":"https:\/\/www.notibras.com\/site\/wp-content\/uploads\/2014\/11\/golavaiavaixvascoeduardovalentelancepress.jpg","type":"image\/jpeg"}],"author":"Reda\u00e7\u00e3o","twitter_card":"summary_large_image","twitter_creator":"@Notibras","twitter_site":"@Notibras","twitter_misc":{"Escrito por":"Reda\u00e7\u00e3o","Est. tempo de leitura":"2 minutos"},"schema":{"@context":"https:\/\/schema.org","@graph":[{"@type":"Article","@id":"https:\/\/www.notibras.com\/site\/vasco-se-despede-da-segunda-com-derrota-para-o-avai-que-tambem-volta-a-elite\/#article","isPartOf":{"@id":"https:\/\/www.notibras.com\/site\/vasco-se-despede-da-segunda-com-derrota-para-o-avai-que-tambem-volta-a-elite\/"},"author":{"name":"Reda\u00e7\u00e3o","@id":"https:\/\/www.notibras.com\/site\/#\/schema\/person\/36ab0979449956132d3e5b517ea76ac8"},"headline":"Vasco se despede da B com derrota para Ava\u00ed, que volta \u00e0 elite","datePublished":"2014-11-29T23:40:14+00:00","dateModified":"2014-11-30T11:54:39+00:00","mainEntityOfPage":{"@id":"https:\/\/www.notibras.com\/site\/vasco-se-despede-da-segunda-com-derrota-para-o-avai-que-tambem-volta-a-elite\/"},"wordCount":434,"commentCount":0,"publisher":{"@id":"https:\/\/www.notibras.com\/site\/#organization"},"image":{"@id":"https:\/\/www.notibras.com\/site\/vasco-se-despede-da-segunda-com-derrota-para-o-avai-que-tambem-volta-a-elite\/#primaryimage"},"thumbnailUrl":"https:\/\/www.notibras.com\/site\/wp-content\/uploads\/2014\/11\/golavaiavaixvascoeduardovalentelancepress.jpg","articleSection":["Esportes","Futebol"],"inLanguage":"pt-BR","potentialAction":[{"@type":"CommentAction","name":"Comment","target":["https:\/\/www.notibras.com\/site\/vasco-se-despede-da-segunda-com-derrota-para-o-avai-que-tambem-volta-a-elite\/#respond"]}]},{"@type":"WebPage","@id":"https:\/\/www.notibras.com\/site\/vasco-se-despede-da-segunda-com-derrota-para-o-avai-que-tambem-volta-a-elite\/","url":"https:\/\/www.notibras.com\/site\/vasco-se-despede-da-segunda-com-derrota-para-o-avai-que-tambem-volta-a-elite\/","name":"Vasco se despede da B com derrota para Ava\u00ed, que volta \u00e0 elite - Notibras","isPartOf":{"@id":"https:\/\/www.notibras.com\/site\/#website"},"primaryImageOfPage":{"@id":"https:\/\/www.notibras.com\/site\/vasco-se-despede-da-segunda-com-derrota-para-o-avai-que-tambem-volta-a-elite\/#primaryimage"},"image":{"@id":"https:\/\/www.notibras.com\/site\/vasco-se-despede-da-segunda-com-derrota-para-o-avai-que-tambem-volta-a-elite\/#primaryimage"},"thumbnailUrl":"https:\/\/www.notibras.com\/site\/wp-content\/uploads\/2014\/11\/golavaiavaixvascoeduardovalentelancepress.jpg","datePublished":"2014-11-29T23:40:14+00:00","dateModified":"2014-11-30T11:54:39+00:00","breadcrumb":{"@id":"https:\/\/www.notibras.com\/site\/vasco-se-despede-da-segunda-com-derrota-para-o-avai-que-tambem-volta-a-elite\/#breadcrumb"},"inLanguage":"pt-BR","potentialAction":[{"@type":"ReadAction","target":["https:\/\/www.notibras.com\/site\/vasco-se-despede-da-segunda-com-derrota-para-o-avai-que-tambem-volta-a-elite\/"]}]},{"@type":"ImageObject","inLanguage":"pt-BR","@id":"https:\/\/www.notibras.com\/site\/vasco-se-despede-da-segunda-com-derrota-para-o-avai-que-tambem-volta-a-elite\/#primaryimage","url":"https:\/\/www.notibras.com\/site\/wp-content\/uploads\/2014\/11\/golavaiavaixvascoeduardovalentelancepress.jpg","contentUrl":"https:\/\/www.notibras.com\/site\/wp-content\/uploads\/2014\/11\/golavaiavaixvascoeduardovalentelancepress.jpg","width":460,"height":340},{"@type":"BreadcrumbList","@id":"https:\/\/www.notibras.com\/site\/vasco-se-despede-da-segunda-com-derrota-para-o-avai-que-tambem-volta-a-elite\/#breadcrumb","itemListElement":[{"@type":"ListItem","position":1,"name":"In\u00edcio","item":"https:\/\/www.notibras.com\/site\/"},{"@type":"ListItem","position":2,"name":"Vasco se despede da B com derrota para Ava\u00ed, que volta \u00e0 elite"}]},{"@type":"WebSite","@id":"https:\/\/www.notibras.com\/site\/#website","url":"https:\/\/www.notibras.com\/site\/","name":"Notibras","description":"Not\u00edcias de Bras\u00edlia, do Brasil e do Mundo","publisher":{"@id":"https:\/\/www.notibras.com\/site\/#organization"},"potentialAction":[{"@type":"SearchAction","target":{"@type":"EntryPoint","urlTemplate":"https:\/\/www.notibras.com\/site\/?s={search_term_string}"},"query-input":{"@type":"PropertyValueSpecification","valueRequired":true,"valueName":"search_term_string"}}],"inLanguage":"pt-BR"},{"@type":"Organization","@id":"https:\/\/www.notibras.com\/site\/#organization","name":"Grupo Notibras de Comunica\u00e7\u00e3o","url":"https:\/\/www.notibras.com\/site\/","logo":{"@type":"ImageObject","inLanguage":"pt-BR","@id":"https:\/\/www.notibras.com\/site\/#\/schema\/logo\/image\/","url":"https:\/\/www.notibras.com\/site\/wp-content\/uploads\/2023\/01\/notibras23.png","contentUrl":"https:\/\/www.notibras.com\/site\/wp-content\/uploads\/2023\/01\/notibras23.png","width":350,"height":87,"caption":"Grupo Notibras de Comunica\u00e7\u00e3o"},"image":{"@id":"https:\/\/www.notibras.com\/site\/#\/schema\/logo\/image\/"},"sameAs":["https:\/\/www.facebook.com\/notibras\/","https:\/\/x.com\/Notibras","https:\/\/www.instagram.com\/notibras\/"]},{"@type":"Person","@id":"https:\/\/www.notibras.com\/site\/#\/schema\/person\/36ab0979449956132d3e5b517ea76ac8","name":"Reda\u00e7\u00e3o","image":{"@type":"ImageObject","inLanguage":"pt-BR","@id":"https:\/\/secure.gravatar.com\/avatar\/e0a867bdedb85fd243eadf09663511f96fc81e0720a4a42581f334ad4303aa6b?s=96&d=mm&r=g","url":"https:\/\/secure.gravatar.com\/avatar\/e0a867bdedb85fd243eadf09663511f96fc81e0720a4a42581f334ad4303aa6b?s=96&d=mm&r=g","contentUrl":"https:\/\/secure.gravatar.com\/avatar\/e0a867bdedb85fd243eadf09663511f96fc81e0720a4a42581f334ad4303aa6b?s=96&d=mm&r=g","caption":"Reda\u00e7\u00e3o"}}]}},"amp_enabled":true,"_links":{"self":[{"href":"https:\/\/www.notibras.com\/site\/wp-json\/wp\/v2\/posts\/29845","targetHints":{"allow":["GET"]}}],"collection":[{"href":"https:\/\/www.notibras.com\/site\/wp-json\/wp\/v2\/posts"}],"about":[{"href":"https:\/\/www.notibras.com\/site\/wp-json\/wp\/v2\/types\/post"}],"author":[{"embeddable":true,"href":"https:\/\/www.notibras.com\/site\/wp-json\/wp\/v2\/users\/2"}],"replies":[{"embeddable":true,"href":"https:\/\/www.notibras.com\/site\/wp-json\/wp\/v2\/comments?post=29845"}],"version-history":[{"count":0,"href":"https:\/\/www.notibras.com\/site\/wp-json\/wp\/v2\/posts\/29845\/revisions"}],"wp:featuredmedia":[{"embeddable":true,"href":"https:\/\/www.notibras.com\/site\/wp-json\/wp\/v2\/media\/29846"}],"wp:attachment":[{"href":"https:\/\/www.notibras.com\/site\/wp-json\/wp\/v2\/media?parent=29845"}],"wp:term":[{"taxonomy":"category","embeddable":true,"href":"https:\/\/www.notibras.com\/site\/wp-json\/wp\/v2\/categories?post=29845"},{"taxonomy":"post_tag","embeddable":true,"href":"https:\/\/www.notibras.com\/site\/wp-json\/wp\/v2\/tags?post=29845"}],"curies":[{"name":"wp","href":"https:\/\/api.w.org\/{rel}","templated":true}]}}