{"id":298456,"date":"2023-01-29T05:28:25","date_gmt":"2023-01-29T08:28:25","guid":{"rendered":"https:\/\/www.notibras.com\/site\/?p=298456"},"modified":"2023-01-29T06:33:11","modified_gmt":"2023-01-29T09:33:11","slug":"justica-manda-vigilancia-sanitaria-ficar-longe-de-clinica","status":"publish","type":"post","link":"https:\/\/www.notibras.com\/site\/justica-manda-vigilancia-sanitaria-ficar-longe-de-clinica\/","title":{"rendered":"Justi\u00e7a manda Vigil\u00e2ncia Sanit\u00e1ria ficar longe de cl\u00ednica"},"content":{"rendered":"<p>A 3\u00aa Turma C\u00edvel do TJDFT acatou recurso de propriet\u00e1ria de uma cl\u00ednica de est\u00e9tica para determinar que o Diretor do Centro de Vigil\u00e2ncia Sanit\u00e1ria de Bras\u00edlia (Divisa) e o Distrito Federal n\u00e3o impe\u00e7am o uso de c\u00e2mara de bronzeamento artificial pela empres\u00e1ria, com base na Resolu\u00e7\u00e3o 56\/2009 da Anvisa. A norma teve seus efeitos anulados at\u00e9 o julgamento final da a\u00e7\u00e3o civil coletiva 0001067-62.2010.4.03.6100, movida pelo Sindicato dos Profissionais em Est\u00e9ticas, na Justi\u00e7a Federal de S\u00e3o Paulo.<\/p>\n<p>A autora apresentou recurso para evitar que o \u00f3rg\u00e3o de vigil\u00e2ncia e o DF impe\u00e7am a utiliza\u00e7\u00e3o da m\u00e1quina em seu estabelecimento comercial. Explica que eventual ato administrativo seria amparado em mera resolu\u00e7\u00e3o e n\u00e3o em lei, que pro\u00edbe o uso de tais equipamentos, norma que se basearia apenas em parecer da Internacional Agency for Research Cancer (Iarca), segundo a qual h\u00e1 evid\u00eancias de que a exposi\u00e7\u00e3o aos raios ultravioletas pode causar c\u00e2ncer. Justifica sua solicita\u00e7\u00e3o com base no fato de que, em outros munic\u00edpios, foram realizados atos que proibiram o uso das m\u00e1quinas. Dessa forma, requereu o acolhimento do recurso para garantir o uso do equipamento, bem como a emiss\u00e3o do respectivo alvar\u00e1.<\/p>\n<p>No entendimento da desembargadora relatora, os argumentos apresentados pela autora merecem ser acolhidos, haja vista que a Anvisa proibiu a importa\u00e7\u00e3o, doa\u00e7\u00e3o, comercializa\u00e7\u00e3o e o uso de equipamentos de bronzeamento artificial, com finalidade est\u00e9tica, baseados na emiss\u00e3o de radia\u00e7\u00e3o ultravioleta, por meio da RDC 56\/2009, norma infralegal, de car\u00e1ter t\u00e9cnico, sem amparo em lei. \u201cVeja-se, para fins de proibir determinada a\u00e7\u00e3o do particular, necess\u00e1rio que a norma proibitiva tenha expressa autoriza\u00e7\u00e3o legal para faz\u00ea-lo\u201d, esclareceu.<\/p>\n<p>Na decis\u00e3o, a julgadora registrou que a referida norma foi embasada em mera reavalia\u00e7\u00e3o da entidade International Agency for Research Cancer (Iarca), citada pela autora, sem, contudo, apresentar estudos recentes de natureza t\u00e9cnica e cient\u00edfica, capazes de atestar que os equipamentos possam causar danos \u00e0 sa\u00fade. \u201cFrisa-se, tal comercializa\u00e7\u00e3o \u00e9 permitida em territ\u00f3rio nacional\u201d.<\/p>\n<p>Al\u00e9m disso, o colegiado verificou que a norma da Anvisa foi declarada nula pela 24\u00aa Vara C\u00edvel de S\u00e3o Paulo, com efeitos que abrangem toda categoria profissional. De modo que essa nulidade se estende \u00e0 autora, que pertence \u00e0 classe profissional e, portanto, o exerc\u00edcio de sua atividade empresarial n\u00e3o pode ser impedido com fundamento em tal resolu\u00e7\u00e3o.<\/p>\n<p>No entanto, a relatora ressaltou que &#8220;a suspens\u00e3o da efic\u00e1cia da Resolu\u00e7\u00e3o RDC 56\/09 n\u00e3o permite a utiliza\u00e7\u00e3o irrestrita do equipamento para bronzeamento artificial e devem ser observados os requisitos da Resolu\u00e7\u00e3o RDC 308\/02, igualmente editada pela Anvisa\u201d.<\/p>\n<p>Diante dos fatos expostos, a Turma determinou que a Divisa e o DF n\u00e3o impe\u00e7am a utiliza\u00e7\u00e3o de m\u00e1quina de bronzeamento pela autora, enquanto perdurarem os efeitos da decis\u00e3o proferida no processo 0001067-62.2010.4.03.6100, \u201csem restringir eventuais proibi\u00e7\u00f5es futuras se verificada falta de seguran\u00e7a ou qualquer quest\u00e3o ligada \u00e0 sa\u00fade p\u00fablica, previstas na RDC 308\/02, do mesmo \u00f3rg\u00e3o de vigil\u00e2ncia Nacional.<\/p>\n","protected":false},"excerpt":{"rendered":"<p>A 3\u00aa Turma C\u00edvel do TJDFT acatou recurso de propriet\u00e1ria de uma cl\u00ednica de est\u00e9tica para determinar que o Diretor do Centro de Vigil\u00e2ncia Sanit\u00e1ria de Bras\u00edlia (Divisa) e o Distrito Federal n\u00e3o impe\u00e7am o uso de c\u00e2mara de bronzeamento artificial pela empres\u00e1ria, com base na Resolu\u00e7\u00e3o 56\/2009 da Anvisa. A norma teve seus efeitos [&hellip;]<\/p>\n","protected":false},"author":2,"featured_media":298457,"comment_status":"closed","ping_status":"closed","sticky":false,"template":"","format":"standard","meta":{"_acf_changed":false,"footnotes":""},"categories":[161],"tags":[95],"class_list":["post-298456","post","type-post","status-publish","format-standard","has-post-thumbnail","hentry","category-quadradinho-em-foco","tag-capa"],"acf":[],"yoast_head":"<!-- This site is optimized with the Yoast SEO plugin v27.2 - https:\/\/yoast.com\/product\/yoast-seo-wordpress\/ -->\n<title>Justi\u00e7a manda Vigil\u00e2ncia Sanit\u00e1ria ficar longe de cl\u00ednica - Notibras<\/title>\n<meta name=\"robots\" content=\"index, follow, max-snippet:-1, max-image-preview:large, max-video-preview:-1\" \/>\n<link rel=\"canonical\" href=\"https:\/\/www.notibras.com\/site\/justica-manda-vigilancia-sanitaria-ficar-longe-de-clinica\/\" \/>\n<meta property=\"og:locale\" content=\"pt_BR\" \/>\n<meta property=\"og:type\" content=\"article\" \/>\n<meta property=\"og:title\" content=\"Justi\u00e7a manda Vigil\u00e2ncia Sanit\u00e1ria ficar longe de cl\u00ednica - Notibras\" \/>\n<meta property=\"og:description\" content=\"A 3\u00aa Turma C\u00edvel do TJDFT acatou recurso de propriet\u00e1ria de uma cl\u00ednica de est\u00e9tica para determinar que o Diretor do Centro de Vigil\u00e2ncia Sanit\u00e1ria de Bras\u00edlia (Divisa) e o Distrito Federal n\u00e3o impe\u00e7am o uso de c\u00e2mara de bronzeamento artificial pela empres\u00e1ria, com base na Resolu\u00e7\u00e3o 56\/2009 da Anvisa. A norma teve seus efeitos [&hellip;]\" \/>\n<meta property=\"og:url\" content=\"https:\/\/www.notibras.com\/site\/justica-manda-vigilancia-sanitaria-ficar-longe-de-clinica\/\" \/>\n<meta property=\"og:site_name\" content=\"Notibras\" \/>\n<meta property=\"article:publisher\" content=\"https:\/\/www.facebook.com\/notibras\/\" \/>\n<meta property=\"article:published_time\" content=\"2023-01-29T08:28:25+00:00\" \/>\n<meta property=\"article:modified_time\" content=\"2023-01-29T09:33:11+00:00\" \/>\n<meta property=\"og:image\" content=\"https:\/\/www.notibras.com\/site\/wp-content\/uploads\/2023\/01\/trbr7831.jpg\" \/>\n\t<meta property=\"og:image:width\" content=\"770\" \/>\n\t<meta property=\"og:image:height\" content=\"513\" \/>\n\t<meta property=\"og:image:type\" content=\"image\/jpeg\" \/>\n<meta name=\"author\" content=\"Reda\u00e7\u00e3o\" \/>\n<meta name=\"twitter:card\" content=\"summary_large_image\" \/>\n<meta name=\"twitter:creator\" content=\"@Notibras\" \/>\n<meta name=\"twitter:site\" content=\"@Notibras\" \/>\n<meta name=\"twitter:label1\" content=\"Escrito por\" \/>\n\t<meta name=\"twitter:data1\" content=\"Reda\u00e7\u00e3o\" \/>\n\t<meta name=\"twitter:label2\" content=\"Est. tempo de leitura\" \/>\n\t<meta name=\"twitter:data2\" content=\"3 minutos\" \/>\n<script type=\"application\/ld+json\" class=\"yoast-schema-graph\">{\"@context\":\"https:\/\/schema.org\",\"@graph\":[{\"@type\":\"Article\",\"@id\":\"https:\/\/www.notibras.com\/site\/justica-manda-vigilancia-sanitaria-ficar-longe-de-clinica\/#article\",\"isPartOf\":{\"@id\":\"https:\/\/www.notibras.com\/site\/justica-manda-vigilancia-sanitaria-ficar-longe-de-clinica\/\"},\"author\":{\"name\":\"Reda\u00e7\u00e3o\",\"@id\":\"https:\/\/www.notibras.com\/site\/#\/schema\/person\/36ab0979449956132d3e5b517ea76ac8\"},\"headline\":\"Justi\u00e7a manda Vigil\u00e2ncia Sanit\u00e1ria ficar longe de cl\u00ednica\",\"datePublished\":\"2023-01-29T08:28:25+00:00\",\"dateModified\":\"2023-01-29T09:33:11+00:00\",\"mainEntityOfPage\":{\"@id\":\"https:\/\/www.notibras.com\/site\/justica-manda-vigilancia-sanitaria-ficar-longe-de-clinica\/\"},\"wordCount\":551,\"publisher\":{\"@id\":\"https:\/\/www.notibras.com\/site\/#organization\"},\"image\":{\"@id\":\"https:\/\/www.notibras.com\/site\/justica-manda-vigilancia-sanitaria-ficar-longe-de-clinica\/#primaryimage\"},\"thumbnailUrl\":\"https:\/\/www.notibras.com\/site\/wp-content\/uploads\/2023\/01\/trbr7831.jpg\",\"keywords\":[\"capa\"],\"articleSection\":[\"Quadradinho em Foco\"],\"inLanguage\":\"pt-BR\"},{\"@type\":\"WebPage\",\"@id\":\"https:\/\/www.notibras.com\/site\/justica-manda-vigilancia-sanitaria-ficar-longe-de-clinica\/\",\"url\":\"https:\/\/www.notibras.com\/site\/justica-manda-vigilancia-sanitaria-ficar-longe-de-clinica\/\",\"name\":\"Justi\u00e7a manda Vigil\u00e2ncia Sanit\u00e1ria ficar longe de cl\u00ednica - Notibras\",\"isPartOf\":{\"@id\":\"https:\/\/www.notibras.com\/site\/#website\"},\"primaryImageOfPage\":{\"@id\":\"https:\/\/www.notibras.com\/site\/justica-manda-vigilancia-sanitaria-ficar-longe-de-clinica\/#primaryimage\"},\"image\":{\"@id\":\"https:\/\/www.notibras.com\/site\/justica-manda-vigilancia-sanitaria-ficar-longe-de-clinica\/#primaryimage\"},\"thumbnailUrl\":\"https:\/\/www.notibras.com\/site\/wp-content\/uploads\/2023\/01\/trbr7831.jpg\",\"datePublished\":\"2023-01-29T08:28:25+00:00\",\"dateModified\":\"2023-01-29T09:33:11+00:00\",\"breadcrumb\":{\"@id\":\"https:\/\/www.notibras.com\/site\/justica-manda-vigilancia-sanitaria-ficar-longe-de-clinica\/#breadcrumb\"},\"inLanguage\":\"pt-BR\",\"potentialAction\":[{\"@type\":\"ReadAction\",\"target\":[\"https:\/\/www.notibras.com\/site\/justica-manda-vigilancia-sanitaria-ficar-longe-de-clinica\/\"]}]},{\"@type\":\"ImageObject\",\"inLanguage\":\"pt-BR\",\"@id\":\"https:\/\/www.notibras.com\/site\/justica-manda-vigilancia-sanitaria-ficar-longe-de-clinica\/#primaryimage\",\"url\":\"https:\/\/www.notibras.com\/site\/wp-content\/uploads\/2023\/01\/trbr7831.jpg\",\"contentUrl\":\"https:\/\/www.notibras.com\/site\/wp-content\/uploads\/2023\/01\/trbr7831.jpg\",\"width\":770,\"height\":513},{\"@type\":\"BreadcrumbList\",\"@id\":\"https:\/\/www.notibras.com\/site\/justica-manda-vigilancia-sanitaria-ficar-longe-de-clinica\/#breadcrumb\",\"itemListElement\":[{\"@type\":\"ListItem\",\"position\":1,\"name\":\"In\u00edcio\",\"item\":\"https:\/\/www.notibras.com\/site\/\"},{\"@type\":\"ListItem\",\"position\":2,\"name\":\"Justi\u00e7a manda Vigil\u00e2ncia Sanit\u00e1ria ficar longe de cl\u00ednica\"}]},{\"@type\":\"WebSite\",\"@id\":\"https:\/\/www.notibras.com\/site\/#website\",\"url\":\"https:\/\/www.notibras.com\/site\/\",\"name\":\"Notibras\",\"description\":\"Not\u00edcias de Bras\u00edlia, do Brasil e do Mundo\",\"publisher\":{\"@id\":\"https:\/\/www.notibras.com\/site\/#organization\"},\"potentialAction\":[{\"@type\":\"SearchAction\",\"target\":{\"@type\":\"EntryPoint\",\"urlTemplate\":\"https:\/\/www.notibras.com\/site\/?s={search_term_string}\"},\"query-input\":{\"@type\":\"PropertyValueSpecification\",\"valueRequired\":true,\"valueName\":\"search_term_string\"}}],\"inLanguage\":\"pt-BR\"},{\"@type\":\"Organization\",\"@id\":\"https:\/\/www.notibras.com\/site\/#organization\",\"name\":\"Grupo Notibras de Comunica\u00e7\u00e3o\",\"url\":\"https:\/\/www.notibras.com\/site\/\",\"logo\":{\"@type\":\"ImageObject\",\"inLanguage\":\"pt-BR\",\"@id\":\"https:\/\/www.notibras.com\/site\/#\/schema\/logo\/image\/\",\"url\":\"https:\/\/www.notibras.com\/site\/wp-content\/uploads\/2023\/01\/notibras23.png\",\"contentUrl\":\"https:\/\/www.notibras.com\/site\/wp-content\/uploads\/2023\/01\/notibras23.png\",\"width\":350,\"height\":87,\"caption\":\"Grupo Notibras de Comunica\u00e7\u00e3o\"},\"image\":{\"@id\":\"https:\/\/www.notibras.com\/site\/#\/schema\/logo\/image\/\"},\"sameAs\":[\"https:\/\/www.facebook.com\/notibras\/\",\"https:\/\/x.com\/Notibras\",\"https:\/\/www.instagram.com\/notibras\/\"]},{\"@type\":\"Person\",\"@id\":\"https:\/\/www.notibras.com\/site\/#\/schema\/person\/36ab0979449956132d3e5b517ea76ac8\",\"name\":\"Reda\u00e7\u00e3o\",\"image\":{\"@type\":\"ImageObject\",\"inLanguage\":\"pt-BR\",\"@id\":\"https:\/\/secure.gravatar.com\/avatar\/e0a867bdedb85fd243eadf09663511f96fc81e0720a4a42581f334ad4303aa6b?s=96&d=mm&r=g\",\"url\":\"https:\/\/secure.gravatar.com\/avatar\/e0a867bdedb85fd243eadf09663511f96fc81e0720a4a42581f334ad4303aa6b?s=96&d=mm&r=g\",\"contentUrl\":\"https:\/\/secure.gravatar.com\/avatar\/e0a867bdedb85fd243eadf09663511f96fc81e0720a4a42581f334ad4303aa6b?s=96&d=mm&r=g\",\"caption\":\"Reda\u00e7\u00e3o\"}}]}<\/script>\n<!-- \/ Yoast SEO plugin. -->","yoast_head_json":{"title":"Justi\u00e7a manda Vigil\u00e2ncia Sanit\u00e1ria ficar longe de cl\u00ednica - Notibras","robots":{"index":"index","follow":"follow","max-snippet":"max-snippet:-1","max-image-preview":"max-image-preview:large","max-video-preview":"max-video-preview:-1"},"canonical":"https:\/\/www.notibras.com\/site\/justica-manda-vigilancia-sanitaria-ficar-longe-de-clinica\/","og_locale":"pt_BR","og_type":"article","og_title":"Justi\u00e7a manda Vigil\u00e2ncia Sanit\u00e1ria ficar longe de cl\u00ednica - Notibras","og_description":"A 3\u00aa Turma C\u00edvel do TJDFT acatou recurso de propriet\u00e1ria de uma cl\u00ednica de est\u00e9tica para determinar que o Diretor do Centro de Vigil\u00e2ncia Sanit\u00e1ria de Bras\u00edlia (Divisa) e o Distrito Federal n\u00e3o impe\u00e7am o uso de c\u00e2mara de bronzeamento artificial pela empres\u00e1ria, com base na Resolu\u00e7\u00e3o 56\/2009 da Anvisa. A norma teve seus efeitos [&hellip;]","og_url":"https:\/\/www.notibras.com\/site\/justica-manda-vigilancia-sanitaria-ficar-longe-de-clinica\/","og_site_name":"Notibras","article_publisher":"https:\/\/www.facebook.com\/notibras\/","article_published_time":"2023-01-29T08:28:25+00:00","article_modified_time":"2023-01-29T09:33:11+00:00","og_image":[{"width":770,"height":513,"url":"https:\/\/www.notibras.com\/site\/wp-content\/uploads\/2023\/01\/trbr7831.jpg","type":"image\/jpeg"}],"author":"Reda\u00e7\u00e3o","twitter_card":"summary_large_image","twitter_creator":"@Notibras","twitter_site":"@Notibras","twitter_misc":{"Escrito por":"Reda\u00e7\u00e3o","Est. tempo de leitura":"3 minutos"},"schema":{"@context":"https:\/\/schema.org","@graph":[{"@type":"Article","@id":"https:\/\/www.notibras.com\/site\/justica-manda-vigilancia-sanitaria-ficar-longe-de-clinica\/#article","isPartOf":{"@id":"https:\/\/www.notibras.com\/site\/justica-manda-vigilancia-sanitaria-ficar-longe-de-clinica\/"},"author":{"name":"Reda\u00e7\u00e3o","@id":"https:\/\/www.notibras.com\/site\/#\/schema\/person\/36ab0979449956132d3e5b517ea76ac8"},"headline":"Justi\u00e7a manda Vigil\u00e2ncia Sanit\u00e1ria ficar longe de cl\u00ednica","datePublished":"2023-01-29T08:28:25+00:00","dateModified":"2023-01-29T09:33:11+00:00","mainEntityOfPage":{"@id":"https:\/\/www.notibras.com\/site\/justica-manda-vigilancia-sanitaria-ficar-longe-de-clinica\/"},"wordCount":551,"publisher":{"@id":"https:\/\/www.notibras.com\/site\/#organization"},"image":{"@id":"https:\/\/www.notibras.com\/site\/justica-manda-vigilancia-sanitaria-ficar-longe-de-clinica\/#primaryimage"},"thumbnailUrl":"https:\/\/www.notibras.com\/site\/wp-content\/uploads\/2023\/01\/trbr7831.jpg","keywords":["capa"],"articleSection":["Quadradinho em Foco"],"inLanguage":"pt-BR"},{"@type":"WebPage","@id":"https:\/\/www.notibras.com\/site\/justica-manda-vigilancia-sanitaria-ficar-longe-de-clinica\/","url":"https:\/\/www.notibras.com\/site\/justica-manda-vigilancia-sanitaria-ficar-longe-de-clinica\/","name":"Justi\u00e7a manda Vigil\u00e2ncia Sanit\u00e1ria ficar longe de cl\u00ednica - Notibras","isPartOf":{"@id":"https:\/\/www.notibras.com\/site\/#website"},"primaryImageOfPage":{"@id":"https:\/\/www.notibras.com\/site\/justica-manda-vigilancia-sanitaria-ficar-longe-de-clinica\/#primaryimage"},"image":{"@id":"https:\/\/www.notibras.com\/site\/justica-manda-vigilancia-sanitaria-ficar-longe-de-clinica\/#primaryimage"},"thumbnailUrl":"https:\/\/www.notibras.com\/site\/wp-content\/uploads\/2023\/01\/trbr7831.jpg","datePublished":"2023-01-29T08:28:25+00:00","dateModified":"2023-01-29T09:33:11+00:00","breadcrumb":{"@id":"https:\/\/www.notibras.com\/site\/justica-manda-vigilancia-sanitaria-ficar-longe-de-clinica\/#breadcrumb"},"inLanguage":"pt-BR","potentialAction":[{"@type":"ReadAction","target":["https:\/\/www.notibras.com\/site\/justica-manda-vigilancia-sanitaria-ficar-longe-de-clinica\/"]}]},{"@type":"ImageObject","inLanguage":"pt-BR","@id":"https:\/\/www.notibras.com\/site\/justica-manda-vigilancia-sanitaria-ficar-longe-de-clinica\/#primaryimage","url":"https:\/\/www.notibras.com\/site\/wp-content\/uploads\/2023\/01\/trbr7831.jpg","contentUrl":"https:\/\/www.notibras.com\/site\/wp-content\/uploads\/2023\/01\/trbr7831.jpg","width":770,"height":513},{"@type":"BreadcrumbList","@id":"https:\/\/www.notibras.com\/site\/justica-manda-vigilancia-sanitaria-ficar-longe-de-clinica\/#breadcrumb","itemListElement":[{"@type":"ListItem","position":1,"name":"In\u00edcio","item":"https:\/\/www.notibras.com\/site\/"},{"@type":"ListItem","position":2,"name":"Justi\u00e7a manda Vigil\u00e2ncia Sanit\u00e1ria ficar longe de cl\u00ednica"}]},{"@type":"WebSite","@id":"https:\/\/www.notibras.com\/site\/#website","url":"https:\/\/www.notibras.com\/site\/","name":"Notibras","description":"Not\u00edcias de Bras\u00edlia, do Brasil e do Mundo","publisher":{"@id":"https:\/\/www.notibras.com\/site\/#organization"},"potentialAction":[{"@type":"SearchAction","target":{"@type":"EntryPoint","urlTemplate":"https:\/\/www.notibras.com\/site\/?s={search_term_string}"},"query-input":{"@type":"PropertyValueSpecification","valueRequired":true,"valueName":"search_term_string"}}],"inLanguage":"pt-BR"},{"@type":"Organization","@id":"https:\/\/www.notibras.com\/site\/#organization","name":"Grupo Notibras de Comunica\u00e7\u00e3o","url":"https:\/\/www.notibras.com\/site\/","logo":{"@type":"ImageObject","inLanguage":"pt-BR","@id":"https:\/\/www.notibras.com\/site\/#\/schema\/logo\/image\/","url":"https:\/\/www.notibras.com\/site\/wp-content\/uploads\/2023\/01\/notibras23.png","contentUrl":"https:\/\/www.notibras.com\/site\/wp-content\/uploads\/2023\/01\/notibras23.png","width":350,"height":87,"caption":"Grupo Notibras de Comunica\u00e7\u00e3o"},"image":{"@id":"https:\/\/www.notibras.com\/site\/#\/schema\/logo\/image\/"},"sameAs":["https:\/\/www.facebook.com\/notibras\/","https:\/\/x.com\/Notibras","https:\/\/www.instagram.com\/notibras\/"]},{"@type":"Person","@id":"https:\/\/www.notibras.com\/site\/#\/schema\/person\/36ab0979449956132d3e5b517ea76ac8","name":"Reda\u00e7\u00e3o","image":{"@type":"ImageObject","inLanguage":"pt-BR","@id":"https:\/\/secure.gravatar.com\/avatar\/e0a867bdedb85fd243eadf09663511f96fc81e0720a4a42581f334ad4303aa6b?s=96&d=mm&r=g","url":"https:\/\/secure.gravatar.com\/avatar\/e0a867bdedb85fd243eadf09663511f96fc81e0720a4a42581f334ad4303aa6b?s=96&d=mm&r=g","contentUrl":"https:\/\/secure.gravatar.com\/avatar\/e0a867bdedb85fd243eadf09663511f96fc81e0720a4a42581f334ad4303aa6b?s=96&d=mm&r=g","caption":"Reda\u00e7\u00e3o"}}]}},"amp_enabled":true,"_links":{"self":[{"href":"https:\/\/www.notibras.com\/site\/wp-json\/wp\/v2\/posts\/298456","targetHints":{"allow":["GET"]}}],"collection":[{"href":"https:\/\/www.notibras.com\/site\/wp-json\/wp\/v2\/posts"}],"about":[{"href":"https:\/\/www.notibras.com\/site\/wp-json\/wp\/v2\/types\/post"}],"author":[{"embeddable":true,"href":"https:\/\/www.notibras.com\/site\/wp-json\/wp\/v2\/users\/2"}],"replies":[{"embeddable":true,"href":"https:\/\/www.notibras.com\/site\/wp-json\/wp\/v2\/comments?post=298456"}],"version-history":[{"count":1,"href":"https:\/\/www.notibras.com\/site\/wp-json\/wp\/v2\/posts\/298456\/revisions"}],"predecessor-version":[{"id":298458,"href":"https:\/\/www.notibras.com\/site\/wp-json\/wp\/v2\/posts\/298456\/revisions\/298458"}],"wp:featuredmedia":[{"embeddable":true,"href":"https:\/\/www.notibras.com\/site\/wp-json\/wp\/v2\/media\/298457"}],"wp:attachment":[{"href":"https:\/\/www.notibras.com\/site\/wp-json\/wp\/v2\/media?parent=298456"}],"wp:term":[{"taxonomy":"category","embeddable":true,"href":"https:\/\/www.notibras.com\/site\/wp-json\/wp\/v2\/categories?post=298456"},{"taxonomy":"post_tag","embeddable":true,"href":"https:\/\/www.notibras.com\/site\/wp-json\/wp\/v2\/tags?post=298456"}],"curies":[{"name":"wp","href":"https:\/\/api.w.org\/{rel}","templated":true}]}}