{"id":298467,"date":"2023-01-29T05:15:37","date_gmt":"2023-01-29T08:15:37","guid":{"rendered":"https:\/\/www.notibras.com\/site\/?p=298467"},"modified":"2023-01-29T08:28:52","modified_gmt":"2023-01-29T11:28:52","slug":"quando-policial-mata-manequins-imaginando-atirar-em-bandidos","status":"publish","type":"post","link":"https:\/\/www.notibras.com\/site\/quando-policial-mata-manequins-imaginando-atirar-em-bandidos\/","title":{"rendered":"Quando policial mata manequins imaginando atirar em bandidos"},"content":{"rendered":"<p>A correria em frente \u00e0 delegacia era tamanha, que at\u00e9 o Santana resolveu tirar o seu traseiro gordo da cadeira e averiguar o que estava acontecendo \u00e0quela hora da manh\u00e3. Era tanta gritaria, que os policiais demoraram algum tempo para entender que havia um grupo de bandidos assaltando as lojas da qudra pr\u00f3xima. Corre daqui, corre dali, os policiais foram entrando aos trancos e barrancos nas viaturas. O Santana, de t\u00e3o moroso, quase ficou para tr\u00e1s, se n\u00e3o fosse pelos gritos alucinados do delegado Wander: &#8220;Corre, Santana!!!&#8221;<\/p>\n<p>O Santana, ainda mais esbaforido do que de costume, entrou no banco de tr\u00e1s da viatura. Ao se sentar, espremeu os outros dois policiais que estavam ao lado, tamanho o espa\u00e7o que ocupou no assento. Allan Belos Cabelos pisou fundo no acelerador, enquanto o delegado acionou a sirene. E l\u00e1 foi aquele carro preto da pol\u00edcia cometendo todas as infra\u00e7\u00f5es de tr\u00e2nsito poss\u00edveis. As viaturas seguiram em comboio at\u00e9 o local onde estariam os criminosos. Os berros desesperados dos comerciantes quase abafavam o som agudo que sa\u00eda das sirenes. Enquanto um grupo de policiais entrava em uma loja, outro tentava a sorte em outra. Nessa altura do campeonato, ningu\u00e9m sabia onde estariam os bandidos.<\/p>\n<p>Seu Joaquim, dono da padaria, jurava que havia visto pelo menos dois, enquanto Celeste, a manicure, dizia que todos estavam fortemente armados. Todavia, ningu\u00e9m conseguia descrever exatamente como eram os criminosos. Enquanto alguns afirmavam que eram todos magros, outros diziam que pelo menos dois gordinhos faziam parte do bando.<\/p>\n<p>Nessas idas e vindas, eis que o Santana resolveu entrar sozinho em uma loja de roupas. N\u00e3o que fosse corajoso. Pelo contr\u00e1rio, tinha medo at\u00e9 de baratas. No entanto, percebeu que ali seria um local improv\u00e1vel para que os assaltantes pudessem estar.<\/p>\n<p>Foi at\u00e9 o fundo do enorme estabelecimento, onde sentiu vontade de usar o banheiro. Pois \u00e9, os efeitos do bolo de chocolate na noite anterior estavam sendo cobrados com juros e corre\u00e7\u00e3o monet\u00e1ria. Assim que avistou a porta do \u00fanico local que desejava estar, foi logo desabotoando a cal\u00e7a.<\/p>\n<p>Quase n\u00e3o deu tempo para se sentar, quando ouviu, aliviado, o som das suas necessidades fisiol\u00f3gicas cumprimentando a \u00e1gua no fundo do vaso sanit\u00e1rio. Alguns respingos bateram no traseiro do Santana, mas ele n\u00e3o se incomodou. Ficou sentando por mais algum tempo, j\u00e1 que n\u00e3o queria que um resqu\u00edcio lhe fizesse borrar os fundilhos da cal\u00e7a.<\/p>\n<p>Depois de longos minutos de espera, resolveu se limpar. Pegou um bom peda\u00e7o de papel higi\u00eanico e passou na bunda. J\u00e1 estava se vestindo, quando ouviu um barulho. Logo sentiu vontade de se sentar novamente no vaso, mas a tremedeira nas suas pernas o impediu. Pegou a sua arma, que havia deixado ali no ch\u00e3o do banheiro e, olhando pela brecha da porta, logo notou algumas roupas balan\u00e7ando nos cabides adiante. N\u00e3o teve d\u00favida, apertou o gatilho e atirou n\u00e3o sei quantas vezes.<\/p>\n<p>N\u00e3o demorou muito, a loja se encheu de policiais e curiosos. O Santana, diante de tanta plateia, tomou coragem e saiu do banheiro gritando: &#8220;Peguei os vagabundos!&#8221; O delegado Wander foi o primeiro a ir at\u00e9 o Santana, que lhe apontou onde estariam os bandidos.<\/p>\n<p>Allan Belos Cabelos foi at\u00e9 o local. Fitou o delegado, que o questionou.<\/p>\n<p>&#8211; E a\u00ed, o Santana acertou algum dos bandidos?<\/p>\n<p>-Nenhum vest\u00edgio de sangue. Mas ele matou aqueles tr\u00eas manequins ali.<\/p>\n","protected":false},"excerpt":{"rendered":"<p>A correria em frente \u00e0 delegacia era tamanha, que at\u00e9 o Santana resolveu tirar o seu traseiro gordo da cadeira e averiguar o que estava acontecendo \u00e0quela hora da manh\u00e3. Era tanta gritaria, que os policiais demoraram algum tempo para entender que havia um grupo de bandidos assaltando as lojas da qudra pr\u00f3xima. Corre daqui, [&hellip;]<\/p>\n","protected":false},"author":2,"featured_media":298469,"comment_status":"closed","ping_status":"closed","sticky":false,"template":"","format":"standard","meta":{"_acf_changed":false,"footnotes":""},"categories":[161],"tags":[95],"class_list":["post-298467","post","type-post","status-publish","format-standard","has-post-thumbnail","hentry","category-quadradinho-em-foco","tag-capa"],"acf":[],"yoast_head":"<!-- This site is optimized with the Yoast SEO plugin v27.2 - https:\/\/yoast.com\/product\/yoast-seo-wordpress\/ -->\n<title>Quando policial mata manequins imaginando atirar em bandidos - Notibras<\/title>\n<meta name=\"robots\" content=\"index, follow, max-snippet:-1, max-image-preview:large, max-video-preview:-1\" \/>\n<link rel=\"canonical\" href=\"https:\/\/www.notibras.com\/site\/quando-policial-mata-manequins-imaginando-atirar-em-bandidos\/\" \/>\n<meta property=\"og:locale\" content=\"pt_BR\" \/>\n<meta property=\"og:type\" content=\"article\" \/>\n<meta property=\"og:title\" content=\"Quando policial mata manequins imaginando atirar em bandidos - Notibras\" \/>\n<meta property=\"og:description\" content=\"A correria em frente \u00e0 delegacia era tamanha, que at\u00e9 o Santana resolveu tirar o seu traseiro gordo da cadeira e averiguar o que estava acontecendo \u00e0quela hora da manh\u00e3. Era tanta gritaria, que os policiais demoraram algum tempo para entender que havia um grupo de bandidos assaltando as lojas da qudra pr\u00f3xima. Corre daqui, [&hellip;]\" \/>\n<meta property=\"og:url\" content=\"https:\/\/www.notibras.com\/site\/quando-policial-mata-manequins-imaginando-atirar-em-bandidos\/\" \/>\n<meta property=\"og:site_name\" content=\"Notibras\" \/>\n<meta property=\"article:publisher\" content=\"https:\/\/www.facebook.com\/notibras\/\" \/>\n<meta property=\"article:published_time\" content=\"2023-01-29T08:15:37+00:00\" \/>\n<meta property=\"article:modified_time\" content=\"2023-01-29T11:28:52+00:00\" \/>\n<meta property=\"og:image\" content=\"https:\/\/www.notibras.com\/site\/wp-content\/uploads\/2023\/01\/tnrgo_abr_14091923098.jpg\" \/>\n\t<meta property=\"og:image:width\" content=\"770\" \/>\n\t<meta property=\"og:image:height\" content=\"513\" \/>\n\t<meta property=\"og:image:type\" content=\"image\/jpeg\" \/>\n<meta name=\"author\" content=\"Reda\u00e7\u00e3o\" \/>\n<meta name=\"twitter:card\" content=\"summary_large_image\" \/>\n<meta name=\"twitter:creator\" content=\"@Notibras\" \/>\n<meta name=\"twitter:site\" content=\"@Notibras\" \/>\n<meta name=\"twitter:label1\" content=\"Escrito por\" \/>\n\t<meta name=\"twitter:data1\" content=\"Reda\u00e7\u00e3o\" \/>\n\t<meta name=\"twitter:label2\" content=\"Est. tempo de leitura\" \/>\n\t<meta name=\"twitter:data2\" content=\"4 minutos\" \/>\n<script type=\"application\/ld+json\" class=\"yoast-schema-graph\">{\"@context\":\"https:\/\/schema.org\",\"@graph\":[{\"@type\":\"Article\",\"@id\":\"https:\/\/www.notibras.com\/site\/quando-policial-mata-manequins-imaginando-atirar-em-bandidos\/#article\",\"isPartOf\":{\"@id\":\"https:\/\/www.notibras.com\/site\/quando-policial-mata-manequins-imaginando-atirar-em-bandidos\/\"},\"author\":{\"name\":\"Reda\u00e7\u00e3o\",\"@id\":\"https:\/\/www.notibras.com\/site\/#\/schema\/person\/36ab0979449956132d3e5b517ea76ac8\"},\"headline\":\"Quando policial mata manequins imaginando atirar em bandidos\",\"datePublished\":\"2023-01-29T08:15:37+00:00\",\"dateModified\":\"2023-01-29T11:28:52+00:00\",\"mainEntityOfPage\":{\"@id\":\"https:\/\/www.notibras.com\/site\/quando-policial-mata-manequins-imaginando-atirar-em-bandidos\/\"},\"wordCount\":600,\"publisher\":{\"@id\":\"https:\/\/www.notibras.com\/site\/#organization\"},\"image\":{\"@id\":\"https:\/\/www.notibras.com\/site\/quando-policial-mata-manequins-imaginando-atirar-em-bandidos\/#primaryimage\"},\"thumbnailUrl\":\"https:\/\/www.notibras.com\/site\/wp-content\/uploads\/2023\/01\/tnrgo_abr_14091923098.jpg\",\"keywords\":[\"capa\"],\"articleSection\":[\"Quadradinho em Foco\"],\"inLanguage\":\"pt-BR\"},{\"@type\":\"WebPage\",\"@id\":\"https:\/\/www.notibras.com\/site\/quando-policial-mata-manequins-imaginando-atirar-em-bandidos\/\",\"url\":\"https:\/\/www.notibras.com\/site\/quando-policial-mata-manequins-imaginando-atirar-em-bandidos\/\",\"name\":\"Quando policial mata manequins imaginando atirar em bandidos - Notibras\",\"isPartOf\":{\"@id\":\"https:\/\/www.notibras.com\/site\/#website\"},\"primaryImageOfPage\":{\"@id\":\"https:\/\/www.notibras.com\/site\/quando-policial-mata-manequins-imaginando-atirar-em-bandidos\/#primaryimage\"},\"image\":{\"@id\":\"https:\/\/www.notibras.com\/site\/quando-policial-mata-manequins-imaginando-atirar-em-bandidos\/#primaryimage\"},\"thumbnailUrl\":\"https:\/\/www.notibras.com\/site\/wp-content\/uploads\/2023\/01\/tnrgo_abr_14091923098.jpg\",\"datePublished\":\"2023-01-29T08:15:37+00:00\",\"dateModified\":\"2023-01-29T11:28:52+00:00\",\"breadcrumb\":{\"@id\":\"https:\/\/www.notibras.com\/site\/quando-policial-mata-manequins-imaginando-atirar-em-bandidos\/#breadcrumb\"},\"inLanguage\":\"pt-BR\",\"potentialAction\":[{\"@type\":\"ReadAction\",\"target\":[\"https:\/\/www.notibras.com\/site\/quando-policial-mata-manequins-imaginando-atirar-em-bandidos\/\"]}]},{\"@type\":\"ImageObject\",\"inLanguage\":\"pt-BR\",\"@id\":\"https:\/\/www.notibras.com\/site\/quando-policial-mata-manequins-imaginando-atirar-em-bandidos\/#primaryimage\",\"url\":\"https:\/\/www.notibras.com\/site\/wp-content\/uploads\/2023\/01\/tnrgo_abr_14091923098.jpg\",\"contentUrl\":\"https:\/\/www.notibras.com\/site\/wp-content\/uploads\/2023\/01\/tnrgo_abr_14091923098.jpg\",\"width\":770,\"height\":513,\"caption\":\"Peritos da Pol\u00edcia Civil e bombeiros trabalham no Hospital Badim, na zona norte, que foi atingido por um inc\u00eandio que matou 11 pessoas na \u00faltima quinta-feira (12).\"},{\"@type\":\"BreadcrumbList\",\"@id\":\"https:\/\/www.notibras.com\/site\/quando-policial-mata-manequins-imaginando-atirar-em-bandidos\/#breadcrumb\",\"itemListElement\":[{\"@type\":\"ListItem\",\"position\":1,\"name\":\"In\u00edcio\",\"item\":\"https:\/\/www.notibras.com\/site\/\"},{\"@type\":\"ListItem\",\"position\":2,\"name\":\"Quando policial mata manequins imaginando atirar em bandidos\"}]},{\"@type\":\"WebSite\",\"@id\":\"https:\/\/www.notibras.com\/site\/#website\",\"url\":\"https:\/\/www.notibras.com\/site\/\",\"name\":\"Notibras\",\"description\":\"Not\u00edcias de Bras\u00edlia, do Brasil e do Mundo\",\"publisher\":{\"@id\":\"https:\/\/www.notibras.com\/site\/#organization\"},\"potentialAction\":[{\"@type\":\"SearchAction\",\"target\":{\"@type\":\"EntryPoint\",\"urlTemplate\":\"https:\/\/www.notibras.com\/site\/?s={search_term_string}\"},\"query-input\":{\"@type\":\"PropertyValueSpecification\",\"valueRequired\":true,\"valueName\":\"search_term_string\"}}],\"inLanguage\":\"pt-BR\"},{\"@type\":\"Organization\",\"@id\":\"https:\/\/www.notibras.com\/site\/#organization\",\"name\":\"Grupo Notibras de Comunica\u00e7\u00e3o\",\"url\":\"https:\/\/www.notibras.com\/site\/\",\"logo\":{\"@type\":\"ImageObject\",\"inLanguage\":\"pt-BR\",\"@id\":\"https:\/\/www.notibras.com\/site\/#\/schema\/logo\/image\/\",\"url\":\"https:\/\/www.notibras.com\/site\/wp-content\/uploads\/2023\/01\/notibras23.png\",\"contentUrl\":\"https:\/\/www.notibras.com\/site\/wp-content\/uploads\/2023\/01\/notibras23.png\",\"width\":350,\"height\":87,\"caption\":\"Grupo Notibras de Comunica\u00e7\u00e3o\"},\"image\":{\"@id\":\"https:\/\/www.notibras.com\/site\/#\/schema\/logo\/image\/\"},\"sameAs\":[\"https:\/\/www.facebook.com\/notibras\/\",\"https:\/\/x.com\/Notibras\",\"https:\/\/www.instagram.com\/notibras\/\"]},{\"@type\":\"Person\",\"@id\":\"https:\/\/www.notibras.com\/site\/#\/schema\/person\/36ab0979449956132d3e5b517ea76ac8\",\"name\":\"Reda\u00e7\u00e3o\",\"image\":{\"@type\":\"ImageObject\",\"inLanguage\":\"pt-BR\",\"@id\":\"https:\/\/secure.gravatar.com\/avatar\/e0a867bdedb85fd243eadf09663511f96fc81e0720a4a42581f334ad4303aa6b?s=96&d=mm&r=g\",\"url\":\"https:\/\/secure.gravatar.com\/avatar\/e0a867bdedb85fd243eadf09663511f96fc81e0720a4a42581f334ad4303aa6b?s=96&d=mm&r=g\",\"contentUrl\":\"https:\/\/secure.gravatar.com\/avatar\/e0a867bdedb85fd243eadf09663511f96fc81e0720a4a42581f334ad4303aa6b?s=96&d=mm&r=g\",\"caption\":\"Reda\u00e7\u00e3o\"}}]}<\/script>\n<!-- \/ Yoast SEO plugin. -->","yoast_head_json":{"title":"Quando policial mata manequins imaginando atirar em bandidos - Notibras","robots":{"index":"index","follow":"follow","max-snippet":"max-snippet:-1","max-image-preview":"max-image-preview:large","max-video-preview":"max-video-preview:-1"},"canonical":"https:\/\/www.notibras.com\/site\/quando-policial-mata-manequins-imaginando-atirar-em-bandidos\/","og_locale":"pt_BR","og_type":"article","og_title":"Quando policial mata manequins imaginando atirar em bandidos - Notibras","og_description":"A correria em frente \u00e0 delegacia era tamanha, que at\u00e9 o Santana resolveu tirar o seu traseiro gordo da cadeira e averiguar o que estava acontecendo \u00e0quela hora da manh\u00e3. Era tanta gritaria, que os policiais demoraram algum tempo para entender que havia um grupo de bandidos assaltando as lojas da qudra pr\u00f3xima. Corre daqui, [&hellip;]","og_url":"https:\/\/www.notibras.com\/site\/quando-policial-mata-manequins-imaginando-atirar-em-bandidos\/","og_site_name":"Notibras","article_publisher":"https:\/\/www.facebook.com\/notibras\/","article_published_time":"2023-01-29T08:15:37+00:00","article_modified_time":"2023-01-29T11:28:52+00:00","og_image":[{"width":770,"height":513,"url":"https:\/\/www.notibras.com\/site\/wp-content\/uploads\/2023\/01\/tnrgo_abr_14091923098.jpg","type":"image\/jpeg"}],"author":"Reda\u00e7\u00e3o","twitter_card":"summary_large_image","twitter_creator":"@Notibras","twitter_site":"@Notibras","twitter_misc":{"Escrito por":"Reda\u00e7\u00e3o","Est. tempo de leitura":"4 minutos"},"schema":{"@context":"https:\/\/schema.org","@graph":[{"@type":"Article","@id":"https:\/\/www.notibras.com\/site\/quando-policial-mata-manequins-imaginando-atirar-em-bandidos\/#article","isPartOf":{"@id":"https:\/\/www.notibras.com\/site\/quando-policial-mata-manequins-imaginando-atirar-em-bandidos\/"},"author":{"name":"Reda\u00e7\u00e3o","@id":"https:\/\/www.notibras.com\/site\/#\/schema\/person\/36ab0979449956132d3e5b517ea76ac8"},"headline":"Quando policial mata manequins imaginando atirar em bandidos","datePublished":"2023-01-29T08:15:37+00:00","dateModified":"2023-01-29T11:28:52+00:00","mainEntityOfPage":{"@id":"https:\/\/www.notibras.com\/site\/quando-policial-mata-manequins-imaginando-atirar-em-bandidos\/"},"wordCount":600,"publisher":{"@id":"https:\/\/www.notibras.com\/site\/#organization"},"image":{"@id":"https:\/\/www.notibras.com\/site\/quando-policial-mata-manequins-imaginando-atirar-em-bandidos\/#primaryimage"},"thumbnailUrl":"https:\/\/www.notibras.com\/site\/wp-content\/uploads\/2023\/01\/tnrgo_abr_14091923098.jpg","keywords":["capa"],"articleSection":["Quadradinho em Foco"],"inLanguage":"pt-BR"},{"@type":"WebPage","@id":"https:\/\/www.notibras.com\/site\/quando-policial-mata-manequins-imaginando-atirar-em-bandidos\/","url":"https:\/\/www.notibras.com\/site\/quando-policial-mata-manequins-imaginando-atirar-em-bandidos\/","name":"Quando policial mata manequins imaginando atirar em bandidos - Notibras","isPartOf":{"@id":"https:\/\/www.notibras.com\/site\/#website"},"primaryImageOfPage":{"@id":"https:\/\/www.notibras.com\/site\/quando-policial-mata-manequins-imaginando-atirar-em-bandidos\/#primaryimage"},"image":{"@id":"https:\/\/www.notibras.com\/site\/quando-policial-mata-manequins-imaginando-atirar-em-bandidos\/#primaryimage"},"thumbnailUrl":"https:\/\/www.notibras.com\/site\/wp-content\/uploads\/2023\/01\/tnrgo_abr_14091923098.jpg","datePublished":"2023-01-29T08:15:37+00:00","dateModified":"2023-01-29T11:28:52+00:00","breadcrumb":{"@id":"https:\/\/www.notibras.com\/site\/quando-policial-mata-manequins-imaginando-atirar-em-bandidos\/#breadcrumb"},"inLanguage":"pt-BR","potentialAction":[{"@type":"ReadAction","target":["https:\/\/www.notibras.com\/site\/quando-policial-mata-manequins-imaginando-atirar-em-bandidos\/"]}]},{"@type":"ImageObject","inLanguage":"pt-BR","@id":"https:\/\/www.notibras.com\/site\/quando-policial-mata-manequins-imaginando-atirar-em-bandidos\/#primaryimage","url":"https:\/\/www.notibras.com\/site\/wp-content\/uploads\/2023\/01\/tnrgo_abr_14091923098.jpg","contentUrl":"https:\/\/www.notibras.com\/site\/wp-content\/uploads\/2023\/01\/tnrgo_abr_14091923098.jpg","width":770,"height":513,"caption":"Peritos da Pol\u00edcia Civil e bombeiros trabalham no Hospital Badim, na zona norte, que foi atingido por um inc\u00eandio que matou 11 pessoas na \u00faltima quinta-feira (12)."},{"@type":"BreadcrumbList","@id":"https:\/\/www.notibras.com\/site\/quando-policial-mata-manequins-imaginando-atirar-em-bandidos\/#breadcrumb","itemListElement":[{"@type":"ListItem","position":1,"name":"In\u00edcio","item":"https:\/\/www.notibras.com\/site\/"},{"@type":"ListItem","position":2,"name":"Quando policial mata manequins imaginando atirar em bandidos"}]},{"@type":"WebSite","@id":"https:\/\/www.notibras.com\/site\/#website","url":"https:\/\/www.notibras.com\/site\/","name":"Notibras","description":"Not\u00edcias de Bras\u00edlia, do Brasil e do Mundo","publisher":{"@id":"https:\/\/www.notibras.com\/site\/#organization"},"potentialAction":[{"@type":"SearchAction","target":{"@type":"EntryPoint","urlTemplate":"https:\/\/www.notibras.com\/site\/?s={search_term_string}"},"query-input":{"@type":"PropertyValueSpecification","valueRequired":true,"valueName":"search_term_string"}}],"inLanguage":"pt-BR"},{"@type":"Organization","@id":"https:\/\/www.notibras.com\/site\/#organization","name":"Grupo Notibras de Comunica\u00e7\u00e3o","url":"https:\/\/www.notibras.com\/site\/","logo":{"@type":"ImageObject","inLanguage":"pt-BR","@id":"https:\/\/www.notibras.com\/site\/#\/schema\/logo\/image\/","url":"https:\/\/www.notibras.com\/site\/wp-content\/uploads\/2023\/01\/notibras23.png","contentUrl":"https:\/\/www.notibras.com\/site\/wp-content\/uploads\/2023\/01\/notibras23.png","width":350,"height":87,"caption":"Grupo Notibras de Comunica\u00e7\u00e3o"},"image":{"@id":"https:\/\/www.notibras.com\/site\/#\/schema\/logo\/image\/"},"sameAs":["https:\/\/www.facebook.com\/notibras\/","https:\/\/x.com\/Notibras","https:\/\/www.instagram.com\/notibras\/"]},{"@type":"Person","@id":"https:\/\/www.notibras.com\/site\/#\/schema\/person\/36ab0979449956132d3e5b517ea76ac8","name":"Reda\u00e7\u00e3o","image":{"@type":"ImageObject","inLanguage":"pt-BR","@id":"https:\/\/secure.gravatar.com\/avatar\/e0a867bdedb85fd243eadf09663511f96fc81e0720a4a42581f334ad4303aa6b?s=96&d=mm&r=g","url":"https:\/\/secure.gravatar.com\/avatar\/e0a867bdedb85fd243eadf09663511f96fc81e0720a4a42581f334ad4303aa6b?s=96&d=mm&r=g","contentUrl":"https:\/\/secure.gravatar.com\/avatar\/e0a867bdedb85fd243eadf09663511f96fc81e0720a4a42581f334ad4303aa6b?s=96&d=mm&r=g","caption":"Reda\u00e7\u00e3o"}}]}},"amp_enabled":true,"_links":{"self":[{"href":"https:\/\/www.notibras.com\/site\/wp-json\/wp\/v2\/posts\/298467","targetHints":{"allow":["GET"]}}],"collection":[{"href":"https:\/\/www.notibras.com\/site\/wp-json\/wp\/v2\/posts"}],"about":[{"href":"https:\/\/www.notibras.com\/site\/wp-json\/wp\/v2\/types\/post"}],"author":[{"embeddable":true,"href":"https:\/\/www.notibras.com\/site\/wp-json\/wp\/v2\/users\/2"}],"replies":[{"embeddable":true,"href":"https:\/\/www.notibras.com\/site\/wp-json\/wp\/v2\/comments?post=298467"}],"version-history":[{"count":1,"href":"https:\/\/www.notibras.com\/site\/wp-json\/wp\/v2\/posts\/298467\/revisions"}],"predecessor-version":[{"id":298468,"href":"https:\/\/www.notibras.com\/site\/wp-json\/wp\/v2\/posts\/298467\/revisions\/298468"}],"wp:featuredmedia":[{"embeddable":true,"href":"https:\/\/www.notibras.com\/site\/wp-json\/wp\/v2\/media\/298469"}],"wp:attachment":[{"href":"https:\/\/www.notibras.com\/site\/wp-json\/wp\/v2\/media?parent=298467"}],"wp:term":[{"taxonomy":"category","embeddable":true,"href":"https:\/\/www.notibras.com\/site\/wp-json\/wp\/v2\/categories?post=298467"},{"taxonomy":"post_tag","embeddable":true,"href":"https:\/\/www.notibras.com\/site\/wp-json\/wp\/v2\/tags?post=298467"}],"curies":[{"name":"wp","href":"https:\/\/api.w.org\/{rel}","templated":true}]}}