{"id":298513,"date":"2023-01-30T09:16:26","date_gmt":"2023-01-30T12:16:26","guid":{"rendered":"https:\/\/www.notibras.com\/site\/?p=298513"},"modified":"2023-01-30T09:16:26","modified_gmt":"2023-01-30T12:16:26","slug":"caminhada-de-mulheres-condena-o-feminicidio","status":"publish","type":"post","link":"https:\/\/www.notibras.com\/site\/caminhada-de-mulheres-condena-o-feminicidio\/","title":{"rendered":"Caminhada de mulheres condena o feminic\u00eddio"},"content":{"rendered":"<p>O m\u00eas de janeiro ainda n\u00e3o terminou e a Regi\u00e3o Administrativa de Ceil\u00e2ndia j\u00e1 registrou tr\u00eas mortes por feminic\u00eddio. Para quebrar essa escalada de viol\u00eancia, foi realizada uma manifesta\u00e7\u00e3o em rep\u00fadio ao crime pelo Instituto Mulheres Feminic\u00eddio N\u00e3o. Desde o in\u00edcio da manh\u00e3, os participantes se concentraram em frente \u00e0 Casa da Mulher Brasileira, no centro da cidade, de onde partiu a Caminhada Contra o Feminic\u00eddio no DF em protesto contra todos os tipos de viol\u00eancia praticados contra o sexo feminino.<\/p>\n<p>Ainda durante a concentra\u00e7\u00e3o do evento, uma v\u00edtima de viol\u00eancia sexual buscou ajuda da institui\u00e7\u00e3o para fazer uma den\u00fancia. Entre os participantes do evento estavam a secret\u00e1ria da Mulher, Giselle Ferreira, e o administrador de Ceil\u00e2ndia, Dilson Resende.<\/p>\n<p>A diretora da Casa da Mulher Brasileira, Rosilene Machado, disse que participa da Caminhada Contra o Feminic\u00eddio h\u00e1 mais de cinco anos. Ela aproveitou a oportunidade para ressaltar a import\u00e2ncia de as v\u00edtimas de viol\u00eancia utilizarem os servi\u00e7os prestados pela institui\u00e7\u00e3o.<\/p>\n<p>\u201cN\u00f3s realizamos atendimento psicossocial, que faz uma an\u00e1lise da situa\u00e7\u00e3o relatada, temos alojamento de passagem que acolhe quem em risco de morte e seus familiares por 48 horas, ofertamos cursos profissionalizantes para aquelas que querem ser empreendedoras e temos ainda o Programa Realize, que trabalha as partes emocional e psicol\u00f3gica, ajudando-as a se conhecer melhor profissionalmente para serem encaminhadas a um curso de capacita\u00e7\u00e3o\u201d, explicou Rosilene.<\/p>\n<p>Rosilene anunciou que, al\u00e9m da unidade inaugurada em Ceil\u00e2ndia em abril de 2021, h\u00e1 a previs\u00e3o da constru\u00e7\u00e3o de mais quatro sedes da institui\u00e7\u00e3o no Distrito Federal \u2013 no Sol Nascente, Recanto das Emas, Sobradinho e Parano\u00e1. \u201cMovimentos como esse de hoje contribuem para que equipamentos como a Casa da Mulher Brasileira sejam conhecidos, assim como a nossa din\u00e2mica de trabalho. O espa\u00e7o est\u00e1 de portas abertas para apoiar v\u00edtimas de viol\u00eancia, como tamb\u00e9m oferecer apoio como cursos profissionalizantes para inser\u00e7\u00e3o no mercado de trabalho.<\/p>\n<p>A secret\u00e1ria Giselle Ferreira enfatizou: \u201cN\u00f3s queremos mostrar que a pauta da mulher n\u00e3o \u00e9 s\u00f3 dela, mas de toda a sociedade. Tamb\u00e9m estamos aqui mostrando que elas t\u00eam o espa\u00e7o delas, que \u00e9 a Casa da Mulher Brasileira. Muitas n\u00e3o sabem que aqui, al\u00e9m de atender casos de viol\u00eancia, \u00e9 um lugar para acolher. Temos assistentes sociais, psic\u00f3logos, cursos de capacita\u00e7\u00e3o, profissionalizantes. Momentos como o dessa caminhada servem, sobretudo, para mostrar que estamos unidas contra o feminic\u00eddio\u201d.<\/p>\n<p>A idealizadora da Caminhada Contra o Feminic\u00eddio e presidente do Instituto Mulheres Feminic\u00eddio N\u00e3o, L\u00facia Erineta, tamb\u00e9m conhecida como Mulher Maravilha, chegou cedo \u00e0 concentra\u00e7\u00e3o vestida com a fantasia da hero\u00edna. \u201cFa\u00e7o esse evento desde 2019. Foram tantas edi\u00e7\u00f5es que nem deu para contar. Criei a caminhada porque sou uma sobrevivente do feminic\u00eddio. Desta vez, estamos aqui em frente \u00e0 Casa da Mulher Brasileira pelo motivo de que esse ano j\u00e1 ocorreram tr\u00eas casos de crimes de morte em Ceil\u00e2ndia\u201d, explicou.<\/p>\n<p>A titular da Delegacia da Mulher de Ceil\u00e2ndia (Deam 2), Adriana Romano, disse que a unidade \u00e9 respons\u00e1vel pelas investiga\u00e7\u00f5es e apura\u00e7\u00f5es dos crimes ocorridos em Ceil\u00e2ndia e no Sol Nascente. Segundo ela, entre as ocorr\u00eancias atendidas pela delegacia se destacam os crimes contra a dignidade sexual (estupro) de adolescentes. \u201cNo total, h\u00e1 uma m\u00e9dia de 300 a 400 atendimentos por m\u00eas na delegacia referentes a crimes de viol\u00eancia e contra a dignidade sexual. A m\u00e9dia di\u00e1ria \u00e9 de 12 ocorr\u00eancias\u201d, frisou a delegada.<\/p>\n<p>Entre as participantes do evento estava Alzira Folha. Ela saiu de Santa Maria, onde mora, para integrar a caminhada. \u201cEstou aqui porque a gente precisa dar um basta no feminic\u00eddio e, para que isso aconte\u00e7a, \u00e9 importante que estejamos juntas, unidas, assim como com homens do bem. Os homens do bem precisam vir para dar exemplo a outros homens.\u201d, destacou.<\/p>\n","protected":false},"excerpt":{"rendered":"<p>O m\u00eas de janeiro ainda n\u00e3o terminou e a Regi\u00e3o Administrativa de Ceil\u00e2ndia j\u00e1 registrou tr\u00eas mortes por feminic\u00eddio. Para quebrar essa escalada de viol\u00eancia, foi realizada uma manifesta\u00e7\u00e3o em rep\u00fadio ao crime pelo Instituto Mulheres Feminic\u00eddio N\u00e3o. Desde o in\u00edcio da manh\u00e3, os participantes se concentraram em frente \u00e0 Casa da Mulher Brasileira, no [&hellip;]<\/p>\n","protected":false},"author":2,"featured_media":298514,"comment_status":"closed","ping_status":"closed","sticky":false,"template":"","format":"standard","meta":{"_acf_changed":false,"footnotes":""},"categories":[161],"tags":[],"class_list":["post-298513","post","type-post","status-publish","format-standard","has-post-thumbnail","hentry","category-quadradinho-em-foco"],"acf":[],"yoast_head":"<!-- This site is optimized with the Yoast SEO plugin v27.2 - https:\/\/yoast.com\/product\/yoast-seo-wordpress\/ -->\n<title>Caminhada de mulheres condena o feminic\u00eddio - Notibras<\/title>\n<meta name=\"robots\" content=\"index, follow, max-snippet:-1, max-image-preview:large, max-video-preview:-1\" \/>\n<link rel=\"canonical\" href=\"https:\/\/www.notibras.com\/site\/caminhada-de-mulheres-condena-o-feminicidio\/\" \/>\n<meta property=\"og:locale\" content=\"pt_BR\" \/>\n<meta property=\"og:type\" content=\"article\" \/>\n<meta property=\"og:title\" content=\"Caminhada de mulheres condena o feminic\u00eddio - Notibras\" \/>\n<meta property=\"og:description\" content=\"O m\u00eas de janeiro ainda n\u00e3o terminou e a Regi\u00e3o Administrativa de Ceil\u00e2ndia j\u00e1 registrou tr\u00eas mortes por feminic\u00eddio. Para quebrar essa escalada de viol\u00eancia, foi realizada uma manifesta\u00e7\u00e3o em rep\u00fadio ao crime pelo Instituto Mulheres Feminic\u00eddio N\u00e3o. Desde o in\u00edcio da manh\u00e3, os participantes se concentraram em frente \u00e0 Casa da Mulher Brasileira, no [&hellip;]\" \/>\n<meta property=\"og:url\" content=\"https:\/\/www.notibras.com\/site\/caminhada-de-mulheres-condena-o-feminicidio\/\" \/>\n<meta property=\"og:site_name\" content=\"Notibras\" \/>\n<meta property=\"article:publisher\" content=\"https:\/\/www.facebook.com\/notibras\/\" \/>\n<meta property=\"article:published_time\" content=\"2023-01-30T12:16:26+00:00\" \/>\n<meta property=\"og:image\" content=\"https:\/\/www.notibras.com\/site\/wp-content\/uploads\/2023\/01\/52654953424_97d41ae29f_c.jpg\" \/>\n\t<meta property=\"og:image:width\" content=\"800\" \/>\n\t<meta property=\"og:image:height\" content=\"504\" \/>\n\t<meta property=\"og:image:type\" content=\"image\/jpeg\" \/>\n<meta name=\"author\" content=\"Reda\u00e7\u00e3o\" \/>\n<meta name=\"twitter:card\" content=\"summary_large_image\" \/>\n<meta name=\"twitter:creator\" content=\"@Notibras\" \/>\n<meta name=\"twitter:site\" content=\"@Notibras\" \/>\n<meta name=\"twitter:label1\" content=\"Escrito por\" \/>\n\t<meta name=\"twitter:data1\" content=\"Reda\u00e7\u00e3o\" \/>\n\t<meta name=\"twitter:label2\" content=\"Est. tempo de leitura\" \/>\n\t<meta name=\"twitter:data2\" content=\"4 minutos\" \/>\n<script type=\"application\/ld+json\" class=\"yoast-schema-graph\">{\"@context\":\"https:\/\/schema.org\",\"@graph\":[{\"@type\":\"Article\",\"@id\":\"https:\/\/www.notibras.com\/site\/caminhada-de-mulheres-condena-o-feminicidio\/#article\",\"isPartOf\":{\"@id\":\"https:\/\/www.notibras.com\/site\/caminhada-de-mulheres-condena-o-feminicidio\/\"},\"author\":{\"name\":\"Reda\u00e7\u00e3o\",\"@id\":\"https:\/\/www.notibras.com\/site\/#\/schema\/person\/36ab0979449956132d3e5b517ea76ac8\"},\"headline\":\"Caminhada de mulheres condena o feminic\u00eddio\",\"datePublished\":\"2023-01-30T12:16:26+00:00\",\"mainEntityOfPage\":{\"@id\":\"https:\/\/www.notibras.com\/site\/caminhada-de-mulheres-condena-o-feminicidio\/\"},\"wordCount\":685,\"publisher\":{\"@id\":\"https:\/\/www.notibras.com\/site\/#organization\"},\"image\":{\"@id\":\"https:\/\/www.notibras.com\/site\/caminhada-de-mulheres-condena-o-feminicidio\/#primaryimage\"},\"thumbnailUrl\":\"https:\/\/www.notibras.com\/site\/wp-content\/uploads\/2023\/01\/52654953424_97d41ae29f_c.jpg\",\"articleSection\":[\"Quadradinho em Foco\"],\"inLanguage\":\"pt-BR\"},{\"@type\":\"WebPage\",\"@id\":\"https:\/\/www.notibras.com\/site\/caminhada-de-mulheres-condena-o-feminicidio\/\",\"url\":\"https:\/\/www.notibras.com\/site\/caminhada-de-mulheres-condena-o-feminicidio\/\",\"name\":\"Caminhada de mulheres condena o feminic\u00eddio - Notibras\",\"isPartOf\":{\"@id\":\"https:\/\/www.notibras.com\/site\/#website\"},\"primaryImageOfPage\":{\"@id\":\"https:\/\/www.notibras.com\/site\/caminhada-de-mulheres-condena-o-feminicidio\/#primaryimage\"},\"image\":{\"@id\":\"https:\/\/www.notibras.com\/site\/caminhada-de-mulheres-condena-o-feminicidio\/#primaryimage\"},\"thumbnailUrl\":\"https:\/\/www.notibras.com\/site\/wp-content\/uploads\/2023\/01\/52654953424_97d41ae29f_c.jpg\",\"datePublished\":\"2023-01-30T12:16:26+00:00\",\"breadcrumb\":{\"@id\":\"https:\/\/www.notibras.com\/site\/caminhada-de-mulheres-condena-o-feminicidio\/#breadcrumb\"},\"inLanguage\":\"pt-BR\",\"potentialAction\":[{\"@type\":\"ReadAction\",\"target\":[\"https:\/\/www.notibras.com\/site\/caminhada-de-mulheres-condena-o-feminicidio\/\"]}]},{\"@type\":\"ImageObject\",\"inLanguage\":\"pt-BR\",\"@id\":\"https:\/\/www.notibras.com\/site\/caminhada-de-mulheres-condena-o-feminicidio\/#primaryimage\",\"url\":\"https:\/\/www.notibras.com\/site\/wp-content\/uploads\/2023\/01\/52654953424_97d41ae29f_c.jpg\",\"contentUrl\":\"https:\/\/www.notibras.com\/site\/wp-content\/uploads\/2023\/01\/52654953424_97d41ae29f_c.jpg\",\"width\":800,\"height\":504},{\"@type\":\"BreadcrumbList\",\"@id\":\"https:\/\/www.notibras.com\/site\/caminhada-de-mulheres-condena-o-feminicidio\/#breadcrumb\",\"itemListElement\":[{\"@type\":\"ListItem\",\"position\":1,\"name\":\"In\u00edcio\",\"item\":\"https:\/\/www.notibras.com\/site\/\"},{\"@type\":\"ListItem\",\"position\":2,\"name\":\"Caminhada de mulheres condena o feminic\u00eddio\"}]},{\"@type\":\"WebSite\",\"@id\":\"https:\/\/www.notibras.com\/site\/#website\",\"url\":\"https:\/\/www.notibras.com\/site\/\",\"name\":\"Notibras\",\"description\":\"Not\u00edcias de Bras\u00edlia, do Brasil e do Mundo\",\"publisher\":{\"@id\":\"https:\/\/www.notibras.com\/site\/#organization\"},\"potentialAction\":[{\"@type\":\"SearchAction\",\"target\":{\"@type\":\"EntryPoint\",\"urlTemplate\":\"https:\/\/www.notibras.com\/site\/?s={search_term_string}\"},\"query-input\":{\"@type\":\"PropertyValueSpecification\",\"valueRequired\":true,\"valueName\":\"search_term_string\"}}],\"inLanguage\":\"pt-BR\"},{\"@type\":\"Organization\",\"@id\":\"https:\/\/www.notibras.com\/site\/#organization\",\"name\":\"Grupo Notibras de Comunica\u00e7\u00e3o\",\"url\":\"https:\/\/www.notibras.com\/site\/\",\"logo\":{\"@type\":\"ImageObject\",\"inLanguage\":\"pt-BR\",\"@id\":\"https:\/\/www.notibras.com\/site\/#\/schema\/logo\/image\/\",\"url\":\"https:\/\/www.notibras.com\/site\/wp-content\/uploads\/2023\/01\/notibras23.png\",\"contentUrl\":\"https:\/\/www.notibras.com\/site\/wp-content\/uploads\/2023\/01\/notibras23.png\",\"width\":350,\"height\":87,\"caption\":\"Grupo Notibras de Comunica\u00e7\u00e3o\"},\"image\":{\"@id\":\"https:\/\/www.notibras.com\/site\/#\/schema\/logo\/image\/\"},\"sameAs\":[\"https:\/\/www.facebook.com\/notibras\/\",\"https:\/\/x.com\/Notibras\",\"https:\/\/www.instagram.com\/notibras\/\"]},{\"@type\":\"Person\",\"@id\":\"https:\/\/www.notibras.com\/site\/#\/schema\/person\/36ab0979449956132d3e5b517ea76ac8\",\"name\":\"Reda\u00e7\u00e3o\",\"image\":{\"@type\":\"ImageObject\",\"inLanguage\":\"pt-BR\",\"@id\":\"https:\/\/secure.gravatar.com\/avatar\/e0a867bdedb85fd243eadf09663511f96fc81e0720a4a42581f334ad4303aa6b?s=96&d=mm&r=g\",\"url\":\"https:\/\/secure.gravatar.com\/avatar\/e0a867bdedb85fd243eadf09663511f96fc81e0720a4a42581f334ad4303aa6b?s=96&d=mm&r=g\",\"contentUrl\":\"https:\/\/secure.gravatar.com\/avatar\/e0a867bdedb85fd243eadf09663511f96fc81e0720a4a42581f334ad4303aa6b?s=96&d=mm&r=g\",\"caption\":\"Reda\u00e7\u00e3o\"}}]}<\/script>\n<!-- \/ Yoast SEO plugin. -->","yoast_head_json":{"title":"Caminhada de mulheres condena o feminic\u00eddio - Notibras","robots":{"index":"index","follow":"follow","max-snippet":"max-snippet:-1","max-image-preview":"max-image-preview:large","max-video-preview":"max-video-preview:-1"},"canonical":"https:\/\/www.notibras.com\/site\/caminhada-de-mulheres-condena-o-feminicidio\/","og_locale":"pt_BR","og_type":"article","og_title":"Caminhada de mulheres condena o feminic\u00eddio - Notibras","og_description":"O m\u00eas de janeiro ainda n\u00e3o terminou e a Regi\u00e3o Administrativa de Ceil\u00e2ndia j\u00e1 registrou tr\u00eas mortes por feminic\u00eddio. Para quebrar essa escalada de viol\u00eancia, foi realizada uma manifesta\u00e7\u00e3o em rep\u00fadio ao crime pelo Instituto Mulheres Feminic\u00eddio N\u00e3o. Desde o in\u00edcio da manh\u00e3, os participantes se concentraram em frente \u00e0 Casa da Mulher Brasileira, no [&hellip;]","og_url":"https:\/\/www.notibras.com\/site\/caminhada-de-mulheres-condena-o-feminicidio\/","og_site_name":"Notibras","article_publisher":"https:\/\/www.facebook.com\/notibras\/","article_published_time":"2023-01-30T12:16:26+00:00","og_image":[{"width":800,"height":504,"url":"https:\/\/www.notibras.com\/site\/wp-content\/uploads\/2023\/01\/52654953424_97d41ae29f_c.jpg","type":"image\/jpeg"}],"author":"Reda\u00e7\u00e3o","twitter_card":"summary_large_image","twitter_creator":"@Notibras","twitter_site":"@Notibras","twitter_misc":{"Escrito por":"Reda\u00e7\u00e3o","Est. tempo de leitura":"4 minutos"},"schema":{"@context":"https:\/\/schema.org","@graph":[{"@type":"Article","@id":"https:\/\/www.notibras.com\/site\/caminhada-de-mulheres-condena-o-feminicidio\/#article","isPartOf":{"@id":"https:\/\/www.notibras.com\/site\/caminhada-de-mulheres-condena-o-feminicidio\/"},"author":{"name":"Reda\u00e7\u00e3o","@id":"https:\/\/www.notibras.com\/site\/#\/schema\/person\/36ab0979449956132d3e5b517ea76ac8"},"headline":"Caminhada de mulheres condena o feminic\u00eddio","datePublished":"2023-01-30T12:16:26+00:00","mainEntityOfPage":{"@id":"https:\/\/www.notibras.com\/site\/caminhada-de-mulheres-condena-o-feminicidio\/"},"wordCount":685,"publisher":{"@id":"https:\/\/www.notibras.com\/site\/#organization"},"image":{"@id":"https:\/\/www.notibras.com\/site\/caminhada-de-mulheres-condena-o-feminicidio\/#primaryimage"},"thumbnailUrl":"https:\/\/www.notibras.com\/site\/wp-content\/uploads\/2023\/01\/52654953424_97d41ae29f_c.jpg","articleSection":["Quadradinho em Foco"],"inLanguage":"pt-BR"},{"@type":"WebPage","@id":"https:\/\/www.notibras.com\/site\/caminhada-de-mulheres-condena-o-feminicidio\/","url":"https:\/\/www.notibras.com\/site\/caminhada-de-mulheres-condena-o-feminicidio\/","name":"Caminhada de mulheres condena o feminic\u00eddio - Notibras","isPartOf":{"@id":"https:\/\/www.notibras.com\/site\/#website"},"primaryImageOfPage":{"@id":"https:\/\/www.notibras.com\/site\/caminhada-de-mulheres-condena-o-feminicidio\/#primaryimage"},"image":{"@id":"https:\/\/www.notibras.com\/site\/caminhada-de-mulheres-condena-o-feminicidio\/#primaryimage"},"thumbnailUrl":"https:\/\/www.notibras.com\/site\/wp-content\/uploads\/2023\/01\/52654953424_97d41ae29f_c.jpg","datePublished":"2023-01-30T12:16:26+00:00","breadcrumb":{"@id":"https:\/\/www.notibras.com\/site\/caminhada-de-mulheres-condena-o-feminicidio\/#breadcrumb"},"inLanguage":"pt-BR","potentialAction":[{"@type":"ReadAction","target":["https:\/\/www.notibras.com\/site\/caminhada-de-mulheres-condena-o-feminicidio\/"]}]},{"@type":"ImageObject","inLanguage":"pt-BR","@id":"https:\/\/www.notibras.com\/site\/caminhada-de-mulheres-condena-o-feminicidio\/#primaryimage","url":"https:\/\/www.notibras.com\/site\/wp-content\/uploads\/2023\/01\/52654953424_97d41ae29f_c.jpg","contentUrl":"https:\/\/www.notibras.com\/site\/wp-content\/uploads\/2023\/01\/52654953424_97d41ae29f_c.jpg","width":800,"height":504},{"@type":"BreadcrumbList","@id":"https:\/\/www.notibras.com\/site\/caminhada-de-mulheres-condena-o-feminicidio\/#breadcrumb","itemListElement":[{"@type":"ListItem","position":1,"name":"In\u00edcio","item":"https:\/\/www.notibras.com\/site\/"},{"@type":"ListItem","position":2,"name":"Caminhada de mulheres condena o feminic\u00eddio"}]},{"@type":"WebSite","@id":"https:\/\/www.notibras.com\/site\/#website","url":"https:\/\/www.notibras.com\/site\/","name":"Notibras","description":"Not\u00edcias de Bras\u00edlia, do Brasil e do Mundo","publisher":{"@id":"https:\/\/www.notibras.com\/site\/#organization"},"potentialAction":[{"@type":"SearchAction","target":{"@type":"EntryPoint","urlTemplate":"https:\/\/www.notibras.com\/site\/?s={search_term_string}"},"query-input":{"@type":"PropertyValueSpecification","valueRequired":true,"valueName":"search_term_string"}}],"inLanguage":"pt-BR"},{"@type":"Organization","@id":"https:\/\/www.notibras.com\/site\/#organization","name":"Grupo Notibras de Comunica\u00e7\u00e3o","url":"https:\/\/www.notibras.com\/site\/","logo":{"@type":"ImageObject","inLanguage":"pt-BR","@id":"https:\/\/www.notibras.com\/site\/#\/schema\/logo\/image\/","url":"https:\/\/www.notibras.com\/site\/wp-content\/uploads\/2023\/01\/notibras23.png","contentUrl":"https:\/\/www.notibras.com\/site\/wp-content\/uploads\/2023\/01\/notibras23.png","width":350,"height":87,"caption":"Grupo Notibras de Comunica\u00e7\u00e3o"},"image":{"@id":"https:\/\/www.notibras.com\/site\/#\/schema\/logo\/image\/"},"sameAs":["https:\/\/www.facebook.com\/notibras\/","https:\/\/x.com\/Notibras","https:\/\/www.instagram.com\/notibras\/"]},{"@type":"Person","@id":"https:\/\/www.notibras.com\/site\/#\/schema\/person\/36ab0979449956132d3e5b517ea76ac8","name":"Reda\u00e7\u00e3o","image":{"@type":"ImageObject","inLanguage":"pt-BR","@id":"https:\/\/secure.gravatar.com\/avatar\/e0a867bdedb85fd243eadf09663511f96fc81e0720a4a42581f334ad4303aa6b?s=96&d=mm&r=g","url":"https:\/\/secure.gravatar.com\/avatar\/e0a867bdedb85fd243eadf09663511f96fc81e0720a4a42581f334ad4303aa6b?s=96&d=mm&r=g","contentUrl":"https:\/\/secure.gravatar.com\/avatar\/e0a867bdedb85fd243eadf09663511f96fc81e0720a4a42581f334ad4303aa6b?s=96&d=mm&r=g","caption":"Reda\u00e7\u00e3o"}}]}},"amp_enabled":true,"_links":{"self":[{"href":"https:\/\/www.notibras.com\/site\/wp-json\/wp\/v2\/posts\/298513","targetHints":{"allow":["GET"]}}],"collection":[{"href":"https:\/\/www.notibras.com\/site\/wp-json\/wp\/v2\/posts"}],"about":[{"href":"https:\/\/www.notibras.com\/site\/wp-json\/wp\/v2\/types\/post"}],"author":[{"embeddable":true,"href":"https:\/\/www.notibras.com\/site\/wp-json\/wp\/v2\/users\/2"}],"replies":[{"embeddable":true,"href":"https:\/\/www.notibras.com\/site\/wp-json\/wp\/v2\/comments?post=298513"}],"version-history":[{"count":1,"href":"https:\/\/www.notibras.com\/site\/wp-json\/wp\/v2\/posts\/298513\/revisions"}],"predecessor-version":[{"id":298515,"href":"https:\/\/www.notibras.com\/site\/wp-json\/wp\/v2\/posts\/298513\/revisions\/298515"}],"wp:featuredmedia":[{"embeddable":true,"href":"https:\/\/www.notibras.com\/site\/wp-json\/wp\/v2\/media\/298514"}],"wp:attachment":[{"href":"https:\/\/www.notibras.com\/site\/wp-json\/wp\/v2\/media?parent=298513"}],"wp:term":[{"taxonomy":"category","embeddable":true,"href":"https:\/\/www.notibras.com\/site\/wp-json\/wp\/v2\/categories?post=298513"},{"taxonomy":"post_tag","embeddable":true,"href":"https:\/\/www.notibras.com\/site\/wp-json\/wp\/v2\/tags?post=298513"}],"curies":[{"name":"wp","href":"https:\/\/api.w.org\/{rel}","templated":true}]}}