{"id":298516,"date":"2023-01-30T07:20:37","date_gmt":"2023-01-30T10:20:37","guid":{"rendered":"https:\/\/www.notibras.com\/site\/?p=298516"},"modified":"2023-01-30T09:24:38","modified_gmt":"2023-01-30T12:24:38","slug":"onibus-da-mulher-vai-passar-pelo-jardim-botanico","status":"publish","type":"post","link":"https:\/\/www.notibras.com\/site\/onibus-da-mulher-vai-passar-pelo-jardim-botanico\/","title":{"rendered":"\u00d4nibus da Mulher vai passar pelo Jardim Bot\u00e2nico"},"content":{"rendered":"<p>A Secretaria da Mulher, em parceria com Secretaria de Sa\u00fade, realiza mais uma edi\u00e7\u00e3o do projeto SMDF em A\u00e7\u00e3o com o \u00d4nibus da Mulher, desta segunda (30\/1) at\u00e9 sexta-feira (3\/2), para as moradores do Quilombo Mesquita e da comunidade de Barreiros, das 9h \u00e0s 16h, no Centro de Ensino Fundamental (CEF) Jata\u00ed, no Jardim Bot\u00e2nico.<\/p>\n<p>Ser\u00e3o ofertados gratuitamente, por meio da Unidade M\u00f3vel Sa\u00fade Mulher Sesc, orienta\u00e7\u00f5es sobre autoexame, exames m\u00e9dicos ginecol\u00f3gicos, mamografias e, caso haja demanda, a inser\u00e7\u00e3o de DIU. Complementando as a\u00e7\u00f5es, a SMDF vai promover bate-papos sobre o enfrentamento \u00e0 viol\u00eancia contra mulheres, e ser\u00e3o apresentados os programas e projetos desenvolvidos pela pasta para tirar as mulheres da situa\u00e7\u00e3o de vulnerabilidade e promover a autonomia econ\u00f4mica.<\/p>\n<p>\u201cO acesso \u00e0 sa\u00fade integral, humanizada e de qualidade \u00e9 um direito que pertence a todas as mulheres. Quando levamos a\u00e7\u00f5es como essa, para elas que moram distantes dos grandes centros, estamos garantindo que os servi\u00e7os oferecidos pelo GDF cheguem a todos\u201d, destaca a secret\u00e1ria da Mulher, Giselle Ferreira.<\/p>\n<p>A a\u00e7\u00e3o ser\u00e1 realizada a partir de uma demanda do F\u00f3rum Distrital Permanente das Mulheres do Campo e do Cerrado. Para participar da a\u00e7\u00e3o, as mulheres est\u00e3o sendo cadastradas por meio das representantes do f\u00f3rum e, para realizar o exame preventivo, as inscritas dever\u00e3o ter de 25 a 64 anos e levar documento de identidade, CPF, comprovante de resid\u00eancia do DF e cart\u00e3o do Sistema \u00danico de Sa\u00fade (SUS).<\/p>\n","protected":false},"excerpt":{"rendered":"<p>A Secretaria da Mulher, em parceria com Secretaria de Sa\u00fade, realiza mais uma edi\u00e7\u00e3o do projeto SMDF em A\u00e7\u00e3o com o \u00d4nibus da Mulher, desta segunda (30\/1) at\u00e9 sexta-feira (3\/2), para as moradores do Quilombo Mesquita e da comunidade de Barreiros, das 9h \u00e0s 16h, no Centro de Ensino Fundamental (CEF) Jata\u00ed, no Jardim Bot\u00e2nico. [&hellip;]<\/p>\n","protected":false},"author":2,"featured_media":298517,"comment_status":"closed","ping_status":"closed","sticky":false,"template":"","format":"standard","meta":{"_acf_changed":false,"footnotes":""},"categories":[161],"tags":[],"class_list":["post-298516","post","type-post","status-publish","format-standard","has-post-thumbnail","hentry","category-quadradinho-em-foco"],"acf":[],"yoast_head":"<!-- This site is optimized with the Yoast SEO plugin v27.2 - https:\/\/yoast.com\/product\/yoast-seo-wordpress\/ -->\n<title>\u00d4nibus da Mulher vai passar pelo Jardim Bot\u00e2nico - Notibras<\/title>\n<meta name=\"robots\" content=\"index, follow, max-snippet:-1, max-image-preview:large, max-video-preview:-1\" \/>\n<link rel=\"canonical\" href=\"https:\/\/www.notibras.com\/site\/onibus-da-mulher-vai-passar-pelo-jardim-botanico\/\" \/>\n<meta property=\"og:locale\" content=\"pt_BR\" \/>\n<meta property=\"og:type\" content=\"article\" \/>\n<meta property=\"og:title\" content=\"\u00d4nibus da Mulher vai passar pelo Jardim Bot\u00e2nico - Notibras\" \/>\n<meta property=\"og:description\" content=\"A Secretaria da Mulher, em parceria com Secretaria de Sa\u00fade, realiza mais uma edi\u00e7\u00e3o do projeto SMDF em A\u00e7\u00e3o com o \u00d4nibus da Mulher, desta segunda (30\/1) at\u00e9 sexta-feira (3\/2), para as moradores do Quilombo Mesquita e da comunidade de Barreiros, das 9h \u00e0s 16h, no Centro de Ensino Fundamental (CEF) Jata\u00ed, no Jardim Bot\u00e2nico. [&hellip;]\" \/>\n<meta property=\"og:url\" content=\"https:\/\/www.notibras.com\/site\/onibus-da-mulher-vai-passar-pelo-jardim-botanico\/\" \/>\n<meta property=\"og:site_name\" content=\"Notibras\" \/>\n<meta property=\"article:publisher\" content=\"https:\/\/www.facebook.com\/notibras\/\" \/>\n<meta property=\"article:published_time\" content=\"2023-01-30T10:20:37+00:00\" \/>\n<meta property=\"article:modified_time\" content=\"2023-01-30T12:24:38+00:00\" \/>\n<meta property=\"og:image\" content=\"https:\/\/www.notibras.com\/site\/wp-content\/uploads\/2023\/01\/IMG_20220614_101704-1536x1152-1.jpg\" \/>\n\t<meta property=\"og:image:width\" content=\"1536\" \/>\n\t<meta property=\"og:image:height\" content=\"1152\" \/>\n\t<meta property=\"og:image:type\" content=\"image\/jpeg\" \/>\n<meta name=\"author\" content=\"Reda\u00e7\u00e3o\" \/>\n<meta name=\"twitter:card\" content=\"summary_large_image\" \/>\n<meta name=\"twitter:creator\" content=\"@Notibras\" \/>\n<meta name=\"twitter:site\" content=\"@Notibras\" \/>\n<meta name=\"twitter:label1\" content=\"Escrito por\" \/>\n\t<meta name=\"twitter:data1\" content=\"Reda\u00e7\u00e3o\" \/>\n\t<meta name=\"twitter:label2\" content=\"Est. tempo de leitura\" \/>\n\t<meta name=\"twitter:data2\" content=\"2 minutos\" \/>\n<script type=\"application\/ld+json\" class=\"yoast-schema-graph\">{\"@context\":\"https:\/\/schema.org\",\"@graph\":[{\"@type\":\"Article\",\"@id\":\"https:\/\/www.notibras.com\/site\/onibus-da-mulher-vai-passar-pelo-jardim-botanico\/#article\",\"isPartOf\":{\"@id\":\"https:\/\/www.notibras.com\/site\/onibus-da-mulher-vai-passar-pelo-jardim-botanico\/\"},\"author\":{\"name\":\"Reda\u00e7\u00e3o\",\"@id\":\"https:\/\/www.notibras.com\/site\/#\/schema\/person\/36ab0979449956132d3e5b517ea76ac8\"},\"headline\":\"\u00d4nibus da Mulher vai passar pelo Jardim Bot\u00e2nico\",\"datePublished\":\"2023-01-30T10:20:37+00:00\",\"dateModified\":\"2023-01-30T12:24:38+00:00\",\"mainEntityOfPage\":{\"@id\":\"https:\/\/www.notibras.com\/site\/onibus-da-mulher-vai-passar-pelo-jardim-botanico\/\"},\"wordCount\":268,\"publisher\":{\"@id\":\"https:\/\/www.notibras.com\/site\/#organization\"},\"image\":{\"@id\":\"https:\/\/www.notibras.com\/site\/onibus-da-mulher-vai-passar-pelo-jardim-botanico\/#primaryimage\"},\"thumbnailUrl\":\"https:\/\/www.notibras.com\/site\/wp-content\/uploads\/2023\/01\/IMG_20220614_101704-1536x1152-1.jpg\",\"articleSection\":[\"Quadradinho em Foco\"],\"inLanguage\":\"pt-BR\"},{\"@type\":\"WebPage\",\"@id\":\"https:\/\/www.notibras.com\/site\/onibus-da-mulher-vai-passar-pelo-jardim-botanico\/\",\"url\":\"https:\/\/www.notibras.com\/site\/onibus-da-mulher-vai-passar-pelo-jardim-botanico\/\",\"name\":\"\u00d4nibus da Mulher vai passar pelo Jardim Bot\u00e2nico - Notibras\",\"isPartOf\":{\"@id\":\"https:\/\/www.notibras.com\/site\/#website\"},\"primaryImageOfPage\":{\"@id\":\"https:\/\/www.notibras.com\/site\/onibus-da-mulher-vai-passar-pelo-jardim-botanico\/#primaryimage\"},\"image\":{\"@id\":\"https:\/\/www.notibras.com\/site\/onibus-da-mulher-vai-passar-pelo-jardim-botanico\/#primaryimage\"},\"thumbnailUrl\":\"https:\/\/www.notibras.com\/site\/wp-content\/uploads\/2023\/01\/IMG_20220614_101704-1536x1152-1.jpg\",\"datePublished\":\"2023-01-30T10:20:37+00:00\",\"dateModified\":\"2023-01-30T12:24:38+00:00\",\"breadcrumb\":{\"@id\":\"https:\/\/www.notibras.com\/site\/onibus-da-mulher-vai-passar-pelo-jardim-botanico\/#breadcrumb\"},\"inLanguage\":\"pt-BR\",\"potentialAction\":[{\"@type\":\"ReadAction\",\"target\":[\"https:\/\/www.notibras.com\/site\/onibus-da-mulher-vai-passar-pelo-jardim-botanico\/\"]}]},{\"@type\":\"ImageObject\",\"inLanguage\":\"pt-BR\",\"@id\":\"https:\/\/www.notibras.com\/site\/onibus-da-mulher-vai-passar-pelo-jardim-botanico\/#primaryimage\",\"url\":\"https:\/\/www.notibras.com\/site\/wp-content\/uploads\/2023\/01\/IMG_20220614_101704-1536x1152-1.jpg\",\"contentUrl\":\"https:\/\/www.notibras.com\/site\/wp-content\/uploads\/2023\/01\/IMG_20220614_101704-1536x1152-1.jpg\",\"width\":1536,\"height\":1152},{\"@type\":\"BreadcrumbList\",\"@id\":\"https:\/\/www.notibras.com\/site\/onibus-da-mulher-vai-passar-pelo-jardim-botanico\/#breadcrumb\",\"itemListElement\":[{\"@type\":\"ListItem\",\"position\":1,\"name\":\"In\u00edcio\",\"item\":\"https:\/\/www.notibras.com\/site\/\"},{\"@type\":\"ListItem\",\"position\":2,\"name\":\"\u00d4nibus da Mulher vai passar pelo Jardim Bot\u00e2nico\"}]},{\"@type\":\"WebSite\",\"@id\":\"https:\/\/www.notibras.com\/site\/#website\",\"url\":\"https:\/\/www.notibras.com\/site\/\",\"name\":\"Notibras\",\"description\":\"Not\u00edcias de Bras\u00edlia, do Brasil e do Mundo\",\"publisher\":{\"@id\":\"https:\/\/www.notibras.com\/site\/#organization\"},\"potentialAction\":[{\"@type\":\"SearchAction\",\"target\":{\"@type\":\"EntryPoint\",\"urlTemplate\":\"https:\/\/www.notibras.com\/site\/?s={search_term_string}\"},\"query-input\":{\"@type\":\"PropertyValueSpecification\",\"valueRequired\":true,\"valueName\":\"search_term_string\"}}],\"inLanguage\":\"pt-BR\"},{\"@type\":\"Organization\",\"@id\":\"https:\/\/www.notibras.com\/site\/#organization\",\"name\":\"Grupo Notibras de Comunica\u00e7\u00e3o\",\"url\":\"https:\/\/www.notibras.com\/site\/\",\"logo\":{\"@type\":\"ImageObject\",\"inLanguage\":\"pt-BR\",\"@id\":\"https:\/\/www.notibras.com\/site\/#\/schema\/logo\/image\/\",\"url\":\"https:\/\/www.notibras.com\/site\/wp-content\/uploads\/2023\/01\/notibras23.png\",\"contentUrl\":\"https:\/\/www.notibras.com\/site\/wp-content\/uploads\/2023\/01\/notibras23.png\",\"width\":350,\"height\":87,\"caption\":\"Grupo Notibras de Comunica\u00e7\u00e3o\"},\"image\":{\"@id\":\"https:\/\/www.notibras.com\/site\/#\/schema\/logo\/image\/\"},\"sameAs\":[\"https:\/\/www.facebook.com\/notibras\/\",\"https:\/\/x.com\/Notibras\",\"https:\/\/www.instagram.com\/notibras\/\"]},{\"@type\":\"Person\",\"@id\":\"https:\/\/www.notibras.com\/site\/#\/schema\/person\/36ab0979449956132d3e5b517ea76ac8\",\"name\":\"Reda\u00e7\u00e3o\",\"image\":{\"@type\":\"ImageObject\",\"inLanguage\":\"pt-BR\",\"@id\":\"https:\/\/secure.gravatar.com\/avatar\/e0a867bdedb85fd243eadf09663511f96fc81e0720a4a42581f334ad4303aa6b?s=96&d=mm&r=g\",\"url\":\"https:\/\/secure.gravatar.com\/avatar\/e0a867bdedb85fd243eadf09663511f96fc81e0720a4a42581f334ad4303aa6b?s=96&d=mm&r=g\",\"contentUrl\":\"https:\/\/secure.gravatar.com\/avatar\/e0a867bdedb85fd243eadf09663511f96fc81e0720a4a42581f334ad4303aa6b?s=96&d=mm&r=g\",\"caption\":\"Reda\u00e7\u00e3o\"}}]}<\/script>\n<!-- \/ Yoast SEO plugin. -->","yoast_head_json":{"title":"\u00d4nibus da Mulher vai passar pelo Jardim Bot\u00e2nico - Notibras","robots":{"index":"index","follow":"follow","max-snippet":"max-snippet:-1","max-image-preview":"max-image-preview:large","max-video-preview":"max-video-preview:-1"},"canonical":"https:\/\/www.notibras.com\/site\/onibus-da-mulher-vai-passar-pelo-jardim-botanico\/","og_locale":"pt_BR","og_type":"article","og_title":"\u00d4nibus da Mulher vai passar pelo Jardim Bot\u00e2nico - Notibras","og_description":"A Secretaria da Mulher, em parceria com Secretaria de Sa\u00fade, realiza mais uma edi\u00e7\u00e3o do projeto SMDF em A\u00e7\u00e3o com o \u00d4nibus da Mulher, desta segunda (30\/1) at\u00e9 sexta-feira (3\/2), para as moradores do Quilombo Mesquita e da comunidade de Barreiros, das 9h \u00e0s 16h, no Centro de Ensino Fundamental (CEF) Jata\u00ed, no Jardim Bot\u00e2nico. [&hellip;]","og_url":"https:\/\/www.notibras.com\/site\/onibus-da-mulher-vai-passar-pelo-jardim-botanico\/","og_site_name":"Notibras","article_publisher":"https:\/\/www.facebook.com\/notibras\/","article_published_time":"2023-01-30T10:20:37+00:00","article_modified_time":"2023-01-30T12:24:38+00:00","og_image":[{"width":1536,"height":1152,"url":"https:\/\/www.notibras.com\/site\/wp-content\/uploads\/2023\/01\/IMG_20220614_101704-1536x1152-1.jpg","type":"image\/jpeg"}],"author":"Reda\u00e7\u00e3o","twitter_card":"summary_large_image","twitter_creator":"@Notibras","twitter_site":"@Notibras","twitter_misc":{"Escrito por":"Reda\u00e7\u00e3o","Est. tempo de leitura":"2 minutos"},"schema":{"@context":"https:\/\/schema.org","@graph":[{"@type":"Article","@id":"https:\/\/www.notibras.com\/site\/onibus-da-mulher-vai-passar-pelo-jardim-botanico\/#article","isPartOf":{"@id":"https:\/\/www.notibras.com\/site\/onibus-da-mulher-vai-passar-pelo-jardim-botanico\/"},"author":{"name":"Reda\u00e7\u00e3o","@id":"https:\/\/www.notibras.com\/site\/#\/schema\/person\/36ab0979449956132d3e5b517ea76ac8"},"headline":"\u00d4nibus da Mulher vai passar pelo Jardim Bot\u00e2nico","datePublished":"2023-01-30T10:20:37+00:00","dateModified":"2023-01-30T12:24:38+00:00","mainEntityOfPage":{"@id":"https:\/\/www.notibras.com\/site\/onibus-da-mulher-vai-passar-pelo-jardim-botanico\/"},"wordCount":268,"publisher":{"@id":"https:\/\/www.notibras.com\/site\/#organization"},"image":{"@id":"https:\/\/www.notibras.com\/site\/onibus-da-mulher-vai-passar-pelo-jardim-botanico\/#primaryimage"},"thumbnailUrl":"https:\/\/www.notibras.com\/site\/wp-content\/uploads\/2023\/01\/IMG_20220614_101704-1536x1152-1.jpg","articleSection":["Quadradinho em Foco"],"inLanguage":"pt-BR"},{"@type":"WebPage","@id":"https:\/\/www.notibras.com\/site\/onibus-da-mulher-vai-passar-pelo-jardim-botanico\/","url":"https:\/\/www.notibras.com\/site\/onibus-da-mulher-vai-passar-pelo-jardim-botanico\/","name":"\u00d4nibus da Mulher vai passar pelo Jardim Bot\u00e2nico - Notibras","isPartOf":{"@id":"https:\/\/www.notibras.com\/site\/#website"},"primaryImageOfPage":{"@id":"https:\/\/www.notibras.com\/site\/onibus-da-mulher-vai-passar-pelo-jardim-botanico\/#primaryimage"},"image":{"@id":"https:\/\/www.notibras.com\/site\/onibus-da-mulher-vai-passar-pelo-jardim-botanico\/#primaryimage"},"thumbnailUrl":"https:\/\/www.notibras.com\/site\/wp-content\/uploads\/2023\/01\/IMG_20220614_101704-1536x1152-1.jpg","datePublished":"2023-01-30T10:20:37+00:00","dateModified":"2023-01-30T12:24:38+00:00","breadcrumb":{"@id":"https:\/\/www.notibras.com\/site\/onibus-da-mulher-vai-passar-pelo-jardim-botanico\/#breadcrumb"},"inLanguage":"pt-BR","potentialAction":[{"@type":"ReadAction","target":["https:\/\/www.notibras.com\/site\/onibus-da-mulher-vai-passar-pelo-jardim-botanico\/"]}]},{"@type":"ImageObject","inLanguage":"pt-BR","@id":"https:\/\/www.notibras.com\/site\/onibus-da-mulher-vai-passar-pelo-jardim-botanico\/#primaryimage","url":"https:\/\/www.notibras.com\/site\/wp-content\/uploads\/2023\/01\/IMG_20220614_101704-1536x1152-1.jpg","contentUrl":"https:\/\/www.notibras.com\/site\/wp-content\/uploads\/2023\/01\/IMG_20220614_101704-1536x1152-1.jpg","width":1536,"height":1152},{"@type":"BreadcrumbList","@id":"https:\/\/www.notibras.com\/site\/onibus-da-mulher-vai-passar-pelo-jardim-botanico\/#breadcrumb","itemListElement":[{"@type":"ListItem","position":1,"name":"In\u00edcio","item":"https:\/\/www.notibras.com\/site\/"},{"@type":"ListItem","position":2,"name":"\u00d4nibus da Mulher vai passar pelo Jardim Bot\u00e2nico"}]},{"@type":"WebSite","@id":"https:\/\/www.notibras.com\/site\/#website","url":"https:\/\/www.notibras.com\/site\/","name":"Notibras","description":"Not\u00edcias de Bras\u00edlia, do Brasil e do Mundo","publisher":{"@id":"https:\/\/www.notibras.com\/site\/#organization"},"potentialAction":[{"@type":"SearchAction","target":{"@type":"EntryPoint","urlTemplate":"https:\/\/www.notibras.com\/site\/?s={search_term_string}"},"query-input":{"@type":"PropertyValueSpecification","valueRequired":true,"valueName":"search_term_string"}}],"inLanguage":"pt-BR"},{"@type":"Organization","@id":"https:\/\/www.notibras.com\/site\/#organization","name":"Grupo Notibras de Comunica\u00e7\u00e3o","url":"https:\/\/www.notibras.com\/site\/","logo":{"@type":"ImageObject","inLanguage":"pt-BR","@id":"https:\/\/www.notibras.com\/site\/#\/schema\/logo\/image\/","url":"https:\/\/www.notibras.com\/site\/wp-content\/uploads\/2023\/01\/notibras23.png","contentUrl":"https:\/\/www.notibras.com\/site\/wp-content\/uploads\/2023\/01\/notibras23.png","width":350,"height":87,"caption":"Grupo Notibras de Comunica\u00e7\u00e3o"},"image":{"@id":"https:\/\/www.notibras.com\/site\/#\/schema\/logo\/image\/"},"sameAs":["https:\/\/www.facebook.com\/notibras\/","https:\/\/x.com\/Notibras","https:\/\/www.instagram.com\/notibras\/"]},{"@type":"Person","@id":"https:\/\/www.notibras.com\/site\/#\/schema\/person\/36ab0979449956132d3e5b517ea76ac8","name":"Reda\u00e7\u00e3o","image":{"@type":"ImageObject","inLanguage":"pt-BR","@id":"https:\/\/secure.gravatar.com\/avatar\/e0a867bdedb85fd243eadf09663511f96fc81e0720a4a42581f334ad4303aa6b?s=96&d=mm&r=g","url":"https:\/\/secure.gravatar.com\/avatar\/e0a867bdedb85fd243eadf09663511f96fc81e0720a4a42581f334ad4303aa6b?s=96&d=mm&r=g","contentUrl":"https:\/\/secure.gravatar.com\/avatar\/e0a867bdedb85fd243eadf09663511f96fc81e0720a4a42581f334ad4303aa6b?s=96&d=mm&r=g","caption":"Reda\u00e7\u00e3o"}}]}},"amp_enabled":true,"_links":{"self":[{"href":"https:\/\/www.notibras.com\/site\/wp-json\/wp\/v2\/posts\/298516","targetHints":{"allow":["GET"]}}],"collection":[{"href":"https:\/\/www.notibras.com\/site\/wp-json\/wp\/v2\/posts"}],"about":[{"href":"https:\/\/www.notibras.com\/site\/wp-json\/wp\/v2\/types\/post"}],"author":[{"embeddable":true,"href":"https:\/\/www.notibras.com\/site\/wp-json\/wp\/v2\/users\/2"}],"replies":[{"embeddable":true,"href":"https:\/\/www.notibras.com\/site\/wp-json\/wp\/v2\/comments?post=298516"}],"version-history":[{"count":1,"href":"https:\/\/www.notibras.com\/site\/wp-json\/wp\/v2\/posts\/298516\/revisions"}],"predecessor-version":[{"id":298518,"href":"https:\/\/www.notibras.com\/site\/wp-json\/wp\/v2\/posts\/298516\/revisions\/298518"}],"wp:featuredmedia":[{"embeddable":true,"href":"https:\/\/www.notibras.com\/site\/wp-json\/wp\/v2\/media\/298517"}],"wp:attachment":[{"href":"https:\/\/www.notibras.com\/site\/wp-json\/wp\/v2\/media?parent=298516"}],"wp:term":[{"taxonomy":"category","embeddable":true,"href":"https:\/\/www.notibras.com\/site\/wp-json\/wp\/v2\/categories?post=298516"},{"taxonomy":"post_tag","embeddable":true,"href":"https:\/\/www.notibras.com\/site\/wp-json\/wp\/v2\/tags?post=298516"}],"curies":[{"name":"wp","href":"https:\/\/api.w.org\/{rel}","templated":true}]}}